{"id":5777,"date":"2013-10-29T00:00:01","date_gmt":"2013-10-29T00:00:01","guid":{"rendered":"https:\/\/proagrolab.com.ar\/el-gobierno-reduciria-las-retenciones-a-la-carne-por-la-crisis-en-la-industria-frigorifica\/"},"modified":"2013-10-29T00:00:01","modified_gmt":"2013-10-29T00:00:01","slug":"el-gobierno-reduciria-las-retenciones-a-la-carne-por-la-crisis-en-la-industria-frigorifica","status":"publish","type":"post","link":"https:\/\/proagrolab.com.ar\/en\/el-gobierno-reduciria-las-retenciones-a-la-carne-por-la-crisis-en-la-industria-frigorifica\/","title":{"rendered":"El Gobierno reducir\u00eda las retenciones a la carne por la crisis en la industria frigor\u00edfica."},"content":{"rendered":"<p class=\"qtranxs-available-languages-message qtranxs-available-languages-message-en\"> <\/p><p>Moreno prometi\u00f3 medidas que incluir\u00edan una rebaja; buscan mejorar el precio de la hacienda para frenar una nueva liquidaci\u00f3n de stock.<\/p>\n<p>Por Fernando Bertello.<\/p>\n<p>Despu\u00e9s de la derrota en las elecciones legislativas de anteayer, el Gobierno prepara medidas para la industria frigor\u00edfica exportadora, que podr\u00edan influir favorablemente en la actividad ganadera en general.<\/p>\n<p>Y las anunciar\u00eda en los pr\u00f3ximos d\u00edas. En rigor, el viernes pasado, en la \u00faltima reuni\u00f3n por la carne con exportadores y operadores del negocio, el secretario de Comercio Interior, Guillermo Moreno, dio pistas en ese sentido.<\/p>\n<p>&#8220;Despu\u00e9s de las elecciones va haber importantes anuncios para la carne. Ser\u00e1n para la industria exportadora&#8221;, dijo el funcionario, seg\u00fan reconstruy\u00f3 LA NACION. Cerca del secretario de Comercio Interior confirmaron la novedad.<\/p>\n<p>Una de las medidas que est\u00e1n en an\u00e1lisis es una rebaja de las retenciones. Y la idea es que alcancen a todos los productos c\u00e1rnicos de exportaci\u00f3n, que hoy tributan un 15%. Algunas fuentes dicen que se reducir\u00edan a un 5 por ciento. Tambi\u00e9n estar\u00eda en evaluaci\u00f3n alg\u00fan est\u00edmulo por el lado de los reintegros a las exportaciones.<\/p>\n<p>El a\u00f1o pasado, las ventas al exterior del sector representaron US$ 1190 millones, con unos 180 millones de d\u00f3lares por retenciones para el Estado.<\/p>\n<p>En abril de 2012, el Gobierno hizo un retoque en los derechos de exportaci\u00f3n s\u00f3lo para los productos termoprocesados, que se elaboran con vacas que llegaron al final de su ciclo productivo. En ese momento, se redujeron del 15 al 5% para evitar el cierre de una planta que el grupo brasile\u00f1o JBS-Swift, referente en termoprocesados, ten\u00eda en Venado Tuerto.<\/p>\n<p>Igual, la medida no fren\u00f3 el cierre. Y esa planta pas\u00f3 a engrosar la lista de 128 establecimientos que en el pa\u00eds dejaron de operar debido a una crisis generada por la intervenci\u00f3n oficial en el mercado.<\/p>\n<p>La intervenci\u00f3n del Gobierno en el sector destruy\u00f3 la actividad exportadora: en 2005, la Argentina fue el tercer exportador de carne del mundo, con 771.000 toneladas. En 2012, con 183.000 toneladas, cay\u00f3 al puesto n\u00famero 11. El negocio se achic\u00f3 75 por ciento.<\/p>\n<p>Cuando, en abril de 2012, se bajaron las retenciones a los termoprocesados, los industriales ten\u00edan la promesa de Moreno de que en el segundo semestre del a\u00f1o se iban a disminuir los derechos para el resto de los productos. Pero ese compromiso nunca se concret\u00f3.<\/p>\n<p>Ahora, el Gobierno parece retomar la iniciativa tras el fracaso en las elecciones, en las que tambi\u00e9n perdi\u00f3 en las zonas rurales. Seg\u00fan trascendi\u00f3, Moreno admiti\u00f3 que el precio de la hacienda de los productores debe mejorar para que no complique a otros productos sustitutos, como el pollo y el cerdo. De acuerdo con los productores, los valores de la hacienda no han tenido una variaci\u00f3n significativa en los \u00faltimos dos a\u00f1os y medio, mientras los costos no dejaron de subir m\u00e1s del 20% por a\u00f1o.<\/p>\n<p>&#8220;La carne est\u00e1 barata en relaci\u00f3n con el pollo y el cerdo y puede afectar a esos productos. Por eso, hay que ayudar a la exportaci\u00f3n&#8221;, fue el diagn\u00f3stico del funcionario.<\/p>\n<p>En este contexto, el Gobierno teme que se inicie -para algunos expertos, ya es un hecho un nuevo ciclo de liquidaci\u00f3n de stock luego de que se perdieran 12 millones de cabezas vacunas. La alta participaci\u00f3n de las hembras en la faena total, con un 43%, est\u00e1 en un nivel cr\u00edtico que prendi\u00f3 las luces de alerta.<\/p>\n<p><i>Atraso cambiario<\/i><br \/>Para la industria, la reducci\u00f3n de las retenciones podr\u00eda ser un alivio. Adem\u00e1s de los derechos, el sector qued\u00f3 afectado por el atraso cambiario.<\/p>\n<p>Por la p\u00e9rdida de competitividad y los controles sobre la exportaci\u00f3n, fue quedando cada vez m\u00e1s carne en el mercado interno. Entre enero y septiembre de este a\u00f1o se consumi\u00f3 en el mercado interno 92,7% de la producci\u00f3n total de carne vacuna y s\u00f3lo se export\u00f3 7,3 por ciento, seg\u00fan datos de la C\u00e1mara de la Industria y Comercio de Carnes (Ciccra).<\/p>\n<p>Una t\u00edmida mejora en las ventas al exterior de carne vacuna (sin contar menudencias y v\u00edsceras) se dio entre abril y agosto de este a\u00f1o, ya que, con 60.279 toneladas, hubo un alza del 27,1% respecto de igual per\u00edodo de 2012.<\/p>\n<p>Con m\u00e1s de 15.000 puestos de trabajo perdidos en los frigor\u00edficos por la crisis en el sector, quien entre otros ha pedido a Moreno por las retenciones al sector es Jos\u00e9 Fantini, secretario general de la Federaci\u00f3n del Personal de la Industria de la Carne. El sindicalista dijo que el tema de las retenciones &#8220;es una deuda pendiente&#8221; del Gobierno. Record\u00f3 que &#8220;la Presidenta se comprometi\u00f3 conmigo hace un a\u00f1o y medio&#8221; a abordarlas. Hoy, Fantini se reunir\u00e1 con Moreno por \u00e9ste y otros temas que afectan a la actividad.<\/p>\n<p>Fuente: La Naci\u00f3n, 29 de octubre.<br \/><\/p>","protected":false},"excerpt":{"rendered":"<p>Moreno prometi\u00f3 medidas que incluir\u00edan una rebaja; buscan mejorar el precio de la hacienda para frenar una nueva liquidaci\u00f3n de stock. Por Fernando Bertello. Despu\u00e9s de la derrota en las elecciones legislativas de anteayer, el Gobierno prepara medidas para la industria frigor\u00edfica exportadora, que podr\u00edan influir favorablemente en la actividad ganadera en general. Y las anunciar\u00eda en los pr\u00f3ximos d\u00edas. En rigor, el viernes pasado, en la \u00faltima reuni\u00f3n por la carne con exportadores y operadores del negocio, el secretario de Comercio Interior, Guillermo Moreno, dio pistas en ese sentido. &#8220;Despu\u00e9s de las elecciones va haber importantes anuncios para la carne. Ser\u00e1n para la industria exportadora&#8221;, dijo el funcionario, seg\u00fan reconstruy\u00f3 LA NACION. Cerca del secretario de Comercio Interior confirmaron la novedad. Una de las medidas que est\u00e1n en an\u00e1lisis es una rebaja de las retenciones. Y la idea es que alcancen a todos los productos c\u00e1rnicos de exportaci\u00f3n, que hoy tributan un 15%. Algunas fuentes dicen que se reducir\u00edan a un 5 por ciento. Tambi\u00e9n estar\u00eda en evaluaci\u00f3n alg\u00fan est\u00edmulo por el lado de los reintegros a las exportaciones. El a\u00f1o pasado, las ventas al exterior del sector representaron US$ 1190 millones, con unos 180 millones de d\u00f3lares por [&hellip;]<\/p>\n","protected":false},"author":2,"featured_media":2265,"comment_status":"closed","ping_status":"open","sticky":false,"template":"","format":"standard","meta":{"_acf_changed":false,"footnotes":""},"categories":[56],"tags":[],"class_list":["post-5777","post","type-post","status-publish","format-standard","has-post-thumbnail","hentry","category-infoganadero"],"acf":[],"yoast_head":"<!-- This site is optimized with the Yoast SEO plugin v27.5 - https:\/\/yoast.com\/product\/yoast-seo-wordpress\/ -->\n<title>El Gobierno reducir\u00eda las retenciones a la carne por la crisis en la industria frigor\u00edfica. | Proagro<\/title>\n<meta name=\"robots\" content=\"index, follow, max-snippet:-1, max-image-preview:large, max-video-preview:-1\" \/>\n<link rel=\"canonical\" href=\"https:\/\/proagrolab.com.ar\/en\/el-gobierno-reduciria-las-retenciones-a-la-carne-por-la-crisis-en-la-industria-frigorifica\/\" \/>\n<meta property=\"og:locale\" content=\"en_US\" \/>\n<meta property=\"og:type\" content=\"article\" \/>\n<meta property=\"og:title\" content=\"El Gobierno reducir\u00eda las retenciones a la carne por la crisis en la industria frigor\u00edfica. | Proagro\" \/>\n<meta property=\"og:description\" content=\"Moreno prometi\u00f3 medidas que incluir\u00edan una rebaja; buscan mejorar el precio de la hacienda para frenar una nueva liquidaci\u00f3n de stock. Por Fernando Bertello. Despu\u00e9s de la derrota en las elecciones legislativas de anteayer, el Gobierno prepara medidas para la industria frigor\u00edfica exportadora, que podr\u00edan influir favorablemente en la actividad ganadera en general. Y las anunciar\u00eda en los pr\u00f3ximos d\u00edas. En rigor, el viernes pasado, en la \u00faltima reuni\u00f3n por la carne con exportadores y operadores del negocio, el secretario de Comercio Interior, Guillermo Moreno, dio pistas en ese sentido. &#8220;Despu\u00e9s de las elecciones va haber importantes anuncios para la carne. Ser\u00e1n para la industria exportadora&#8221;, dijo el funcionario, seg\u00fan reconstruy\u00f3 LA NACION. Cerca del secretario de Comercio Interior confirmaron la novedad. Una de las medidas que est\u00e1n en an\u00e1lisis es una rebaja de las retenciones. Y la idea es que alcancen a todos los productos c\u00e1rnicos de exportaci\u00f3n, que hoy tributan un 15%. Algunas fuentes dicen que se reducir\u00edan a un 5 por ciento. Tambi\u00e9n estar\u00eda en evaluaci\u00f3n alg\u00fan est\u00edmulo por el lado de los reintegros a las exportaciones. El a\u00f1o pasado, las ventas al exterior del sector representaron US$ 1190 millones, con unos 180 millones de d\u00f3lares por [&hellip;]\" \/>\n<meta property=\"og:url\" content=\"https:\/\/proagrolab.com.ar\/el-gobierno-reduciria-las-retenciones-a-la-carne-por-la-crisis-en-la-industria-frigorifica\/\" \/>\n<meta property=\"og:site_name\" content=\"Proagro\" \/>\n<meta property=\"article:publisher\" content=\"http:\/\/www.facebook.com\/proagrolab\" \/>\n<meta property=\"article:published_time\" content=\"2013-10-29T00:00:01+00:00\" \/>\n<meta property=\"og:image\" content=\"https:\/\/proagrolab.com.ar\/wp-content\/uploads\/2015\/01\/g_ngk08j58i__Frigor\u00edfico-5.jpg\" \/>\n\t<meta property=\"og:image:width\" content=\"1\" \/>\n\t<meta property=\"og:image:height\" content=\"1\" \/>\n\t<meta property=\"og:image:type\" content=\"image\/jpeg\" \/>\n<meta name=\"author\" content=\"proagrolab\" \/>\n<meta name=\"twitter:card\" content=\"summary_large_image\" \/>\n<meta name=\"twitter:label1\" content=\"Written by\" \/>\n\t<meta name=\"twitter:data1\" content=\"proagrolab\" \/>\n\t<meta name=\"twitter:label2\" content=\"Est. reading time\" \/>\n\t<meta name=\"twitter:data2\" content=\"4 minutes\" \/>\n<script type=\"application\/ld+json\" class=\"yoast-schema-graph\">{\"@context\":\"https:\\\/\\\/schema.org\",\"@graph\":[{\"@type\":\"Article\",\"@id\":\"https:\\\/\\\/proagrolab.com.ar\\\/el-gobierno-reduciria-las-retenciones-a-la-carne-por-la-crisis-en-la-industria-frigorifica\\\/#article\",\"isPartOf\":{\"@id\":\"https:\\\/\\\/proagrolab.com.ar\\\/el-gobierno-reduciria-las-retenciones-a-la-carne-por-la-crisis-en-la-industria-frigorifica\\\/\"},\"author\":{\"name\":\"proagrolab\",\"@id\":\"https:\\\/\\\/proagrolab.com.ar\\\/#\\\/schema\\\/person\\\/38003ff90bf80381f71c7d922d207444\"},\"headline\":\"El Gobierno reducir\u00eda las retenciones a la carne por la crisis en la industria frigor\u00edfica.\",\"datePublished\":\"2013-10-29T00:00:01+00:00\",\"mainEntityOfPage\":{\"@id\":\"https:\\\/\\\/proagrolab.com.ar\\\/el-gobierno-reduciria-las-retenciones-a-la-carne-por-la-crisis-en-la-industria-frigorifica\\\/\"},\"wordCount\":846,\"publisher\":{\"@id\":\"https:\\\/\\\/proagrolab.com.ar\\\/#organization\"},\"image\":{\"@id\":\"https:\\\/\\\/proagrolab.com.ar\\\/el-gobierno-reduciria-las-retenciones-a-la-carne-por-la-crisis-en-la-industria-frigorifica\\\/#primaryimage\"},\"thumbnailUrl\":\"https:\\\/\\\/proagrolab.com.ar\\\/wp-content\\\/uploads\\\/2015\\\/01\\\/g_ngk08j58i__Frigor\u00edfico-5.jpg\",\"articleSection\":[\"News\"],\"inLanguage\":\"en-US\"},{\"@type\":\"WebPage\",\"@id\":\"https:\\\/\\\/proagrolab.com.ar\\\/el-gobierno-reduciria-las-retenciones-a-la-carne-por-la-crisis-en-la-industria-frigorifica\\\/\",\"url\":\"https:\\\/\\\/proagrolab.com.ar\\\/el-gobierno-reduciria-las-retenciones-a-la-carne-por-la-crisis-en-la-industria-frigorifica\\\/\",\"name\":\"El Gobierno reducir\u00eda las retenciones a la carne por la crisis en la industria frigor\u00edfica. | Proagro\",\"isPartOf\":{\"@id\":\"https:\\\/\\\/proagrolab.com.ar\\\/#website\"},\"primaryImageOfPage\":{\"@id\":\"https:\\\/\\\/proagrolab.com.ar\\\/el-gobierno-reduciria-las-retenciones-a-la-carne-por-la-crisis-en-la-industria-frigorifica\\\/#primaryimage\"},\"image\":{\"@id\":\"https:\\\/\\\/proagrolab.com.ar\\\/el-gobierno-reduciria-las-retenciones-a-la-carne-por-la-crisis-en-la-industria-frigorifica\\\/#primaryimage\"},\"thumbnailUrl\":\"https:\\\/\\\/proagrolab.com.ar\\\/wp-content\\\/uploads\\\/2015\\\/01\\\/g_ngk08j58i__Frigor\u00edfico-5.jpg\",\"datePublished\":\"2013-10-29T00:00:01+00:00\",\"breadcrumb\":{\"@id\":\"https:\\\/\\\/proagrolab.com.ar\\\/el-gobierno-reduciria-las-retenciones-a-la-carne-por-la-crisis-en-la-industria-frigorifica\\\/#breadcrumb\"},\"inLanguage\":\"en-US\",\"potentialAction\":[{\"@type\":\"ReadAction\",\"target\":[\"https:\\\/\\\/proagrolab.com.ar\\\/el-gobierno-reduciria-las-retenciones-a-la-carne-por-la-crisis-en-la-industria-frigorifica\\\/\"]}]},{\"@type\":\"ImageObject\",\"inLanguage\":\"en-US\",\"@id\":\"https:\\\/\\\/proagrolab.com.ar\\\/el-gobierno-reduciria-las-retenciones-a-la-carne-por-la-crisis-en-la-industria-frigorifica\\\/#primaryimage\",\"url\":\"https:\\\/\\\/proagrolab.com.ar\\\/wp-content\\\/uploads\\\/2015\\\/01\\\/g_ngk08j58i__Frigor\u00edfico-5.jpg\",\"contentUrl\":\"https:\\\/\\\/proagrolab.com.ar\\\/wp-content\\\/uploads\\\/2015\\\/01\\\/g_ngk08j58i__Frigor\u00edfico-5.jpg\"},{\"@type\":\"BreadcrumbList\",\"@id\":\"https:\\\/\\\/proagrolab.com.ar\\\/el-gobierno-reduciria-las-retenciones-a-la-carne-por-la-crisis-en-la-industria-frigorifica\\\/#breadcrumb\",\"itemListElement\":[{\"@type\":\"ListItem\",\"position\":1,\"name\":\"Portada\",\"item\":\"https:\\\/\\\/proagrolab.com.ar\\\/\"},{\"@type\":\"ListItem\",\"position\":2,\"name\":\"El Gobierno reducir\u00eda las retenciones a la carne por la crisis en la industria frigor\u00edfica.\"}]},{\"@type\":\"WebSite\",\"@id\":\"https:\\\/\\\/proagrolab.com.ar\\\/#website\",\"url\":\"https:\\\/\\\/proagrolab.com.ar\\\/\",\"name\":\"Proagro Laboratorio Veterinario\",\"description\":\"Veterinary laboratory\",\"publisher\":{\"@id\":\"https:\\\/\\\/proagrolab.com.ar\\\/#organization\"},\"potentialAction\":[{\"@type\":\"SearchAction\",\"target\":{\"@type\":\"EntryPoint\",\"urlTemplate\":\"https:\\\/\\\/proagrolab.com.ar\\\/?s={search_term_string}\"},\"query-input\":{\"@type\":\"PropertyValueSpecification\",\"valueRequired\":true,\"valueName\":\"search_term_string\"}}],\"inLanguage\":\"en-US\"},{\"@type\":\"Organization\",\"@id\":\"https:\\\/\\\/proagrolab.com.ar\\\/#organization\",\"name\":\"Proagro\",\"url\":\"https:\\\/\\\/proagrolab.com.ar\\\/\",\"logo\":{\"@type\":\"ImageObject\",\"inLanguage\":\"en-US\",\"@id\":\"https:\\\/\\\/proagrolab.com.ar\\\/#\\\/schema\\\/logo\\\/image\\\/\",\"url\":\"https:\\\/\\\/proagrolab.com.ar\\\/wp-content\\\/uploads\\\/2020\\\/04\\\/logo-retina.png\",\"contentUrl\":\"https:\\\/\\\/proagrolab.com.ar\\\/wp-content\\\/uploads\\\/2020\\\/04\\\/logo-retina.png\",\"width\":478,\"height\":120,\"caption\":\"Proagro\"},\"image\":{\"@id\":\"https:\\\/\\\/proagrolab.com.ar\\\/#\\\/schema\\\/logo\\\/image\\\/\"},\"sameAs\":[\"http:\\\/\\\/www.facebook.com\\\/proagrolab\",\"https:\\\/\\\/www.instagram.com\\\/proagrolab\\\/\",\"https:\\\/\\\/www.linkedin.com\\\/company\\\/laboratorio-proagro-s-a\\\/\"]},{\"@type\":\"Person\",\"@id\":\"https:\\\/\\\/proagrolab.com.ar\\\/#\\\/schema\\\/person\\\/38003ff90bf80381f71c7d922d207444\",\"name\":\"proagrolab\"}]}<\/script>\n<!-- \/ Yoast SEO plugin. -->","yoast_head_json":{"title":"El Gobierno reducir\u00eda las retenciones a la carne por la crisis en la industria frigor\u00edfica. | Proagro","robots":{"index":"index","follow":"follow","max-snippet":"max-snippet:-1","max-image-preview":"max-image-preview:large","max-video-preview":"max-video-preview:-1"},"canonical":"https:\/\/proagrolab.com.ar\/en\/el-gobierno-reduciria-las-retenciones-a-la-carne-por-la-crisis-en-la-industria-frigorifica\/","og_locale":"en_US","og_type":"article","og_title":"El Gobierno reducir\u00eda las retenciones a la carne por la crisis en la industria frigor\u00edfica. | Proagro","og_description":"Moreno prometi\u00f3 medidas que incluir\u00edan una rebaja; buscan mejorar el precio de la hacienda para frenar una nueva liquidaci\u00f3n de stock. Por Fernando Bertello. Despu\u00e9s de la derrota en las elecciones legislativas de anteayer, el Gobierno prepara medidas para la industria frigor\u00edfica exportadora, que podr\u00edan influir favorablemente en la actividad ganadera en general. Y las anunciar\u00eda en los pr\u00f3ximos d\u00edas. En rigor, el viernes pasado, en la \u00faltima reuni\u00f3n por la carne con exportadores y operadores del negocio, el secretario de Comercio Interior, Guillermo Moreno, dio pistas en ese sentido. &#8220;Despu\u00e9s de las elecciones va haber importantes anuncios para la carne. Ser\u00e1n para la industria exportadora&#8221;, dijo el funcionario, seg\u00fan reconstruy\u00f3 LA NACION. Cerca del secretario de Comercio Interior confirmaron la novedad. Una de las medidas que est\u00e1n en an\u00e1lisis es una rebaja de las retenciones. Y la idea es que alcancen a todos los productos c\u00e1rnicos de exportaci\u00f3n, que hoy tributan un 15%. Algunas fuentes dicen que se reducir\u00edan a un 5 por ciento. Tambi\u00e9n estar\u00eda en evaluaci\u00f3n alg\u00fan est\u00edmulo por el lado de los reintegros a las exportaciones. El a\u00f1o pasado, las ventas al exterior del sector representaron US$ 1190 millones, con unos 180 millones de d\u00f3lares por [&hellip;]","og_url":"https:\/\/proagrolab.com.ar\/el-gobierno-reduciria-las-retenciones-a-la-carne-por-la-crisis-en-la-industria-frigorifica\/","og_site_name":"Proagro","article_publisher":"http:\/\/www.facebook.com\/proagrolab","article_published_time":"2013-10-29T00:00:01+00:00","og_image":[{"url":"https:\/\/proagrolab.com.ar\/wp-content\/uploads\/2015\/01\/g_ngk08j58i__Frigor\u00edfico-5.jpg","width":1,"height":1,"type":"image\/jpeg"}],"author":"proagrolab","twitter_card":"summary_large_image","twitter_misc":{"Written by":"proagrolab","Est. reading time":"4 minutes"},"schema":{"@context":"https:\/\/schema.org","@graph":[{"@type":"Article","@id":"https:\/\/proagrolab.com.ar\/el-gobierno-reduciria-las-retenciones-a-la-carne-por-la-crisis-en-la-industria-frigorifica\/#article","isPartOf":{"@id":"https:\/\/proagrolab.com.ar\/el-gobierno-reduciria-las-retenciones-a-la-carne-por-la-crisis-en-la-industria-frigorifica\/"},"author":{"name":"proagrolab","@id":"https:\/\/proagrolab.com.ar\/#\/schema\/person\/38003ff90bf80381f71c7d922d207444"},"headline":"El Gobierno reducir\u00eda las retenciones a la carne por la crisis en la industria frigor\u00edfica.","datePublished":"2013-10-29T00:00:01+00:00","mainEntityOfPage":{"@id":"https:\/\/proagrolab.com.ar\/el-gobierno-reduciria-las-retenciones-a-la-carne-por-la-crisis-en-la-industria-frigorifica\/"},"wordCount":846,"publisher":{"@id":"https:\/\/proagrolab.com.ar\/#organization"},"image":{"@id":"https:\/\/proagrolab.com.ar\/el-gobierno-reduciria-las-retenciones-a-la-carne-por-la-crisis-en-la-industria-frigorifica\/#primaryimage"},"thumbnailUrl":"https:\/\/proagrolab.com.ar\/wp-content\/uploads\/2015\/01\/g_ngk08j58i__Frigor\u00edfico-5.jpg","articleSection":["News"],"inLanguage":"en-US"},{"@type":"WebPage","@id":"https:\/\/proagrolab.com.ar\/el-gobierno-reduciria-las-retenciones-a-la-carne-por-la-crisis-en-la-industria-frigorifica\/","url":"https:\/\/proagrolab.com.ar\/el-gobierno-reduciria-las-retenciones-a-la-carne-por-la-crisis-en-la-industria-frigorifica\/","name":"El Gobierno reducir\u00eda las retenciones a la carne por la crisis en la industria frigor\u00edfica. | Proagro","isPartOf":{"@id":"https:\/\/proagrolab.com.ar\/#website"},"primaryImageOfPage":{"@id":"https:\/\/proagrolab.com.ar\/el-gobierno-reduciria-las-retenciones-a-la-carne-por-la-crisis-en-la-industria-frigorifica\/#primaryimage"},"image":{"@id":"https:\/\/proagrolab.com.ar\/el-gobierno-reduciria-las-retenciones-a-la-carne-por-la-crisis-en-la-industria-frigorifica\/#primaryimage"},"thumbnailUrl":"https:\/\/proagrolab.com.ar\/wp-content\/uploads\/2015\/01\/g_ngk08j58i__Frigor\u00edfico-5.jpg","datePublished":"2013-10-29T00:00:01+00:00","breadcrumb":{"@id":"https:\/\/proagrolab.com.ar\/el-gobierno-reduciria-las-retenciones-a-la-carne-por-la-crisis-en-la-industria-frigorifica\/#breadcrumb"},"inLanguage":"en-US","potentialAction":[{"@type":"ReadAction","target":["https:\/\/proagrolab.com.ar\/el-gobierno-reduciria-las-retenciones-a-la-carne-por-la-crisis-en-la-industria-frigorifica\/"]}]},{"@type":"ImageObject","inLanguage":"en-US","@id":"https:\/\/proagrolab.com.ar\/el-gobierno-reduciria-las-retenciones-a-la-carne-por-la-crisis-en-la-industria-frigorifica\/#primaryimage","url":"https:\/\/proagrolab.com.ar\/wp-content\/uploads\/2015\/01\/g_ngk08j58i__Frigor\u00edfico-5.jpg","contentUrl":"https:\/\/proagrolab.com.ar\/wp-content\/uploads\/2015\/01\/g_ngk08j58i__Frigor\u00edfico-5.jpg"},{"@type":"BreadcrumbList","@id":"https:\/\/proagrolab.com.ar\/el-gobierno-reduciria-las-retenciones-a-la-carne-por-la-crisis-en-la-industria-frigorifica\/#breadcrumb","itemListElement":[{"@type":"ListItem","position":1,"name":"Portada","item":"https:\/\/proagrolab.com.ar\/"},{"@type":"ListItem","position":2,"name":"El Gobierno reducir\u00eda las retenciones a la carne por la crisis en la industria frigor\u00edfica."}]},{"@type":"WebSite","@id":"https:\/\/proagrolab.com.ar\/#website","url":"https:\/\/proagrolab.com.ar\/","name":"Proagro Laboratorio Veterinario","description":"Veterinary laboratory","publisher":{"@id":"https:\/\/proagrolab.com.ar\/#organization"},"potentialAction":[{"@type":"SearchAction","target":{"@type":"EntryPoint","urlTemplate":"https:\/\/proagrolab.com.ar\/?s={search_term_string}"},"query-input":{"@type":"PropertyValueSpecification","valueRequired":true,"valueName":"search_term_string"}}],"inLanguage":"en-US"},{"@type":"Organization","@id":"https:\/\/proagrolab.com.ar\/#organization","name":"Proagro","url":"https:\/\/proagrolab.com.ar\/","logo":{"@type":"ImageObject","inLanguage":"en-US","@id":"https:\/\/proagrolab.com.ar\/#\/schema\/logo\/image\/","url":"https:\/\/proagrolab.com.ar\/wp-content\/uploads\/2020\/04\/logo-retina.png","contentUrl":"https:\/\/proagrolab.com.ar\/wp-content\/uploads\/2020\/04\/logo-retina.png","width":478,"height":120,"caption":"Proagro"},"image":{"@id":"https:\/\/proagrolab.com.ar\/#\/schema\/logo\/image\/"},"sameAs":["http:\/\/www.facebook.com\/proagrolab","https:\/\/www.instagram.com\/proagrolab\/","https:\/\/www.linkedin.com\/company\/laboratorio-proagro-s-a\/"]},{"@type":"Person","@id":"https:\/\/proagrolab.com.ar\/#\/schema\/person\/38003ff90bf80381f71c7d922d207444","name":"proagrolab"}]}},"_links":{"self":[{"href":"https:\/\/proagrolab.com.ar\/en\/wp-json\/wp\/v2\/posts\/5777","targetHints":{"allow":["GET"]}}],"collection":[{"href":"https:\/\/proagrolab.com.ar\/en\/wp-json\/wp\/v2\/posts"}],"about":[{"href":"https:\/\/proagrolab.com.ar\/en\/wp-json\/wp\/v2\/types\/post"}],"author":[{"embeddable":true,"href":"https:\/\/proagrolab.com.ar\/en\/wp-json\/wp\/v2\/users\/2"}],"replies":[{"embeddable":true,"href":"https:\/\/proagrolab.com.ar\/en\/wp-json\/wp\/v2\/comments?post=5777"}],"version-history":[{"count":0,"href":"https:\/\/proagrolab.com.ar\/en\/wp-json\/wp\/v2\/posts\/5777\/revisions"}],"wp:featuredmedia":[{"embeddable":true,"href":"https:\/\/proagrolab.com.ar\/en\/wp-json\/wp\/v2\/media\/2265"}],"wp:attachment":[{"href":"https:\/\/proagrolab.com.ar\/en\/wp-json\/wp\/v2\/media?parent=5777"}],"wp:term":[{"taxonomy":"category","embeddable":true,"href":"https:\/\/proagrolab.com.ar\/en\/wp-json\/wp\/v2\/categories?post=5777"},{"taxonomy":"post_tag","embeddable":true,"href":"https:\/\/proagrolab.com.ar\/en\/wp-json\/wp\/v2\/tags?post=5777"}],"curies":[{"name":"wp","href":"https:\/\/api.w.org\/{rel}","templated":true}]}}