{"id":5775,"date":"2013-10-25T00:00:01","date_gmt":"2013-10-25T00:00:01","guid":{"rendered":"https:\/\/proagrolab.com.ar\/las-razones-mundiales-del-freno-bovino\/"},"modified":"2013-10-25T00:00:01","modified_gmt":"2013-10-25T00:00:01","slug":"las-razones-mundiales-del-freno-bovino","status":"publish","type":"post","link":"https:\/\/proagrolab.com.ar\/en\/las-razones-mundiales-del-freno-bovino\/","title":{"rendered":"Las razones mundiales del freno bovino."},"content":{"rendered":"<p class=\"qtranxs-available-languages-message qtranxs-available-languages-message-en\"> <\/p><p>Por Ignacio Iriarte.<\/p>\n<p>A diferencia de la producci\u00f3n mundial de carne porcina y av\u00edcola, que no paran de crecer, la de bovinos se muestra estancada desde hace cinco a\u00f1os.<\/p>\n<p>La producci\u00f3n mundial de carne vacuna est\u00e1 estancada desde hace cinco a\u00f1os, frente a una producci\u00f3n de carne aviar y una producci\u00f3n de carne porcina que no cesan de crecer.<\/p>\n<p>\u00bfPor qu\u00e9 no crece la producci\u00f3n? Por la competencia del uso del suelo por parte de la agricultura, fen\u00f3meno que no se da s\u00f3lo en nuestro pa\u00eds. Tambi\u00e9n por la valorizaci\u00f3n general de la tierra en el mundo, que vuelve imposible honrar con rentas derivadas de la ganader\u00eda tierras que valen entre 15.000 y 30.000 d\u00f3lares por hect\u00e1rea. Por el avance de la urbanizaci\u00f3n (China) y hasta por las tierras tomadas a la ganader\u00eda para hacer autopistas (en Estados Unidos y China). Por el encarecimiento de los precios de los alimentos balanceados, que llegan hasta los 400 d\u00f3lares por tonelada (en China y Europa), alimentos formulados con granos y pellets importados.<\/p>\n<p>Tambi\u00e9n incide en el estancamiento de la producci\u00f3n ganadera el envejecimiento de los ganaderos (en Estados Unidos y Europa) y por la falta de escala: ganaderos que con 20 \u00f3 30 cabezas no pueden vivir de esta actividad. Por el retiro de los subsidios (Rusia y Europa) a la producci\u00f3n ganadera. Por el crecimiento de los salarios rurales, agregado a la dificultad casi general hoy en el mundo para conseguir personal ganadero id\u00f3neo que est\u00e9 dispuesto a vivir en el campo.<\/p>\n<p>Por el clima extremo (en China, Estados Unidos, M\u00e9xico, Australia); por la progresiva liberalizaci\u00f3n del comercio internacional, que amenaza a las producciones ganaderas m\u00e1s protegidas. Por el encarecimiento incesante de los costos ganaderos, por encima de cualquier \u00edndice de inflaci\u00f3n que se tome. Por la competencia de otro tipo de carnes, las llamadas ganader\u00edas \u0093sin suelo\u0094, como la porcina o aviar, que convierten mucho mejor el grano en carne, y que casi no requieren espacio.<\/p>\n<p>Adem\u00e1s de las crecientes limitaciones en la disponibilidad de agua, que lleva en muchos lugares (China, Australia) a que se limite el uso de la misma con fines ganaderos. Por la imagen de la ganader\u00eda vacuna como una actividad contaminante y depredadora de los recursos naturales, que lleva a que algunos lugares del mundo se incentive la disminuci\u00f3n de la carga animal (Europa) o que otras vastas \u00e1reas ganaderas (Estados Unidos), que hoy el Estado alquila a ganaderos de cr\u00eda, vuelven al sector p\u00fablico para convertirse en reservas naturales o parques nacionales.<\/p>\n<p>En un mundo donde la producci\u00f3n de toda clase de bienes y servicios no para de crecer, la carne vacuna es un producto cuya oferta ha dejado de crecer y cuya demanda no cesa de incrementarse, de la mano del crecimiento poblacional, del crecimiento de la renta per c\u00e1pita y de la urbanizaci\u00f3n de cientos de millones de personas, especialmente en Asia.<\/p>\n<p><i>Cuero<\/i><br \/>Tanto en Australia como en Uruguay y Brasil, el precio del cuero vacuno ha subido entre 25 y 35 por ciento en el \u00faltimo a\u00f1o.<\/p>\n<p>La mayor\u00eda de los frigor\u00edficos, tanto de consumo como de exportaci\u00f3n, est\u00e1n hoy ya recibiendo buena parte de esa mejora, que se potencia con la aceleraci\u00f3n de la tasa de devaluaci\u00f3n.<\/p>\n<p>Este mayor ingreso alcanza tanto a la industria frigor\u00edfica exportadora como a la industria consumera; a los exportadores los ayuda a acercarse cada vez m\u00e1s a un punto de equilibrio, a dejar de perder dinero. Mientras que al consumo lo ayuda en un momento en que la situaci\u00f3n de la mayor\u00eda de las plantas es muy complicada.<\/p>\n<p>Por ahora, los frigor\u00edficos que prestan servicios no est\u00e1n volcando a los \u0093recuperos\u0094 pagados a sus usuarios (matarifes, supermercados, gancheras) esta suba del cuero.<\/p>\n<p>Fuente: La Voz del Interior, 25 de octubre.<br \/><\/p>","protected":false},"excerpt":{"rendered":"<p>Por Ignacio Iriarte. A diferencia de la producci\u00f3n mundial de carne porcina y av\u00edcola, que no paran de crecer, la de bovinos se muestra estancada desde hace cinco a\u00f1os. La producci\u00f3n mundial de carne vacuna est\u00e1 estancada desde hace cinco a\u00f1os, frente a una producci\u00f3n de carne aviar y una producci\u00f3n de carne porcina que no cesan de crecer. \u00bfPor qu\u00e9 no crece la producci\u00f3n? Por la competencia del uso del suelo por parte de la agricultura, fen\u00f3meno que no se da s\u00f3lo en nuestro pa\u00eds. Tambi\u00e9n por la valorizaci\u00f3n general de la tierra en el mundo, que vuelve imposible honrar con rentas derivadas de la ganader\u00eda tierras que valen entre 15.000 y 30.000 d\u00f3lares por hect\u00e1rea. Por el avance de la urbanizaci\u00f3n (China) y hasta por las tierras tomadas a la ganader\u00eda para hacer autopistas (en Estados Unidos y China). Por el encarecimiento de los precios de los alimentos balanceados, que llegan hasta los 400 d\u00f3lares por tonelada (en China y Europa), alimentos formulados con granos y pellets importados. Tambi\u00e9n incide en el estancamiento de la producci\u00f3n ganadera el envejecimiento de los ganaderos (en Estados Unidos y Europa) y por la falta de escala: ganaderos que con 20 \u00f3 [&hellip;]<\/p>\n","protected":false},"author":2,"featured_media":2263,"comment_status":"closed","ping_status":"open","sticky":false,"template":"","format":"standard","meta":{"_acf_changed":false,"footnotes":""},"categories":[56],"tags":[],"class_list":["post-5775","post","type-post","status-publish","format-standard","has-post-thumbnail","hentry","category-infoganadero"],"acf":[],"yoast_head":"<!-- This site is optimized with the Yoast SEO plugin v27.5 - https:\/\/yoast.com\/product\/yoast-seo-wordpress\/ -->\n<title>Las razones mundiales del freno bovino. | Proagro<\/title>\n<meta name=\"robots\" content=\"index, follow, max-snippet:-1, max-image-preview:large, max-video-preview:-1\" \/>\n<link rel=\"canonical\" href=\"https:\/\/proagrolab.com.ar\/en\/las-razones-mundiales-del-freno-bovino\/\" \/>\n<meta property=\"og:locale\" content=\"en_US\" \/>\n<meta property=\"og:type\" content=\"article\" \/>\n<meta property=\"og:title\" content=\"Las razones mundiales del freno bovino. | Proagro\" \/>\n<meta property=\"og:description\" content=\"Por Ignacio Iriarte. A diferencia de la producci\u00f3n mundial de carne porcina y av\u00edcola, que no paran de crecer, la de bovinos se muestra estancada desde hace cinco a\u00f1os. La producci\u00f3n mundial de carne vacuna est\u00e1 estancada desde hace cinco a\u00f1os, frente a una producci\u00f3n de carne aviar y una producci\u00f3n de carne porcina que no cesan de crecer. \u00bfPor qu\u00e9 no crece la producci\u00f3n? Por la competencia del uso del suelo por parte de la agricultura, fen\u00f3meno que no se da s\u00f3lo en nuestro pa\u00eds. Tambi\u00e9n por la valorizaci\u00f3n general de la tierra en el mundo, que vuelve imposible honrar con rentas derivadas de la ganader\u00eda tierras que valen entre 15.000 y 30.000 d\u00f3lares por hect\u00e1rea. Por el avance de la urbanizaci\u00f3n (China) y hasta por las tierras tomadas a la ganader\u00eda para hacer autopistas (en Estados Unidos y China). Por el encarecimiento de los precios de los alimentos balanceados, que llegan hasta los 400 d\u00f3lares por tonelada (en China y Europa), alimentos formulados con granos y pellets importados. Tambi\u00e9n incide en el estancamiento de la producci\u00f3n ganadera el envejecimiento de los ganaderos (en Estados Unidos y Europa) y por la falta de escala: ganaderos que con 20 \u00f3 [&hellip;]\" \/>\n<meta property=\"og:url\" content=\"https:\/\/proagrolab.com.ar\/las-razones-mundiales-del-freno-bovino\/\" \/>\n<meta property=\"og:site_name\" content=\"Proagro\" \/>\n<meta property=\"article:publisher\" content=\"http:\/\/www.facebook.com\/proagrolab\" \/>\n<meta property=\"article:published_time\" content=\"2013-10-25T00:00:01+00:00\" \/>\n<meta property=\"og:image\" content=\"https:\/\/proagrolab.com.ar\/wp-content\/uploads\/2015\/01\/g_g7jcg02dh__Vacas-2.jpg\" \/>\n\t<meta property=\"og:image:width\" content=\"450\" \/>\n\t<meta property=\"og:image:height\" content=\"208\" \/>\n\t<meta property=\"og:image:type\" content=\"image\/jpeg\" \/>\n<meta name=\"author\" content=\"proagrolab\" \/>\n<meta name=\"twitter:card\" content=\"summary_large_image\" \/>\n<meta name=\"twitter:label1\" content=\"Written by\" \/>\n\t<meta name=\"twitter:data1\" content=\"proagrolab\" \/>\n\t<meta name=\"twitter:label2\" content=\"Est. reading time\" \/>\n\t<meta name=\"twitter:data2\" content=\"3 minutes\" \/>\n<script type=\"application\/ld+json\" class=\"yoast-schema-graph\">{\"@context\":\"https:\\\/\\\/schema.org\",\"@graph\":[{\"@type\":\"Article\",\"@id\":\"https:\\\/\\\/proagrolab.com.ar\\\/las-razones-mundiales-del-freno-bovino\\\/#article\",\"isPartOf\":{\"@id\":\"https:\\\/\\\/proagrolab.com.ar\\\/las-razones-mundiales-del-freno-bovino\\\/\"},\"author\":{\"name\":\"proagrolab\",\"@id\":\"https:\\\/\\\/proagrolab.com.ar\\\/#\\\/schema\\\/person\\\/38003ff90bf80381f71c7d922d207444\"},\"headline\":\"Las razones mundiales del freno bovino.\",\"datePublished\":\"2013-10-25T00:00:01+00:00\",\"mainEntityOfPage\":{\"@id\":\"https:\\\/\\\/proagrolab.com.ar\\\/las-razones-mundiales-del-freno-bovino\\\/\"},\"wordCount\":672,\"publisher\":{\"@id\":\"https:\\\/\\\/proagrolab.com.ar\\\/#organization\"},\"image\":{\"@id\":\"https:\\\/\\\/proagrolab.com.ar\\\/las-razones-mundiales-del-freno-bovino\\\/#primaryimage\"},\"thumbnailUrl\":\"https:\\\/\\\/proagrolab.com.ar\\\/wp-content\\\/uploads\\\/2015\\\/01\\\/g_g7jcg02dh__Vacas-2.jpg\",\"articleSection\":[\"News\"],\"inLanguage\":\"en-US\"},{\"@type\":\"WebPage\",\"@id\":\"https:\\\/\\\/proagrolab.com.ar\\\/las-razones-mundiales-del-freno-bovino\\\/\",\"url\":\"https:\\\/\\\/proagrolab.com.ar\\\/las-razones-mundiales-del-freno-bovino\\\/\",\"name\":\"Las razones mundiales del freno bovino. | Proagro\",\"isPartOf\":{\"@id\":\"https:\\\/\\\/proagrolab.com.ar\\\/#website\"},\"primaryImageOfPage\":{\"@id\":\"https:\\\/\\\/proagrolab.com.ar\\\/las-razones-mundiales-del-freno-bovino\\\/#primaryimage\"},\"image\":{\"@id\":\"https:\\\/\\\/proagrolab.com.ar\\\/las-razones-mundiales-del-freno-bovino\\\/#primaryimage\"},\"thumbnailUrl\":\"https:\\\/\\\/proagrolab.com.ar\\\/wp-content\\\/uploads\\\/2015\\\/01\\\/g_g7jcg02dh__Vacas-2.jpg\",\"datePublished\":\"2013-10-25T00:00:01+00:00\",\"breadcrumb\":{\"@id\":\"https:\\\/\\\/proagrolab.com.ar\\\/las-razones-mundiales-del-freno-bovino\\\/#breadcrumb\"},\"inLanguage\":\"en-US\",\"potentialAction\":[{\"@type\":\"ReadAction\",\"target\":[\"https:\\\/\\\/proagrolab.com.ar\\\/las-razones-mundiales-del-freno-bovino\\\/\"]}]},{\"@type\":\"ImageObject\",\"inLanguage\":\"en-US\",\"@id\":\"https:\\\/\\\/proagrolab.com.ar\\\/las-razones-mundiales-del-freno-bovino\\\/#primaryimage\",\"url\":\"https:\\\/\\\/proagrolab.com.ar\\\/wp-content\\\/uploads\\\/2015\\\/01\\\/g_g7jcg02dh__Vacas-2.jpg\",\"contentUrl\":\"https:\\\/\\\/proagrolab.com.ar\\\/wp-content\\\/uploads\\\/2015\\\/01\\\/g_g7jcg02dh__Vacas-2.jpg\",\"width\":450,\"height\":208},{\"@type\":\"BreadcrumbList\",\"@id\":\"https:\\\/\\\/proagrolab.com.ar\\\/las-razones-mundiales-del-freno-bovino\\\/#breadcrumb\",\"itemListElement\":[{\"@type\":\"ListItem\",\"position\":1,\"name\":\"Portada\",\"item\":\"https:\\\/\\\/proagrolab.com.ar\\\/\"},{\"@type\":\"ListItem\",\"position\":2,\"name\":\"Las razones mundiales del freno bovino.\"}]},{\"@type\":\"WebSite\",\"@id\":\"https:\\\/\\\/proagrolab.com.ar\\\/#website\",\"url\":\"https:\\\/\\\/proagrolab.com.ar\\\/\",\"name\":\"Proagro Laboratorio Veterinario\",\"description\":\"Veterinary laboratory\",\"publisher\":{\"@id\":\"https:\\\/\\\/proagrolab.com.ar\\\/#organization\"},\"potentialAction\":[{\"@type\":\"SearchAction\",\"target\":{\"@type\":\"EntryPoint\",\"urlTemplate\":\"https:\\\/\\\/proagrolab.com.ar\\\/?s={search_term_string}\"},\"query-input\":{\"@type\":\"PropertyValueSpecification\",\"valueRequired\":true,\"valueName\":\"search_term_string\"}}],\"inLanguage\":\"en-US\"},{\"@type\":\"Organization\",\"@id\":\"https:\\\/\\\/proagrolab.com.ar\\\/#organization\",\"name\":\"Proagro\",\"url\":\"https:\\\/\\\/proagrolab.com.ar\\\/\",\"logo\":{\"@type\":\"ImageObject\",\"inLanguage\":\"en-US\",\"@id\":\"https:\\\/\\\/proagrolab.com.ar\\\/#\\\/schema\\\/logo\\\/image\\\/\",\"url\":\"https:\\\/\\\/proagrolab.com.ar\\\/wp-content\\\/uploads\\\/2020\\\/04\\\/logo-retina.png\",\"contentUrl\":\"https:\\\/\\\/proagrolab.com.ar\\\/wp-content\\\/uploads\\\/2020\\\/04\\\/logo-retina.png\",\"width\":478,\"height\":120,\"caption\":\"Proagro\"},\"image\":{\"@id\":\"https:\\\/\\\/proagrolab.com.ar\\\/#\\\/schema\\\/logo\\\/image\\\/\"},\"sameAs\":[\"http:\\\/\\\/www.facebook.com\\\/proagrolab\",\"https:\\\/\\\/www.instagram.com\\\/proagrolab\\\/\",\"https:\\\/\\\/www.linkedin.com\\\/company\\\/laboratorio-proagro-s-a\\\/\"]},{\"@type\":\"Person\",\"@id\":\"https:\\\/\\\/proagrolab.com.ar\\\/#\\\/schema\\\/person\\\/38003ff90bf80381f71c7d922d207444\",\"name\":\"proagrolab\"}]}<\/script>\n<!-- \/ Yoast SEO plugin. -->","yoast_head_json":{"title":"Las razones mundiales del freno bovino. | Proagro","robots":{"index":"index","follow":"follow","max-snippet":"max-snippet:-1","max-image-preview":"max-image-preview:large","max-video-preview":"max-video-preview:-1"},"canonical":"https:\/\/proagrolab.com.ar\/en\/las-razones-mundiales-del-freno-bovino\/","og_locale":"en_US","og_type":"article","og_title":"Las razones mundiales del freno bovino. | Proagro","og_description":"Por Ignacio Iriarte. A diferencia de la producci\u00f3n mundial de carne porcina y av\u00edcola, que no paran de crecer, la de bovinos se muestra estancada desde hace cinco a\u00f1os. La producci\u00f3n mundial de carne vacuna est\u00e1 estancada desde hace cinco a\u00f1os, frente a una producci\u00f3n de carne aviar y una producci\u00f3n de carne porcina que no cesan de crecer. \u00bfPor qu\u00e9 no crece la producci\u00f3n? Por la competencia del uso del suelo por parte de la agricultura, fen\u00f3meno que no se da s\u00f3lo en nuestro pa\u00eds. Tambi\u00e9n por la valorizaci\u00f3n general de la tierra en el mundo, que vuelve imposible honrar con rentas derivadas de la ganader\u00eda tierras que valen entre 15.000 y 30.000 d\u00f3lares por hect\u00e1rea. Por el avance de la urbanizaci\u00f3n (China) y hasta por las tierras tomadas a la ganader\u00eda para hacer autopistas (en Estados Unidos y China). Por el encarecimiento de los precios de los alimentos balanceados, que llegan hasta los 400 d\u00f3lares por tonelada (en China y Europa), alimentos formulados con granos y pellets importados. Tambi\u00e9n incide en el estancamiento de la producci\u00f3n ganadera el envejecimiento de los ganaderos (en Estados Unidos y Europa) y por la falta de escala: ganaderos que con 20 \u00f3 [&hellip;]","og_url":"https:\/\/proagrolab.com.ar\/las-razones-mundiales-del-freno-bovino\/","og_site_name":"Proagro","article_publisher":"http:\/\/www.facebook.com\/proagrolab","article_published_time":"2013-10-25T00:00:01+00:00","og_image":[{"width":450,"height":208,"url":"https:\/\/proagrolab.com.ar\/wp-content\/uploads\/2015\/01\/g_g7jcg02dh__Vacas-2.jpg","type":"image\/jpeg"}],"author":"proagrolab","twitter_card":"summary_large_image","twitter_misc":{"Written by":"proagrolab","Est. reading time":"3 minutes"},"schema":{"@context":"https:\/\/schema.org","@graph":[{"@type":"Article","@id":"https:\/\/proagrolab.com.ar\/las-razones-mundiales-del-freno-bovino\/#article","isPartOf":{"@id":"https:\/\/proagrolab.com.ar\/las-razones-mundiales-del-freno-bovino\/"},"author":{"name":"proagrolab","@id":"https:\/\/proagrolab.com.ar\/#\/schema\/person\/38003ff90bf80381f71c7d922d207444"},"headline":"Las razones mundiales del freno bovino.","datePublished":"2013-10-25T00:00:01+00:00","mainEntityOfPage":{"@id":"https:\/\/proagrolab.com.ar\/las-razones-mundiales-del-freno-bovino\/"},"wordCount":672,"publisher":{"@id":"https:\/\/proagrolab.com.ar\/#organization"},"image":{"@id":"https:\/\/proagrolab.com.ar\/las-razones-mundiales-del-freno-bovino\/#primaryimage"},"thumbnailUrl":"https:\/\/proagrolab.com.ar\/wp-content\/uploads\/2015\/01\/g_g7jcg02dh__Vacas-2.jpg","articleSection":["News"],"inLanguage":"en-US"},{"@type":"WebPage","@id":"https:\/\/proagrolab.com.ar\/las-razones-mundiales-del-freno-bovino\/","url":"https:\/\/proagrolab.com.ar\/las-razones-mundiales-del-freno-bovino\/","name":"Las razones mundiales del freno bovino. | Proagro","isPartOf":{"@id":"https:\/\/proagrolab.com.ar\/#website"},"primaryImageOfPage":{"@id":"https:\/\/proagrolab.com.ar\/las-razones-mundiales-del-freno-bovino\/#primaryimage"},"image":{"@id":"https:\/\/proagrolab.com.ar\/las-razones-mundiales-del-freno-bovino\/#primaryimage"},"thumbnailUrl":"https:\/\/proagrolab.com.ar\/wp-content\/uploads\/2015\/01\/g_g7jcg02dh__Vacas-2.jpg","datePublished":"2013-10-25T00:00:01+00:00","breadcrumb":{"@id":"https:\/\/proagrolab.com.ar\/las-razones-mundiales-del-freno-bovino\/#breadcrumb"},"inLanguage":"en-US","potentialAction":[{"@type":"ReadAction","target":["https:\/\/proagrolab.com.ar\/las-razones-mundiales-del-freno-bovino\/"]}]},{"@type":"ImageObject","inLanguage":"en-US","@id":"https:\/\/proagrolab.com.ar\/las-razones-mundiales-del-freno-bovino\/#primaryimage","url":"https:\/\/proagrolab.com.ar\/wp-content\/uploads\/2015\/01\/g_g7jcg02dh__Vacas-2.jpg","contentUrl":"https:\/\/proagrolab.com.ar\/wp-content\/uploads\/2015\/01\/g_g7jcg02dh__Vacas-2.jpg","width":450,"height":208},{"@type":"BreadcrumbList","@id":"https:\/\/proagrolab.com.ar\/las-razones-mundiales-del-freno-bovino\/#breadcrumb","itemListElement":[{"@type":"ListItem","position":1,"name":"Portada","item":"https:\/\/proagrolab.com.ar\/"},{"@type":"ListItem","position":2,"name":"Las razones mundiales del freno bovino."}]},{"@type":"WebSite","@id":"https:\/\/proagrolab.com.ar\/#website","url":"https:\/\/proagrolab.com.ar\/","name":"Proagro Laboratorio Veterinario","description":"Veterinary laboratory","publisher":{"@id":"https:\/\/proagrolab.com.ar\/#organization"},"potentialAction":[{"@type":"SearchAction","target":{"@type":"EntryPoint","urlTemplate":"https:\/\/proagrolab.com.ar\/?s={search_term_string}"},"query-input":{"@type":"PropertyValueSpecification","valueRequired":true,"valueName":"search_term_string"}}],"inLanguage":"en-US"},{"@type":"Organization","@id":"https:\/\/proagrolab.com.ar\/#organization","name":"Proagro","url":"https:\/\/proagrolab.com.ar\/","logo":{"@type":"ImageObject","inLanguage":"en-US","@id":"https:\/\/proagrolab.com.ar\/#\/schema\/logo\/image\/","url":"https:\/\/proagrolab.com.ar\/wp-content\/uploads\/2020\/04\/logo-retina.png","contentUrl":"https:\/\/proagrolab.com.ar\/wp-content\/uploads\/2020\/04\/logo-retina.png","width":478,"height":120,"caption":"Proagro"},"image":{"@id":"https:\/\/proagrolab.com.ar\/#\/schema\/logo\/image\/"},"sameAs":["http:\/\/www.facebook.com\/proagrolab","https:\/\/www.instagram.com\/proagrolab\/","https:\/\/www.linkedin.com\/company\/laboratorio-proagro-s-a\/"]},{"@type":"Person","@id":"https:\/\/proagrolab.com.ar\/#\/schema\/person\/38003ff90bf80381f71c7d922d207444","name":"proagrolab"}]}},"_links":{"self":[{"href":"https:\/\/proagrolab.com.ar\/en\/wp-json\/wp\/v2\/posts\/5775","targetHints":{"allow":["GET"]}}],"collection":[{"href":"https:\/\/proagrolab.com.ar\/en\/wp-json\/wp\/v2\/posts"}],"about":[{"href":"https:\/\/proagrolab.com.ar\/en\/wp-json\/wp\/v2\/types\/post"}],"author":[{"embeddable":true,"href":"https:\/\/proagrolab.com.ar\/en\/wp-json\/wp\/v2\/users\/2"}],"replies":[{"embeddable":true,"href":"https:\/\/proagrolab.com.ar\/en\/wp-json\/wp\/v2\/comments?post=5775"}],"version-history":[{"count":0,"href":"https:\/\/proagrolab.com.ar\/en\/wp-json\/wp\/v2\/posts\/5775\/revisions"}],"wp:featuredmedia":[{"embeddable":true,"href":"https:\/\/proagrolab.com.ar\/en\/wp-json\/wp\/v2\/media\/2263"}],"wp:attachment":[{"href":"https:\/\/proagrolab.com.ar\/en\/wp-json\/wp\/v2\/media?parent=5775"}],"wp:term":[{"taxonomy":"category","embeddable":true,"href":"https:\/\/proagrolab.com.ar\/en\/wp-json\/wp\/v2\/categories?post=5775"},{"taxonomy":"post_tag","embeddable":true,"href":"https:\/\/proagrolab.com.ar\/en\/wp-json\/wp\/v2\/tags?post=5775"}],"curies":[{"name":"wp","href":"https:\/\/api.w.org\/{rel}","templated":true}]}}