{"id":5772,"date":"2013-10-25T00:00:01","date_gmt":"2013-10-25T00:00:01","guid":{"rendered":"https:\/\/proagrolab.com.ar\/venezuela-importara-mas-leche-en-polvo-para-estabilizar-el-mercado\/"},"modified":"2013-10-25T00:00:01","modified_gmt":"2013-10-25T00:00:01","slug":"venezuela-importara-mas-leche-en-polvo-para-estabilizar-el-mercado","status":"publish","type":"post","link":"https:\/\/proagrolab.com.ar\/en\/venezuela-importara-mas-leche-en-polvo-para-estabilizar-el-mercado\/","title":{"rendered":"Venezuela importar\u00e1 m\u00e1s leche en polvo para estabilizar el mercado."},"content":{"rendered":"<p class=\"qtranxs-available-languages-message qtranxs-available-languages-message-en\"> <\/p><p>El sector privado recibir\u00e1 alrededor de 14.000 T mensuales. A los productores les preocupa que s\u00f3lo producen el 50% de lo que consumen.<\/p>\n<p>La C\u00e1mara Venezolana de Industrias L\u00e1cteas (Cavilac) estima que en pocas semanas mejorar\u00e1 el abastecimiento de la leche en polvo en el pa\u00eds, gracias a la decisi\u00f3n del Gobierno de duplicar las necesidades reales del mercado nacional.<\/p>\n<p>&#8220;Desde la semana pasada, comenzaron a llegar los vol\u00famenes requeridos del producto&#8221;, se\u00f1al\u00f3 Roger Figueroa, presidente ejecutivo de la organizaci\u00f3n gremial, quien recalc\u00f3 que autoridades del Ministerio de Alimentaci\u00f3n informaron que el sector privado recibir\u00e1 alrededor de 14.000 toneladas mensuales del rubro.<\/p>\n<p>Explic\u00f3 que la demanda por parte del consumidor es avasallante, porque &#8220;como no se consigue el producto en la calle, la gente lo compra donde lo vea aunque no lo necesite, porque tiene la expectativa de que no lo va a recibir nuevamente en el corto plazo&#8221;. Seg\u00fan Figueroa, &#8220;la situaci\u00f3n con la leche en polvo y la pasteurizada en los \u00faltimos meses ha sido hiperca\u00f3tica&#8221;.<\/p>\n<p>Indic\u00f3 que cuando el mercado nacional opera en condiciones normales, el sector privado se maneja con 8.500 toneladas mensuales de leche. &#8220;Sin embargo, nos estaban dando 40% de lo que requerimos&#8221;. Consumen m\u00e1s pero de afueraDel otro lado se encuentran los productores quienes alertar que s\u00f3lo producen la mitad de lo que consumen en carne y leche y resto proviene de importaciones.<\/p>\n<p>As\u00ed lo asever\u00f3 Manuel Cipriano Heredia, presidente de la Federaci\u00f3n Nacional de Ganaderos de Venezuela, Fedenaga. El dirigente sentenci\u00f3 que los casos de importaci\u00f3n desde Uruguay &#8220;se ha incrementado de enero a agosto en 161 por ciento y no vemos la leche por ning\u00fan lado&#8221;.<\/p>\n<p>Fuente: Infortambo, 24 de octubre.<br \/><\/p>","protected":false},"excerpt":{"rendered":"<p>El sector privado recibir\u00e1 alrededor de 14.000 T mensuales. A los productores les preocupa que s\u00f3lo producen el 50% de lo que consumen. La C\u00e1mara Venezolana de Industrias L\u00e1cteas (Cavilac) estima que en pocas semanas mejorar\u00e1 el abastecimiento de la leche en polvo en el pa\u00eds, gracias a la decisi\u00f3n del Gobierno de duplicar las necesidades reales del mercado nacional. &#8220;Desde la semana pasada, comenzaron a llegar los vol\u00famenes requeridos del producto&#8221;, se\u00f1al\u00f3 Roger Figueroa, presidente ejecutivo de la organizaci\u00f3n gremial, quien recalc\u00f3 que autoridades del Ministerio de Alimentaci\u00f3n informaron que el sector privado recibir\u00e1 alrededor de 14.000 toneladas mensuales del rubro. Explic\u00f3 que la demanda por parte del consumidor es avasallante, porque &#8220;como no se consigue el producto en la calle, la gente lo compra donde lo vea aunque no lo necesite, porque tiene la expectativa de que no lo va a recibir nuevamente en el corto plazo&#8221;. Seg\u00fan Figueroa, &#8220;la situaci\u00f3n con la leche en polvo y la pasteurizada en los \u00faltimos meses ha sido hiperca\u00f3tica&#8221;. Indic\u00f3 que cuando el mercado nacional opera en condiciones normales, el sector privado se maneja con 8.500 toneladas mensuales de leche. &#8220;Sin embargo, nos estaban dando 40% de lo que requerimos&#8221;. Consumen [&hellip;]<\/p>\n","protected":false},"author":2,"featured_media":2260,"comment_status":"closed","ping_status":"open","sticky":false,"template":"","format":"standard","meta":{"_acf_changed":false,"footnotes":""},"categories":[56],"tags":[],"class_list":["post-5772","post","type-post","status-publish","format-standard","has-post-thumbnail","hentry","category-infoganadero"],"acf":[],"yoast_head":"<!-- This site is optimized with the Yoast SEO plugin v27.5 - https:\/\/yoast.com\/product\/yoast-seo-wordpress\/ -->\n<title>Venezuela importar\u00e1 m\u00e1s leche en polvo para estabilizar el mercado. | Proagro<\/title>\n<meta name=\"robots\" content=\"index, follow, max-snippet:-1, max-image-preview:large, max-video-preview:-1\" \/>\n<link rel=\"canonical\" href=\"https:\/\/proagrolab.com.ar\/en\/venezuela-importara-mas-leche-en-polvo-para-estabilizar-el-mercado\/\" \/>\n<meta property=\"og:locale\" content=\"en_US\" \/>\n<meta property=\"og:type\" content=\"article\" \/>\n<meta property=\"og:title\" content=\"Venezuela importar\u00e1 m\u00e1s leche en polvo para estabilizar el mercado. | Proagro\" \/>\n<meta property=\"og:description\" content=\"El sector privado recibir\u00e1 alrededor de 14.000 T mensuales. A los productores les preocupa que s\u00f3lo producen el 50% de lo que consumen. La C\u00e1mara Venezolana de Industrias L\u00e1cteas (Cavilac) estima que en pocas semanas mejorar\u00e1 el abastecimiento de la leche en polvo en el pa\u00eds, gracias a la decisi\u00f3n del Gobierno de duplicar las necesidades reales del mercado nacional. &#8220;Desde la semana pasada, comenzaron a llegar los vol\u00famenes requeridos del producto&#8221;, se\u00f1al\u00f3 Roger Figueroa, presidente ejecutivo de la organizaci\u00f3n gremial, quien recalc\u00f3 que autoridades del Ministerio de Alimentaci\u00f3n informaron que el sector privado recibir\u00e1 alrededor de 14.000 toneladas mensuales del rubro. Explic\u00f3 que la demanda por parte del consumidor es avasallante, porque &#8220;como no se consigue el producto en la calle, la gente lo compra donde lo vea aunque no lo necesite, porque tiene la expectativa de que no lo va a recibir nuevamente en el corto plazo&#8221;. Seg\u00fan Figueroa, &#8220;la situaci\u00f3n con la leche en polvo y la pasteurizada en los \u00faltimos meses ha sido hiperca\u00f3tica&#8221;. Indic\u00f3 que cuando el mercado nacional opera en condiciones normales, el sector privado se maneja con 8.500 toneladas mensuales de leche. &#8220;Sin embargo, nos estaban dando 40% de lo que requerimos&#8221;. Consumen [&hellip;]\" \/>\n<meta property=\"og:url\" content=\"https:\/\/proagrolab.com.ar\/venezuela-importara-mas-leche-en-polvo-para-estabilizar-el-mercado\/\" \/>\n<meta property=\"og:site_name\" content=\"Proagro\" \/>\n<meta property=\"article:publisher\" content=\"http:\/\/www.facebook.com\/proagrolab\" \/>\n<meta property=\"article:published_time\" content=\"2013-10-25T00:00:01+00:00\" \/>\n<meta property=\"og:image\" content=\"https:\/\/proagrolab.com.ar\/wp-content\/uploads\/2015\/01\/g_798cz3qdo__Lecheras-6.jpg\" \/>\n\t<meta property=\"og:image:width\" content=\"1\" \/>\n\t<meta property=\"og:image:height\" content=\"1\" \/>\n\t<meta property=\"og:image:type\" content=\"image\/jpeg\" \/>\n<meta name=\"author\" content=\"proagrolab\" \/>\n<meta name=\"twitter:card\" content=\"summary_large_image\" \/>\n<meta name=\"twitter:label1\" content=\"Written by\" \/>\n\t<meta name=\"twitter:data1\" content=\"proagrolab\" \/>\n\t<meta name=\"twitter:label2\" content=\"Est. reading time\" \/>\n\t<meta name=\"twitter:data2\" content=\"1 minute\" \/>\n<script type=\"application\/ld+json\" class=\"yoast-schema-graph\">{\"@context\":\"https:\\\/\\\/schema.org\",\"@graph\":[{\"@type\":\"Article\",\"@id\":\"https:\\\/\\\/proagrolab.com.ar\\\/venezuela-importara-mas-leche-en-polvo-para-estabilizar-el-mercado\\\/#article\",\"isPartOf\":{\"@id\":\"https:\\\/\\\/proagrolab.com.ar\\\/venezuela-importara-mas-leche-en-polvo-para-estabilizar-el-mercado\\\/\"},\"author\":{\"name\":\"proagrolab\",\"@id\":\"https:\\\/\\\/proagrolab.com.ar\\\/#\\\/schema\\\/person\\\/38003ff90bf80381f71c7d922d207444\"},\"headline\":\"Venezuela importar\u00e1 m\u00e1s leche en polvo para estabilizar el mercado.\",\"datePublished\":\"2013-10-25T00:00:01+00:00\",\"mainEntityOfPage\":{\"@id\":\"https:\\\/\\\/proagrolab.com.ar\\\/venezuela-importara-mas-leche-en-polvo-para-estabilizar-el-mercado\\\/\"},\"wordCount\":301,\"publisher\":{\"@id\":\"https:\\\/\\\/proagrolab.com.ar\\\/#organization\"},\"image\":{\"@id\":\"https:\\\/\\\/proagrolab.com.ar\\\/venezuela-importara-mas-leche-en-polvo-para-estabilizar-el-mercado\\\/#primaryimage\"},\"thumbnailUrl\":\"https:\\\/\\\/proagrolab.com.ar\\\/wp-content\\\/uploads\\\/2015\\\/01\\\/g_798cz3qdo__Lecheras-6.jpg\",\"articleSection\":[\"News\"],\"inLanguage\":\"en-US\"},{\"@type\":\"WebPage\",\"@id\":\"https:\\\/\\\/proagrolab.com.ar\\\/venezuela-importara-mas-leche-en-polvo-para-estabilizar-el-mercado\\\/\",\"url\":\"https:\\\/\\\/proagrolab.com.ar\\\/venezuela-importara-mas-leche-en-polvo-para-estabilizar-el-mercado\\\/\",\"name\":\"Venezuela importar\u00e1 m\u00e1s leche en polvo para estabilizar el mercado. | Proagro\",\"isPartOf\":{\"@id\":\"https:\\\/\\\/proagrolab.com.ar\\\/#website\"},\"primaryImageOfPage\":{\"@id\":\"https:\\\/\\\/proagrolab.com.ar\\\/venezuela-importara-mas-leche-en-polvo-para-estabilizar-el-mercado\\\/#primaryimage\"},\"image\":{\"@id\":\"https:\\\/\\\/proagrolab.com.ar\\\/venezuela-importara-mas-leche-en-polvo-para-estabilizar-el-mercado\\\/#primaryimage\"},\"thumbnailUrl\":\"https:\\\/\\\/proagrolab.com.ar\\\/wp-content\\\/uploads\\\/2015\\\/01\\\/g_798cz3qdo__Lecheras-6.jpg\",\"datePublished\":\"2013-10-25T00:00:01+00:00\",\"breadcrumb\":{\"@id\":\"https:\\\/\\\/proagrolab.com.ar\\\/venezuela-importara-mas-leche-en-polvo-para-estabilizar-el-mercado\\\/#breadcrumb\"},\"inLanguage\":\"en-US\",\"potentialAction\":[{\"@type\":\"ReadAction\",\"target\":[\"https:\\\/\\\/proagrolab.com.ar\\\/venezuela-importara-mas-leche-en-polvo-para-estabilizar-el-mercado\\\/\"]}]},{\"@type\":\"ImageObject\",\"inLanguage\":\"en-US\",\"@id\":\"https:\\\/\\\/proagrolab.com.ar\\\/venezuela-importara-mas-leche-en-polvo-para-estabilizar-el-mercado\\\/#primaryimage\",\"url\":\"https:\\\/\\\/proagrolab.com.ar\\\/wp-content\\\/uploads\\\/2015\\\/01\\\/g_798cz3qdo__Lecheras-6.jpg\",\"contentUrl\":\"https:\\\/\\\/proagrolab.com.ar\\\/wp-content\\\/uploads\\\/2015\\\/01\\\/g_798cz3qdo__Lecheras-6.jpg\"},{\"@type\":\"BreadcrumbList\",\"@id\":\"https:\\\/\\\/proagrolab.com.ar\\\/venezuela-importara-mas-leche-en-polvo-para-estabilizar-el-mercado\\\/#breadcrumb\",\"itemListElement\":[{\"@type\":\"ListItem\",\"position\":1,\"name\":\"Portada\",\"item\":\"https:\\\/\\\/proagrolab.com.ar\\\/\"},{\"@type\":\"ListItem\",\"position\":2,\"name\":\"Venezuela importar\u00e1 m\u00e1s leche en polvo para estabilizar el mercado.\"}]},{\"@type\":\"WebSite\",\"@id\":\"https:\\\/\\\/proagrolab.com.ar\\\/#website\",\"url\":\"https:\\\/\\\/proagrolab.com.ar\\\/\",\"name\":\"Proagro Laboratorio Veterinario\",\"description\":\"Veterinary laboratory\",\"publisher\":{\"@id\":\"https:\\\/\\\/proagrolab.com.ar\\\/#organization\"},\"potentialAction\":[{\"@type\":\"SearchAction\",\"target\":{\"@type\":\"EntryPoint\",\"urlTemplate\":\"https:\\\/\\\/proagrolab.com.ar\\\/?s={search_term_string}\"},\"query-input\":{\"@type\":\"PropertyValueSpecification\",\"valueRequired\":true,\"valueName\":\"search_term_string\"}}],\"inLanguage\":\"en-US\"},{\"@type\":\"Organization\",\"@id\":\"https:\\\/\\\/proagrolab.com.ar\\\/#organization\",\"name\":\"Proagro\",\"url\":\"https:\\\/\\\/proagrolab.com.ar\\\/\",\"logo\":{\"@type\":\"ImageObject\",\"inLanguage\":\"en-US\",\"@id\":\"https:\\\/\\\/proagrolab.com.ar\\\/#\\\/schema\\\/logo\\\/image\\\/\",\"url\":\"https:\\\/\\\/proagrolab.com.ar\\\/wp-content\\\/uploads\\\/2020\\\/04\\\/logo-retina.png\",\"contentUrl\":\"https:\\\/\\\/proagrolab.com.ar\\\/wp-content\\\/uploads\\\/2020\\\/04\\\/logo-retina.png\",\"width\":478,\"height\":120,\"caption\":\"Proagro\"},\"image\":{\"@id\":\"https:\\\/\\\/proagrolab.com.ar\\\/#\\\/schema\\\/logo\\\/image\\\/\"},\"sameAs\":[\"http:\\\/\\\/www.facebook.com\\\/proagrolab\",\"https:\\\/\\\/www.instagram.com\\\/proagrolab\\\/\",\"https:\\\/\\\/www.linkedin.com\\\/company\\\/laboratorio-proagro-s-a\\\/\"]},{\"@type\":\"Person\",\"@id\":\"https:\\\/\\\/proagrolab.com.ar\\\/#\\\/schema\\\/person\\\/38003ff90bf80381f71c7d922d207444\",\"name\":\"proagrolab\"}]}<\/script>\n<!-- \/ Yoast SEO plugin. -->","yoast_head_json":{"title":"Venezuela importar\u00e1 m\u00e1s leche en polvo para estabilizar el mercado. | Proagro","robots":{"index":"index","follow":"follow","max-snippet":"max-snippet:-1","max-image-preview":"max-image-preview:large","max-video-preview":"max-video-preview:-1"},"canonical":"https:\/\/proagrolab.com.ar\/en\/venezuela-importara-mas-leche-en-polvo-para-estabilizar-el-mercado\/","og_locale":"en_US","og_type":"article","og_title":"Venezuela importar\u00e1 m\u00e1s leche en polvo para estabilizar el mercado. | Proagro","og_description":"El sector privado recibir\u00e1 alrededor de 14.000 T mensuales. A los productores les preocupa que s\u00f3lo producen el 50% de lo que consumen. La C\u00e1mara Venezolana de Industrias L\u00e1cteas (Cavilac) estima que en pocas semanas mejorar\u00e1 el abastecimiento de la leche en polvo en el pa\u00eds, gracias a la decisi\u00f3n del Gobierno de duplicar las necesidades reales del mercado nacional. &#8220;Desde la semana pasada, comenzaron a llegar los vol\u00famenes requeridos del producto&#8221;, se\u00f1al\u00f3 Roger Figueroa, presidente ejecutivo de la organizaci\u00f3n gremial, quien recalc\u00f3 que autoridades del Ministerio de Alimentaci\u00f3n informaron que el sector privado recibir\u00e1 alrededor de 14.000 toneladas mensuales del rubro. Explic\u00f3 que la demanda por parte del consumidor es avasallante, porque &#8220;como no se consigue el producto en la calle, la gente lo compra donde lo vea aunque no lo necesite, porque tiene la expectativa de que no lo va a recibir nuevamente en el corto plazo&#8221;. Seg\u00fan Figueroa, &#8220;la situaci\u00f3n con la leche en polvo y la pasteurizada en los \u00faltimos meses ha sido hiperca\u00f3tica&#8221;. Indic\u00f3 que cuando el mercado nacional opera en condiciones normales, el sector privado se maneja con 8.500 toneladas mensuales de leche. &#8220;Sin embargo, nos estaban dando 40% de lo que requerimos&#8221;. Consumen [&hellip;]","og_url":"https:\/\/proagrolab.com.ar\/venezuela-importara-mas-leche-en-polvo-para-estabilizar-el-mercado\/","og_site_name":"Proagro","article_publisher":"http:\/\/www.facebook.com\/proagrolab","article_published_time":"2013-10-25T00:00:01+00:00","og_image":[{"url":"https:\/\/proagrolab.com.ar\/wp-content\/uploads\/2015\/01\/g_798cz3qdo__Lecheras-6.jpg","width":1,"height":1,"type":"image\/jpeg"}],"author":"proagrolab","twitter_card":"summary_large_image","twitter_misc":{"Written by":"proagrolab","Est. reading time":"1 minute"},"schema":{"@context":"https:\/\/schema.org","@graph":[{"@type":"Article","@id":"https:\/\/proagrolab.com.ar\/venezuela-importara-mas-leche-en-polvo-para-estabilizar-el-mercado\/#article","isPartOf":{"@id":"https:\/\/proagrolab.com.ar\/venezuela-importara-mas-leche-en-polvo-para-estabilizar-el-mercado\/"},"author":{"name":"proagrolab","@id":"https:\/\/proagrolab.com.ar\/#\/schema\/person\/38003ff90bf80381f71c7d922d207444"},"headline":"Venezuela importar\u00e1 m\u00e1s leche en polvo para estabilizar el mercado.","datePublished":"2013-10-25T00:00:01+00:00","mainEntityOfPage":{"@id":"https:\/\/proagrolab.com.ar\/venezuela-importara-mas-leche-en-polvo-para-estabilizar-el-mercado\/"},"wordCount":301,"publisher":{"@id":"https:\/\/proagrolab.com.ar\/#organization"},"image":{"@id":"https:\/\/proagrolab.com.ar\/venezuela-importara-mas-leche-en-polvo-para-estabilizar-el-mercado\/#primaryimage"},"thumbnailUrl":"https:\/\/proagrolab.com.ar\/wp-content\/uploads\/2015\/01\/g_798cz3qdo__Lecheras-6.jpg","articleSection":["News"],"inLanguage":"en-US"},{"@type":"WebPage","@id":"https:\/\/proagrolab.com.ar\/venezuela-importara-mas-leche-en-polvo-para-estabilizar-el-mercado\/","url":"https:\/\/proagrolab.com.ar\/venezuela-importara-mas-leche-en-polvo-para-estabilizar-el-mercado\/","name":"Venezuela importar\u00e1 m\u00e1s leche en polvo para estabilizar el mercado. | Proagro","isPartOf":{"@id":"https:\/\/proagrolab.com.ar\/#website"},"primaryImageOfPage":{"@id":"https:\/\/proagrolab.com.ar\/venezuela-importara-mas-leche-en-polvo-para-estabilizar-el-mercado\/#primaryimage"},"image":{"@id":"https:\/\/proagrolab.com.ar\/venezuela-importara-mas-leche-en-polvo-para-estabilizar-el-mercado\/#primaryimage"},"thumbnailUrl":"https:\/\/proagrolab.com.ar\/wp-content\/uploads\/2015\/01\/g_798cz3qdo__Lecheras-6.jpg","datePublished":"2013-10-25T00:00:01+00:00","breadcrumb":{"@id":"https:\/\/proagrolab.com.ar\/venezuela-importara-mas-leche-en-polvo-para-estabilizar-el-mercado\/#breadcrumb"},"inLanguage":"en-US","potentialAction":[{"@type":"ReadAction","target":["https:\/\/proagrolab.com.ar\/venezuela-importara-mas-leche-en-polvo-para-estabilizar-el-mercado\/"]}]},{"@type":"ImageObject","inLanguage":"en-US","@id":"https:\/\/proagrolab.com.ar\/venezuela-importara-mas-leche-en-polvo-para-estabilizar-el-mercado\/#primaryimage","url":"https:\/\/proagrolab.com.ar\/wp-content\/uploads\/2015\/01\/g_798cz3qdo__Lecheras-6.jpg","contentUrl":"https:\/\/proagrolab.com.ar\/wp-content\/uploads\/2015\/01\/g_798cz3qdo__Lecheras-6.jpg"},{"@type":"BreadcrumbList","@id":"https:\/\/proagrolab.com.ar\/venezuela-importara-mas-leche-en-polvo-para-estabilizar-el-mercado\/#breadcrumb","itemListElement":[{"@type":"ListItem","position":1,"name":"Portada","item":"https:\/\/proagrolab.com.ar\/"},{"@type":"ListItem","position":2,"name":"Venezuela importar\u00e1 m\u00e1s leche en polvo para estabilizar el mercado."}]},{"@type":"WebSite","@id":"https:\/\/proagrolab.com.ar\/#website","url":"https:\/\/proagrolab.com.ar\/","name":"Proagro Laboratorio Veterinario","description":"Veterinary laboratory","publisher":{"@id":"https:\/\/proagrolab.com.ar\/#organization"},"potentialAction":[{"@type":"SearchAction","target":{"@type":"EntryPoint","urlTemplate":"https:\/\/proagrolab.com.ar\/?s={search_term_string}"},"query-input":{"@type":"PropertyValueSpecification","valueRequired":true,"valueName":"search_term_string"}}],"inLanguage":"en-US"},{"@type":"Organization","@id":"https:\/\/proagrolab.com.ar\/#organization","name":"Proagro","url":"https:\/\/proagrolab.com.ar\/","logo":{"@type":"ImageObject","inLanguage":"en-US","@id":"https:\/\/proagrolab.com.ar\/#\/schema\/logo\/image\/","url":"https:\/\/proagrolab.com.ar\/wp-content\/uploads\/2020\/04\/logo-retina.png","contentUrl":"https:\/\/proagrolab.com.ar\/wp-content\/uploads\/2020\/04\/logo-retina.png","width":478,"height":120,"caption":"Proagro"},"image":{"@id":"https:\/\/proagrolab.com.ar\/#\/schema\/logo\/image\/"},"sameAs":["http:\/\/www.facebook.com\/proagrolab","https:\/\/www.instagram.com\/proagrolab\/","https:\/\/www.linkedin.com\/company\/laboratorio-proagro-s-a\/"]},{"@type":"Person","@id":"https:\/\/proagrolab.com.ar\/#\/schema\/person\/38003ff90bf80381f71c7d922d207444","name":"proagrolab"}]}},"_links":{"self":[{"href":"https:\/\/proagrolab.com.ar\/en\/wp-json\/wp\/v2\/posts\/5772","targetHints":{"allow":["GET"]}}],"collection":[{"href":"https:\/\/proagrolab.com.ar\/en\/wp-json\/wp\/v2\/posts"}],"about":[{"href":"https:\/\/proagrolab.com.ar\/en\/wp-json\/wp\/v2\/types\/post"}],"author":[{"embeddable":true,"href":"https:\/\/proagrolab.com.ar\/en\/wp-json\/wp\/v2\/users\/2"}],"replies":[{"embeddable":true,"href":"https:\/\/proagrolab.com.ar\/en\/wp-json\/wp\/v2\/comments?post=5772"}],"version-history":[{"count":0,"href":"https:\/\/proagrolab.com.ar\/en\/wp-json\/wp\/v2\/posts\/5772\/revisions"}],"wp:featuredmedia":[{"embeddable":true,"href":"https:\/\/proagrolab.com.ar\/en\/wp-json\/wp\/v2\/media\/2260"}],"wp:attachment":[{"href":"https:\/\/proagrolab.com.ar\/en\/wp-json\/wp\/v2\/media?parent=5772"}],"wp:term":[{"taxonomy":"category","embeddable":true,"href":"https:\/\/proagrolab.com.ar\/en\/wp-json\/wp\/v2\/categories?post=5772"},{"taxonomy":"post_tag","embeddable":true,"href":"https:\/\/proagrolab.com.ar\/en\/wp-json\/wp\/v2\/tags?post=5772"}],"curies":[{"name":"wp","href":"https:\/\/api.w.org\/{rel}","templated":true}]}}