{"id":5769,"date":"2013-10-24T00:00:01","date_gmt":"2013-10-24T00:00:01","guid":{"rendered":"https:\/\/proagrolab.com.ar\/comision-europea-senala-a-uruguay-como-pais-pionero-en-bienestar-animal\/"},"modified":"2013-10-24T00:00:01","modified_gmt":"2013-10-24T00:00:01","slug":"comision-europea-senala-a-uruguay-como-pais-pionero-en-bienestar-animal","status":"publish","type":"post","link":"https:\/\/proagrolab.com.ar\/en\/comision-europea-senala-a-uruguay-como-pais-pionero-en-bienestar-animal\/","title":{"rendered":"Comisi\u00f3n Europea se\u00f1ala a Uruguay como pa\u00eds pionero en bienestar animal."},"content":{"rendered":"<p class=\"qtranxs-available-languages-message qtranxs-available-languages-message-en\"> <\/p><p>Los consumidores de la Uni\u00f3n Europea (UE) y otros mercados ya no se fijan s\u00f3lo en la calidad, hoy est\u00e1n haciendo pesar con mayor fuerza atributos como el bienestar animal y todo est\u00e1 dado para que presionen m\u00e1s a futuro. As\u00ed inform\u00f3 el portal de noticias ElPais.com.uy.<\/p>\n<p>Este a\u00f1o, a pedido de algunas organizaciones no gubernamentales de bienestar animal, est\u00e1n mostrando que el 83% de los consumidores del Reino Unido y el 92% de los franceses ya piden un etiquetado que indique los m\u00e9todos de producci\u00f3n empleados para obtener la carne y los subproductos, pero tambi\u00e9n piden que se respeten las normativas para los importados.<\/p>\n<p>&#8220;M\u00e1s que ninguna otra regi\u00f3n del mundo, la Uni\u00f3n Europea invierte en ciencia destinada al bienestar animal y se han logrado importantes avances, incluso se crearon est\u00e1ndares en la materia&#8221;, asegur\u00f3 el especialista de la Comisi\u00f3n Europea, Andrea Gavinelli.<\/p>\n<p>Hasta ahora, Uruguay ha sido pionero en materia de respeto al bienestar animal, se aline\u00f3 con las normativas de la OIE y desde el Instituto Nacional de Carnes (INAC), ya se trabaja en un protocolo voluntario para certificar la carne, ya no s\u00f3lo por calidad, sino por bienestar animal.<\/p>\n<p>Por otro lado, &#8220;los consumidores de los principales mercados c\u00e1rnicos de Uruguay todav\u00eda no valoran de forma importante los procesos de bienestar animal&#8221;, sostuvo Marcelo Secco, director comercial del grupo frigor\u00edfico Tacuaremb\u00f3\/Marfrig.<\/p>\n<p>Para Secco, Uruguay cuenta con una gran ventaja. &#8220;Deben haber pocos pa\u00edses en el mundo que reciban tantas auditor\u00edas como nosotros y eso nos ha dado el ejercicio de mantener el desaf\u00edo permanente para poder sobrevivir&#8221;, asegur\u00f3.<\/p>\n<p>Fuente: Carnetec, 24 de octubre.<br \/><\/p>","protected":false},"excerpt":{"rendered":"<p>Los consumidores de la Uni\u00f3n Europea (UE) y otros mercados ya no se fijan s\u00f3lo en la calidad, hoy est\u00e1n haciendo pesar con mayor fuerza atributos como el bienestar animal y todo est\u00e1 dado para que presionen m\u00e1s a futuro. As\u00ed inform\u00f3 el portal de noticias ElPais.com.uy. Este a\u00f1o, a pedido de algunas organizaciones no gubernamentales de bienestar animal, est\u00e1n mostrando que el 83% de los consumidores del Reino Unido y el 92% de los franceses ya piden un etiquetado que indique los m\u00e9todos de producci\u00f3n empleados para obtener la carne y los subproductos, pero tambi\u00e9n piden que se respeten las normativas para los importados. &#8220;M\u00e1s que ninguna otra regi\u00f3n del mundo, la Uni\u00f3n Europea invierte en ciencia destinada al bienestar animal y se han logrado importantes avances, incluso se crearon est\u00e1ndares en la materia&#8221;, asegur\u00f3 el especialista de la Comisi\u00f3n Europea, Andrea Gavinelli. Hasta ahora, Uruguay ha sido pionero en materia de respeto al bienestar animal, se aline\u00f3 con las normativas de la OIE y desde el Instituto Nacional de Carnes (INAC), ya se trabaja en un protocolo voluntario para certificar la carne, ya no s\u00f3lo por calidad, sino por bienestar animal. Por otro lado, &#8220;los consumidores de los [&hellip;]<\/p>\n","protected":false},"author":2,"featured_media":2257,"comment_status":"closed","ping_status":"open","sticky":false,"template":"","format":"standard","meta":{"_acf_changed":false,"footnotes":""},"categories":[56],"tags":[],"class_list":["post-5769","post","type-post","status-publish","format-standard","has-post-thumbnail","hentry","category-infoganadero"],"acf":[],"yoast_head":"<!-- This site is optimized with the Yoast SEO plugin v27.5 - https:\/\/yoast.com\/product\/yoast-seo-wordpress\/ -->\n<title>Comisi\u00f3n Europea se\u00f1ala a Uruguay como pa\u00eds pionero en bienestar animal. | Proagro<\/title>\n<meta name=\"robots\" content=\"index, follow, max-snippet:-1, max-image-preview:large, max-video-preview:-1\" \/>\n<link rel=\"canonical\" href=\"https:\/\/proagrolab.com.ar\/en\/comision-europea-senala-a-uruguay-como-pais-pionero-en-bienestar-animal\/\" \/>\n<meta property=\"og:locale\" content=\"en_US\" \/>\n<meta property=\"og:type\" content=\"article\" \/>\n<meta property=\"og:title\" content=\"Comisi\u00f3n Europea se\u00f1ala a Uruguay como pa\u00eds pionero en bienestar animal. | Proagro\" \/>\n<meta property=\"og:description\" content=\"Los consumidores de la Uni\u00f3n Europea (UE) y otros mercados ya no se fijan s\u00f3lo en la calidad, hoy est\u00e1n haciendo pesar con mayor fuerza atributos como el bienestar animal y todo est\u00e1 dado para que presionen m\u00e1s a futuro. As\u00ed inform\u00f3 el portal de noticias ElPais.com.uy. Este a\u00f1o, a pedido de algunas organizaciones no gubernamentales de bienestar animal, est\u00e1n mostrando que el 83% de los consumidores del Reino Unido y el 92% de los franceses ya piden un etiquetado que indique los m\u00e9todos de producci\u00f3n empleados para obtener la carne y los subproductos, pero tambi\u00e9n piden que se respeten las normativas para los importados. &#8220;M\u00e1s que ninguna otra regi\u00f3n del mundo, la Uni\u00f3n Europea invierte en ciencia destinada al bienestar animal y se han logrado importantes avances, incluso se crearon est\u00e1ndares en la materia&#8221;, asegur\u00f3 el especialista de la Comisi\u00f3n Europea, Andrea Gavinelli. Hasta ahora, Uruguay ha sido pionero en materia de respeto al bienestar animal, se aline\u00f3 con las normativas de la OIE y desde el Instituto Nacional de Carnes (INAC), ya se trabaja en un protocolo voluntario para certificar la carne, ya no s\u00f3lo por calidad, sino por bienestar animal. Por otro lado, &#8220;los consumidores de los [&hellip;]\" \/>\n<meta property=\"og:url\" content=\"https:\/\/proagrolab.com.ar\/comision-europea-senala-a-uruguay-como-pais-pionero-en-bienestar-animal\/\" \/>\n<meta property=\"og:site_name\" content=\"Proagro\" \/>\n<meta property=\"article:publisher\" content=\"http:\/\/www.facebook.com\/proagrolab\" \/>\n<meta property=\"article:published_time\" content=\"2013-10-24T00:00:01+00:00\" \/>\n<meta property=\"og:image\" content=\"https:\/\/proagrolab.com.ar\/wp-content\/uploads\/2015\/01\/g_xq53lexuo__Angus-negro-y-colorado.jpg\" \/>\n\t<meta property=\"og:image:width\" content=\"1\" \/>\n\t<meta property=\"og:image:height\" content=\"1\" \/>\n\t<meta property=\"og:image:type\" content=\"image\/jpeg\" \/>\n<meta name=\"author\" content=\"proagrolab\" \/>\n<meta name=\"twitter:card\" content=\"summary_large_image\" \/>\n<meta name=\"twitter:label1\" content=\"Written by\" \/>\n\t<meta name=\"twitter:data1\" content=\"proagrolab\" \/>\n\t<meta name=\"twitter:label2\" content=\"Est. reading time\" \/>\n\t<meta name=\"twitter:data2\" content=\"1 minute\" \/>\n<script type=\"application\/ld+json\" class=\"yoast-schema-graph\">{\"@context\":\"https:\\\/\\\/schema.org\",\"@graph\":[{\"@type\":\"Article\",\"@id\":\"https:\\\/\\\/proagrolab.com.ar\\\/comision-europea-senala-a-uruguay-como-pais-pionero-en-bienestar-animal\\\/#article\",\"isPartOf\":{\"@id\":\"https:\\\/\\\/proagrolab.com.ar\\\/comision-europea-senala-a-uruguay-como-pais-pionero-en-bienestar-animal\\\/\"},\"author\":{\"name\":\"proagrolab\",\"@id\":\"https:\\\/\\\/proagrolab.com.ar\\\/#\\\/schema\\\/person\\\/38003ff90bf80381f71c7d922d207444\"},\"headline\":\"Comisi\u00f3n Europea se\u00f1ala a Uruguay como pa\u00eds pionero en bienestar animal.\",\"datePublished\":\"2013-10-24T00:00:01+00:00\",\"mainEntityOfPage\":{\"@id\":\"https:\\\/\\\/proagrolab.com.ar\\\/comision-europea-senala-a-uruguay-como-pais-pionero-en-bienestar-animal\\\/\"},\"wordCount\":302,\"publisher\":{\"@id\":\"https:\\\/\\\/proagrolab.com.ar\\\/#organization\"},\"image\":{\"@id\":\"https:\\\/\\\/proagrolab.com.ar\\\/comision-europea-senala-a-uruguay-como-pais-pionero-en-bienestar-animal\\\/#primaryimage\"},\"thumbnailUrl\":\"https:\\\/\\\/proagrolab.com.ar\\\/wp-content\\\/uploads\\\/2015\\\/01\\\/g_xq53lexuo__Angus-negro-y-colorado.jpg\",\"articleSection\":[\"News\"],\"inLanguage\":\"en-US\"},{\"@type\":\"WebPage\",\"@id\":\"https:\\\/\\\/proagrolab.com.ar\\\/comision-europea-senala-a-uruguay-como-pais-pionero-en-bienestar-animal\\\/\",\"url\":\"https:\\\/\\\/proagrolab.com.ar\\\/comision-europea-senala-a-uruguay-como-pais-pionero-en-bienestar-animal\\\/\",\"name\":\"Comisi\u00f3n Europea se\u00f1ala a Uruguay como pa\u00eds pionero en bienestar animal. | Proagro\",\"isPartOf\":{\"@id\":\"https:\\\/\\\/proagrolab.com.ar\\\/#website\"},\"primaryImageOfPage\":{\"@id\":\"https:\\\/\\\/proagrolab.com.ar\\\/comision-europea-senala-a-uruguay-como-pais-pionero-en-bienestar-animal\\\/#primaryimage\"},\"image\":{\"@id\":\"https:\\\/\\\/proagrolab.com.ar\\\/comision-europea-senala-a-uruguay-como-pais-pionero-en-bienestar-animal\\\/#primaryimage\"},\"thumbnailUrl\":\"https:\\\/\\\/proagrolab.com.ar\\\/wp-content\\\/uploads\\\/2015\\\/01\\\/g_xq53lexuo__Angus-negro-y-colorado.jpg\",\"datePublished\":\"2013-10-24T00:00:01+00:00\",\"breadcrumb\":{\"@id\":\"https:\\\/\\\/proagrolab.com.ar\\\/comision-europea-senala-a-uruguay-como-pais-pionero-en-bienestar-animal\\\/#breadcrumb\"},\"inLanguage\":\"en-US\",\"potentialAction\":[{\"@type\":\"ReadAction\",\"target\":[\"https:\\\/\\\/proagrolab.com.ar\\\/comision-europea-senala-a-uruguay-como-pais-pionero-en-bienestar-animal\\\/\"]}]},{\"@type\":\"ImageObject\",\"inLanguage\":\"en-US\",\"@id\":\"https:\\\/\\\/proagrolab.com.ar\\\/comision-europea-senala-a-uruguay-como-pais-pionero-en-bienestar-animal\\\/#primaryimage\",\"url\":\"https:\\\/\\\/proagrolab.com.ar\\\/wp-content\\\/uploads\\\/2015\\\/01\\\/g_xq53lexuo__Angus-negro-y-colorado.jpg\",\"contentUrl\":\"https:\\\/\\\/proagrolab.com.ar\\\/wp-content\\\/uploads\\\/2015\\\/01\\\/g_xq53lexuo__Angus-negro-y-colorado.jpg\"},{\"@type\":\"BreadcrumbList\",\"@id\":\"https:\\\/\\\/proagrolab.com.ar\\\/comision-europea-senala-a-uruguay-como-pais-pionero-en-bienestar-animal\\\/#breadcrumb\",\"itemListElement\":[{\"@type\":\"ListItem\",\"position\":1,\"name\":\"Portada\",\"item\":\"https:\\\/\\\/proagrolab.com.ar\\\/\"},{\"@type\":\"ListItem\",\"position\":2,\"name\":\"Comisi\u00f3n Europea se\u00f1ala a Uruguay como pa\u00eds pionero en bienestar animal.\"}]},{\"@type\":\"WebSite\",\"@id\":\"https:\\\/\\\/proagrolab.com.ar\\\/#website\",\"url\":\"https:\\\/\\\/proagrolab.com.ar\\\/\",\"name\":\"Proagro Laboratorio Veterinario\",\"description\":\"Veterinary laboratory\",\"publisher\":{\"@id\":\"https:\\\/\\\/proagrolab.com.ar\\\/#organization\"},\"potentialAction\":[{\"@type\":\"SearchAction\",\"target\":{\"@type\":\"EntryPoint\",\"urlTemplate\":\"https:\\\/\\\/proagrolab.com.ar\\\/?s={search_term_string}\"},\"query-input\":{\"@type\":\"PropertyValueSpecification\",\"valueRequired\":true,\"valueName\":\"search_term_string\"}}],\"inLanguage\":\"en-US\"},{\"@type\":\"Organization\",\"@id\":\"https:\\\/\\\/proagrolab.com.ar\\\/#organization\",\"name\":\"Proagro\",\"url\":\"https:\\\/\\\/proagrolab.com.ar\\\/\",\"logo\":{\"@type\":\"ImageObject\",\"inLanguage\":\"en-US\",\"@id\":\"https:\\\/\\\/proagrolab.com.ar\\\/#\\\/schema\\\/logo\\\/image\\\/\",\"url\":\"https:\\\/\\\/proagrolab.com.ar\\\/wp-content\\\/uploads\\\/2020\\\/04\\\/logo-retina.png\",\"contentUrl\":\"https:\\\/\\\/proagrolab.com.ar\\\/wp-content\\\/uploads\\\/2020\\\/04\\\/logo-retina.png\",\"width\":478,\"height\":120,\"caption\":\"Proagro\"},\"image\":{\"@id\":\"https:\\\/\\\/proagrolab.com.ar\\\/#\\\/schema\\\/logo\\\/image\\\/\"},\"sameAs\":[\"http:\\\/\\\/www.facebook.com\\\/proagrolab\",\"https:\\\/\\\/www.instagram.com\\\/proagrolab\\\/\",\"https:\\\/\\\/www.linkedin.com\\\/company\\\/laboratorio-proagro-s-a\\\/\"]},{\"@type\":\"Person\",\"@id\":\"https:\\\/\\\/proagrolab.com.ar\\\/#\\\/schema\\\/person\\\/38003ff90bf80381f71c7d922d207444\",\"name\":\"proagrolab\"}]}<\/script>\n<!-- \/ Yoast SEO plugin. -->","yoast_head_json":{"title":"Comisi\u00f3n Europea se\u00f1ala a Uruguay como pa\u00eds pionero en bienestar animal. | Proagro","robots":{"index":"index","follow":"follow","max-snippet":"max-snippet:-1","max-image-preview":"max-image-preview:large","max-video-preview":"max-video-preview:-1"},"canonical":"https:\/\/proagrolab.com.ar\/en\/comision-europea-senala-a-uruguay-como-pais-pionero-en-bienestar-animal\/","og_locale":"en_US","og_type":"article","og_title":"Comisi\u00f3n Europea se\u00f1ala a Uruguay como pa\u00eds pionero en bienestar animal. | Proagro","og_description":"Los consumidores de la Uni\u00f3n Europea (UE) y otros mercados ya no se fijan s\u00f3lo en la calidad, hoy est\u00e1n haciendo pesar con mayor fuerza atributos como el bienestar animal y todo est\u00e1 dado para que presionen m\u00e1s a futuro. As\u00ed inform\u00f3 el portal de noticias ElPais.com.uy. Este a\u00f1o, a pedido de algunas organizaciones no gubernamentales de bienestar animal, est\u00e1n mostrando que el 83% de los consumidores del Reino Unido y el 92% de los franceses ya piden un etiquetado que indique los m\u00e9todos de producci\u00f3n empleados para obtener la carne y los subproductos, pero tambi\u00e9n piden que se respeten las normativas para los importados. &#8220;M\u00e1s que ninguna otra regi\u00f3n del mundo, la Uni\u00f3n Europea invierte en ciencia destinada al bienestar animal y se han logrado importantes avances, incluso se crearon est\u00e1ndares en la materia&#8221;, asegur\u00f3 el especialista de la Comisi\u00f3n Europea, Andrea Gavinelli. Hasta ahora, Uruguay ha sido pionero en materia de respeto al bienestar animal, se aline\u00f3 con las normativas de la OIE y desde el Instituto Nacional de Carnes (INAC), ya se trabaja en un protocolo voluntario para certificar la carne, ya no s\u00f3lo por calidad, sino por bienestar animal. Por otro lado, &#8220;los consumidores de los [&hellip;]","og_url":"https:\/\/proagrolab.com.ar\/comision-europea-senala-a-uruguay-como-pais-pionero-en-bienestar-animal\/","og_site_name":"Proagro","article_publisher":"http:\/\/www.facebook.com\/proagrolab","article_published_time":"2013-10-24T00:00:01+00:00","og_image":[{"url":"https:\/\/proagrolab.com.ar\/wp-content\/uploads\/2015\/01\/g_xq53lexuo__Angus-negro-y-colorado.jpg","width":1,"height":1,"type":"image\/jpeg"}],"author":"proagrolab","twitter_card":"summary_large_image","twitter_misc":{"Written by":"proagrolab","Est. reading time":"1 minute"},"schema":{"@context":"https:\/\/schema.org","@graph":[{"@type":"Article","@id":"https:\/\/proagrolab.com.ar\/comision-europea-senala-a-uruguay-como-pais-pionero-en-bienestar-animal\/#article","isPartOf":{"@id":"https:\/\/proagrolab.com.ar\/comision-europea-senala-a-uruguay-como-pais-pionero-en-bienestar-animal\/"},"author":{"name":"proagrolab","@id":"https:\/\/proagrolab.com.ar\/#\/schema\/person\/38003ff90bf80381f71c7d922d207444"},"headline":"Comisi\u00f3n Europea se\u00f1ala a Uruguay como pa\u00eds pionero en bienestar animal.","datePublished":"2013-10-24T00:00:01+00:00","mainEntityOfPage":{"@id":"https:\/\/proagrolab.com.ar\/comision-europea-senala-a-uruguay-como-pais-pionero-en-bienestar-animal\/"},"wordCount":302,"publisher":{"@id":"https:\/\/proagrolab.com.ar\/#organization"},"image":{"@id":"https:\/\/proagrolab.com.ar\/comision-europea-senala-a-uruguay-como-pais-pionero-en-bienestar-animal\/#primaryimage"},"thumbnailUrl":"https:\/\/proagrolab.com.ar\/wp-content\/uploads\/2015\/01\/g_xq53lexuo__Angus-negro-y-colorado.jpg","articleSection":["News"],"inLanguage":"en-US"},{"@type":"WebPage","@id":"https:\/\/proagrolab.com.ar\/comision-europea-senala-a-uruguay-como-pais-pionero-en-bienestar-animal\/","url":"https:\/\/proagrolab.com.ar\/comision-europea-senala-a-uruguay-como-pais-pionero-en-bienestar-animal\/","name":"Comisi\u00f3n Europea se\u00f1ala a Uruguay como pa\u00eds pionero en bienestar animal. | Proagro","isPartOf":{"@id":"https:\/\/proagrolab.com.ar\/#website"},"primaryImageOfPage":{"@id":"https:\/\/proagrolab.com.ar\/comision-europea-senala-a-uruguay-como-pais-pionero-en-bienestar-animal\/#primaryimage"},"image":{"@id":"https:\/\/proagrolab.com.ar\/comision-europea-senala-a-uruguay-como-pais-pionero-en-bienestar-animal\/#primaryimage"},"thumbnailUrl":"https:\/\/proagrolab.com.ar\/wp-content\/uploads\/2015\/01\/g_xq53lexuo__Angus-negro-y-colorado.jpg","datePublished":"2013-10-24T00:00:01+00:00","breadcrumb":{"@id":"https:\/\/proagrolab.com.ar\/comision-europea-senala-a-uruguay-como-pais-pionero-en-bienestar-animal\/#breadcrumb"},"inLanguage":"en-US","potentialAction":[{"@type":"ReadAction","target":["https:\/\/proagrolab.com.ar\/comision-europea-senala-a-uruguay-como-pais-pionero-en-bienestar-animal\/"]}]},{"@type":"ImageObject","inLanguage":"en-US","@id":"https:\/\/proagrolab.com.ar\/comision-europea-senala-a-uruguay-como-pais-pionero-en-bienestar-animal\/#primaryimage","url":"https:\/\/proagrolab.com.ar\/wp-content\/uploads\/2015\/01\/g_xq53lexuo__Angus-negro-y-colorado.jpg","contentUrl":"https:\/\/proagrolab.com.ar\/wp-content\/uploads\/2015\/01\/g_xq53lexuo__Angus-negro-y-colorado.jpg"},{"@type":"BreadcrumbList","@id":"https:\/\/proagrolab.com.ar\/comision-europea-senala-a-uruguay-como-pais-pionero-en-bienestar-animal\/#breadcrumb","itemListElement":[{"@type":"ListItem","position":1,"name":"Portada","item":"https:\/\/proagrolab.com.ar\/"},{"@type":"ListItem","position":2,"name":"Comisi\u00f3n Europea se\u00f1ala a Uruguay como pa\u00eds pionero en bienestar animal."}]},{"@type":"WebSite","@id":"https:\/\/proagrolab.com.ar\/#website","url":"https:\/\/proagrolab.com.ar\/","name":"Proagro Laboratorio Veterinario","description":"Veterinary laboratory","publisher":{"@id":"https:\/\/proagrolab.com.ar\/#organization"},"potentialAction":[{"@type":"SearchAction","target":{"@type":"EntryPoint","urlTemplate":"https:\/\/proagrolab.com.ar\/?s={search_term_string}"},"query-input":{"@type":"PropertyValueSpecification","valueRequired":true,"valueName":"search_term_string"}}],"inLanguage":"en-US"},{"@type":"Organization","@id":"https:\/\/proagrolab.com.ar\/#organization","name":"Proagro","url":"https:\/\/proagrolab.com.ar\/","logo":{"@type":"ImageObject","inLanguage":"en-US","@id":"https:\/\/proagrolab.com.ar\/#\/schema\/logo\/image\/","url":"https:\/\/proagrolab.com.ar\/wp-content\/uploads\/2020\/04\/logo-retina.png","contentUrl":"https:\/\/proagrolab.com.ar\/wp-content\/uploads\/2020\/04\/logo-retina.png","width":478,"height":120,"caption":"Proagro"},"image":{"@id":"https:\/\/proagrolab.com.ar\/#\/schema\/logo\/image\/"},"sameAs":["http:\/\/www.facebook.com\/proagrolab","https:\/\/www.instagram.com\/proagrolab\/","https:\/\/www.linkedin.com\/company\/laboratorio-proagro-s-a\/"]},{"@type":"Person","@id":"https:\/\/proagrolab.com.ar\/#\/schema\/person\/38003ff90bf80381f71c7d922d207444","name":"proagrolab"}]}},"_links":{"self":[{"href":"https:\/\/proagrolab.com.ar\/en\/wp-json\/wp\/v2\/posts\/5769","targetHints":{"allow":["GET"]}}],"collection":[{"href":"https:\/\/proagrolab.com.ar\/en\/wp-json\/wp\/v2\/posts"}],"about":[{"href":"https:\/\/proagrolab.com.ar\/en\/wp-json\/wp\/v2\/types\/post"}],"author":[{"embeddable":true,"href":"https:\/\/proagrolab.com.ar\/en\/wp-json\/wp\/v2\/users\/2"}],"replies":[{"embeddable":true,"href":"https:\/\/proagrolab.com.ar\/en\/wp-json\/wp\/v2\/comments?post=5769"}],"version-history":[{"count":0,"href":"https:\/\/proagrolab.com.ar\/en\/wp-json\/wp\/v2\/posts\/5769\/revisions"}],"wp:featuredmedia":[{"embeddable":true,"href":"https:\/\/proagrolab.com.ar\/en\/wp-json\/wp\/v2\/media\/2257"}],"wp:attachment":[{"href":"https:\/\/proagrolab.com.ar\/en\/wp-json\/wp\/v2\/media?parent=5769"}],"wp:term":[{"taxonomy":"category","embeddable":true,"href":"https:\/\/proagrolab.com.ar\/en\/wp-json\/wp\/v2\/categories?post=5769"},{"taxonomy":"post_tag","embeddable":true,"href":"https:\/\/proagrolab.com.ar\/en\/wp-json\/wp\/v2\/tags?post=5769"}],"curies":[{"name":"wp","href":"https:\/\/api.w.org\/{rel}","templated":true}]}}