{"id":5762,"date":"2013-10-21T00:00:01","date_gmt":"2013-10-21T00:00:01","guid":{"rendered":"https:\/\/proagrolab.com.ar\/midiendo-hasta-el-riesgo\/"},"modified":"2013-10-21T00:00:01","modified_gmt":"2013-10-21T00:00:01","slug":"midiendo-hasta-el-riesgo","status":"publish","type":"post","link":"https:\/\/proagrolab.com.ar\/en\/midiendo-hasta-el-riesgo\/","title":{"rendered":"Midiendo hasta el riesgo"},"content":{"rendered":"<p class=\"qtranxs-available-languages-message qtranxs-available-languages-message-en\"> <\/p><p>Por Pablo Losada<\/p>\n<p>En Rawson, los hermanos Solimano aprendieron la lecci\u00f3n de la dura sequ\u00eda del 2009 y se levantaron apostando a un esquema que busca rinde pero tambi\u00e9n estabilidad. C\u00f3mo impactan una buena rotaci\u00f3n y la integraci\u00f3n con ganader\u00eda.<\/p>\n<p>La sequ\u00eda del ciclo 2008\/09 fue \u0093un antes y un despu\u00e9s\u0094 para muchas empresas agropecuarias. A partir de ella, se recalcul\u00f3 el rumbo productivo para darle forma a una nueva estrategia, m\u00e1s flexible y estable, que amortig\u00fce este tipo de contingencias.<\/p>\n<p>Los Solimano, en la localidad bonaerense de Rawson, cercana a Carmen de Areco, constituyen uno de esos ejemplos de empresa agropecuaria mixta que hizo los ajustes necesarios, luego de la sequ\u00eda, para no volver a sufrir un desequilibrio de aquella envergadura.<\/p>\n<p>Luis y Mar\u00eda Solimano, \u00e9l licenciado en administraci\u00f3n de empresas y ella m\u00e9dica veterinaria, son dos hermanos a cargo de San Pedro Agropecuaria, una firma que combina agricultura y ganader\u00eda de ciclo completo. Este esquema de integraci\u00f3n se organiza en tres grandes m\u00f3dulos, comenta Luis, que es el administrador general del establecimiento desde hace 24 a\u00f1os, desde cuando su padre dej\u00f3 de realizar esa tarea. Est\u00e1 el m\u00f3dulo agr\u00edcola, el ganadero y el de la empresa de maquinaria, que incluye todas las m\u00e1quinas propias para hacer las tareas, m\u00e1s los camiones para la log\u00edstica al puerto.<\/p>\n<p>San Pedro Agropecuaria trabaja sobre 7.000 hect\u00e1reas entre las localidades de Rawson, Chivilcoy y Tapalqu\u00e9, todas en la provincia de Buenos Aires, de las cuales 5.000 hect\u00e1reas son propias y las restantes alquiladas.<\/p>\n<p>Dentro de este modelo, la agricultura abarca una mayor superficie, ya que representa el 66% y se distribuye entre campos propios y alquilados, mientras que la ganader\u00eda es el 34% restante y tambi\u00e9n se hace bajo ambas modalidades.<\/p>\n<p>El ma\u00edz principalmente, y en menor medida la soja, es el punto de contacto entre la agricultura y la ganader\u00eda y que podr\u00eda entenderse como el n\u00facleo de la competitividad de esta empresa.<\/p>\n<p>En esta l\u00ednea, Luis Solimano cuenta que en todos los campos de la firma las rotaciones agr\u00edcolas incluyen tres secuencias de cultivos, aunque con variantes de acuerdo al ambiente.<\/p>\n<p>Una es la aplicada para los campos de mayor potencial, que es la rotaci\u00f3n tradicional en la zona n\u00facleo (soja de primera-trigo o cebada\/soja de segunda-ma\u00edz de primera) y otra para lotes m\u00e1s \u0093inferiores\u0094, que son muy comunes en estos ambientes, o para aquellos sitios con historia ganadera. En estos casos se apunta a la estabilidad en los rendimientos, por lo cual se hace soja de primera-cultivo de cobertura\/soja de primera-ma\u00edz tard\u00edo.<\/p>\n<p>Seg\u00fan aclara Solimano, la inclusi\u00f3n en las rotaciones de los cultivos de cobertura y el ma\u00edz tard\u00edo fue una de las ense\u00f1anzas que les dej\u00f3 la sequ\u00eda del 2008\/09. \u0093En esos ambientes inferiores del campo, no conf\u00edo en el trigo, pero tengo que generar cobertura para ayudar a estabilizar los rindes. De esa forma encontr\u00e9 con la avena, el centeno o el triticale una alternativa muy interesante para cumplir con este objetivo, adem\u00e1s del aporte de rastrojo que luego har\u00e1 el ma\u00edz tard\u00edo\u0094, dice.<\/p>\n<p>En esos mismos sitios del campo, de menor calidad, se est\u00e1 haciendo una fertilizaci\u00f3n muy fuerte para recuperar la fertilidad qu\u00edmica. \u0093Muchos de estos campos tienen historia ganadera y por esta causa acarrean una ligera acidez, seg\u00fan el resultado que nos da el an\u00e1lisis de suelo. Por eso, estamos aplicando enmiendas correctivas para neutralizar el problema, adem\u00e1s de aplicar f\u00f3sforo y nitr\u00f3geno\u0094, indica.<\/p>\n<p>En el caso de San Pedro Agropecuaria, el ma\u00edz tard\u00edo fue ganando tal preponderancia que desplaz\u00f3 al sorgo de los ambientes de menor calidad y es el 50% de la totalidad del ma\u00edz sembrado.<\/p>\n<p>\u0093Diferir la fecha de siembra para el mes de diciembre fue una muy buena decisi\u00f3n por varios motivos: d\u00ed con un cultivo estable y que rinde m\u00e1s que el sorgo, y a su vez me aporta m\u00e1s calidad a la raci\u00f3n. Por su fecha de secado, tambi\u00e9n tard\u00eda, adem\u00e1s logr\u00e9 tener activa por m\u00e1s tiempo a la empresa de maquinaria, porque empezamos a cosechar ma\u00edz en marzo y lo hacemos hasta julio\u0094, comenta, relacionando lo productivo y lo empresarial, un eje central en esta eficiente integraci\u00f3n.<\/p>\n<p>Pero, m\u00e1s all\u00e1 de la agricultura, otro de los aspectos centrales de la empresa es el manejo de la ganader\u00eda. Tambi\u00e9n la pata ganadera est\u00e1 dividida en tres partes: la cr\u00eda en campo propio y alquilado, una recr\u00eda que se hace a campo y confinada a base a silo de autoconsumo, y verdeos de invierno y pasturas de primavera-verano para luego ir terminando a los animales en un encierre a corral desde este momento del a\u00f1o hasta julio\/agosto del a\u00f1o que viene.<\/p>\n<p>Nuevamente, Solimano recuerda la sequ\u00eda y dice: \u0093En ese momento qued\u00f3 mucha ganader\u00eda en el campo sin pasto, porque toda la hacienda se manejaba 100% demanera pastoril y, para no perder animales, en aquel momento se termin\u00f3 encerrando. De esa forma, nos dimos cuenta que para que cerrara todo el ciclo y hubiera una salida definida de la hacienda, hab\u00eda que cambiar el sistema\u0094.<\/p>\n<p>Ahora, con la experiencia acumulada, el productor pondera la estrategia elegida, que se bas\u00f3 en sacar a la recr\u00eda del campo y manejarla entre el pastoreo de un verdeo o una pastura, seg\u00fan la \u00e9poca del a\u00f1o, y silo de ma\u00edz de autoconsumo.<\/p>\n<p>\u0093Con esto se gan\u00f3 previsibilidad en la salida de los animales y se liberaron m\u00e1s hect\u00e1reas para la agricultura\u0094, precisa.<\/p>\n<p>Dentro de este esquema de integraci\u00f3n, la ganader\u00eda consume unas 2.000 toneladas de ma\u00edz, m\u00e1s expeller de soja, que aporta la parte proteica de la dieta. Con todos estos datos, Solimano habla de las ventajas de poder integrar ambas actividades.<\/p>\n<p>\u0093El ma\u00edz se dirige directamente a la ganader\u00eda libre de todo gasto de comercializaci\u00f3n o de flete; adem\u00e1s, esa integraci\u00f3n permite tener el circuito ganadero de punta a punta y una invernada flexible para aprovechar la oportunidad de hacer un buen negocio por una suba en el precio\u0094, comenta.<\/p>\n<p>El hecho de integrar, aunque no sea algo nuevo, sigue mostrando la gran fortaleza que brinda a la empresa agropecuaria. Adem\u00e1s de abrir oportunidades en dos frentes, el agr\u00edcola y el ganadero, permite lograr una gran estabilidad ante las crisis.<\/p>\n<p>El caso de los Solimano as\u00ed lo demuestra.<\/p>\n<p>Fuente: Clar\u00edn, suple rural, 19 de octubre.<br \/><\/p>","protected":false},"excerpt":{"rendered":"<p>Por Pablo Losada En Rawson, los hermanos Solimano aprendieron la lecci\u00f3n de la dura sequ\u00eda del 2009 y se levantaron apostando a un esquema que busca rinde pero tambi\u00e9n estabilidad. C\u00f3mo impactan una buena rotaci\u00f3n y la integraci\u00f3n con ganader\u00eda. La sequ\u00eda del ciclo 2008\/09 fue \u0093un antes y un despu\u00e9s\u0094 para muchas empresas agropecuarias. A partir de ella, se recalcul\u00f3 el rumbo productivo para darle forma a una nueva estrategia, m\u00e1s flexible y estable, que amortig\u00fce este tipo de contingencias. Los Solimano, en la localidad bonaerense de Rawson, cercana a Carmen de Areco, constituyen uno de esos ejemplos de empresa agropecuaria mixta que hizo los ajustes necesarios, luego de la sequ\u00eda, para no volver a sufrir un desequilibrio de aquella envergadura. Luis y Mar\u00eda Solimano, \u00e9l licenciado en administraci\u00f3n de empresas y ella m\u00e9dica veterinaria, son dos hermanos a cargo de San Pedro Agropecuaria, una firma que combina agricultura y ganader\u00eda de ciclo completo. Este esquema de integraci\u00f3n se organiza en tres grandes m\u00f3dulos, comenta Luis, que es el administrador general del establecimiento desde hace 24 a\u00f1os, desde cuando su padre dej\u00f3 de realizar esa tarea. Est\u00e1 el m\u00f3dulo agr\u00edcola, el ganadero y el de la empresa de maquinaria, [&hellip;]<\/p>\n","protected":false},"author":2,"featured_media":2250,"comment_status":"closed","ping_status":"open","sticky":false,"template":"","format":"standard","meta":{"_acf_changed":false,"footnotes":""},"categories":[56],"tags":[],"class_list":["post-5762","post","type-post","status-publish","format-standard","has-post-thumbnail","hentry","category-infoganadero"],"acf":[],"yoast_head":"<!-- This site is optimized with the Yoast SEO plugin v27.5 - https:\/\/yoast.com\/product\/yoast-seo-wordpress\/ -->\n<title>Midiendo hasta el riesgo | Proagro<\/title>\n<meta name=\"robots\" content=\"index, follow, max-snippet:-1, max-image-preview:large, max-video-preview:-1\" \/>\n<link rel=\"canonical\" href=\"https:\/\/proagrolab.com.ar\/en\/midiendo-hasta-el-riesgo\/\" \/>\n<meta property=\"og:locale\" content=\"en_US\" \/>\n<meta property=\"og:type\" content=\"article\" \/>\n<meta property=\"og:title\" content=\"Midiendo hasta el riesgo | Proagro\" \/>\n<meta property=\"og:description\" content=\"Por Pablo Losada En Rawson, los hermanos Solimano aprendieron la lecci\u00f3n de la dura sequ\u00eda del 2009 y se levantaron apostando a un esquema que busca rinde pero tambi\u00e9n estabilidad. C\u00f3mo impactan una buena rotaci\u00f3n y la integraci\u00f3n con ganader\u00eda. La sequ\u00eda del ciclo 2008\/09 fue \u0093un antes y un despu\u00e9s\u0094 para muchas empresas agropecuarias. A partir de ella, se recalcul\u00f3 el rumbo productivo para darle forma a una nueva estrategia, m\u00e1s flexible y estable, que amortig\u00fce este tipo de contingencias. Los Solimano, en la localidad bonaerense de Rawson, cercana a Carmen de Areco, constituyen uno de esos ejemplos de empresa agropecuaria mixta que hizo los ajustes necesarios, luego de la sequ\u00eda, para no volver a sufrir un desequilibrio de aquella envergadura. Luis y Mar\u00eda Solimano, \u00e9l licenciado en administraci\u00f3n de empresas y ella m\u00e9dica veterinaria, son dos hermanos a cargo de San Pedro Agropecuaria, una firma que combina agricultura y ganader\u00eda de ciclo completo. Este esquema de integraci\u00f3n se organiza en tres grandes m\u00f3dulos, comenta Luis, que es el administrador general del establecimiento desde hace 24 a\u00f1os, desde cuando su padre dej\u00f3 de realizar esa tarea. Est\u00e1 el m\u00f3dulo agr\u00edcola, el ganadero y el de la empresa de maquinaria, [&hellip;]\" \/>\n<meta property=\"og:url\" content=\"https:\/\/proagrolab.com.ar\/midiendo-hasta-el-riesgo\/\" \/>\n<meta property=\"og:site_name\" content=\"Proagro\" \/>\n<meta property=\"article:publisher\" content=\"http:\/\/www.facebook.com\/proagrolab\" \/>\n<meta property=\"article:published_time\" content=\"2013-10-21T00:00:01+00:00\" \/>\n<meta property=\"og:image\" content=\"https:\/\/proagrolab.com.ar\/wp-content\/uploads\/2015\/01\/g_hkoxy35fe__Bovinos-pasturas.jpg\" \/>\n\t<meta property=\"og:image:width\" content=\"1\" \/>\n\t<meta property=\"og:image:height\" content=\"1\" \/>\n\t<meta property=\"og:image:type\" content=\"image\/jpeg\" \/>\n<meta name=\"author\" content=\"proagrolab\" \/>\n<meta name=\"twitter:card\" content=\"summary_large_image\" \/>\n<meta name=\"twitter:label1\" content=\"Written by\" \/>\n\t<meta name=\"twitter:data1\" content=\"proagrolab\" \/>\n\t<meta name=\"twitter:label2\" content=\"Est. reading time\" \/>\n\t<meta name=\"twitter:data2\" content=\"6 minutes\" \/>\n<script type=\"application\/ld+json\" class=\"yoast-schema-graph\">{\"@context\":\"https:\\\/\\\/schema.org\",\"@graph\":[{\"@type\":\"Article\",\"@id\":\"https:\\\/\\\/proagrolab.com.ar\\\/midiendo-hasta-el-riesgo\\\/#article\",\"isPartOf\":{\"@id\":\"https:\\\/\\\/proagrolab.com.ar\\\/midiendo-hasta-el-riesgo\\\/\"},\"author\":{\"name\":\"proagrolab\",\"@id\":\"https:\\\/\\\/proagrolab.com.ar\\\/#\\\/schema\\\/person\\\/38003ff90bf80381f71c7d922d207444\"},\"headline\":\"Midiendo hasta el riesgo\",\"datePublished\":\"2013-10-21T00:00:01+00:00\",\"mainEntityOfPage\":{\"@id\":\"https:\\\/\\\/proagrolab.com.ar\\\/midiendo-hasta-el-riesgo\\\/\"},\"wordCount\":1136,\"publisher\":{\"@id\":\"https:\\\/\\\/proagrolab.com.ar\\\/#organization\"},\"image\":{\"@id\":\"https:\\\/\\\/proagrolab.com.ar\\\/midiendo-hasta-el-riesgo\\\/#primaryimage\"},\"thumbnailUrl\":\"https:\\\/\\\/proagrolab.com.ar\\\/wp-content\\\/uploads\\\/2015\\\/01\\\/g_hkoxy35fe__Bovinos-pasturas.jpg\",\"articleSection\":[\"News\"],\"inLanguage\":\"en-US\"},{\"@type\":\"WebPage\",\"@id\":\"https:\\\/\\\/proagrolab.com.ar\\\/midiendo-hasta-el-riesgo\\\/\",\"url\":\"https:\\\/\\\/proagrolab.com.ar\\\/midiendo-hasta-el-riesgo\\\/\",\"name\":\"Midiendo hasta el riesgo | Proagro\",\"isPartOf\":{\"@id\":\"https:\\\/\\\/proagrolab.com.ar\\\/#website\"},\"primaryImageOfPage\":{\"@id\":\"https:\\\/\\\/proagrolab.com.ar\\\/midiendo-hasta-el-riesgo\\\/#primaryimage\"},\"image\":{\"@id\":\"https:\\\/\\\/proagrolab.com.ar\\\/midiendo-hasta-el-riesgo\\\/#primaryimage\"},\"thumbnailUrl\":\"https:\\\/\\\/proagrolab.com.ar\\\/wp-content\\\/uploads\\\/2015\\\/01\\\/g_hkoxy35fe__Bovinos-pasturas.jpg\",\"datePublished\":\"2013-10-21T00:00:01+00:00\",\"breadcrumb\":{\"@id\":\"https:\\\/\\\/proagrolab.com.ar\\\/midiendo-hasta-el-riesgo\\\/#breadcrumb\"},\"inLanguage\":\"en-US\",\"potentialAction\":[{\"@type\":\"ReadAction\",\"target\":[\"https:\\\/\\\/proagrolab.com.ar\\\/midiendo-hasta-el-riesgo\\\/\"]}]},{\"@type\":\"ImageObject\",\"inLanguage\":\"en-US\",\"@id\":\"https:\\\/\\\/proagrolab.com.ar\\\/midiendo-hasta-el-riesgo\\\/#primaryimage\",\"url\":\"https:\\\/\\\/proagrolab.com.ar\\\/wp-content\\\/uploads\\\/2015\\\/01\\\/g_hkoxy35fe__Bovinos-pasturas.jpg\",\"contentUrl\":\"https:\\\/\\\/proagrolab.com.ar\\\/wp-content\\\/uploads\\\/2015\\\/01\\\/g_hkoxy35fe__Bovinos-pasturas.jpg\"},{\"@type\":\"BreadcrumbList\",\"@id\":\"https:\\\/\\\/proagrolab.com.ar\\\/midiendo-hasta-el-riesgo\\\/#breadcrumb\",\"itemListElement\":[{\"@type\":\"ListItem\",\"position\":1,\"name\":\"Portada\",\"item\":\"https:\\\/\\\/proagrolab.com.ar\\\/\"},{\"@type\":\"ListItem\",\"position\":2,\"name\":\"Midiendo hasta el riesgo\"}]},{\"@type\":\"WebSite\",\"@id\":\"https:\\\/\\\/proagrolab.com.ar\\\/#website\",\"url\":\"https:\\\/\\\/proagrolab.com.ar\\\/\",\"name\":\"Proagro Laboratorio Veterinario\",\"description\":\"Veterinary laboratory\",\"publisher\":{\"@id\":\"https:\\\/\\\/proagrolab.com.ar\\\/#organization\"},\"potentialAction\":[{\"@type\":\"SearchAction\",\"target\":{\"@type\":\"EntryPoint\",\"urlTemplate\":\"https:\\\/\\\/proagrolab.com.ar\\\/?s={search_term_string}\"},\"query-input\":{\"@type\":\"PropertyValueSpecification\",\"valueRequired\":true,\"valueName\":\"search_term_string\"}}],\"inLanguage\":\"en-US\"},{\"@type\":\"Organization\",\"@id\":\"https:\\\/\\\/proagrolab.com.ar\\\/#organization\",\"name\":\"Proagro\",\"url\":\"https:\\\/\\\/proagrolab.com.ar\\\/\",\"logo\":{\"@type\":\"ImageObject\",\"inLanguage\":\"en-US\",\"@id\":\"https:\\\/\\\/proagrolab.com.ar\\\/#\\\/schema\\\/logo\\\/image\\\/\",\"url\":\"https:\\\/\\\/proagrolab.com.ar\\\/wp-content\\\/uploads\\\/2020\\\/04\\\/logo-retina.png\",\"contentUrl\":\"https:\\\/\\\/proagrolab.com.ar\\\/wp-content\\\/uploads\\\/2020\\\/04\\\/logo-retina.png\",\"width\":478,\"height\":120,\"caption\":\"Proagro\"},\"image\":{\"@id\":\"https:\\\/\\\/proagrolab.com.ar\\\/#\\\/schema\\\/logo\\\/image\\\/\"},\"sameAs\":[\"http:\\\/\\\/www.facebook.com\\\/proagrolab\",\"https:\\\/\\\/www.instagram.com\\\/proagrolab\\\/\",\"https:\\\/\\\/www.linkedin.com\\\/company\\\/laboratorio-proagro-s-a\\\/\"]},{\"@type\":\"Person\",\"@id\":\"https:\\\/\\\/proagrolab.com.ar\\\/#\\\/schema\\\/person\\\/38003ff90bf80381f71c7d922d207444\",\"name\":\"proagrolab\"}]}<\/script>\n<!-- \/ Yoast SEO plugin. -->","yoast_head_json":{"title":"Midiendo hasta el riesgo | Proagro","robots":{"index":"index","follow":"follow","max-snippet":"max-snippet:-1","max-image-preview":"max-image-preview:large","max-video-preview":"max-video-preview:-1"},"canonical":"https:\/\/proagrolab.com.ar\/en\/midiendo-hasta-el-riesgo\/","og_locale":"en_US","og_type":"article","og_title":"Midiendo hasta el riesgo | Proagro","og_description":"Por Pablo Losada En Rawson, los hermanos Solimano aprendieron la lecci\u00f3n de la dura sequ\u00eda del 2009 y se levantaron apostando a un esquema que busca rinde pero tambi\u00e9n estabilidad. C\u00f3mo impactan una buena rotaci\u00f3n y la integraci\u00f3n con ganader\u00eda. La sequ\u00eda del ciclo 2008\/09 fue \u0093un antes y un despu\u00e9s\u0094 para muchas empresas agropecuarias. A partir de ella, se recalcul\u00f3 el rumbo productivo para darle forma a una nueva estrategia, m\u00e1s flexible y estable, que amortig\u00fce este tipo de contingencias. Los Solimano, en la localidad bonaerense de Rawson, cercana a Carmen de Areco, constituyen uno de esos ejemplos de empresa agropecuaria mixta que hizo los ajustes necesarios, luego de la sequ\u00eda, para no volver a sufrir un desequilibrio de aquella envergadura. Luis y Mar\u00eda Solimano, \u00e9l licenciado en administraci\u00f3n de empresas y ella m\u00e9dica veterinaria, son dos hermanos a cargo de San Pedro Agropecuaria, una firma que combina agricultura y ganader\u00eda de ciclo completo. Este esquema de integraci\u00f3n se organiza en tres grandes m\u00f3dulos, comenta Luis, que es el administrador general del establecimiento desde hace 24 a\u00f1os, desde cuando su padre dej\u00f3 de realizar esa tarea. Est\u00e1 el m\u00f3dulo agr\u00edcola, el ganadero y el de la empresa de maquinaria, [&hellip;]","og_url":"https:\/\/proagrolab.com.ar\/midiendo-hasta-el-riesgo\/","og_site_name":"Proagro","article_publisher":"http:\/\/www.facebook.com\/proagrolab","article_published_time":"2013-10-21T00:00:01+00:00","og_image":[{"url":"https:\/\/proagrolab.com.ar\/wp-content\/uploads\/2015\/01\/g_hkoxy35fe__Bovinos-pasturas.jpg","width":1,"height":1,"type":"image\/jpeg"}],"author":"proagrolab","twitter_card":"summary_large_image","twitter_misc":{"Written by":"proagrolab","Est. reading time":"6 minutes"},"schema":{"@context":"https:\/\/schema.org","@graph":[{"@type":"Article","@id":"https:\/\/proagrolab.com.ar\/midiendo-hasta-el-riesgo\/#article","isPartOf":{"@id":"https:\/\/proagrolab.com.ar\/midiendo-hasta-el-riesgo\/"},"author":{"name":"proagrolab","@id":"https:\/\/proagrolab.com.ar\/#\/schema\/person\/38003ff90bf80381f71c7d922d207444"},"headline":"Midiendo hasta el riesgo","datePublished":"2013-10-21T00:00:01+00:00","mainEntityOfPage":{"@id":"https:\/\/proagrolab.com.ar\/midiendo-hasta-el-riesgo\/"},"wordCount":1136,"publisher":{"@id":"https:\/\/proagrolab.com.ar\/#organization"},"image":{"@id":"https:\/\/proagrolab.com.ar\/midiendo-hasta-el-riesgo\/#primaryimage"},"thumbnailUrl":"https:\/\/proagrolab.com.ar\/wp-content\/uploads\/2015\/01\/g_hkoxy35fe__Bovinos-pasturas.jpg","articleSection":["News"],"inLanguage":"en-US"},{"@type":"WebPage","@id":"https:\/\/proagrolab.com.ar\/midiendo-hasta-el-riesgo\/","url":"https:\/\/proagrolab.com.ar\/midiendo-hasta-el-riesgo\/","name":"Midiendo hasta el riesgo | Proagro","isPartOf":{"@id":"https:\/\/proagrolab.com.ar\/#website"},"primaryImageOfPage":{"@id":"https:\/\/proagrolab.com.ar\/midiendo-hasta-el-riesgo\/#primaryimage"},"image":{"@id":"https:\/\/proagrolab.com.ar\/midiendo-hasta-el-riesgo\/#primaryimage"},"thumbnailUrl":"https:\/\/proagrolab.com.ar\/wp-content\/uploads\/2015\/01\/g_hkoxy35fe__Bovinos-pasturas.jpg","datePublished":"2013-10-21T00:00:01+00:00","breadcrumb":{"@id":"https:\/\/proagrolab.com.ar\/midiendo-hasta-el-riesgo\/#breadcrumb"},"inLanguage":"en-US","potentialAction":[{"@type":"ReadAction","target":["https:\/\/proagrolab.com.ar\/midiendo-hasta-el-riesgo\/"]}]},{"@type":"ImageObject","inLanguage":"en-US","@id":"https:\/\/proagrolab.com.ar\/midiendo-hasta-el-riesgo\/#primaryimage","url":"https:\/\/proagrolab.com.ar\/wp-content\/uploads\/2015\/01\/g_hkoxy35fe__Bovinos-pasturas.jpg","contentUrl":"https:\/\/proagrolab.com.ar\/wp-content\/uploads\/2015\/01\/g_hkoxy35fe__Bovinos-pasturas.jpg"},{"@type":"BreadcrumbList","@id":"https:\/\/proagrolab.com.ar\/midiendo-hasta-el-riesgo\/#breadcrumb","itemListElement":[{"@type":"ListItem","position":1,"name":"Portada","item":"https:\/\/proagrolab.com.ar\/"},{"@type":"ListItem","position":2,"name":"Midiendo hasta el riesgo"}]},{"@type":"WebSite","@id":"https:\/\/proagrolab.com.ar\/#website","url":"https:\/\/proagrolab.com.ar\/","name":"Proagro Laboratorio Veterinario","description":"Veterinary laboratory","publisher":{"@id":"https:\/\/proagrolab.com.ar\/#organization"},"potentialAction":[{"@type":"SearchAction","target":{"@type":"EntryPoint","urlTemplate":"https:\/\/proagrolab.com.ar\/?s={search_term_string}"},"query-input":{"@type":"PropertyValueSpecification","valueRequired":true,"valueName":"search_term_string"}}],"inLanguage":"en-US"},{"@type":"Organization","@id":"https:\/\/proagrolab.com.ar\/#organization","name":"Proagro","url":"https:\/\/proagrolab.com.ar\/","logo":{"@type":"ImageObject","inLanguage":"en-US","@id":"https:\/\/proagrolab.com.ar\/#\/schema\/logo\/image\/","url":"https:\/\/proagrolab.com.ar\/wp-content\/uploads\/2020\/04\/logo-retina.png","contentUrl":"https:\/\/proagrolab.com.ar\/wp-content\/uploads\/2020\/04\/logo-retina.png","width":478,"height":120,"caption":"Proagro"},"image":{"@id":"https:\/\/proagrolab.com.ar\/#\/schema\/logo\/image\/"},"sameAs":["http:\/\/www.facebook.com\/proagrolab","https:\/\/www.instagram.com\/proagrolab\/","https:\/\/www.linkedin.com\/company\/laboratorio-proagro-s-a\/"]},{"@type":"Person","@id":"https:\/\/proagrolab.com.ar\/#\/schema\/person\/38003ff90bf80381f71c7d922d207444","name":"proagrolab"}]}},"_links":{"self":[{"href":"https:\/\/proagrolab.com.ar\/en\/wp-json\/wp\/v2\/posts\/5762","targetHints":{"allow":["GET"]}}],"collection":[{"href":"https:\/\/proagrolab.com.ar\/en\/wp-json\/wp\/v2\/posts"}],"about":[{"href":"https:\/\/proagrolab.com.ar\/en\/wp-json\/wp\/v2\/types\/post"}],"author":[{"embeddable":true,"href":"https:\/\/proagrolab.com.ar\/en\/wp-json\/wp\/v2\/users\/2"}],"replies":[{"embeddable":true,"href":"https:\/\/proagrolab.com.ar\/en\/wp-json\/wp\/v2\/comments?post=5762"}],"version-history":[{"count":0,"href":"https:\/\/proagrolab.com.ar\/en\/wp-json\/wp\/v2\/posts\/5762\/revisions"}],"wp:featuredmedia":[{"embeddable":true,"href":"https:\/\/proagrolab.com.ar\/en\/wp-json\/wp\/v2\/media\/2250"}],"wp:attachment":[{"href":"https:\/\/proagrolab.com.ar\/en\/wp-json\/wp\/v2\/media?parent=5762"}],"wp:term":[{"taxonomy":"category","embeddable":true,"href":"https:\/\/proagrolab.com.ar\/en\/wp-json\/wp\/v2\/categories?post=5762"},{"taxonomy":"post_tag","embeddable":true,"href":"https:\/\/proagrolab.com.ar\/en\/wp-json\/wp\/v2\/tags?post=5762"}],"curies":[{"name":"wp","href":"https:\/\/api.w.org\/{rel}","templated":true}]}}