{"id":5761,"date":"2013-10-18T00:00:01","date_gmt":"2013-10-18T00:00:01","guid":{"rendered":"https:\/\/proagrolab.com.ar\/la-produccion-de-los-primeros-8-meses-de-2013-cayo-un-2-vs-2012\/"},"modified":"2013-10-18T00:00:01","modified_gmt":"2013-10-18T00:00:01","slug":"la-produccion-de-los-primeros-8-meses-de-2013-cayo-un-2-vs-2012","status":"publish","type":"post","link":"https:\/\/proagrolab.com.ar\/en\/la-produccion-de-los-primeros-8-meses-de-2013-cayo-un-2-vs-2012\/","title":{"rendered":"La producci\u00f3n de los primeros 8 meses de 2013 cay\u00f3 un 2% vs 2012."},"content":{"rendered":"<p class=\"qtranxs-available-languages-message qtranxs-available-languages-message-en\"> <\/p><p>Se\u00f1alan que se debe a la sequ\u00eda de septiembre que afect\u00f3 en gran medida a muchos tambos de C\u00f3rdoba y Santa Fe.<\/p>\n<p>El Consejo Directivo de la Junta Intercooperativa de Productores de Leche (JIPL) se reuni\u00f3 el viernes pasado en Manfrey para tratar los temas m\u00e1s importantes del sector, como la baja en la producci\u00f3n y la resoluci\u00f3n n\u00b0 344 de la liquidaci\u00f3n \u00fanica que establece una actualizaci\u00f3n en el pago por la materia prima: 95% por atributos de calidad (grasa y prote\u00edna) y el 5% restante por bonificaciones comerciales. La \u00faltima movida sobre este tema la dio el Centro de Industria Lechera al presentar una cautelar pidiendo su anulaci\u00f3n al argumentar que ninguna empresa tiene posibilidad de aplicar la normativa. Frente a este tema la JIPL se manifest\u00f3 a favor de la resoluci\u00f3n y &#8220;preocupada&#8221; por la medida que adopt\u00f3 el CIL.<\/p>\n<p>Por otra parte, la entidad present\u00f3 su informe sobre el sector en el que destac\u00f3 que la producci\u00f3n acumulada hasta el mes de agosto de 2013 fue un 2% inferior al mismo per\u00edodo de 2012. La causa fue la persistente sequ\u00eda de septiembre que se espera se repetir\u00e1 en verano. Aunque el crecimiento a tambo constante de agosto 2013 vs 2012 fue un del 6,05% no alcanza para compensar la menor producci\u00f3n del primer semestre por lo que se estima que el a\u00f1o terminar\u00e1 con una suba en la producci\u00f3n de leche no mayor al 1 o 2%.<\/p>\n<p>Respecto al mercado internacional, se observa que las cotizaciones de Fonterra se mantienen muy altas, por encima de los 5.000 d\u00f3lares la tonelada. Argentina por su parte maneja com\u00fanmente valores cercanos a los 4.500, 4.600 d\u00f3lares la tonelada.<\/p>\n<p>Sobre el mercado interno, la entidad destac\u00f3 que el consumo se mantiene estable, en 207, 4 litros por persona por a\u00f1o. En el caso de las exportaciones se\u00f1al\u00f3 que cayeron un 13% lo que permiti\u00f3 compensar la ca\u00edda de producci\u00f3n y poder mantener el consumo. Poco dice de las bajas t\u00edpicas de la primavera en la que tanto pymes como grandes empresas utilizan las ofertas para sacarse de encima stock, a\u00fan cuando este a\u00f1o no se observa un significativo aumento en la producci\u00f3n de leche. En este escenario, los quesos blandos y semiduros sufrieron bajas de hasta un 30% mientras que los duros no bajan de los 50, 60 pesos.<\/p>\n<p>La JIPL tambi\u00e9n mencion\u00f3 el \u00faltimo an\u00e1lisis del Rabobank en el que se destaca que, como ya lo adelantamos, los precios se van a mantener altos hasta por los menos el primer trimestre de 2014. Sin embargo, advirti\u00f3 que el aumento en la producci\u00f3n de leche en Estados Unidos y Nueva Zelandia &#8211; se proyecta que el incremento de la oferta global de exportaciones ser\u00e1 del 15% para el a\u00f1o que viene &#8211; va a impactar en los precios internacionales de los l\u00e1cteos. Los valores pasar\u00edan a ubicarse en 3500 &#8211; 3800 d\u00f3lares por tonelada.<\/p>\n<p>Fuente: Infortambo, 17 de octubre.<br \/><\/p>","protected":false},"excerpt":{"rendered":"<p>Se\u00f1alan que se debe a la sequ\u00eda de septiembre que afect\u00f3 en gran medida a muchos tambos de C\u00f3rdoba y Santa Fe. El Consejo Directivo de la Junta Intercooperativa de Productores de Leche (JIPL) se reuni\u00f3 el viernes pasado en Manfrey para tratar los temas m\u00e1s importantes del sector, como la baja en la producci\u00f3n y la resoluci\u00f3n n\u00b0 344 de la liquidaci\u00f3n \u00fanica que establece una actualizaci\u00f3n en el pago por la materia prima: 95% por atributos de calidad (grasa y prote\u00edna) y el 5% restante por bonificaciones comerciales. La \u00faltima movida sobre este tema la dio el Centro de Industria Lechera al presentar una cautelar pidiendo su anulaci\u00f3n al argumentar que ninguna empresa tiene posibilidad de aplicar la normativa. Frente a este tema la JIPL se manifest\u00f3 a favor de la resoluci\u00f3n y &#8220;preocupada&#8221; por la medida que adopt\u00f3 el CIL. Por otra parte, la entidad present\u00f3 su informe sobre el sector en el que destac\u00f3 que la producci\u00f3n acumulada hasta el mes de agosto de 2013 fue un 2% inferior al mismo per\u00edodo de 2012. La causa fue la persistente sequ\u00eda de septiembre que se espera se repetir\u00e1 en verano. Aunque el crecimiento a tambo constante de [&hellip;]<\/p>\n","protected":false},"author":2,"featured_media":2249,"comment_status":"closed","ping_status":"open","sticky":false,"template":"","format":"standard","meta":{"_acf_changed":false,"footnotes":""},"categories":[56],"tags":[],"class_list":["post-5761","post","type-post","status-publish","format-standard","has-post-thumbnail","hentry","category-infoganadero"],"acf":[],"yoast_head":"<!-- This site is optimized with the Yoast SEO plugin v27.5 - https:\/\/yoast.com\/product\/yoast-seo-wordpress\/ -->\n<title>La producci\u00f3n de los primeros 8 meses de 2013 cay\u00f3 un 2% vs 2012. | Proagro<\/title>\n<meta name=\"robots\" content=\"index, follow, max-snippet:-1, max-image-preview:large, max-video-preview:-1\" \/>\n<link rel=\"canonical\" href=\"https:\/\/proagrolab.com.ar\/en\/la-produccion-de-los-primeros-8-meses-de-2013-cayo-un-2-vs-2012\/\" \/>\n<meta property=\"og:locale\" content=\"en_US\" \/>\n<meta property=\"og:type\" content=\"article\" \/>\n<meta property=\"og:title\" content=\"La producci\u00f3n de los primeros 8 meses de 2013 cay\u00f3 un 2% vs 2012. | Proagro\" \/>\n<meta property=\"og:description\" content=\"Se\u00f1alan que se debe a la sequ\u00eda de septiembre que afect\u00f3 en gran medida a muchos tambos de C\u00f3rdoba y Santa Fe. El Consejo Directivo de la Junta Intercooperativa de Productores de Leche (JIPL) se reuni\u00f3 el viernes pasado en Manfrey para tratar los temas m\u00e1s importantes del sector, como la baja en la producci\u00f3n y la resoluci\u00f3n n\u00b0 344 de la liquidaci\u00f3n \u00fanica que establece una actualizaci\u00f3n en el pago por la materia prima: 95% por atributos de calidad (grasa y prote\u00edna) y el 5% restante por bonificaciones comerciales. La \u00faltima movida sobre este tema la dio el Centro de Industria Lechera al presentar una cautelar pidiendo su anulaci\u00f3n al argumentar que ninguna empresa tiene posibilidad de aplicar la normativa. Frente a este tema la JIPL se manifest\u00f3 a favor de la resoluci\u00f3n y &#8220;preocupada&#8221; por la medida que adopt\u00f3 el CIL. Por otra parte, la entidad present\u00f3 su informe sobre el sector en el que destac\u00f3 que la producci\u00f3n acumulada hasta el mes de agosto de 2013 fue un 2% inferior al mismo per\u00edodo de 2012. La causa fue la persistente sequ\u00eda de septiembre que se espera se repetir\u00e1 en verano. Aunque el crecimiento a tambo constante de [&hellip;]\" \/>\n<meta property=\"og:url\" content=\"https:\/\/proagrolab.com.ar\/la-produccion-de-los-primeros-8-meses-de-2013-cayo-un-2-vs-2012\/\" \/>\n<meta property=\"og:site_name\" content=\"Proagro\" \/>\n<meta property=\"article:publisher\" content=\"http:\/\/www.facebook.com\/proagrolab\" \/>\n<meta property=\"article:published_time\" content=\"2013-10-18T00:00:01+00:00\" \/>\n<meta property=\"og:image\" content=\"https:\/\/proagrolab.com.ar\/wp-content\/uploads\/2015\/01\/g_vwuedlzbc__Tambo-calesita-6.jpg\" \/>\n\t<meta property=\"og:image:width\" content=\"1\" \/>\n\t<meta property=\"og:image:height\" content=\"1\" \/>\n\t<meta property=\"og:image:type\" content=\"image\/jpeg\" \/>\n<meta name=\"author\" content=\"proagrolab\" \/>\n<meta name=\"twitter:card\" content=\"summary_large_image\" \/>\n<meta name=\"twitter:label1\" content=\"Written by\" \/>\n\t<meta name=\"twitter:data1\" content=\"proagrolab\" \/>\n\t<meta name=\"twitter:label2\" content=\"Est. reading time\" \/>\n\t<meta name=\"twitter:data2\" content=\"2 minutes\" \/>\n<script type=\"application\/ld+json\" class=\"yoast-schema-graph\">{\"@context\":\"https:\\\/\\\/schema.org\",\"@graph\":[{\"@type\":\"Article\",\"@id\":\"https:\\\/\\\/proagrolab.com.ar\\\/la-produccion-de-los-primeros-8-meses-de-2013-cayo-un-2-vs-2012\\\/#article\",\"isPartOf\":{\"@id\":\"https:\\\/\\\/proagrolab.com.ar\\\/la-produccion-de-los-primeros-8-meses-de-2013-cayo-un-2-vs-2012\\\/\"},\"author\":{\"name\":\"proagrolab\",\"@id\":\"https:\\\/\\\/proagrolab.com.ar\\\/#\\\/schema\\\/person\\\/38003ff90bf80381f71c7d922d207444\"},\"headline\":\"La producci\u00f3n de los primeros 8 meses de 2013 cay\u00f3 un 2% vs 2012.\",\"datePublished\":\"2013-10-18T00:00:01+00:00\",\"mainEntityOfPage\":{\"@id\":\"https:\\\/\\\/proagrolab.com.ar\\\/la-produccion-de-los-primeros-8-meses-de-2013-cayo-un-2-vs-2012\\\/\"},\"wordCount\":510,\"publisher\":{\"@id\":\"https:\\\/\\\/proagrolab.com.ar\\\/#organization\"},\"image\":{\"@id\":\"https:\\\/\\\/proagrolab.com.ar\\\/la-produccion-de-los-primeros-8-meses-de-2013-cayo-un-2-vs-2012\\\/#primaryimage\"},\"thumbnailUrl\":\"https:\\\/\\\/proagrolab.com.ar\\\/wp-content\\\/uploads\\\/2015\\\/01\\\/g_vwuedlzbc__Tambo-calesita-6.jpg\",\"articleSection\":[\"News\"],\"inLanguage\":\"en-US\"},{\"@type\":\"WebPage\",\"@id\":\"https:\\\/\\\/proagrolab.com.ar\\\/la-produccion-de-los-primeros-8-meses-de-2013-cayo-un-2-vs-2012\\\/\",\"url\":\"https:\\\/\\\/proagrolab.com.ar\\\/la-produccion-de-los-primeros-8-meses-de-2013-cayo-un-2-vs-2012\\\/\",\"name\":\"La producci\u00f3n de los primeros 8 meses de 2013 cay\u00f3 un 2% vs 2012. | Proagro\",\"isPartOf\":{\"@id\":\"https:\\\/\\\/proagrolab.com.ar\\\/#website\"},\"primaryImageOfPage\":{\"@id\":\"https:\\\/\\\/proagrolab.com.ar\\\/la-produccion-de-los-primeros-8-meses-de-2013-cayo-un-2-vs-2012\\\/#primaryimage\"},\"image\":{\"@id\":\"https:\\\/\\\/proagrolab.com.ar\\\/la-produccion-de-los-primeros-8-meses-de-2013-cayo-un-2-vs-2012\\\/#primaryimage\"},\"thumbnailUrl\":\"https:\\\/\\\/proagrolab.com.ar\\\/wp-content\\\/uploads\\\/2015\\\/01\\\/g_vwuedlzbc__Tambo-calesita-6.jpg\",\"datePublished\":\"2013-10-18T00:00:01+00:00\",\"breadcrumb\":{\"@id\":\"https:\\\/\\\/proagrolab.com.ar\\\/la-produccion-de-los-primeros-8-meses-de-2013-cayo-un-2-vs-2012\\\/#breadcrumb\"},\"inLanguage\":\"en-US\",\"potentialAction\":[{\"@type\":\"ReadAction\",\"target\":[\"https:\\\/\\\/proagrolab.com.ar\\\/la-produccion-de-los-primeros-8-meses-de-2013-cayo-un-2-vs-2012\\\/\"]}]},{\"@type\":\"ImageObject\",\"inLanguage\":\"en-US\",\"@id\":\"https:\\\/\\\/proagrolab.com.ar\\\/la-produccion-de-los-primeros-8-meses-de-2013-cayo-un-2-vs-2012\\\/#primaryimage\",\"url\":\"https:\\\/\\\/proagrolab.com.ar\\\/wp-content\\\/uploads\\\/2015\\\/01\\\/g_vwuedlzbc__Tambo-calesita-6.jpg\",\"contentUrl\":\"https:\\\/\\\/proagrolab.com.ar\\\/wp-content\\\/uploads\\\/2015\\\/01\\\/g_vwuedlzbc__Tambo-calesita-6.jpg\"},{\"@type\":\"BreadcrumbList\",\"@id\":\"https:\\\/\\\/proagrolab.com.ar\\\/la-produccion-de-los-primeros-8-meses-de-2013-cayo-un-2-vs-2012\\\/#breadcrumb\",\"itemListElement\":[{\"@type\":\"ListItem\",\"position\":1,\"name\":\"Portada\",\"item\":\"https:\\\/\\\/proagrolab.com.ar\\\/\"},{\"@type\":\"ListItem\",\"position\":2,\"name\":\"La producci\u00f3n de los primeros 8 meses de 2013 cay\u00f3 un 2% vs 2012.\"}]},{\"@type\":\"WebSite\",\"@id\":\"https:\\\/\\\/proagrolab.com.ar\\\/#website\",\"url\":\"https:\\\/\\\/proagrolab.com.ar\\\/\",\"name\":\"Proagro Laboratorio Veterinario\",\"description\":\"Veterinary laboratory\",\"publisher\":{\"@id\":\"https:\\\/\\\/proagrolab.com.ar\\\/#organization\"},\"potentialAction\":[{\"@type\":\"SearchAction\",\"target\":{\"@type\":\"EntryPoint\",\"urlTemplate\":\"https:\\\/\\\/proagrolab.com.ar\\\/?s={search_term_string}\"},\"query-input\":{\"@type\":\"PropertyValueSpecification\",\"valueRequired\":true,\"valueName\":\"search_term_string\"}}],\"inLanguage\":\"en-US\"},{\"@type\":\"Organization\",\"@id\":\"https:\\\/\\\/proagrolab.com.ar\\\/#organization\",\"name\":\"Proagro\",\"url\":\"https:\\\/\\\/proagrolab.com.ar\\\/\",\"logo\":{\"@type\":\"ImageObject\",\"inLanguage\":\"en-US\",\"@id\":\"https:\\\/\\\/proagrolab.com.ar\\\/#\\\/schema\\\/logo\\\/image\\\/\",\"url\":\"https:\\\/\\\/proagrolab.com.ar\\\/wp-content\\\/uploads\\\/2020\\\/04\\\/logo-retina.png\",\"contentUrl\":\"https:\\\/\\\/proagrolab.com.ar\\\/wp-content\\\/uploads\\\/2020\\\/04\\\/logo-retina.png\",\"width\":478,\"height\":120,\"caption\":\"Proagro\"},\"image\":{\"@id\":\"https:\\\/\\\/proagrolab.com.ar\\\/#\\\/schema\\\/logo\\\/image\\\/\"},\"sameAs\":[\"http:\\\/\\\/www.facebook.com\\\/proagrolab\",\"https:\\\/\\\/www.instagram.com\\\/proagrolab\\\/\",\"https:\\\/\\\/www.linkedin.com\\\/company\\\/laboratorio-proagro-s-a\\\/\"]},{\"@type\":\"Person\",\"@id\":\"https:\\\/\\\/proagrolab.com.ar\\\/#\\\/schema\\\/person\\\/38003ff90bf80381f71c7d922d207444\",\"name\":\"proagrolab\"}]}<\/script>\n<!-- \/ Yoast SEO plugin. -->","yoast_head_json":{"title":"La producci\u00f3n de los primeros 8 meses de 2013 cay\u00f3 un 2% vs 2012. | Proagro","robots":{"index":"index","follow":"follow","max-snippet":"max-snippet:-1","max-image-preview":"max-image-preview:large","max-video-preview":"max-video-preview:-1"},"canonical":"https:\/\/proagrolab.com.ar\/en\/la-produccion-de-los-primeros-8-meses-de-2013-cayo-un-2-vs-2012\/","og_locale":"en_US","og_type":"article","og_title":"La producci\u00f3n de los primeros 8 meses de 2013 cay\u00f3 un 2% vs 2012. | Proagro","og_description":"Se\u00f1alan que se debe a la sequ\u00eda de septiembre que afect\u00f3 en gran medida a muchos tambos de C\u00f3rdoba y Santa Fe. El Consejo Directivo de la Junta Intercooperativa de Productores de Leche (JIPL) se reuni\u00f3 el viernes pasado en Manfrey para tratar los temas m\u00e1s importantes del sector, como la baja en la producci\u00f3n y la resoluci\u00f3n n\u00b0 344 de la liquidaci\u00f3n \u00fanica que establece una actualizaci\u00f3n en el pago por la materia prima: 95% por atributos de calidad (grasa y prote\u00edna) y el 5% restante por bonificaciones comerciales. La \u00faltima movida sobre este tema la dio el Centro de Industria Lechera al presentar una cautelar pidiendo su anulaci\u00f3n al argumentar que ninguna empresa tiene posibilidad de aplicar la normativa. Frente a este tema la JIPL se manifest\u00f3 a favor de la resoluci\u00f3n y &#8220;preocupada&#8221; por la medida que adopt\u00f3 el CIL. Por otra parte, la entidad present\u00f3 su informe sobre el sector en el que destac\u00f3 que la producci\u00f3n acumulada hasta el mes de agosto de 2013 fue un 2% inferior al mismo per\u00edodo de 2012. La causa fue la persistente sequ\u00eda de septiembre que se espera se repetir\u00e1 en verano. Aunque el crecimiento a tambo constante de [&hellip;]","og_url":"https:\/\/proagrolab.com.ar\/la-produccion-de-los-primeros-8-meses-de-2013-cayo-un-2-vs-2012\/","og_site_name":"Proagro","article_publisher":"http:\/\/www.facebook.com\/proagrolab","article_published_time":"2013-10-18T00:00:01+00:00","og_image":[{"url":"https:\/\/proagrolab.com.ar\/wp-content\/uploads\/2015\/01\/g_vwuedlzbc__Tambo-calesita-6.jpg","width":1,"height":1,"type":"image\/jpeg"}],"author":"proagrolab","twitter_card":"summary_large_image","twitter_misc":{"Written by":"proagrolab","Est. reading time":"2 minutes"},"schema":{"@context":"https:\/\/schema.org","@graph":[{"@type":"Article","@id":"https:\/\/proagrolab.com.ar\/la-produccion-de-los-primeros-8-meses-de-2013-cayo-un-2-vs-2012\/#article","isPartOf":{"@id":"https:\/\/proagrolab.com.ar\/la-produccion-de-los-primeros-8-meses-de-2013-cayo-un-2-vs-2012\/"},"author":{"name":"proagrolab","@id":"https:\/\/proagrolab.com.ar\/#\/schema\/person\/38003ff90bf80381f71c7d922d207444"},"headline":"La producci\u00f3n de los primeros 8 meses de 2013 cay\u00f3 un 2% vs 2012.","datePublished":"2013-10-18T00:00:01+00:00","mainEntityOfPage":{"@id":"https:\/\/proagrolab.com.ar\/la-produccion-de-los-primeros-8-meses-de-2013-cayo-un-2-vs-2012\/"},"wordCount":510,"publisher":{"@id":"https:\/\/proagrolab.com.ar\/#organization"},"image":{"@id":"https:\/\/proagrolab.com.ar\/la-produccion-de-los-primeros-8-meses-de-2013-cayo-un-2-vs-2012\/#primaryimage"},"thumbnailUrl":"https:\/\/proagrolab.com.ar\/wp-content\/uploads\/2015\/01\/g_vwuedlzbc__Tambo-calesita-6.jpg","articleSection":["News"],"inLanguage":"en-US"},{"@type":"WebPage","@id":"https:\/\/proagrolab.com.ar\/la-produccion-de-los-primeros-8-meses-de-2013-cayo-un-2-vs-2012\/","url":"https:\/\/proagrolab.com.ar\/la-produccion-de-los-primeros-8-meses-de-2013-cayo-un-2-vs-2012\/","name":"La producci\u00f3n de los primeros 8 meses de 2013 cay\u00f3 un 2% vs 2012. | Proagro","isPartOf":{"@id":"https:\/\/proagrolab.com.ar\/#website"},"primaryImageOfPage":{"@id":"https:\/\/proagrolab.com.ar\/la-produccion-de-los-primeros-8-meses-de-2013-cayo-un-2-vs-2012\/#primaryimage"},"image":{"@id":"https:\/\/proagrolab.com.ar\/la-produccion-de-los-primeros-8-meses-de-2013-cayo-un-2-vs-2012\/#primaryimage"},"thumbnailUrl":"https:\/\/proagrolab.com.ar\/wp-content\/uploads\/2015\/01\/g_vwuedlzbc__Tambo-calesita-6.jpg","datePublished":"2013-10-18T00:00:01+00:00","breadcrumb":{"@id":"https:\/\/proagrolab.com.ar\/la-produccion-de-los-primeros-8-meses-de-2013-cayo-un-2-vs-2012\/#breadcrumb"},"inLanguage":"en-US","potentialAction":[{"@type":"ReadAction","target":["https:\/\/proagrolab.com.ar\/la-produccion-de-los-primeros-8-meses-de-2013-cayo-un-2-vs-2012\/"]}]},{"@type":"ImageObject","inLanguage":"en-US","@id":"https:\/\/proagrolab.com.ar\/la-produccion-de-los-primeros-8-meses-de-2013-cayo-un-2-vs-2012\/#primaryimage","url":"https:\/\/proagrolab.com.ar\/wp-content\/uploads\/2015\/01\/g_vwuedlzbc__Tambo-calesita-6.jpg","contentUrl":"https:\/\/proagrolab.com.ar\/wp-content\/uploads\/2015\/01\/g_vwuedlzbc__Tambo-calesita-6.jpg"},{"@type":"BreadcrumbList","@id":"https:\/\/proagrolab.com.ar\/la-produccion-de-los-primeros-8-meses-de-2013-cayo-un-2-vs-2012\/#breadcrumb","itemListElement":[{"@type":"ListItem","position":1,"name":"Portada","item":"https:\/\/proagrolab.com.ar\/"},{"@type":"ListItem","position":2,"name":"La producci\u00f3n de los primeros 8 meses de 2013 cay\u00f3 un 2% vs 2012."}]},{"@type":"WebSite","@id":"https:\/\/proagrolab.com.ar\/#website","url":"https:\/\/proagrolab.com.ar\/","name":"Proagro Laboratorio Veterinario","description":"Veterinary laboratory","publisher":{"@id":"https:\/\/proagrolab.com.ar\/#organization"},"potentialAction":[{"@type":"SearchAction","target":{"@type":"EntryPoint","urlTemplate":"https:\/\/proagrolab.com.ar\/?s={search_term_string}"},"query-input":{"@type":"PropertyValueSpecification","valueRequired":true,"valueName":"search_term_string"}}],"inLanguage":"en-US"},{"@type":"Organization","@id":"https:\/\/proagrolab.com.ar\/#organization","name":"Proagro","url":"https:\/\/proagrolab.com.ar\/","logo":{"@type":"ImageObject","inLanguage":"en-US","@id":"https:\/\/proagrolab.com.ar\/#\/schema\/logo\/image\/","url":"https:\/\/proagrolab.com.ar\/wp-content\/uploads\/2020\/04\/logo-retina.png","contentUrl":"https:\/\/proagrolab.com.ar\/wp-content\/uploads\/2020\/04\/logo-retina.png","width":478,"height":120,"caption":"Proagro"},"image":{"@id":"https:\/\/proagrolab.com.ar\/#\/schema\/logo\/image\/"},"sameAs":["http:\/\/www.facebook.com\/proagrolab","https:\/\/www.instagram.com\/proagrolab\/","https:\/\/www.linkedin.com\/company\/laboratorio-proagro-s-a\/"]},{"@type":"Person","@id":"https:\/\/proagrolab.com.ar\/#\/schema\/person\/38003ff90bf80381f71c7d922d207444","name":"proagrolab"}]}},"_links":{"self":[{"href":"https:\/\/proagrolab.com.ar\/en\/wp-json\/wp\/v2\/posts\/5761","targetHints":{"allow":["GET"]}}],"collection":[{"href":"https:\/\/proagrolab.com.ar\/en\/wp-json\/wp\/v2\/posts"}],"about":[{"href":"https:\/\/proagrolab.com.ar\/en\/wp-json\/wp\/v2\/types\/post"}],"author":[{"embeddable":true,"href":"https:\/\/proagrolab.com.ar\/en\/wp-json\/wp\/v2\/users\/2"}],"replies":[{"embeddable":true,"href":"https:\/\/proagrolab.com.ar\/en\/wp-json\/wp\/v2\/comments?post=5761"}],"version-history":[{"count":0,"href":"https:\/\/proagrolab.com.ar\/en\/wp-json\/wp\/v2\/posts\/5761\/revisions"}],"wp:featuredmedia":[{"embeddable":true,"href":"https:\/\/proagrolab.com.ar\/en\/wp-json\/wp\/v2\/media\/2249"}],"wp:attachment":[{"href":"https:\/\/proagrolab.com.ar\/en\/wp-json\/wp\/v2\/media?parent=5761"}],"wp:term":[{"taxonomy":"category","embeddable":true,"href":"https:\/\/proagrolab.com.ar\/en\/wp-json\/wp\/v2\/categories?post=5761"},{"taxonomy":"post_tag","embeddable":true,"href":"https:\/\/proagrolab.com.ar\/en\/wp-json\/wp\/v2\/tags?post=5761"}],"curies":[{"name":"wp","href":"https:\/\/api.w.org\/{rel}","templated":true}]}}