{"id":5760,"date":"2013-10-18T00:00:01","date_gmt":"2013-10-18T00:00:01","guid":{"rendered":"https:\/\/proagrolab.com.ar\/la-invernada-toma-temperatura\/"},"modified":"2013-10-18T00:00:01","modified_gmt":"2013-10-18T00:00:01","slug":"la-invernada-toma-temperatura","status":"publish","type":"post","link":"https:\/\/proagrolab.com.ar\/en\/la-invernada-toma-temperatura\/","title":{"rendered":"La invernada toma temperatura."},"content":{"rendered":"<p class=\"qtranxs-available-languages-message qtranxs-available-languages-message-en\"> <\/p><p>Por Ignacio Iriarte.<\/p>\n<p>A la suba del valor del ternero, el engordador a corral le suma el encarecimiento del ma\u00edz. Para el a\u00f1o pr\u00f3ximo, la cantidad de terneros destetados no tendr\u00eda cambios respecto de la zafra actual y la de 2012.<br \/>Durante la \u00faltima campa\u00f1a de vacunaci\u00f3n contra la aftosa (la primera de 2013) se habr\u00edan encontrado unos 13,9 millones de terneros, unas 200 a 300 mil cabezas menos que lo que se estimaba hasta hace poco.<\/p>\n<p>Esta merma tendr\u00eda su causa en la seca que afect\u00f3 buena parte del pa\u00eds durante el servicio 2011\/2012, entre diciembre y enero, que habr\u00eda determinado una ca\u00edda en la pre\u00f1ez superior a lo que calcul\u00f3 en un primer momento.<\/p>\n<p>La cantidad de terneros encontrados este \u00faltimo oto\u00f1o iguala el n\u00famero de destetes del a\u00f1o anterior (2012), y marca que el n\u00famero de terneros destetados, que toc\u00f3 un m\u00e1ximo en 2007 con 15,4 millones, y un piso en el 2010 con 12,6 millones, creci\u00f3 s\u00f3lo dos a\u00f1os (2010-2012) para despu\u00e9s estancarse.<\/p>\n<p>El destete del a\u00f1o pr\u00f3ximo (2014), que se corresponder\u00eda con los terneros que hoy est\u00e1n en plena parici\u00f3n, probablemente no tenga diferencia con respecto al destete 2012 y 2013.<\/p>\n<p>Pero todo indica que el pobre estado corporal con que est\u00e1n recibiendo servicio los vientres durante esta primavera determinar\u00e1 una parici\u00f3n inferior el a\u00f1o pr\u00f3ximo (2014) y un destete tambi\u00e9n inferior para el oto\u00f1o de 2015.<\/p>\n<p><i>Relaciones<\/i><br \/>La relaci\u00f3n ternero\/vaca, un indicador aproximado de la tasa de destete a nivel nacional, habr\u00eda pasado del 66 por ciento en 2012 a un 63,6 por ciento en 2013. Muy lejos del 70 por ciento que se observaba en la d\u00e9cada del 1990.<\/p>\n<p>As\u00ed las cosas, y si calculamos la mortandad de ganado adulto en el orden de las 800 mil cabezas anuales, y la entrada al stock del orden de los 13,9 millones de terneros, la faena de equilibrio no podr\u00eda pasar los 13,1 millones.<\/p>\n<p>La tendencia actual de la faena es hacia una matanza anual del orden de los 13 millones de cabezas, por lo que el resultado de la interacci\u00f3n de estas tres variables todav\u00eda estar\u00eda dando un crecimiento muy peque\u00f1o (0,2 por ciento) del stock ganadero.<\/p>\n<p>Obs\u00e9rvese que la mortandad que incluimos en el c\u00e1lculo de balance de stock es la hist\u00f3rica (dos por ciento del ganado adulto), pero todo indica que este a\u00f1o, y a causa de la grave seca que se extiende sobre gran parte del pa\u00eds, la mortandad puede estar muy por encima de ese registro promedio.<\/p>\n<p>Los feedlots estuvieron reponiendo hasta fin de agosto, con un primer ciclo de engorde que dej\u00f3 m\u00e1rgenes ajustados, pero positivos.<\/p>\n<p>A partir de ese momento, especialmente desde la segunda quincena de septiembre, las cosas han vuelto a complicarse.<\/p>\n<p>Con precios para el gordo planchados, la invernada ha subido m\u00e1s de un peso por kilo vivo, en un marco de escasez de terneros, propio de la \u00e9poca del a\u00f1o en que estamos. Tambi\u00e9n generado por una demanda muy firme por parte de feedlots profesionales, feedlots de estancia y hasta de invernadores pastoriles.<\/p>\n<p>Los feedlots no s\u00f3lo est\u00e1n enfrentando el recalentamiento de la invernada; la cotizaci\u00f3n dom\u00e9stica del ma\u00edz en los \u00faltimos 45 d\u00edas se ha tonificado, subiendo el costo de la alimentaci\u00f3n en lo corrales, que ven\u00eda siendo en lo que va del a\u00f1o la variable que se comportaba de modo m\u00e1s favorable para la actividad.<\/p>\n<p>Los \u0093feedloteros\u0094 no s\u00f3lo tienen dificultades crecientes para conseguir ma\u00edz, en un momento del a\u00f1o en que tendr\u00edan que conseguirlo sin dificultad.<\/p>\n<p>Los engordadores ven con preocupaci\u00f3n que este faltante del cereal podr\u00eda acentuarse en los pr\u00f3ximos meses y, dado que la siembra de la pr\u00f3xima campa\u00f1a ser\u00e1 menor en superficie y adem\u00e1s est\u00e1 muy atrasada, temen que todo esto termine en un faltante de este grano en los primeros meses del a\u00f1o pr\u00f3ximo.<\/p>\n<p>Fuente: La Voz del Interior, 18 de octubre.<br \/><\/p>","protected":false},"excerpt":{"rendered":"<p>Por Ignacio Iriarte. A la suba del valor del ternero, el engordador a corral le suma el encarecimiento del ma\u00edz. Para el a\u00f1o pr\u00f3ximo, la cantidad de terneros destetados no tendr\u00eda cambios respecto de la zafra actual y la de 2012.Durante la \u00faltima campa\u00f1a de vacunaci\u00f3n contra la aftosa (la primera de 2013) se habr\u00edan encontrado unos 13,9 millones de terneros, unas 200 a 300 mil cabezas menos que lo que se estimaba hasta hace poco. Esta merma tendr\u00eda su causa en la seca que afect\u00f3 buena parte del pa\u00eds durante el servicio 2011\/2012, entre diciembre y enero, que habr\u00eda determinado una ca\u00edda en la pre\u00f1ez superior a lo que calcul\u00f3 en un primer momento. La cantidad de terneros encontrados este \u00faltimo oto\u00f1o iguala el n\u00famero de destetes del a\u00f1o anterior (2012), y marca que el n\u00famero de terneros destetados, que toc\u00f3 un m\u00e1ximo en 2007 con 15,4 millones, y un piso en el 2010 con 12,6 millones, creci\u00f3 s\u00f3lo dos a\u00f1os (2010-2012) para despu\u00e9s estancarse. El destete del a\u00f1o pr\u00f3ximo (2014), que se corresponder\u00eda con los terneros que hoy est\u00e1n en plena parici\u00f3n, probablemente no tenga diferencia con respecto al destete 2012 y 2013. Pero todo indica que el [&hellip;]<\/p>\n","protected":false},"author":2,"featured_media":2248,"comment_status":"closed","ping_status":"open","sticky":false,"template":"","format":"standard","meta":{"_acf_changed":false,"footnotes":""},"categories":[56],"tags":[],"class_list":["post-5760","post","type-post","status-publish","format-standard","has-post-thumbnail","hentry","category-infoganadero"],"acf":[],"yoast_head":"<!-- This site is optimized with the Yoast SEO plugin v27.5 - https:\/\/yoast.com\/product\/yoast-seo-wordpress\/ -->\n<title>La invernada toma temperatura. | Proagro<\/title>\n<meta name=\"robots\" content=\"index, follow, max-snippet:-1, max-image-preview:large, max-video-preview:-1\" \/>\n<link rel=\"canonical\" href=\"https:\/\/proagrolab.com.ar\/en\/la-invernada-toma-temperatura\/\" \/>\n<meta property=\"og:locale\" content=\"en_US\" \/>\n<meta property=\"og:type\" content=\"article\" \/>\n<meta property=\"og:title\" content=\"La invernada toma temperatura. | Proagro\" \/>\n<meta property=\"og:description\" content=\"Por Ignacio Iriarte. A la suba del valor del ternero, el engordador a corral le suma el encarecimiento del ma\u00edz. Para el a\u00f1o pr\u00f3ximo, la cantidad de terneros destetados no tendr\u00eda cambios respecto de la zafra actual y la de 2012.Durante la \u00faltima campa\u00f1a de vacunaci\u00f3n contra la aftosa (la primera de 2013) se habr\u00edan encontrado unos 13,9 millones de terneros, unas 200 a 300 mil cabezas menos que lo que se estimaba hasta hace poco. Esta merma tendr\u00eda su causa en la seca que afect\u00f3 buena parte del pa\u00eds durante el servicio 2011\/2012, entre diciembre y enero, que habr\u00eda determinado una ca\u00edda en la pre\u00f1ez superior a lo que calcul\u00f3 en un primer momento. La cantidad de terneros encontrados este \u00faltimo oto\u00f1o iguala el n\u00famero de destetes del a\u00f1o anterior (2012), y marca que el n\u00famero de terneros destetados, que toc\u00f3 un m\u00e1ximo en 2007 con 15,4 millones, y un piso en el 2010 con 12,6 millones, creci\u00f3 s\u00f3lo dos a\u00f1os (2010-2012) para despu\u00e9s estancarse. El destete del a\u00f1o pr\u00f3ximo (2014), que se corresponder\u00eda con los terneros que hoy est\u00e1n en plena parici\u00f3n, probablemente no tenga diferencia con respecto al destete 2012 y 2013. Pero todo indica que el [&hellip;]\" \/>\n<meta property=\"og:url\" content=\"https:\/\/proagrolab.com.ar\/la-invernada-toma-temperatura\/\" \/>\n<meta property=\"og:site_name\" content=\"Proagro\" \/>\n<meta property=\"article:publisher\" content=\"http:\/\/www.facebook.com\/proagrolab\" \/>\n<meta property=\"article:published_time\" content=\"2013-10-18T00:00:01+00:00\" \/>\n<meta property=\"og:image\" content=\"https:\/\/proagrolab.com.ar\/wp-content\/uploads\/2015\/01\/g_wzfi24nah__Bovinos-pastando.jpg\" \/>\n\t<meta property=\"og:image:width\" content=\"1\" \/>\n\t<meta property=\"og:image:height\" content=\"1\" \/>\n\t<meta property=\"og:image:type\" content=\"image\/jpeg\" \/>\n<meta name=\"author\" content=\"proagrolab\" \/>\n<meta name=\"twitter:card\" content=\"summary_large_image\" \/>\n<meta name=\"twitter:label1\" content=\"Written by\" \/>\n\t<meta name=\"twitter:data1\" content=\"proagrolab\" \/>\n\t<meta name=\"twitter:label2\" content=\"Est. reading time\" \/>\n\t<meta name=\"twitter:data2\" content=\"3 minutes\" \/>\n<script type=\"application\/ld+json\" class=\"yoast-schema-graph\">{\"@context\":\"https:\\\/\\\/schema.org\",\"@graph\":[{\"@type\":\"Article\",\"@id\":\"https:\\\/\\\/proagrolab.com.ar\\\/la-invernada-toma-temperatura\\\/#article\",\"isPartOf\":{\"@id\":\"https:\\\/\\\/proagrolab.com.ar\\\/la-invernada-toma-temperatura\\\/\"},\"author\":{\"name\":\"proagrolab\",\"@id\":\"https:\\\/\\\/proagrolab.com.ar\\\/#\\\/schema\\\/person\\\/38003ff90bf80381f71c7d922d207444\"},\"headline\":\"La invernada toma temperatura.\",\"datePublished\":\"2013-10-18T00:00:01+00:00\",\"mainEntityOfPage\":{\"@id\":\"https:\\\/\\\/proagrolab.com.ar\\\/la-invernada-toma-temperatura\\\/\"},\"wordCount\":690,\"publisher\":{\"@id\":\"https:\\\/\\\/proagrolab.com.ar\\\/#organization\"},\"image\":{\"@id\":\"https:\\\/\\\/proagrolab.com.ar\\\/la-invernada-toma-temperatura\\\/#primaryimage\"},\"thumbnailUrl\":\"https:\\\/\\\/proagrolab.com.ar\\\/wp-content\\\/uploads\\\/2015\\\/01\\\/g_wzfi24nah__Bovinos-pastando.jpg\",\"articleSection\":[\"News\"],\"inLanguage\":\"en-US\"},{\"@type\":\"WebPage\",\"@id\":\"https:\\\/\\\/proagrolab.com.ar\\\/la-invernada-toma-temperatura\\\/\",\"url\":\"https:\\\/\\\/proagrolab.com.ar\\\/la-invernada-toma-temperatura\\\/\",\"name\":\"La invernada toma temperatura. | Proagro\",\"isPartOf\":{\"@id\":\"https:\\\/\\\/proagrolab.com.ar\\\/#website\"},\"primaryImageOfPage\":{\"@id\":\"https:\\\/\\\/proagrolab.com.ar\\\/la-invernada-toma-temperatura\\\/#primaryimage\"},\"image\":{\"@id\":\"https:\\\/\\\/proagrolab.com.ar\\\/la-invernada-toma-temperatura\\\/#primaryimage\"},\"thumbnailUrl\":\"https:\\\/\\\/proagrolab.com.ar\\\/wp-content\\\/uploads\\\/2015\\\/01\\\/g_wzfi24nah__Bovinos-pastando.jpg\",\"datePublished\":\"2013-10-18T00:00:01+00:00\",\"breadcrumb\":{\"@id\":\"https:\\\/\\\/proagrolab.com.ar\\\/la-invernada-toma-temperatura\\\/#breadcrumb\"},\"inLanguage\":\"en-US\",\"potentialAction\":[{\"@type\":\"ReadAction\",\"target\":[\"https:\\\/\\\/proagrolab.com.ar\\\/la-invernada-toma-temperatura\\\/\"]}]},{\"@type\":\"ImageObject\",\"inLanguage\":\"en-US\",\"@id\":\"https:\\\/\\\/proagrolab.com.ar\\\/la-invernada-toma-temperatura\\\/#primaryimage\",\"url\":\"https:\\\/\\\/proagrolab.com.ar\\\/wp-content\\\/uploads\\\/2015\\\/01\\\/g_wzfi24nah__Bovinos-pastando.jpg\",\"contentUrl\":\"https:\\\/\\\/proagrolab.com.ar\\\/wp-content\\\/uploads\\\/2015\\\/01\\\/g_wzfi24nah__Bovinos-pastando.jpg\"},{\"@type\":\"BreadcrumbList\",\"@id\":\"https:\\\/\\\/proagrolab.com.ar\\\/la-invernada-toma-temperatura\\\/#breadcrumb\",\"itemListElement\":[{\"@type\":\"ListItem\",\"position\":1,\"name\":\"Portada\",\"item\":\"https:\\\/\\\/proagrolab.com.ar\\\/\"},{\"@type\":\"ListItem\",\"position\":2,\"name\":\"La invernada toma temperatura.\"}]},{\"@type\":\"WebSite\",\"@id\":\"https:\\\/\\\/proagrolab.com.ar\\\/#website\",\"url\":\"https:\\\/\\\/proagrolab.com.ar\\\/\",\"name\":\"Proagro Laboratorio Veterinario\",\"description\":\"Veterinary laboratory\",\"publisher\":{\"@id\":\"https:\\\/\\\/proagrolab.com.ar\\\/#organization\"},\"potentialAction\":[{\"@type\":\"SearchAction\",\"target\":{\"@type\":\"EntryPoint\",\"urlTemplate\":\"https:\\\/\\\/proagrolab.com.ar\\\/?s={search_term_string}\"},\"query-input\":{\"@type\":\"PropertyValueSpecification\",\"valueRequired\":true,\"valueName\":\"search_term_string\"}}],\"inLanguage\":\"en-US\"},{\"@type\":\"Organization\",\"@id\":\"https:\\\/\\\/proagrolab.com.ar\\\/#organization\",\"name\":\"Proagro\",\"url\":\"https:\\\/\\\/proagrolab.com.ar\\\/\",\"logo\":{\"@type\":\"ImageObject\",\"inLanguage\":\"en-US\",\"@id\":\"https:\\\/\\\/proagrolab.com.ar\\\/#\\\/schema\\\/logo\\\/image\\\/\",\"url\":\"https:\\\/\\\/proagrolab.com.ar\\\/wp-content\\\/uploads\\\/2020\\\/04\\\/logo-retina.png\",\"contentUrl\":\"https:\\\/\\\/proagrolab.com.ar\\\/wp-content\\\/uploads\\\/2020\\\/04\\\/logo-retina.png\",\"width\":478,\"height\":120,\"caption\":\"Proagro\"},\"image\":{\"@id\":\"https:\\\/\\\/proagrolab.com.ar\\\/#\\\/schema\\\/logo\\\/image\\\/\"},\"sameAs\":[\"http:\\\/\\\/www.facebook.com\\\/proagrolab\",\"https:\\\/\\\/www.instagram.com\\\/proagrolab\\\/\",\"https:\\\/\\\/www.linkedin.com\\\/company\\\/laboratorio-proagro-s-a\\\/\"]},{\"@type\":\"Person\",\"@id\":\"https:\\\/\\\/proagrolab.com.ar\\\/#\\\/schema\\\/person\\\/38003ff90bf80381f71c7d922d207444\",\"name\":\"proagrolab\"}]}<\/script>\n<!-- \/ Yoast SEO plugin. -->","yoast_head_json":{"title":"La invernada toma temperatura. | Proagro","robots":{"index":"index","follow":"follow","max-snippet":"max-snippet:-1","max-image-preview":"max-image-preview:large","max-video-preview":"max-video-preview:-1"},"canonical":"https:\/\/proagrolab.com.ar\/en\/la-invernada-toma-temperatura\/","og_locale":"en_US","og_type":"article","og_title":"La invernada toma temperatura. | Proagro","og_description":"Por Ignacio Iriarte. A la suba del valor del ternero, el engordador a corral le suma el encarecimiento del ma\u00edz. Para el a\u00f1o pr\u00f3ximo, la cantidad de terneros destetados no tendr\u00eda cambios respecto de la zafra actual y la de 2012.Durante la \u00faltima campa\u00f1a de vacunaci\u00f3n contra la aftosa (la primera de 2013) se habr\u00edan encontrado unos 13,9 millones de terneros, unas 200 a 300 mil cabezas menos que lo que se estimaba hasta hace poco. Esta merma tendr\u00eda su causa en la seca que afect\u00f3 buena parte del pa\u00eds durante el servicio 2011\/2012, entre diciembre y enero, que habr\u00eda determinado una ca\u00edda en la pre\u00f1ez superior a lo que calcul\u00f3 en un primer momento. La cantidad de terneros encontrados este \u00faltimo oto\u00f1o iguala el n\u00famero de destetes del a\u00f1o anterior (2012), y marca que el n\u00famero de terneros destetados, que toc\u00f3 un m\u00e1ximo en 2007 con 15,4 millones, y un piso en el 2010 con 12,6 millones, creci\u00f3 s\u00f3lo dos a\u00f1os (2010-2012) para despu\u00e9s estancarse. El destete del a\u00f1o pr\u00f3ximo (2014), que se corresponder\u00eda con los terneros que hoy est\u00e1n en plena parici\u00f3n, probablemente no tenga diferencia con respecto al destete 2012 y 2013. Pero todo indica que el [&hellip;]","og_url":"https:\/\/proagrolab.com.ar\/la-invernada-toma-temperatura\/","og_site_name":"Proagro","article_publisher":"http:\/\/www.facebook.com\/proagrolab","article_published_time":"2013-10-18T00:00:01+00:00","og_image":[{"url":"https:\/\/proagrolab.com.ar\/wp-content\/uploads\/2015\/01\/g_wzfi24nah__Bovinos-pastando.jpg","width":1,"height":1,"type":"image\/jpeg"}],"author":"proagrolab","twitter_card":"summary_large_image","twitter_misc":{"Written by":"proagrolab","Est. reading time":"3 minutes"},"schema":{"@context":"https:\/\/schema.org","@graph":[{"@type":"Article","@id":"https:\/\/proagrolab.com.ar\/la-invernada-toma-temperatura\/#article","isPartOf":{"@id":"https:\/\/proagrolab.com.ar\/la-invernada-toma-temperatura\/"},"author":{"name":"proagrolab","@id":"https:\/\/proagrolab.com.ar\/#\/schema\/person\/38003ff90bf80381f71c7d922d207444"},"headline":"La invernada toma temperatura.","datePublished":"2013-10-18T00:00:01+00:00","mainEntityOfPage":{"@id":"https:\/\/proagrolab.com.ar\/la-invernada-toma-temperatura\/"},"wordCount":690,"publisher":{"@id":"https:\/\/proagrolab.com.ar\/#organization"},"image":{"@id":"https:\/\/proagrolab.com.ar\/la-invernada-toma-temperatura\/#primaryimage"},"thumbnailUrl":"https:\/\/proagrolab.com.ar\/wp-content\/uploads\/2015\/01\/g_wzfi24nah__Bovinos-pastando.jpg","articleSection":["News"],"inLanguage":"en-US"},{"@type":"WebPage","@id":"https:\/\/proagrolab.com.ar\/la-invernada-toma-temperatura\/","url":"https:\/\/proagrolab.com.ar\/la-invernada-toma-temperatura\/","name":"La invernada toma temperatura. | Proagro","isPartOf":{"@id":"https:\/\/proagrolab.com.ar\/#website"},"primaryImageOfPage":{"@id":"https:\/\/proagrolab.com.ar\/la-invernada-toma-temperatura\/#primaryimage"},"image":{"@id":"https:\/\/proagrolab.com.ar\/la-invernada-toma-temperatura\/#primaryimage"},"thumbnailUrl":"https:\/\/proagrolab.com.ar\/wp-content\/uploads\/2015\/01\/g_wzfi24nah__Bovinos-pastando.jpg","datePublished":"2013-10-18T00:00:01+00:00","breadcrumb":{"@id":"https:\/\/proagrolab.com.ar\/la-invernada-toma-temperatura\/#breadcrumb"},"inLanguage":"en-US","potentialAction":[{"@type":"ReadAction","target":["https:\/\/proagrolab.com.ar\/la-invernada-toma-temperatura\/"]}]},{"@type":"ImageObject","inLanguage":"en-US","@id":"https:\/\/proagrolab.com.ar\/la-invernada-toma-temperatura\/#primaryimage","url":"https:\/\/proagrolab.com.ar\/wp-content\/uploads\/2015\/01\/g_wzfi24nah__Bovinos-pastando.jpg","contentUrl":"https:\/\/proagrolab.com.ar\/wp-content\/uploads\/2015\/01\/g_wzfi24nah__Bovinos-pastando.jpg"},{"@type":"BreadcrumbList","@id":"https:\/\/proagrolab.com.ar\/la-invernada-toma-temperatura\/#breadcrumb","itemListElement":[{"@type":"ListItem","position":1,"name":"Portada","item":"https:\/\/proagrolab.com.ar\/"},{"@type":"ListItem","position":2,"name":"La invernada toma temperatura."}]},{"@type":"WebSite","@id":"https:\/\/proagrolab.com.ar\/#website","url":"https:\/\/proagrolab.com.ar\/","name":"Proagro Laboratorio Veterinario","description":"Veterinary laboratory","publisher":{"@id":"https:\/\/proagrolab.com.ar\/#organization"},"potentialAction":[{"@type":"SearchAction","target":{"@type":"EntryPoint","urlTemplate":"https:\/\/proagrolab.com.ar\/?s={search_term_string}"},"query-input":{"@type":"PropertyValueSpecification","valueRequired":true,"valueName":"search_term_string"}}],"inLanguage":"en-US"},{"@type":"Organization","@id":"https:\/\/proagrolab.com.ar\/#organization","name":"Proagro","url":"https:\/\/proagrolab.com.ar\/","logo":{"@type":"ImageObject","inLanguage":"en-US","@id":"https:\/\/proagrolab.com.ar\/#\/schema\/logo\/image\/","url":"https:\/\/proagrolab.com.ar\/wp-content\/uploads\/2020\/04\/logo-retina.png","contentUrl":"https:\/\/proagrolab.com.ar\/wp-content\/uploads\/2020\/04\/logo-retina.png","width":478,"height":120,"caption":"Proagro"},"image":{"@id":"https:\/\/proagrolab.com.ar\/#\/schema\/logo\/image\/"},"sameAs":["http:\/\/www.facebook.com\/proagrolab","https:\/\/www.instagram.com\/proagrolab\/","https:\/\/www.linkedin.com\/company\/laboratorio-proagro-s-a\/"]},{"@type":"Person","@id":"https:\/\/proagrolab.com.ar\/#\/schema\/person\/38003ff90bf80381f71c7d922d207444","name":"proagrolab"}]}},"_links":{"self":[{"href":"https:\/\/proagrolab.com.ar\/en\/wp-json\/wp\/v2\/posts\/5760","targetHints":{"allow":["GET"]}}],"collection":[{"href":"https:\/\/proagrolab.com.ar\/en\/wp-json\/wp\/v2\/posts"}],"about":[{"href":"https:\/\/proagrolab.com.ar\/en\/wp-json\/wp\/v2\/types\/post"}],"author":[{"embeddable":true,"href":"https:\/\/proagrolab.com.ar\/en\/wp-json\/wp\/v2\/users\/2"}],"replies":[{"embeddable":true,"href":"https:\/\/proagrolab.com.ar\/en\/wp-json\/wp\/v2\/comments?post=5760"}],"version-history":[{"count":0,"href":"https:\/\/proagrolab.com.ar\/en\/wp-json\/wp\/v2\/posts\/5760\/revisions"}],"wp:featuredmedia":[{"embeddable":true,"href":"https:\/\/proagrolab.com.ar\/en\/wp-json\/wp\/v2\/media\/2248"}],"wp:attachment":[{"href":"https:\/\/proagrolab.com.ar\/en\/wp-json\/wp\/v2\/media?parent=5760"}],"wp:term":[{"taxonomy":"category","embeddable":true,"href":"https:\/\/proagrolab.com.ar\/en\/wp-json\/wp\/v2\/categories?post=5760"},{"taxonomy":"post_tag","embeddable":true,"href":"https:\/\/proagrolab.com.ar\/en\/wp-json\/wp\/v2\/tags?post=5760"}],"curies":[{"name":"wp","href":"https:\/\/api.w.org\/{rel}","templated":true}]}}