{"id":5757,"date":"2013-10-18T00:00:01","date_gmt":"2013-10-18T00:00:01","guid":{"rendered":"https:\/\/proagrolab.com.ar\/la-emergencia-agropecuaria-llego-tarde-y-para-pocos-ceea\/"},"modified":"2013-10-18T00:00:01","modified_gmt":"2013-10-18T00:00:01","slug":"la-emergencia-agropecuaria-llego-tarde-y-para-pocos-ceea","status":"publish","type":"post","link":"https:\/\/proagrolab.com.ar\/en\/la-emergencia-agropecuaria-llego-tarde-y-para-pocos-ceea\/","title":{"rendered":"La Emergencia Agropecuaria lleg\u00f3 tarde y para pocos- CEEA."},"content":{"rendered":"<p class=\"qtranxs-available-languages-message qtranxs-available-languages-message-en\"> <\/p><p>La CEEA agreg\u00f3 que \u0093hasta el d\u00eda de hoy no se han tenido en cuenta las homologaciones en las declaraciones de emergencia agropecuaria a nivel nacional de provincias como Catamarca, C\u00f3rdoba, Jujuy, Santiago del Estero, Mendoza, Entre R\u00edos y Tucum\u00e1n.<br \/>La Comisi\u00f3n de Enlace de Entidades Agropecuarias (CEEA) emiti\u00f3 un comunicado de prensa acerca de la declaraci\u00f3n de emergencia agropecuaria y\/o desastre que emiti\u00f3 el Ministerio de Agricultura, Ganader\u00eda y Pesca de la Naci\u00f3n (MinAgri) mediante la Resoluci\u00f3n 992\/2013, en el que asegur\u00f3 que \u0093alcanz\u00f3 solo algunas provincias y en forma tard\u00eda, dejando de lado, por ejemplo, para la provincia de Salta la declaraci\u00f3n de Emergencia para actividades como ma\u00edz, soja y ganader\u00eda. Despu\u00e9s de un a\u00f1o y medio de demora en cumplir con sus funciones para algunas provincias y en tiempo record para otras, parece que existen hijos entenados y abandonados\u0094. <\/p>\n<p>Asimismo, las entidades ruralistas agregaron que \u0093hasta el d\u00eda de hoy no se han tenido en cuenta las homologaciones en las declaraciones de emergencia agropecuaria a nivel nacional de provincias como Catamarca, C\u00f3rdoba, Jujuy, Santiago del Estero, Mendoza, Entre R\u00edos y Tucum\u00e1n.&nbsp; Similar situaci\u00f3n se da en zonas de Buenos Aires, C\u00f3rdoba y Santa Fe, que desde hace casi dos a\u00f1os esperan respuesta del Ministerio de Agricultura para que se declare la emergencia y que sus productores puedan tener alg\u00fan paliativo ante la grave situaci\u00f3n que atraviesan\u0094. <br \/>\u0093Como es de p\u00fablico conocimiento la declaraci\u00f3n de emergencia brinda a los productores agropecuarios afectados la posibilidad de aspirar a paliativos que pueden otorgar las instituciones bancarias nacionales, oficiales o mixtas y la Administraci\u00f3n Federal de Ingresos P\u00fablicos (AFIP). Sin embargo, y a pesar de la dif\u00edcil situaci\u00f3n en la que se encuentran, otros productores quedan excluidos de estos paliativos, lo que implica una clara discriminaci\u00f3n\u0094, declar\u00f3 la CEEA.<\/p>\n<p>La CEEA asegur\u00f3 que la Comisi\u00f3n Nacional de Emergencias y Desastres Agropecuarios (CNEyDA) se reuni\u00f3 el 9 de octubre de 2013 para el tratamiento de los estados de emergencia y\/o desastre agropecuarios ocurridos en las provincias del Chaco, Santa Fe, R\u00edo Negro, Buenos Aires, Salta y La Rioja, \u0093sin citar a las entidades agropecuarias para su tratamiento, a pesar de las notas enviadas al Ministro el 8 de julio y el 1 de octubre del presente a\u00f1o donde se manifestaba la urgente necesidad de convocar a la mencionada Comisi\u00f3n\u0094.<\/p>\n<p>Y concluy\u00f3 la CEEA en su comunicado: \u0093Es as\u00ed como hasta el d\u00eda de hoy persiste la falta de tratamiento de las provincias mencionadas, con casos que llegan a los dos a\u00f1os de espera para su homologaci\u00f3n&nbsp; gracias a las demoras del ministro de Agricultura, Norberto Yauhar. Pareciera que el federalismo y la Rep\u00fablica funcionan solo para algunas provincias. Otras quedan sumidas en la desatenci\u00f3n a pesar de atravesar una problem\u00e1tica que est\u00e1 perjudicando seriamente a miles de productores en todo el territorio nacional\u0094.<\/p>\n<p>Fuente: Agrositio, 18 de octubre.<br \/><\/p>","protected":false},"excerpt":{"rendered":"<p>La CEEA agreg\u00f3 que \u0093hasta el d\u00eda de hoy no se han tenido en cuenta las homologaciones en las declaraciones de emergencia agropecuaria a nivel nacional de provincias como Catamarca, C\u00f3rdoba, Jujuy, Santiago del Estero, Mendoza, Entre R\u00edos y Tucum\u00e1n.La Comisi\u00f3n de Enlace de Entidades Agropecuarias (CEEA) emiti\u00f3 un comunicado de prensa acerca de la declaraci\u00f3n de emergencia agropecuaria y\/o desastre que emiti\u00f3 el Ministerio de Agricultura, Ganader\u00eda y Pesca de la Naci\u00f3n (MinAgri) mediante la Resoluci\u00f3n 992\/2013, en el que asegur\u00f3 que \u0093alcanz\u00f3 solo algunas provincias y en forma tard\u00eda, dejando de lado, por ejemplo, para la provincia de Salta la declaraci\u00f3n de Emergencia para actividades como ma\u00edz, soja y ganader\u00eda. Despu\u00e9s de un a\u00f1o y medio de demora en cumplir con sus funciones para algunas provincias y en tiempo record para otras, parece que existen hijos entenados y abandonados\u0094. Asimismo, las entidades ruralistas agregaron que \u0093hasta el d\u00eda de hoy no se han tenido en cuenta las homologaciones en las declaraciones de emergencia agropecuaria a nivel nacional de provincias como Catamarca, C\u00f3rdoba, Jujuy, Santiago del Estero, Mendoza, Entre R\u00edos y Tucum\u00e1n.&nbsp; Similar situaci\u00f3n se da en zonas de Buenos Aires, C\u00f3rdoba y Santa Fe, que desde hace casi [&hellip;]<\/p>\n","protected":false},"author":2,"featured_media":2245,"comment_status":"closed","ping_status":"open","sticky":false,"template":"","format":"standard","meta":{"_acf_changed":false,"footnotes":""},"categories":[56],"tags":[],"class_list":["post-5757","post","type-post","status-publish","format-standard","has-post-thumbnail","hentry","category-infoganadero"],"acf":[],"yoast_head":"<!-- This site is optimized with the Yoast SEO plugin v27.5 - https:\/\/yoast.com\/product\/yoast-seo-wordpress\/ -->\n<title>La Emergencia Agropecuaria lleg\u00f3 tarde y para pocos- CEEA. | Proagro<\/title>\n<meta name=\"robots\" content=\"index, follow, max-snippet:-1, max-image-preview:large, max-video-preview:-1\" \/>\n<link rel=\"canonical\" href=\"https:\/\/proagrolab.com.ar\/en\/la-emergencia-agropecuaria-llego-tarde-y-para-pocos-ceea\/\" \/>\n<meta property=\"og:locale\" content=\"en_US\" \/>\n<meta property=\"og:type\" content=\"article\" \/>\n<meta property=\"og:title\" content=\"La Emergencia Agropecuaria lleg\u00f3 tarde y para pocos- CEEA. | Proagro\" \/>\n<meta property=\"og:description\" content=\"La CEEA agreg\u00f3 que \u0093hasta el d\u00eda de hoy no se han tenido en cuenta las homologaciones en las declaraciones de emergencia agropecuaria a nivel nacional de provincias como Catamarca, C\u00f3rdoba, Jujuy, Santiago del Estero, Mendoza, Entre R\u00edos y Tucum\u00e1n.La Comisi\u00f3n de Enlace de Entidades Agropecuarias (CEEA) emiti\u00f3 un comunicado de prensa acerca de la declaraci\u00f3n de emergencia agropecuaria y\/o desastre que emiti\u00f3 el Ministerio de Agricultura, Ganader\u00eda y Pesca de la Naci\u00f3n (MinAgri) mediante la Resoluci\u00f3n 992\/2013, en el que asegur\u00f3 que \u0093alcanz\u00f3 solo algunas provincias y en forma tard\u00eda, dejando de lado, por ejemplo, para la provincia de Salta la declaraci\u00f3n de Emergencia para actividades como ma\u00edz, soja y ganader\u00eda. Despu\u00e9s de un a\u00f1o y medio de demora en cumplir con sus funciones para algunas provincias y en tiempo record para otras, parece que existen hijos entenados y abandonados\u0094. Asimismo, las entidades ruralistas agregaron que \u0093hasta el d\u00eda de hoy no se han tenido en cuenta las homologaciones en las declaraciones de emergencia agropecuaria a nivel nacional de provincias como Catamarca, C\u00f3rdoba, Jujuy, Santiago del Estero, Mendoza, Entre R\u00edos y Tucum\u00e1n.&nbsp; Similar situaci\u00f3n se da en zonas de Buenos Aires, C\u00f3rdoba y Santa Fe, que desde hace casi [&hellip;]\" \/>\n<meta property=\"og:url\" content=\"https:\/\/proagrolab.com.ar\/la-emergencia-agropecuaria-llego-tarde-y-para-pocos-ceea\/\" \/>\n<meta property=\"og:site_name\" content=\"Proagro\" \/>\n<meta property=\"article:publisher\" content=\"http:\/\/www.facebook.com\/proagrolab\" \/>\n<meta property=\"article:published_time\" content=\"2013-10-18T00:00:01+00:00\" \/>\n<meta property=\"og:image\" content=\"https:\/\/proagrolab.com.ar\/wp-content\/uploads\/2015\/01\/g_47ig4vz0o__Lluvia-en-el-campo-2.jpg\" \/>\n\t<meta property=\"og:image:width\" content=\"450\" \/>\n\t<meta property=\"og:image:height\" content=\"208\" \/>\n\t<meta property=\"og:image:type\" content=\"image\/jpeg\" \/>\n<meta name=\"author\" content=\"proagrolab\" \/>\n<meta name=\"twitter:card\" content=\"summary_large_image\" \/>\n<meta name=\"twitter:label1\" content=\"Written by\" \/>\n\t<meta name=\"twitter:data1\" content=\"proagrolab\" \/>\n\t<meta name=\"twitter:label2\" content=\"Est. reading time\" \/>\n\t<meta name=\"twitter:data2\" content=\"3 minutes\" \/>\n<script type=\"application\/ld+json\" class=\"yoast-schema-graph\">{\"@context\":\"https:\\\/\\\/schema.org\",\"@graph\":[{\"@type\":\"Article\",\"@id\":\"https:\\\/\\\/proagrolab.com.ar\\\/la-emergencia-agropecuaria-llego-tarde-y-para-pocos-ceea\\\/#article\",\"isPartOf\":{\"@id\":\"https:\\\/\\\/proagrolab.com.ar\\\/la-emergencia-agropecuaria-llego-tarde-y-para-pocos-ceea\\\/\"},\"author\":{\"name\":\"proagrolab\",\"@id\":\"https:\\\/\\\/proagrolab.com.ar\\\/#\\\/schema\\\/person\\\/38003ff90bf80381f71c7d922d207444\"},\"headline\":\"La Emergencia Agropecuaria lleg\u00f3 tarde y para pocos- CEEA.\",\"datePublished\":\"2013-10-18T00:00:01+00:00\",\"mainEntityOfPage\":{\"@id\":\"https:\\\/\\\/proagrolab.com.ar\\\/la-emergencia-agropecuaria-llego-tarde-y-para-pocos-ceea\\\/\"},\"wordCount\":524,\"publisher\":{\"@id\":\"https:\\\/\\\/proagrolab.com.ar\\\/#organization\"},\"image\":{\"@id\":\"https:\\\/\\\/proagrolab.com.ar\\\/la-emergencia-agropecuaria-llego-tarde-y-para-pocos-ceea\\\/#primaryimage\"},\"thumbnailUrl\":\"https:\\\/\\\/proagrolab.com.ar\\\/wp-content\\\/uploads\\\/2015\\\/01\\\/g_47ig4vz0o__Lluvia-en-el-campo-2.jpg\",\"articleSection\":[\"News\"],\"inLanguage\":\"en-US\"},{\"@type\":\"WebPage\",\"@id\":\"https:\\\/\\\/proagrolab.com.ar\\\/la-emergencia-agropecuaria-llego-tarde-y-para-pocos-ceea\\\/\",\"url\":\"https:\\\/\\\/proagrolab.com.ar\\\/la-emergencia-agropecuaria-llego-tarde-y-para-pocos-ceea\\\/\",\"name\":\"La Emergencia Agropecuaria lleg\u00f3 tarde y para pocos- CEEA. | Proagro\",\"isPartOf\":{\"@id\":\"https:\\\/\\\/proagrolab.com.ar\\\/#website\"},\"primaryImageOfPage\":{\"@id\":\"https:\\\/\\\/proagrolab.com.ar\\\/la-emergencia-agropecuaria-llego-tarde-y-para-pocos-ceea\\\/#primaryimage\"},\"image\":{\"@id\":\"https:\\\/\\\/proagrolab.com.ar\\\/la-emergencia-agropecuaria-llego-tarde-y-para-pocos-ceea\\\/#primaryimage\"},\"thumbnailUrl\":\"https:\\\/\\\/proagrolab.com.ar\\\/wp-content\\\/uploads\\\/2015\\\/01\\\/g_47ig4vz0o__Lluvia-en-el-campo-2.jpg\",\"datePublished\":\"2013-10-18T00:00:01+00:00\",\"breadcrumb\":{\"@id\":\"https:\\\/\\\/proagrolab.com.ar\\\/la-emergencia-agropecuaria-llego-tarde-y-para-pocos-ceea\\\/#breadcrumb\"},\"inLanguage\":\"en-US\",\"potentialAction\":[{\"@type\":\"ReadAction\",\"target\":[\"https:\\\/\\\/proagrolab.com.ar\\\/la-emergencia-agropecuaria-llego-tarde-y-para-pocos-ceea\\\/\"]}]},{\"@type\":\"ImageObject\",\"inLanguage\":\"en-US\",\"@id\":\"https:\\\/\\\/proagrolab.com.ar\\\/la-emergencia-agropecuaria-llego-tarde-y-para-pocos-ceea\\\/#primaryimage\",\"url\":\"https:\\\/\\\/proagrolab.com.ar\\\/wp-content\\\/uploads\\\/2015\\\/01\\\/g_47ig4vz0o__Lluvia-en-el-campo-2.jpg\",\"contentUrl\":\"https:\\\/\\\/proagrolab.com.ar\\\/wp-content\\\/uploads\\\/2015\\\/01\\\/g_47ig4vz0o__Lluvia-en-el-campo-2.jpg\",\"width\":450,\"height\":208},{\"@type\":\"BreadcrumbList\",\"@id\":\"https:\\\/\\\/proagrolab.com.ar\\\/la-emergencia-agropecuaria-llego-tarde-y-para-pocos-ceea\\\/#breadcrumb\",\"itemListElement\":[{\"@type\":\"ListItem\",\"position\":1,\"name\":\"Portada\",\"item\":\"https:\\\/\\\/proagrolab.com.ar\\\/\"},{\"@type\":\"ListItem\",\"position\":2,\"name\":\"La Emergencia Agropecuaria lleg\u00f3 tarde y para pocos- CEEA.\"}]},{\"@type\":\"WebSite\",\"@id\":\"https:\\\/\\\/proagrolab.com.ar\\\/#website\",\"url\":\"https:\\\/\\\/proagrolab.com.ar\\\/\",\"name\":\"Proagro Laboratorio Veterinario\",\"description\":\"Veterinary laboratory\",\"publisher\":{\"@id\":\"https:\\\/\\\/proagrolab.com.ar\\\/#organization\"},\"potentialAction\":[{\"@type\":\"SearchAction\",\"target\":{\"@type\":\"EntryPoint\",\"urlTemplate\":\"https:\\\/\\\/proagrolab.com.ar\\\/?s={search_term_string}\"},\"query-input\":{\"@type\":\"PropertyValueSpecification\",\"valueRequired\":true,\"valueName\":\"search_term_string\"}}],\"inLanguage\":\"en-US\"},{\"@type\":\"Organization\",\"@id\":\"https:\\\/\\\/proagrolab.com.ar\\\/#organization\",\"name\":\"Proagro\",\"url\":\"https:\\\/\\\/proagrolab.com.ar\\\/\",\"logo\":{\"@type\":\"ImageObject\",\"inLanguage\":\"en-US\",\"@id\":\"https:\\\/\\\/proagrolab.com.ar\\\/#\\\/schema\\\/logo\\\/image\\\/\",\"url\":\"https:\\\/\\\/proagrolab.com.ar\\\/wp-content\\\/uploads\\\/2020\\\/04\\\/logo-retina.png\",\"contentUrl\":\"https:\\\/\\\/proagrolab.com.ar\\\/wp-content\\\/uploads\\\/2020\\\/04\\\/logo-retina.png\",\"width\":478,\"height\":120,\"caption\":\"Proagro\"},\"image\":{\"@id\":\"https:\\\/\\\/proagrolab.com.ar\\\/#\\\/schema\\\/logo\\\/image\\\/\"},\"sameAs\":[\"http:\\\/\\\/www.facebook.com\\\/proagrolab\",\"https:\\\/\\\/www.instagram.com\\\/proagrolab\\\/\",\"https:\\\/\\\/www.linkedin.com\\\/company\\\/laboratorio-proagro-s-a\\\/\"]},{\"@type\":\"Person\",\"@id\":\"https:\\\/\\\/proagrolab.com.ar\\\/#\\\/schema\\\/person\\\/38003ff90bf80381f71c7d922d207444\",\"name\":\"proagrolab\"}]}<\/script>\n<!-- \/ Yoast SEO plugin. -->","yoast_head_json":{"title":"La Emergencia Agropecuaria lleg\u00f3 tarde y para pocos- CEEA. | Proagro","robots":{"index":"index","follow":"follow","max-snippet":"max-snippet:-1","max-image-preview":"max-image-preview:large","max-video-preview":"max-video-preview:-1"},"canonical":"https:\/\/proagrolab.com.ar\/en\/la-emergencia-agropecuaria-llego-tarde-y-para-pocos-ceea\/","og_locale":"en_US","og_type":"article","og_title":"La Emergencia Agropecuaria lleg\u00f3 tarde y para pocos- CEEA. | Proagro","og_description":"La CEEA agreg\u00f3 que \u0093hasta el d\u00eda de hoy no se han tenido en cuenta las homologaciones en las declaraciones de emergencia agropecuaria a nivel nacional de provincias como Catamarca, C\u00f3rdoba, Jujuy, Santiago del Estero, Mendoza, Entre R\u00edos y Tucum\u00e1n.La Comisi\u00f3n de Enlace de Entidades Agropecuarias (CEEA) emiti\u00f3 un comunicado de prensa acerca de la declaraci\u00f3n de emergencia agropecuaria y\/o desastre que emiti\u00f3 el Ministerio de Agricultura, Ganader\u00eda y Pesca de la Naci\u00f3n (MinAgri) mediante la Resoluci\u00f3n 992\/2013, en el que asegur\u00f3 que \u0093alcanz\u00f3 solo algunas provincias y en forma tard\u00eda, dejando de lado, por ejemplo, para la provincia de Salta la declaraci\u00f3n de Emergencia para actividades como ma\u00edz, soja y ganader\u00eda. Despu\u00e9s de un a\u00f1o y medio de demora en cumplir con sus funciones para algunas provincias y en tiempo record para otras, parece que existen hijos entenados y abandonados\u0094. Asimismo, las entidades ruralistas agregaron que \u0093hasta el d\u00eda de hoy no se han tenido en cuenta las homologaciones en las declaraciones de emergencia agropecuaria a nivel nacional de provincias como Catamarca, C\u00f3rdoba, Jujuy, Santiago del Estero, Mendoza, Entre R\u00edos y Tucum\u00e1n.&nbsp; Similar situaci\u00f3n se da en zonas de Buenos Aires, C\u00f3rdoba y Santa Fe, que desde hace casi [&hellip;]","og_url":"https:\/\/proagrolab.com.ar\/la-emergencia-agropecuaria-llego-tarde-y-para-pocos-ceea\/","og_site_name":"Proagro","article_publisher":"http:\/\/www.facebook.com\/proagrolab","article_published_time":"2013-10-18T00:00:01+00:00","og_image":[{"width":450,"height":208,"url":"https:\/\/proagrolab.com.ar\/wp-content\/uploads\/2015\/01\/g_47ig4vz0o__Lluvia-en-el-campo-2.jpg","type":"image\/jpeg"}],"author":"proagrolab","twitter_card":"summary_large_image","twitter_misc":{"Written by":"proagrolab","Est. reading time":"3 minutes"},"schema":{"@context":"https:\/\/schema.org","@graph":[{"@type":"Article","@id":"https:\/\/proagrolab.com.ar\/la-emergencia-agropecuaria-llego-tarde-y-para-pocos-ceea\/#article","isPartOf":{"@id":"https:\/\/proagrolab.com.ar\/la-emergencia-agropecuaria-llego-tarde-y-para-pocos-ceea\/"},"author":{"name":"proagrolab","@id":"https:\/\/proagrolab.com.ar\/#\/schema\/person\/38003ff90bf80381f71c7d922d207444"},"headline":"La Emergencia Agropecuaria lleg\u00f3 tarde y para pocos- CEEA.","datePublished":"2013-10-18T00:00:01+00:00","mainEntityOfPage":{"@id":"https:\/\/proagrolab.com.ar\/la-emergencia-agropecuaria-llego-tarde-y-para-pocos-ceea\/"},"wordCount":524,"publisher":{"@id":"https:\/\/proagrolab.com.ar\/#organization"},"image":{"@id":"https:\/\/proagrolab.com.ar\/la-emergencia-agropecuaria-llego-tarde-y-para-pocos-ceea\/#primaryimage"},"thumbnailUrl":"https:\/\/proagrolab.com.ar\/wp-content\/uploads\/2015\/01\/g_47ig4vz0o__Lluvia-en-el-campo-2.jpg","articleSection":["News"],"inLanguage":"en-US"},{"@type":"WebPage","@id":"https:\/\/proagrolab.com.ar\/la-emergencia-agropecuaria-llego-tarde-y-para-pocos-ceea\/","url":"https:\/\/proagrolab.com.ar\/la-emergencia-agropecuaria-llego-tarde-y-para-pocos-ceea\/","name":"La Emergencia Agropecuaria lleg\u00f3 tarde y para pocos- CEEA. | Proagro","isPartOf":{"@id":"https:\/\/proagrolab.com.ar\/#website"},"primaryImageOfPage":{"@id":"https:\/\/proagrolab.com.ar\/la-emergencia-agropecuaria-llego-tarde-y-para-pocos-ceea\/#primaryimage"},"image":{"@id":"https:\/\/proagrolab.com.ar\/la-emergencia-agropecuaria-llego-tarde-y-para-pocos-ceea\/#primaryimage"},"thumbnailUrl":"https:\/\/proagrolab.com.ar\/wp-content\/uploads\/2015\/01\/g_47ig4vz0o__Lluvia-en-el-campo-2.jpg","datePublished":"2013-10-18T00:00:01+00:00","breadcrumb":{"@id":"https:\/\/proagrolab.com.ar\/la-emergencia-agropecuaria-llego-tarde-y-para-pocos-ceea\/#breadcrumb"},"inLanguage":"en-US","potentialAction":[{"@type":"ReadAction","target":["https:\/\/proagrolab.com.ar\/la-emergencia-agropecuaria-llego-tarde-y-para-pocos-ceea\/"]}]},{"@type":"ImageObject","inLanguage":"en-US","@id":"https:\/\/proagrolab.com.ar\/la-emergencia-agropecuaria-llego-tarde-y-para-pocos-ceea\/#primaryimage","url":"https:\/\/proagrolab.com.ar\/wp-content\/uploads\/2015\/01\/g_47ig4vz0o__Lluvia-en-el-campo-2.jpg","contentUrl":"https:\/\/proagrolab.com.ar\/wp-content\/uploads\/2015\/01\/g_47ig4vz0o__Lluvia-en-el-campo-2.jpg","width":450,"height":208},{"@type":"BreadcrumbList","@id":"https:\/\/proagrolab.com.ar\/la-emergencia-agropecuaria-llego-tarde-y-para-pocos-ceea\/#breadcrumb","itemListElement":[{"@type":"ListItem","position":1,"name":"Portada","item":"https:\/\/proagrolab.com.ar\/"},{"@type":"ListItem","position":2,"name":"La Emergencia Agropecuaria lleg\u00f3 tarde y para pocos- CEEA."}]},{"@type":"WebSite","@id":"https:\/\/proagrolab.com.ar\/#website","url":"https:\/\/proagrolab.com.ar\/","name":"Proagro Laboratorio Veterinario","description":"Veterinary laboratory","publisher":{"@id":"https:\/\/proagrolab.com.ar\/#organization"},"potentialAction":[{"@type":"SearchAction","target":{"@type":"EntryPoint","urlTemplate":"https:\/\/proagrolab.com.ar\/?s={search_term_string}"},"query-input":{"@type":"PropertyValueSpecification","valueRequired":true,"valueName":"search_term_string"}}],"inLanguage":"en-US"},{"@type":"Organization","@id":"https:\/\/proagrolab.com.ar\/#organization","name":"Proagro","url":"https:\/\/proagrolab.com.ar\/","logo":{"@type":"ImageObject","inLanguage":"en-US","@id":"https:\/\/proagrolab.com.ar\/#\/schema\/logo\/image\/","url":"https:\/\/proagrolab.com.ar\/wp-content\/uploads\/2020\/04\/logo-retina.png","contentUrl":"https:\/\/proagrolab.com.ar\/wp-content\/uploads\/2020\/04\/logo-retina.png","width":478,"height":120,"caption":"Proagro"},"image":{"@id":"https:\/\/proagrolab.com.ar\/#\/schema\/logo\/image\/"},"sameAs":["http:\/\/www.facebook.com\/proagrolab","https:\/\/www.instagram.com\/proagrolab\/","https:\/\/www.linkedin.com\/company\/laboratorio-proagro-s-a\/"]},{"@type":"Person","@id":"https:\/\/proagrolab.com.ar\/#\/schema\/person\/38003ff90bf80381f71c7d922d207444","name":"proagrolab"}]}},"_links":{"self":[{"href":"https:\/\/proagrolab.com.ar\/en\/wp-json\/wp\/v2\/posts\/5757","targetHints":{"allow":["GET"]}}],"collection":[{"href":"https:\/\/proagrolab.com.ar\/en\/wp-json\/wp\/v2\/posts"}],"about":[{"href":"https:\/\/proagrolab.com.ar\/en\/wp-json\/wp\/v2\/types\/post"}],"author":[{"embeddable":true,"href":"https:\/\/proagrolab.com.ar\/en\/wp-json\/wp\/v2\/users\/2"}],"replies":[{"embeddable":true,"href":"https:\/\/proagrolab.com.ar\/en\/wp-json\/wp\/v2\/comments?post=5757"}],"version-history":[{"count":0,"href":"https:\/\/proagrolab.com.ar\/en\/wp-json\/wp\/v2\/posts\/5757\/revisions"}],"wp:featuredmedia":[{"embeddable":true,"href":"https:\/\/proagrolab.com.ar\/en\/wp-json\/wp\/v2\/media\/2245"}],"wp:attachment":[{"href":"https:\/\/proagrolab.com.ar\/en\/wp-json\/wp\/v2\/media?parent=5757"}],"wp:term":[{"taxonomy":"category","embeddable":true,"href":"https:\/\/proagrolab.com.ar\/en\/wp-json\/wp\/v2\/categories?post=5757"},{"taxonomy":"post_tag","embeddable":true,"href":"https:\/\/proagrolab.com.ar\/en\/wp-json\/wp\/v2\/tags?post=5757"}],"curies":[{"name":"wp","href":"https:\/\/api.w.org\/{rel}","templated":true}]}}