{"id":5756,"date":"2013-10-18T00:00:01","date_gmt":"2013-10-18T00:00:01","guid":{"rendered":"https:\/\/proagrolab.com.ar\/ciccra-en-septiembre-la-industria-frigorifica-vacuna-faeno-un-millon-de-cabezas\/"},"modified":"2013-10-18T00:00:01","modified_gmt":"2013-10-18T00:00:01","slug":"ciccra-en-septiembre-la-industria-frigorifica-vacuna-faeno-un-millon-de-cabezas","status":"publish","type":"post","link":"https:\/\/proagrolab.com.ar\/en\/ciccra-en-septiembre-la-industria-frigorifica-vacuna-faeno-un-millon-de-cabezas\/","title":{"rendered":"CICCRA: En septiembre la industria frigor\u00edfica vacuna faen\u00f3 un mill\u00f3n de cabezas."},"content":{"rendered":"<p class=\"qtranxs-available-languages-message qtranxs-available-languages-message-en\"> <\/p><p>Informe Econ\u00f3mico Mensual de la C\u00e1mara de la Industria y Comercio de Carnes y Derivados de la Rep\u00fablica Argentina afirma que la mayor parte del crecimiento de la actividad sectorial es por un aumento de la faena de hembras mayor a la de machos.<br \/>La reciente exposici\u00f3n de Anuga en Colonia, Alemania, vuelve a poner en evidencia que lo que necesita el sector de ganados y carnes en general y el sector de la industria frigor\u00edfica en particular, es la mejora del tipo de cambio efectivo para nuestras exportaciones. Hemos vuelto a perder la oportunidad de aumentar nuestras ventas a Rusia ante el deslistado por parte de dicho pa\u00eds de algunas plantas brasile\u00f1as, lo que motiv\u00f3 un aumento en las consultas por parte de importadore. A pesar de esto, pr\u00e1cticamente no se concretaron negocios debido al insuficiente tipo de cambio efectivo para nuestras exportaciones.<\/p>\n<p>Reiteramos que tanto el productor ganadero como la industria frigor\u00edfica nacional necesitan como m\u00ednimo mejorar 15% el ingreso en pesos por cada d\u00f3lar exportado, o lo que es lo mismo que se quiten las retenciones a las exportaciones c\u00e1rnicas. Nuevamente existen rumores respecto de que las mismas ser\u00e1n eliminadas luego de las elecciones.<\/p>\n<p>Los efectos de la pol\u00edtica oficial en nuestro sector los podemos resumir con los siguientes n\u00fameros:<\/p>\n<p>\u0095 P\u00e9rdida de 12 millones de vacunos;<\/p>\n<p>\u0095 Cierre de 128 establecimientos frigor\u00edficos;<\/p>\n<p>\u0095 P\u00e9rdida de 13.250 puestos de trabajo;<\/p>\n<p>\u0095 Ca\u00edda de 75% de las exportaciones.<\/p>\n<p>En septiembre de 2013 el nivel de actividad de la industria frigor\u00edfica vacuna se ubic\u00f3 en torno al 1.100.000 cabezas faenadas, repitiendo el comportamiento del mes anterior. Y la mayor parte del crecimiento de la actividad sectorial se explic\u00f3 por un aumento de la faena de hembras mayor al de la faena de machos. La fase de recomposici\u00f3n de existencias que se hab\u00eda puesto en marcha en la primavera de 2009 lleg\u00f3 a su fin. La participaci\u00f3n de las hembras lleg\u00f3 al valor cr\u00edtico de 43% en septiembre y result\u00f3 1,5 puntos porcentuales mayor a la verificada en el mismo mes del a\u00f1o pasado.<\/p>\n<p>La faena de hembras creci\u00f3 20,2% anual en el noveno mes del a\u00f1o, mientras que la de machos hizo lo propio en 12,9% anual. De esta forma, se cumpli\u00f3 un a\u00f1o y medio en el cual la expansi\u00f3n de la actividad sectorial estuvo explicada principalmente por el mayor crecimiento relativo de la faena de hembras, aunque la intensidad del proceso viene disminuyendo. En t\u00e9rminos absolutos, se faenaron 79.300 hembras m\u00e1s que en septiembre de 2012, mientras que la de machos avanz\u00f3 en 71.300 cabezas.<\/p>\n<p><i>2- Consumo interno:<\/i><br \/>El mercado interno absorbi\u00f3 89,8% del incremento de la producci\u00f3n total de carne vacuna (175,9 mil toneladas), con lo cual el consumo interno lleg\u00f3 a equivaler a 92,7% de la producci\u00f3n total (1,959 millones de toneladas; +9,9% anual). Este guarismo result\u00f3 s\u00f3lo 0,7 puntos porcentuales inferior al m\u00e1ximo registrado en igual lapso de 2001.<\/p>\n<p>La expansi\u00f3n del consumo total se reflej\u00f3 en un crecimiento del consumo por habitante. El promedio m\u00f3vil de 12 meses lleg\u00f3 a 62,4 kg de carne vacuna por habitante por a\u00f1o en el noveno mes del a\u00f1o y se ubic\u00f3 8,6% por encima del nivel de un a\u00f1o atr\u00e1s. No obstante ello, con respecto al \u0091m\u00e1ximo\u0092 relativo verificado en 2008 result\u00f3 10,0% menor.<\/p>\n<p>Tras el significativo retroceso de los tres a\u00f1os anteriores, en el per\u00edodo abril-agosto de 2013 las exportaciones de carne vacuna exhibieron un significativo proceso de expansi\u00f3n interanual. A las tasas de avance de abril (17,8% anual), mayo (8,4%), junio (20,3%) y julio (44,1%), en agosto se agreg\u00f3 otro alza de 28,3% anual, lo que arroj\u00f3 un crecimiento promedio de 27,1% anual en abril-agosto del corriente a\u00f1o. En total, en este per\u00edodo se exportaron 60.279 tn pp, cuando un a\u00f1o atr\u00e1s llegaron a un piso de 47.435 tn pp. No obstante lo cual, debe tenerse presente que el volumen exportado en abril-agosto de 2013 fue el segundo m\u00e1s bajo de los \u00faltimos a\u00f1os.<\/p>\n<p><i>3- Exportaciones<\/i><br \/>En enero-agosto de 2013 las exportaciones de carne vacuna totalizaron 90.506 tn pp y se ubicaron 12,5% por encima de las registradas en igual per\u00edodo del a\u00f1o pasado. Por su parte, ventas al exterior de menudencias y v\u00edsceras ascendieron a 71.351 tn pp y experimentaron un crecimiento de 8,9% anual. De esta forma, la participaci\u00f3n de las primeras pas\u00f3 de 55,1% a 55,9% entre los per\u00edodos considerados, y la de las segundas de 44,9% a 44,1%.<\/p>\n<p>Los ingresos por exportaciones de cortes Hilton, frescos y procesados llegaron a 709,8 millones de d\u00f3lares fob en los primeros ocho meses del a\u00f1o y se ubicaron 7,8% por encima de los registrados en enero-agosto de 2012. El precio promedio se ubic\u00f3 en 7.842 d\u00f3lares fob por tn pp en el per\u00edodo referido, guarismo que exhibi\u00f3 una ca\u00edda de 4,1% anual.<\/p>\n<p>Fuente: Agrositio, 17 de octubre.<br \/><\/p>","protected":false},"excerpt":{"rendered":"<p>Informe Econ\u00f3mico Mensual de la C\u00e1mara de la Industria y Comercio de Carnes y Derivados de la Rep\u00fablica Argentina afirma que la mayor parte del crecimiento de la actividad sectorial es por un aumento de la faena de hembras mayor a la de machos.La reciente exposici\u00f3n de Anuga en Colonia, Alemania, vuelve a poner en evidencia que lo que necesita el sector de ganados y carnes en general y el sector de la industria frigor\u00edfica en particular, es la mejora del tipo de cambio efectivo para nuestras exportaciones. Hemos vuelto a perder la oportunidad de aumentar nuestras ventas a Rusia ante el deslistado por parte de dicho pa\u00eds de algunas plantas brasile\u00f1as, lo que motiv\u00f3 un aumento en las consultas por parte de importadore. A pesar de esto, pr\u00e1cticamente no se concretaron negocios debido al insuficiente tipo de cambio efectivo para nuestras exportaciones. Reiteramos que tanto el productor ganadero como la industria frigor\u00edfica nacional necesitan como m\u00ednimo mejorar 15% el ingreso en pesos por cada d\u00f3lar exportado, o lo que es lo mismo que se quiten las retenciones a las exportaciones c\u00e1rnicas. Nuevamente existen rumores respecto de que las mismas ser\u00e1n eliminadas luego de las elecciones. Los efectos de la [&hellip;]<\/p>\n","protected":false},"author":2,"featured_media":2244,"comment_status":"closed","ping_status":"open","sticky":false,"template":"","format":"standard","meta":{"_acf_changed":false,"footnotes":""},"categories":[56],"tags":[],"class_list":["post-5756","post","type-post","status-publish","format-standard","has-post-thumbnail","hentry","category-infoganadero"],"acf":[],"yoast_head":"<!-- This site is optimized with the Yoast SEO plugin v27.5 - https:\/\/yoast.com\/product\/yoast-seo-wordpress\/ -->\n<title>CICCRA: En septiembre la industria frigor\u00edfica vacuna faen\u00f3 un mill\u00f3n de cabezas. | Proagro<\/title>\n<meta name=\"robots\" content=\"index, follow, max-snippet:-1, max-image-preview:large, max-video-preview:-1\" \/>\n<link rel=\"canonical\" href=\"https:\/\/proagrolab.com.ar\/en\/ciccra-en-septiembre-la-industria-frigorifica-vacuna-faeno-un-millon-de-cabezas\/\" \/>\n<meta property=\"og:locale\" content=\"en_US\" \/>\n<meta property=\"og:type\" content=\"article\" \/>\n<meta property=\"og:title\" content=\"CICCRA: En septiembre la industria frigor\u00edfica vacuna faen\u00f3 un mill\u00f3n de cabezas. | Proagro\" \/>\n<meta property=\"og:description\" content=\"Informe Econ\u00f3mico Mensual de la C\u00e1mara de la Industria y Comercio de Carnes y Derivados de la Rep\u00fablica Argentina afirma que la mayor parte del crecimiento de la actividad sectorial es por un aumento de la faena de hembras mayor a la de machos.La reciente exposici\u00f3n de Anuga en Colonia, Alemania, vuelve a poner en evidencia que lo que necesita el sector de ganados y carnes en general y el sector de la industria frigor\u00edfica en particular, es la mejora del tipo de cambio efectivo para nuestras exportaciones. Hemos vuelto a perder la oportunidad de aumentar nuestras ventas a Rusia ante el deslistado por parte de dicho pa\u00eds de algunas plantas brasile\u00f1as, lo que motiv\u00f3 un aumento en las consultas por parte de importadore. A pesar de esto, pr\u00e1cticamente no se concretaron negocios debido al insuficiente tipo de cambio efectivo para nuestras exportaciones. Reiteramos que tanto el productor ganadero como la industria frigor\u00edfica nacional necesitan como m\u00ednimo mejorar 15% el ingreso en pesos por cada d\u00f3lar exportado, o lo que es lo mismo que se quiten las retenciones a las exportaciones c\u00e1rnicas. Nuevamente existen rumores respecto de que las mismas ser\u00e1n eliminadas luego de las elecciones. Los efectos de la [&hellip;]\" \/>\n<meta property=\"og:url\" content=\"https:\/\/proagrolab.com.ar\/ciccra-en-septiembre-la-industria-frigorifica-vacuna-faeno-un-millon-de-cabezas\/\" \/>\n<meta property=\"og:site_name\" content=\"Proagro\" \/>\n<meta property=\"article:publisher\" content=\"http:\/\/www.facebook.com\/proagrolab\" \/>\n<meta property=\"article:published_time\" content=\"2013-10-18T00:00:01+00:00\" \/>\n<meta property=\"og:image\" content=\"https:\/\/proagrolab.com.ar\/wp-content\/uploads\/2015\/01\/g_c0ujkmg7g__Frigor\u00edfico-4.jpg\" \/>\n\t<meta property=\"og:image:width\" content=\"1\" \/>\n\t<meta property=\"og:image:height\" content=\"1\" \/>\n\t<meta property=\"og:image:type\" content=\"image\/jpeg\" \/>\n<meta name=\"author\" content=\"proagrolab\" \/>\n<meta name=\"twitter:card\" content=\"summary_large_image\" \/>\n<meta name=\"twitter:label1\" content=\"Written by\" \/>\n\t<meta name=\"twitter:data1\" content=\"proagrolab\" \/>\n\t<meta name=\"twitter:label2\" content=\"Est. reading time\" \/>\n\t<meta name=\"twitter:data2\" content=\"4 minutes\" \/>\n<script type=\"application\/ld+json\" class=\"yoast-schema-graph\">{\"@context\":\"https:\\\/\\\/schema.org\",\"@graph\":[{\"@type\":\"Article\",\"@id\":\"https:\\\/\\\/proagrolab.com.ar\\\/ciccra-en-septiembre-la-industria-frigorifica-vacuna-faeno-un-millon-de-cabezas\\\/#article\",\"isPartOf\":{\"@id\":\"https:\\\/\\\/proagrolab.com.ar\\\/ciccra-en-septiembre-la-industria-frigorifica-vacuna-faeno-un-millon-de-cabezas\\\/\"},\"author\":{\"name\":\"proagrolab\",\"@id\":\"https:\\\/\\\/proagrolab.com.ar\\\/#\\\/schema\\\/person\\\/38003ff90bf80381f71c7d922d207444\"},\"headline\":\"CICCRA: En septiembre la industria frigor\u00edfica vacuna faen\u00f3 un mill\u00f3n de cabezas.\",\"datePublished\":\"2013-10-18T00:00:01+00:00\",\"mainEntityOfPage\":{\"@id\":\"https:\\\/\\\/proagrolab.com.ar\\\/ciccra-en-septiembre-la-industria-frigorifica-vacuna-faeno-un-millon-de-cabezas\\\/\"},\"wordCount\":822,\"publisher\":{\"@id\":\"https:\\\/\\\/proagrolab.com.ar\\\/#organization\"},\"image\":{\"@id\":\"https:\\\/\\\/proagrolab.com.ar\\\/ciccra-en-septiembre-la-industria-frigorifica-vacuna-faeno-un-millon-de-cabezas\\\/#primaryimage\"},\"thumbnailUrl\":\"https:\\\/\\\/proagrolab.com.ar\\\/wp-content\\\/uploads\\\/2015\\\/01\\\/g_c0ujkmg7g__Frigor\u00edfico-4.jpg\",\"articleSection\":[\"News\"],\"inLanguage\":\"en-US\"},{\"@type\":\"WebPage\",\"@id\":\"https:\\\/\\\/proagrolab.com.ar\\\/ciccra-en-septiembre-la-industria-frigorifica-vacuna-faeno-un-millon-de-cabezas\\\/\",\"url\":\"https:\\\/\\\/proagrolab.com.ar\\\/ciccra-en-septiembre-la-industria-frigorifica-vacuna-faeno-un-millon-de-cabezas\\\/\",\"name\":\"CICCRA: En septiembre la industria frigor\u00edfica vacuna faen\u00f3 un mill\u00f3n de cabezas. | Proagro\",\"isPartOf\":{\"@id\":\"https:\\\/\\\/proagrolab.com.ar\\\/#website\"},\"primaryImageOfPage\":{\"@id\":\"https:\\\/\\\/proagrolab.com.ar\\\/ciccra-en-septiembre-la-industria-frigorifica-vacuna-faeno-un-millon-de-cabezas\\\/#primaryimage\"},\"image\":{\"@id\":\"https:\\\/\\\/proagrolab.com.ar\\\/ciccra-en-septiembre-la-industria-frigorifica-vacuna-faeno-un-millon-de-cabezas\\\/#primaryimage\"},\"thumbnailUrl\":\"https:\\\/\\\/proagrolab.com.ar\\\/wp-content\\\/uploads\\\/2015\\\/01\\\/g_c0ujkmg7g__Frigor\u00edfico-4.jpg\",\"datePublished\":\"2013-10-18T00:00:01+00:00\",\"breadcrumb\":{\"@id\":\"https:\\\/\\\/proagrolab.com.ar\\\/ciccra-en-septiembre-la-industria-frigorifica-vacuna-faeno-un-millon-de-cabezas\\\/#breadcrumb\"},\"inLanguage\":\"en-US\",\"potentialAction\":[{\"@type\":\"ReadAction\",\"target\":[\"https:\\\/\\\/proagrolab.com.ar\\\/ciccra-en-septiembre-la-industria-frigorifica-vacuna-faeno-un-millon-de-cabezas\\\/\"]}]},{\"@type\":\"ImageObject\",\"inLanguage\":\"en-US\",\"@id\":\"https:\\\/\\\/proagrolab.com.ar\\\/ciccra-en-septiembre-la-industria-frigorifica-vacuna-faeno-un-millon-de-cabezas\\\/#primaryimage\",\"url\":\"https:\\\/\\\/proagrolab.com.ar\\\/wp-content\\\/uploads\\\/2015\\\/01\\\/g_c0ujkmg7g__Frigor\u00edfico-4.jpg\",\"contentUrl\":\"https:\\\/\\\/proagrolab.com.ar\\\/wp-content\\\/uploads\\\/2015\\\/01\\\/g_c0ujkmg7g__Frigor\u00edfico-4.jpg\"},{\"@type\":\"BreadcrumbList\",\"@id\":\"https:\\\/\\\/proagrolab.com.ar\\\/ciccra-en-septiembre-la-industria-frigorifica-vacuna-faeno-un-millon-de-cabezas\\\/#breadcrumb\",\"itemListElement\":[{\"@type\":\"ListItem\",\"position\":1,\"name\":\"Portada\",\"item\":\"https:\\\/\\\/proagrolab.com.ar\\\/\"},{\"@type\":\"ListItem\",\"position\":2,\"name\":\"CICCRA: En septiembre la industria frigor\u00edfica vacuna faen\u00f3 un mill\u00f3n de cabezas.\"}]},{\"@type\":\"WebSite\",\"@id\":\"https:\\\/\\\/proagrolab.com.ar\\\/#website\",\"url\":\"https:\\\/\\\/proagrolab.com.ar\\\/\",\"name\":\"Proagro Laboratorio Veterinario\",\"description\":\"Veterinary laboratory\",\"publisher\":{\"@id\":\"https:\\\/\\\/proagrolab.com.ar\\\/#organization\"},\"potentialAction\":[{\"@type\":\"SearchAction\",\"target\":{\"@type\":\"EntryPoint\",\"urlTemplate\":\"https:\\\/\\\/proagrolab.com.ar\\\/?s={search_term_string}\"},\"query-input\":{\"@type\":\"PropertyValueSpecification\",\"valueRequired\":true,\"valueName\":\"search_term_string\"}}],\"inLanguage\":\"en-US\"},{\"@type\":\"Organization\",\"@id\":\"https:\\\/\\\/proagrolab.com.ar\\\/#organization\",\"name\":\"Proagro\",\"url\":\"https:\\\/\\\/proagrolab.com.ar\\\/\",\"logo\":{\"@type\":\"ImageObject\",\"inLanguage\":\"en-US\",\"@id\":\"https:\\\/\\\/proagrolab.com.ar\\\/#\\\/schema\\\/logo\\\/image\\\/\",\"url\":\"https:\\\/\\\/proagrolab.com.ar\\\/wp-content\\\/uploads\\\/2020\\\/04\\\/logo-retina.png\",\"contentUrl\":\"https:\\\/\\\/proagrolab.com.ar\\\/wp-content\\\/uploads\\\/2020\\\/04\\\/logo-retina.png\",\"width\":478,\"height\":120,\"caption\":\"Proagro\"},\"image\":{\"@id\":\"https:\\\/\\\/proagrolab.com.ar\\\/#\\\/schema\\\/logo\\\/image\\\/\"},\"sameAs\":[\"http:\\\/\\\/www.facebook.com\\\/proagrolab\",\"https:\\\/\\\/www.instagram.com\\\/proagrolab\\\/\",\"https:\\\/\\\/www.linkedin.com\\\/company\\\/laboratorio-proagro-s-a\\\/\"]},{\"@type\":\"Person\",\"@id\":\"https:\\\/\\\/proagrolab.com.ar\\\/#\\\/schema\\\/person\\\/38003ff90bf80381f71c7d922d207444\",\"name\":\"proagrolab\"}]}<\/script>\n<!-- \/ Yoast SEO plugin. -->","yoast_head_json":{"title":"CICCRA: En septiembre la industria frigor\u00edfica vacuna faen\u00f3 un mill\u00f3n de cabezas. | Proagro","robots":{"index":"index","follow":"follow","max-snippet":"max-snippet:-1","max-image-preview":"max-image-preview:large","max-video-preview":"max-video-preview:-1"},"canonical":"https:\/\/proagrolab.com.ar\/en\/ciccra-en-septiembre-la-industria-frigorifica-vacuna-faeno-un-millon-de-cabezas\/","og_locale":"en_US","og_type":"article","og_title":"CICCRA: En septiembre la industria frigor\u00edfica vacuna faen\u00f3 un mill\u00f3n de cabezas. | Proagro","og_description":"Informe Econ\u00f3mico Mensual de la C\u00e1mara de la Industria y Comercio de Carnes y Derivados de la Rep\u00fablica Argentina afirma que la mayor parte del crecimiento de la actividad sectorial es por un aumento de la faena de hembras mayor a la de machos.La reciente exposici\u00f3n de Anuga en Colonia, Alemania, vuelve a poner en evidencia que lo que necesita el sector de ganados y carnes en general y el sector de la industria frigor\u00edfica en particular, es la mejora del tipo de cambio efectivo para nuestras exportaciones. Hemos vuelto a perder la oportunidad de aumentar nuestras ventas a Rusia ante el deslistado por parte de dicho pa\u00eds de algunas plantas brasile\u00f1as, lo que motiv\u00f3 un aumento en las consultas por parte de importadore. A pesar de esto, pr\u00e1cticamente no se concretaron negocios debido al insuficiente tipo de cambio efectivo para nuestras exportaciones. Reiteramos que tanto el productor ganadero como la industria frigor\u00edfica nacional necesitan como m\u00ednimo mejorar 15% el ingreso en pesos por cada d\u00f3lar exportado, o lo que es lo mismo que se quiten las retenciones a las exportaciones c\u00e1rnicas. Nuevamente existen rumores respecto de que las mismas ser\u00e1n eliminadas luego de las elecciones. Los efectos de la [&hellip;]","og_url":"https:\/\/proagrolab.com.ar\/ciccra-en-septiembre-la-industria-frigorifica-vacuna-faeno-un-millon-de-cabezas\/","og_site_name":"Proagro","article_publisher":"http:\/\/www.facebook.com\/proagrolab","article_published_time":"2013-10-18T00:00:01+00:00","og_image":[{"url":"https:\/\/proagrolab.com.ar\/wp-content\/uploads\/2015\/01\/g_c0ujkmg7g__Frigor\u00edfico-4.jpg","width":1,"height":1,"type":"image\/jpeg"}],"author":"proagrolab","twitter_card":"summary_large_image","twitter_misc":{"Written by":"proagrolab","Est. reading time":"4 minutes"},"schema":{"@context":"https:\/\/schema.org","@graph":[{"@type":"Article","@id":"https:\/\/proagrolab.com.ar\/ciccra-en-septiembre-la-industria-frigorifica-vacuna-faeno-un-millon-de-cabezas\/#article","isPartOf":{"@id":"https:\/\/proagrolab.com.ar\/ciccra-en-septiembre-la-industria-frigorifica-vacuna-faeno-un-millon-de-cabezas\/"},"author":{"name":"proagrolab","@id":"https:\/\/proagrolab.com.ar\/#\/schema\/person\/38003ff90bf80381f71c7d922d207444"},"headline":"CICCRA: En septiembre la industria frigor\u00edfica vacuna faen\u00f3 un mill\u00f3n de cabezas.","datePublished":"2013-10-18T00:00:01+00:00","mainEntityOfPage":{"@id":"https:\/\/proagrolab.com.ar\/ciccra-en-septiembre-la-industria-frigorifica-vacuna-faeno-un-millon-de-cabezas\/"},"wordCount":822,"publisher":{"@id":"https:\/\/proagrolab.com.ar\/#organization"},"image":{"@id":"https:\/\/proagrolab.com.ar\/ciccra-en-septiembre-la-industria-frigorifica-vacuna-faeno-un-millon-de-cabezas\/#primaryimage"},"thumbnailUrl":"https:\/\/proagrolab.com.ar\/wp-content\/uploads\/2015\/01\/g_c0ujkmg7g__Frigor\u00edfico-4.jpg","articleSection":["News"],"inLanguage":"en-US"},{"@type":"WebPage","@id":"https:\/\/proagrolab.com.ar\/ciccra-en-septiembre-la-industria-frigorifica-vacuna-faeno-un-millon-de-cabezas\/","url":"https:\/\/proagrolab.com.ar\/ciccra-en-septiembre-la-industria-frigorifica-vacuna-faeno-un-millon-de-cabezas\/","name":"CICCRA: En septiembre la industria frigor\u00edfica vacuna faen\u00f3 un mill\u00f3n de cabezas. | Proagro","isPartOf":{"@id":"https:\/\/proagrolab.com.ar\/#website"},"primaryImageOfPage":{"@id":"https:\/\/proagrolab.com.ar\/ciccra-en-septiembre-la-industria-frigorifica-vacuna-faeno-un-millon-de-cabezas\/#primaryimage"},"image":{"@id":"https:\/\/proagrolab.com.ar\/ciccra-en-septiembre-la-industria-frigorifica-vacuna-faeno-un-millon-de-cabezas\/#primaryimage"},"thumbnailUrl":"https:\/\/proagrolab.com.ar\/wp-content\/uploads\/2015\/01\/g_c0ujkmg7g__Frigor\u00edfico-4.jpg","datePublished":"2013-10-18T00:00:01+00:00","breadcrumb":{"@id":"https:\/\/proagrolab.com.ar\/ciccra-en-septiembre-la-industria-frigorifica-vacuna-faeno-un-millon-de-cabezas\/#breadcrumb"},"inLanguage":"en-US","potentialAction":[{"@type":"ReadAction","target":["https:\/\/proagrolab.com.ar\/ciccra-en-septiembre-la-industria-frigorifica-vacuna-faeno-un-millon-de-cabezas\/"]}]},{"@type":"ImageObject","inLanguage":"en-US","@id":"https:\/\/proagrolab.com.ar\/ciccra-en-septiembre-la-industria-frigorifica-vacuna-faeno-un-millon-de-cabezas\/#primaryimage","url":"https:\/\/proagrolab.com.ar\/wp-content\/uploads\/2015\/01\/g_c0ujkmg7g__Frigor\u00edfico-4.jpg","contentUrl":"https:\/\/proagrolab.com.ar\/wp-content\/uploads\/2015\/01\/g_c0ujkmg7g__Frigor\u00edfico-4.jpg"},{"@type":"BreadcrumbList","@id":"https:\/\/proagrolab.com.ar\/ciccra-en-septiembre-la-industria-frigorifica-vacuna-faeno-un-millon-de-cabezas\/#breadcrumb","itemListElement":[{"@type":"ListItem","position":1,"name":"Portada","item":"https:\/\/proagrolab.com.ar\/"},{"@type":"ListItem","position":2,"name":"CICCRA: En septiembre la industria frigor\u00edfica vacuna faen\u00f3 un mill\u00f3n de cabezas."}]},{"@type":"WebSite","@id":"https:\/\/proagrolab.com.ar\/#website","url":"https:\/\/proagrolab.com.ar\/","name":"Proagro Laboratorio Veterinario","description":"Veterinary laboratory","publisher":{"@id":"https:\/\/proagrolab.com.ar\/#organization"},"potentialAction":[{"@type":"SearchAction","target":{"@type":"EntryPoint","urlTemplate":"https:\/\/proagrolab.com.ar\/?s={search_term_string}"},"query-input":{"@type":"PropertyValueSpecification","valueRequired":true,"valueName":"search_term_string"}}],"inLanguage":"en-US"},{"@type":"Organization","@id":"https:\/\/proagrolab.com.ar\/#organization","name":"Proagro","url":"https:\/\/proagrolab.com.ar\/","logo":{"@type":"ImageObject","inLanguage":"en-US","@id":"https:\/\/proagrolab.com.ar\/#\/schema\/logo\/image\/","url":"https:\/\/proagrolab.com.ar\/wp-content\/uploads\/2020\/04\/logo-retina.png","contentUrl":"https:\/\/proagrolab.com.ar\/wp-content\/uploads\/2020\/04\/logo-retina.png","width":478,"height":120,"caption":"Proagro"},"image":{"@id":"https:\/\/proagrolab.com.ar\/#\/schema\/logo\/image\/"},"sameAs":["http:\/\/www.facebook.com\/proagrolab","https:\/\/www.instagram.com\/proagrolab\/","https:\/\/www.linkedin.com\/company\/laboratorio-proagro-s-a\/"]},{"@type":"Person","@id":"https:\/\/proagrolab.com.ar\/#\/schema\/person\/38003ff90bf80381f71c7d922d207444","name":"proagrolab"}]}},"_links":{"self":[{"href":"https:\/\/proagrolab.com.ar\/en\/wp-json\/wp\/v2\/posts\/5756","targetHints":{"allow":["GET"]}}],"collection":[{"href":"https:\/\/proagrolab.com.ar\/en\/wp-json\/wp\/v2\/posts"}],"about":[{"href":"https:\/\/proagrolab.com.ar\/en\/wp-json\/wp\/v2\/types\/post"}],"author":[{"embeddable":true,"href":"https:\/\/proagrolab.com.ar\/en\/wp-json\/wp\/v2\/users\/2"}],"replies":[{"embeddable":true,"href":"https:\/\/proagrolab.com.ar\/en\/wp-json\/wp\/v2\/comments?post=5756"}],"version-history":[{"count":0,"href":"https:\/\/proagrolab.com.ar\/en\/wp-json\/wp\/v2\/posts\/5756\/revisions"}],"wp:featuredmedia":[{"embeddable":true,"href":"https:\/\/proagrolab.com.ar\/en\/wp-json\/wp\/v2\/media\/2244"}],"wp:attachment":[{"href":"https:\/\/proagrolab.com.ar\/en\/wp-json\/wp\/v2\/media?parent=5756"}],"wp:term":[{"taxonomy":"category","embeddable":true,"href":"https:\/\/proagrolab.com.ar\/en\/wp-json\/wp\/v2\/categories?post=5756"},{"taxonomy":"post_tag","embeddable":true,"href":"https:\/\/proagrolab.com.ar\/en\/wp-json\/wp\/v2\/tags?post=5756"}],"curies":[{"name":"wp","href":"https:\/\/api.w.org\/{rel}","templated":true}]}}