{"id":5749,"date":"2013-10-16T00:00:01","date_gmt":"2013-10-16T00:00:01","guid":{"rendered":"https:\/\/proagrolab.com.ar\/declaran-emergencia-y-desastre-agropecuario-en-seis-provincias\/"},"modified":"2013-10-16T00:00:01","modified_gmt":"2013-10-16T00:00:01","slug":"declaran-emergencia-y-desastre-agropecuario-en-seis-provincias","status":"publish","type":"post","link":"https:\/\/proagrolab.com.ar\/en\/declaran-emergencia-y-desastre-agropecuario-en-seis-provincias\/","title":{"rendered":"Declaran emergencia y desastre agropecuario en seis provincias."},"content":{"rendered":"<p class=\"qtranxs-available-languages-message qtranxs-available-languages-message-en\"> <\/p><p>El Ministerio de Agricultura declar\u00f3 y prorrog\u00f3 el estado de emergencia o desastre agropecuario en seis provincias. La resoluci\u00f3n 992\/2013, publicada ayer en el Bolet\u00edn Oficial, contempla esa situaci\u00f3n en Chaco, Santa Fe, R\u00edo Negro, Buenos Aires, Salta y en La Rioja. <\/p>\n<p>En Chaco, se dispuso la medida en relaci\u00f3n con las explotaciones con actividades agr\u00edcolas y pecuarias por sequ\u00eda y altas temperaturas. <\/p>\n<p>En R\u00edo Negro, se declar\u00f3 el estado de emergencia y\/o desastre por sequ\u00eda en General Roca y se prorrog\u00f3 el estado de emergencia y\/o desastre en Adolfo Alsina, Conesa, Pichi Mahuida, Avellaneda, El Cuy, Valcheta, San Antonio, 9 de Julio, 25 de Mayo, \u00d1orquinco y Pilcaniyeu. <\/p>\n<p>En el caso de Santa Fe, se declar\u00f3 emergencia y\/o desastre para las explotaciones afectadas por sequ\u00eda y por intensas heladas en 9 de Julio, San Crist\u00f3bal, Vera y en distritos del departamento de San Justo. <\/p>\n<p>En Buenos Aires, se prorrog\u00f3 la emergencia o desastre por sequ\u00eda a las explotaciones agr\u00edcolas y pecuarias de Villarino y Patagones. <\/p>\n<p>En Salta fue dispuesto el estado de emergencia y\/o desastre por sequ\u00eda en Rosario de la Frontera y en Met\u00e1n. Finalmente, en La Rioja se dispuso el estado de desastre agropecuario por sequ\u00eda en General San Mart\u00edn, Rosario Vera Pe\u00f1aloza, General Ortiz de Ocampo, General Manuel Belgrano, General \u00c1ngel Vicente Pe\u00f1aloza, Chamical, General Juan Facundo Quiroga, Independencia y en la capital.<\/p>\n<p>Fuente: La Naci\u00f3n, 16 de octubre.<br \/><\/p>","protected":false},"excerpt":{"rendered":"<p>El Ministerio de Agricultura declar\u00f3 y prorrog\u00f3 el estado de emergencia o desastre agropecuario en seis provincias. La resoluci\u00f3n 992\/2013, publicada ayer en el Bolet\u00edn Oficial, contempla esa situaci\u00f3n en Chaco, Santa Fe, R\u00edo Negro, Buenos Aires, Salta y en La Rioja. En Chaco, se dispuso la medida en relaci\u00f3n con las explotaciones con actividades agr\u00edcolas y pecuarias por sequ\u00eda y altas temperaturas. En R\u00edo Negro, se declar\u00f3 el estado de emergencia y\/o desastre por sequ\u00eda en General Roca y se prorrog\u00f3 el estado de emergencia y\/o desastre en Adolfo Alsina, Conesa, Pichi Mahuida, Avellaneda, El Cuy, Valcheta, San Antonio, 9 de Julio, 25 de Mayo, \u00d1orquinco y Pilcaniyeu. En el caso de Santa Fe, se declar\u00f3 emergencia y\/o desastre para las explotaciones afectadas por sequ\u00eda y por intensas heladas en 9 de Julio, San Crist\u00f3bal, Vera y en distritos del departamento de San Justo. En Buenos Aires, se prorrog\u00f3 la emergencia o desastre por sequ\u00eda a las explotaciones agr\u00edcolas y pecuarias de Villarino y Patagones. En Salta fue dispuesto el estado de emergencia y\/o desastre por sequ\u00eda en Rosario de la Frontera y en Met\u00e1n. Finalmente, en La Rioja se dispuso el estado de desastre agropecuario por sequ\u00eda en [&hellip;]<\/p>\n","protected":false},"author":2,"featured_media":2237,"comment_status":"closed","ping_status":"open","sticky":false,"template":"","format":"standard","meta":{"_acf_changed":false,"footnotes":""},"categories":[56],"tags":[],"class_list":["post-5749","post","type-post","status-publish","format-standard","has-post-thumbnail","hentry","category-infoganadero"],"acf":[],"yoast_head":"<!-- This site is optimized with the Yoast SEO plugin v27.5 - https:\/\/yoast.com\/product\/yoast-seo-wordpress\/ -->\n<title>Declaran emergencia y desastre agropecuario en seis provincias. | Proagro<\/title>\n<meta name=\"robots\" content=\"index, follow, max-snippet:-1, max-image-preview:large, max-video-preview:-1\" \/>\n<link rel=\"canonical\" href=\"https:\/\/proagrolab.com.ar\/en\/declaran-emergencia-y-desastre-agropecuario-en-seis-provincias\/\" \/>\n<meta property=\"og:locale\" content=\"en_US\" \/>\n<meta property=\"og:type\" content=\"article\" \/>\n<meta property=\"og:title\" content=\"Declaran emergencia y desastre agropecuario en seis provincias. | Proagro\" \/>\n<meta property=\"og:description\" content=\"El Ministerio de Agricultura declar\u00f3 y prorrog\u00f3 el estado de emergencia o desastre agropecuario en seis provincias. La resoluci\u00f3n 992\/2013, publicada ayer en el Bolet\u00edn Oficial, contempla esa situaci\u00f3n en Chaco, Santa Fe, R\u00edo Negro, Buenos Aires, Salta y en La Rioja. En Chaco, se dispuso la medida en relaci\u00f3n con las explotaciones con actividades agr\u00edcolas y pecuarias por sequ\u00eda y altas temperaturas. En R\u00edo Negro, se declar\u00f3 el estado de emergencia y\/o desastre por sequ\u00eda en General Roca y se prorrog\u00f3 el estado de emergencia y\/o desastre en Adolfo Alsina, Conesa, Pichi Mahuida, Avellaneda, El Cuy, Valcheta, San Antonio, 9 de Julio, 25 de Mayo, \u00d1orquinco y Pilcaniyeu. En el caso de Santa Fe, se declar\u00f3 emergencia y\/o desastre para las explotaciones afectadas por sequ\u00eda y por intensas heladas en 9 de Julio, San Crist\u00f3bal, Vera y en distritos del departamento de San Justo. En Buenos Aires, se prorrog\u00f3 la emergencia o desastre por sequ\u00eda a las explotaciones agr\u00edcolas y pecuarias de Villarino y Patagones. En Salta fue dispuesto el estado de emergencia y\/o desastre por sequ\u00eda en Rosario de la Frontera y en Met\u00e1n. Finalmente, en La Rioja se dispuso el estado de desastre agropecuario por sequ\u00eda en [&hellip;]\" \/>\n<meta property=\"og:url\" content=\"https:\/\/proagrolab.com.ar\/declaran-emergencia-y-desastre-agropecuario-en-seis-provincias\/\" \/>\n<meta property=\"og:site_name\" content=\"Proagro\" \/>\n<meta property=\"article:publisher\" content=\"http:\/\/www.facebook.com\/proagrolab\" \/>\n<meta property=\"article:published_time\" content=\"2013-10-16T00:00:01+00:00\" \/>\n<meta property=\"og:image\" content=\"https:\/\/proagrolab.com.ar\/wp-content\/uploads\/2015\/01\/g_nyvg9z052__Vacas-13.jpg\" \/>\n\t<meta property=\"og:image:width\" content=\"450\" \/>\n\t<meta property=\"og:image:height\" content=\"208\" \/>\n\t<meta property=\"og:image:type\" content=\"image\/jpeg\" \/>\n<meta name=\"author\" content=\"proagrolab\" \/>\n<meta name=\"twitter:card\" content=\"summary_large_image\" \/>\n<meta name=\"twitter:label1\" content=\"Written by\" \/>\n\t<meta name=\"twitter:data1\" content=\"proagrolab\" \/>\n\t<meta name=\"twitter:label2\" content=\"Est. reading time\" \/>\n\t<meta name=\"twitter:data2\" content=\"1 minute\" \/>\n<script type=\"application\/ld+json\" class=\"yoast-schema-graph\">{\"@context\":\"https:\\\/\\\/schema.org\",\"@graph\":[{\"@type\":\"Article\",\"@id\":\"https:\\\/\\\/proagrolab.com.ar\\\/declaran-emergencia-y-desastre-agropecuario-en-seis-provincias\\\/#article\",\"isPartOf\":{\"@id\":\"https:\\\/\\\/proagrolab.com.ar\\\/declaran-emergencia-y-desastre-agropecuario-en-seis-provincias\\\/\"},\"author\":{\"name\":\"proagrolab\",\"@id\":\"https:\\\/\\\/proagrolab.com.ar\\\/#\\\/schema\\\/person\\\/38003ff90bf80381f71c7d922d207444\"},\"headline\":\"Declaran emergencia y desastre agropecuario en seis provincias.\",\"datePublished\":\"2013-10-16T00:00:01+00:00\",\"mainEntityOfPage\":{\"@id\":\"https:\\\/\\\/proagrolab.com.ar\\\/declaran-emergencia-y-desastre-agropecuario-en-seis-provincias\\\/\"},\"wordCount\":260,\"publisher\":{\"@id\":\"https:\\\/\\\/proagrolab.com.ar\\\/#organization\"},\"image\":{\"@id\":\"https:\\\/\\\/proagrolab.com.ar\\\/declaran-emergencia-y-desastre-agropecuario-en-seis-provincias\\\/#primaryimage\"},\"thumbnailUrl\":\"https:\\\/\\\/proagrolab.com.ar\\\/wp-content\\\/uploads\\\/2015\\\/01\\\/g_nyvg9z052__Vacas-13.jpg\",\"articleSection\":[\"News\"],\"inLanguage\":\"en-US\"},{\"@type\":\"WebPage\",\"@id\":\"https:\\\/\\\/proagrolab.com.ar\\\/declaran-emergencia-y-desastre-agropecuario-en-seis-provincias\\\/\",\"url\":\"https:\\\/\\\/proagrolab.com.ar\\\/declaran-emergencia-y-desastre-agropecuario-en-seis-provincias\\\/\",\"name\":\"Declaran emergencia y desastre agropecuario en seis provincias. | Proagro\",\"isPartOf\":{\"@id\":\"https:\\\/\\\/proagrolab.com.ar\\\/#website\"},\"primaryImageOfPage\":{\"@id\":\"https:\\\/\\\/proagrolab.com.ar\\\/declaran-emergencia-y-desastre-agropecuario-en-seis-provincias\\\/#primaryimage\"},\"image\":{\"@id\":\"https:\\\/\\\/proagrolab.com.ar\\\/declaran-emergencia-y-desastre-agropecuario-en-seis-provincias\\\/#primaryimage\"},\"thumbnailUrl\":\"https:\\\/\\\/proagrolab.com.ar\\\/wp-content\\\/uploads\\\/2015\\\/01\\\/g_nyvg9z052__Vacas-13.jpg\",\"datePublished\":\"2013-10-16T00:00:01+00:00\",\"breadcrumb\":{\"@id\":\"https:\\\/\\\/proagrolab.com.ar\\\/declaran-emergencia-y-desastre-agropecuario-en-seis-provincias\\\/#breadcrumb\"},\"inLanguage\":\"en-US\",\"potentialAction\":[{\"@type\":\"ReadAction\",\"target\":[\"https:\\\/\\\/proagrolab.com.ar\\\/declaran-emergencia-y-desastre-agropecuario-en-seis-provincias\\\/\"]}]},{\"@type\":\"ImageObject\",\"inLanguage\":\"en-US\",\"@id\":\"https:\\\/\\\/proagrolab.com.ar\\\/declaran-emergencia-y-desastre-agropecuario-en-seis-provincias\\\/#primaryimage\",\"url\":\"https:\\\/\\\/proagrolab.com.ar\\\/wp-content\\\/uploads\\\/2015\\\/01\\\/g_nyvg9z052__Vacas-13.jpg\",\"contentUrl\":\"https:\\\/\\\/proagrolab.com.ar\\\/wp-content\\\/uploads\\\/2015\\\/01\\\/g_nyvg9z052__Vacas-13.jpg\",\"width\":450,\"height\":208},{\"@type\":\"BreadcrumbList\",\"@id\":\"https:\\\/\\\/proagrolab.com.ar\\\/declaran-emergencia-y-desastre-agropecuario-en-seis-provincias\\\/#breadcrumb\",\"itemListElement\":[{\"@type\":\"ListItem\",\"position\":1,\"name\":\"Portada\",\"item\":\"https:\\\/\\\/proagrolab.com.ar\\\/\"},{\"@type\":\"ListItem\",\"position\":2,\"name\":\"Declaran emergencia y desastre agropecuario en seis provincias.\"}]},{\"@type\":\"WebSite\",\"@id\":\"https:\\\/\\\/proagrolab.com.ar\\\/#website\",\"url\":\"https:\\\/\\\/proagrolab.com.ar\\\/\",\"name\":\"Proagro Laboratorio Veterinario\",\"description\":\"Veterinary laboratory\",\"publisher\":{\"@id\":\"https:\\\/\\\/proagrolab.com.ar\\\/#organization\"},\"potentialAction\":[{\"@type\":\"SearchAction\",\"target\":{\"@type\":\"EntryPoint\",\"urlTemplate\":\"https:\\\/\\\/proagrolab.com.ar\\\/?s={search_term_string}\"},\"query-input\":{\"@type\":\"PropertyValueSpecification\",\"valueRequired\":true,\"valueName\":\"search_term_string\"}}],\"inLanguage\":\"en-US\"},{\"@type\":\"Organization\",\"@id\":\"https:\\\/\\\/proagrolab.com.ar\\\/#organization\",\"name\":\"Proagro\",\"url\":\"https:\\\/\\\/proagrolab.com.ar\\\/\",\"logo\":{\"@type\":\"ImageObject\",\"inLanguage\":\"en-US\",\"@id\":\"https:\\\/\\\/proagrolab.com.ar\\\/#\\\/schema\\\/logo\\\/image\\\/\",\"url\":\"https:\\\/\\\/proagrolab.com.ar\\\/wp-content\\\/uploads\\\/2020\\\/04\\\/logo-retina.png\",\"contentUrl\":\"https:\\\/\\\/proagrolab.com.ar\\\/wp-content\\\/uploads\\\/2020\\\/04\\\/logo-retina.png\",\"width\":478,\"height\":120,\"caption\":\"Proagro\"},\"image\":{\"@id\":\"https:\\\/\\\/proagrolab.com.ar\\\/#\\\/schema\\\/logo\\\/image\\\/\"},\"sameAs\":[\"http:\\\/\\\/www.facebook.com\\\/proagrolab\",\"https:\\\/\\\/www.instagram.com\\\/proagrolab\\\/\",\"https:\\\/\\\/www.linkedin.com\\\/company\\\/laboratorio-proagro-s-a\\\/\"]},{\"@type\":\"Person\",\"@id\":\"https:\\\/\\\/proagrolab.com.ar\\\/#\\\/schema\\\/person\\\/38003ff90bf80381f71c7d922d207444\",\"name\":\"proagrolab\"}]}<\/script>\n<!-- \/ Yoast SEO plugin. -->","yoast_head_json":{"title":"Declaran emergencia y desastre agropecuario en seis provincias. | Proagro","robots":{"index":"index","follow":"follow","max-snippet":"max-snippet:-1","max-image-preview":"max-image-preview:large","max-video-preview":"max-video-preview:-1"},"canonical":"https:\/\/proagrolab.com.ar\/en\/declaran-emergencia-y-desastre-agropecuario-en-seis-provincias\/","og_locale":"en_US","og_type":"article","og_title":"Declaran emergencia y desastre agropecuario en seis provincias. | Proagro","og_description":"El Ministerio de Agricultura declar\u00f3 y prorrog\u00f3 el estado de emergencia o desastre agropecuario en seis provincias. La resoluci\u00f3n 992\/2013, publicada ayer en el Bolet\u00edn Oficial, contempla esa situaci\u00f3n en Chaco, Santa Fe, R\u00edo Negro, Buenos Aires, Salta y en La Rioja. En Chaco, se dispuso la medida en relaci\u00f3n con las explotaciones con actividades agr\u00edcolas y pecuarias por sequ\u00eda y altas temperaturas. En R\u00edo Negro, se declar\u00f3 el estado de emergencia y\/o desastre por sequ\u00eda en General Roca y se prorrog\u00f3 el estado de emergencia y\/o desastre en Adolfo Alsina, Conesa, Pichi Mahuida, Avellaneda, El Cuy, Valcheta, San Antonio, 9 de Julio, 25 de Mayo, \u00d1orquinco y Pilcaniyeu. En el caso de Santa Fe, se declar\u00f3 emergencia y\/o desastre para las explotaciones afectadas por sequ\u00eda y por intensas heladas en 9 de Julio, San Crist\u00f3bal, Vera y en distritos del departamento de San Justo. En Buenos Aires, se prorrog\u00f3 la emergencia o desastre por sequ\u00eda a las explotaciones agr\u00edcolas y pecuarias de Villarino y Patagones. En Salta fue dispuesto el estado de emergencia y\/o desastre por sequ\u00eda en Rosario de la Frontera y en Met\u00e1n. Finalmente, en La Rioja se dispuso el estado de desastre agropecuario por sequ\u00eda en [&hellip;]","og_url":"https:\/\/proagrolab.com.ar\/declaran-emergencia-y-desastre-agropecuario-en-seis-provincias\/","og_site_name":"Proagro","article_publisher":"http:\/\/www.facebook.com\/proagrolab","article_published_time":"2013-10-16T00:00:01+00:00","og_image":[{"width":450,"height":208,"url":"https:\/\/proagrolab.com.ar\/wp-content\/uploads\/2015\/01\/g_nyvg9z052__Vacas-13.jpg","type":"image\/jpeg"}],"author":"proagrolab","twitter_card":"summary_large_image","twitter_misc":{"Written by":"proagrolab","Est. reading time":"1 minute"},"schema":{"@context":"https:\/\/schema.org","@graph":[{"@type":"Article","@id":"https:\/\/proagrolab.com.ar\/declaran-emergencia-y-desastre-agropecuario-en-seis-provincias\/#article","isPartOf":{"@id":"https:\/\/proagrolab.com.ar\/declaran-emergencia-y-desastre-agropecuario-en-seis-provincias\/"},"author":{"name":"proagrolab","@id":"https:\/\/proagrolab.com.ar\/#\/schema\/person\/38003ff90bf80381f71c7d922d207444"},"headline":"Declaran emergencia y desastre agropecuario en seis provincias.","datePublished":"2013-10-16T00:00:01+00:00","mainEntityOfPage":{"@id":"https:\/\/proagrolab.com.ar\/declaran-emergencia-y-desastre-agropecuario-en-seis-provincias\/"},"wordCount":260,"publisher":{"@id":"https:\/\/proagrolab.com.ar\/#organization"},"image":{"@id":"https:\/\/proagrolab.com.ar\/declaran-emergencia-y-desastre-agropecuario-en-seis-provincias\/#primaryimage"},"thumbnailUrl":"https:\/\/proagrolab.com.ar\/wp-content\/uploads\/2015\/01\/g_nyvg9z052__Vacas-13.jpg","articleSection":["News"],"inLanguage":"en-US"},{"@type":"WebPage","@id":"https:\/\/proagrolab.com.ar\/declaran-emergencia-y-desastre-agropecuario-en-seis-provincias\/","url":"https:\/\/proagrolab.com.ar\/declaran-emergencia-y-desastre-agropecuario-en-seis-provincias\/","name":"Declaran emergencia y desastre agropecuario en seis provincias. | Proagro","isPartOf":{"@id":"https:\/\/proagrolab.com.ar\/#website"},"primaryImageOfPage":{"@id":"https:\/\/proagrolab.com.ar\/declaran-emergencia-y-desastre-agropecuario-en-seis-provincias\/#primaryimage"},"image":{"@id":"https:\/\/proagrolab.com.ar\/declaran-emergencia-y-desastre-agropecuario-en-seis-provincias\/#primaryimage"},"thumbnailUrl":"https:\/\/proagrolab.com.ar\/wp-content\/uploads\/2015\/01\/g_nyvg9z052__Vacas-13.jpg","datePublished":"2013-10-16T00:00:01+00:00","breadcrumb":{"@id":"https:\/\/proagrolab.com.ar\/declaran-emergencia-y-desastre-agropecuario-en-seis-provincias\/#breadcrumb"},"inLanguage":"en-US","potentialAction":[{"@type":"ReadAction","target":["https:\/\/proagrolab.com.ar\/declaran-emergencia-y-desastre-agropecuario-en-seis-provincias\/"]}]},{"@type":"ImageObject","inLanguage":"en-US","@id":"https:\/\/proagrolab.com.ar\/declaran-emergencia-y-desastre-agropecuario-en-seis-provincias\/#primaryimage","url":"https:\/\/proagrolab.com.ar\/wp-content\/uploads\/2015\/01\/g_nyvg9z052__Vacas-13.jpg","contentUrl":"https:\/\/proagrolab.com.ar\/wp-content\/uploads\/2015\/01\/g_nyvg9z052__Vacas-13.jpg","width":450,"height":208},{"@type":"BreadcrumbList","@id":"https:\/\/proagrolab.com.ar\/declaran-emergencia-y-desastre-agropecuario-en-seis-provincias\/#breadcrumb","itemListElement":[{"@type":"ListItem","position":1,"name":"Portada","item":"https:\/\/proagrolab.com.ar\/"},{"@type":"ListItem","position":2,"name":"Declaran emergencia y desastre agropecuario en seis provincias."}]},{"@type":"WebSite","@id":"https:\/\/proagrolab.com.ar\/#website","url":"https:\/\/proagrolab.com.ar\/","name":"Proagro Laboratorio Veterinario","description":"Veterinary laboratory","publisher":{"@id":"https:\/\/proagrolab.com.ar\/#organization"},"potentialAction":[{"@type":"SearchAction","target":{"@type":"EntryPoint","urlTemplate":"https:\/\/proagrolab.com.ar\/?s={search_term_string}"},"query-input":{"@type":"PropertyValueSpecification","valueRequired":true,"valueName":"search_term_string"}}],"inLanguage":"en-US"},{"@type":"Organization","@id":"https:\/\/proagrolab.com.ar\/#organization","name":"Proagro","url":"https:\/\/proagrolab.com.ar\/","logo":{"@type":"ImageObject","inLanguage":"en-US","@id":"https:\/\/proagrolab.com.ar\/#\/schema\/logo\/image\/","url":"https:\/\/proagrolab.com.ar\/wp-content\/uploads\/2020\/04\/logo-retina.png","contentUrl":"https:\/\/proagrolab.com.ar\/wp-content\/uploads\/2020\/04\/logo-retina.png","width":478,"height":120,"caption":"Proagro"},"image":{"@id":"https:\/\/proagrolab.com.ar\/#\/schema\/logo\/image\/"},"sameAs":["http:\/\/www.facebook.com\/proagrolab","https:\/\/www.instagram.com\/proagrolab\/","https:\/\/www.linkedin.com\/company\/laboratorio-proagro-s-a\/"]},{"@type":"Person","@id":"https:\/\/proagrolab.com.ar\/#\/schema\/person\/38003ff90bf80381f71c7d922d207444","name":"proagrolab"}]}},"_links":{"self":[{"href":"https:\/\/proagrolab.com.ar\/en\/wp-json\/wp\/v2\/posts\/5749","targetHints":{"allow":["GET"]}}],"collection":[{"href":"https:\/\/proagrolab.com.ar\/en\/wp-json\/wp\/v2\/posts"}],"about":[{"href":"https:\/\/proagrolab.com.ar\/en\/wp-json\/wp\/v2\/types\/post"}],"author":[{"embeddable":true,"href":"https:\/\/proagrolab.com.ar\/en\/wp-json\/wp\/v2\/users\/2"}],"replies":[{"embeddable":true,"href":"https:\/\/proagrolab.com.ar\/en\/wp-json\/wp\/v2\/comments?post=5749"}],"version-history":[{"count":0,"href":"https:\/\/proagrolab.com.ar\/en\/wp-json\/wp\/v2\/posts\/5749\/revisions"}],"wp:featuredmedia":[{"embeddable":true,"href":"https:\/\/proagrolab.com.ar\/en\/wp-json\/wp\/v2\/media\/2237"}],"wp:attachment":[{"href":"https:\/\/proagrolab.com.ar\/en\/wp-json\/wp\/v2\/media?parent=5749"}],"wp:term":[{"taxonomy":"category","embeddable":true,"href":"https:\/\/proagrolab.com.ar\/en\/wp-json\/wp\/v2\/categories?post=5749"},{"taxonomy":"post_tag","embeddable":true,"href":"https:\/\/proagrolab.com.ar\/en\/wp-json\/wp\/v2\/tags?post=5749"}],"curies":[{"name":"wp","href":"https:\/\/api.w.org\/{rel}","templated":true}]}}