{"id":5746,"date":"2013-10-15T00:00:01","date_gmt":"2013-10-15T00:00:01","guid":{"rendered":"https:\/\/proagrolab.com.ar\/salir-de-la-cria-a-fuerza-de-granos\/"},"modified":"2013-10-15T00:00:01","modified_gmt":"2013-10-15T00:00:01","slug":"salir-de-la-cria-a-fuerza-de-granos","status":"publish","type":"post","link":"https:\/\/proagrolab.com.ar\/en\/salir-de-la-cria-a-fuerza-de-granos\/","title":{"rendered":"Salir de la cr\u00eda a fuerza de granos."},"content":{"rendered":"<p class=\"qtranxs-available-languages-message qtranxs-available-languages-message-en\"> <\/p><p>Los Herrero recr\u00edan y engordan sus novillos como un complemento necesario de su producci\u00f3n agr\u00edcola.<\/p>\n<p>QUIMIL\u00cd, Santiago del Estero (De un enviado especial).- Los hermanos Fernando y Daniel Herrero vienen sacudiendo estructuras tradicionales con decisiones que cambiaron el eje de su explotaci\u00f3n familiar. Pasaron de un campo dedicado a la cr\u00eda a una empresa que engorda sus terneros, incrementaron la superficie agr\u00edcola en campo propio y se animaron a sembrar en lotes de terceros. Y por si les faltaba algo de traj\u00edn, armaron una caba\u00f1a Braford de la que salen 40 toros por a\u00f1o, la mitad se vende y la otra mitad se utiliza en sus rodeos de vacas.<\/p>\n<p>Los Herrero apuntan a lograr dos objetivos: escala en sus distintas actividades para diluir los costos fijos, una gran preocupaci\u00f3n en estos tiempos de alta inflaci\u00f3n y una ecuaci\u00f3n equilibrada de rentabilidad y blindaje econ\u00f3mico para sortear las variaciones de precios y los avatares clim\u00e1ticos, como la seca actual. Como santiague\u00f1os y conocedores de la zona saben que son m\u00e1s los a\u00f1os malos o mediocres que los buenos. Esto no lo amedrenta para seguir apostando a la agricultura, pero sabiendo que en esta regi\u00f3n la ganader\u00eda siempre debe estar como el \u00faltimo respaldo. &#8220;Nosotros creemos que vender el ternero es desperdiciar el esfuerzo. Lo llevamos a gordo. La cr\u00eda es una actividad de mucho esfuerzo y poca renta por lo que no dudamos en poner los corrales de encierre con grano&#8221;, afirma Fernando Herrero.<\/p>\n<p>De las 4300 hect\u00e1reas totales le dedican 2000 hect\u00e1reas a la agricultura de la que utilizan parte del grano para la terminar los novillos en 400 kilos a los 20 meses. En la etapa final los novillos son encerrados en los meses de abril y mayo para venderlos entre julio y agosto. Esos 100 kilos finales que ganan a fuerza de grano son posibles porque los novillos ya vienen lanzados con una fuerte ganancia diaria obtenida en las pasturas de gatton panic. De la primavera al oto\u00f1o, m\u00e1s precisamente de octubre a abril, la producci\u00f3n de esta forrajera megat\u00e9rmica permite sostener tanto altas cargas animales como buenos engordes.<\/p>\n<p>La seca que todav\u00eda no se cort\u00f3 y la falta de rentabilidad de la soja y el ma\u00edz congelaron por el momento la decisi\u00f3n de los Herrero de salir a sembrar en campos de terceros. &#8220;Estamos analizando si salimos a sembrar las 2.000 hect\u00e1reas que se ven\u00edan alquilando. Todav\u00eda tenemos tiempo hasta mediados de diciembre, pero es m\u00e1s que probable que no hagamos nada porque el n\u00famero no cierra&#8221;, afirma Fernando Herrero.<\/p>\n<p>En los \u00faltimos doce a\u00f1os los rindes promedio de soja que obtuvieron los Herrero fue de 20 quintales y en ma\u00edz de 35 quintales. Y seg\u00fan sus cuentas el rinde de indiferencia en soja trep\u00f3 para esta campa\u00f1a a los 22 quintales de los 13 quintales con que se manejaban en las \u00faltimas campa\u00f1as.<\/p>\n<p><i>Pilag\u00e1, la gran apuesta<\/i><br \/>Los Minetti adquirieron la caba\u00f1a y la marca junto al productor Luis Magliano<br \/>Es muy extra\u00f1o que una familia de chacareros se enamore de la agricultura. Esto les ocurri\u00f3 a los Minetti, que durante toda su vida hicieron chacra en su campo de Luque hasta que se toparon con las vacas de cr\u00eda del campo de Quimil\u00ed. Y de ah\u00ed en un viaje de ida, junto al productor Luis Magliano, se animaron a comprar a los brasile\u00f1os de Marfrig una de las marcas m\u00e1s fuertes de la ganader\u00eda: la caba\u00f1a Pilag\u00e1. En la operaci\u00f3n, cuyo monto esta bajo siete llaves, se llevaron un plantel de 4500 vientres Braford. Se vend\u00edan por a\u00f1o 700 reproductores que remataban en Mercedes, Corrientes y Formosa. Este \u00faltimo remate podr\u00eda mudarse el a\u00f1o que viene a Quimil\u00ed.<\/p>\n<p>Fuente: La Naci\u00f3n, suple campo, 12 de octubre.<br \/><\/p>","protected":false},"excerpt":{"rendered":"<p>Los Herrero recr\u00edan y engordan sus novillos como un complemento necesario de su producci\u00f3n agr\u00edcola. QUIMIL\u00cd, Santiago del Estero (De un enviado especial).- Los hermanos Fernando y Daniel Herrero vienen sacudiendo estructuras tradicionales con decisiones que cambiaron el eje de su explotaci\u00f3n familiar. Pasaron de un campo dedicado a la cr\u00eda a una empresa que engorda sus terneros, incrementaron la superficie agr\u00edcola en campo propio y se animaron a sembrar en lotes de terceros. Y por si les faltaba algo de traj\u00edn, armaron una caba\u00f1a Braford de la que salen 40 toros por a\u00f1o, la mitad se vende y la otra mitad se utiliza en sus rodeos de vacas. Los Herrero apuntan a lograr dos objetivos: escala en sus distintas actividades para diluir los costos fijos, una gran preocupaci\u00f3n en estos tiempos de alta inflaci\u00f3n y una ecuaci\u00f3n equilibrada de rentabilidad y blindaje econ\u00f3mico para sortear las variaciones de precios y los avatares clim\u00e1ticos, como la seca actual. Como santiague\u00f1os y conocedores de la zona saben que son m\u00e1s los a\u00f1os malos o mediocres que los buenos. Esto no lo amedrenta para seguir apostando a la agricultura, pero sabiendo que en esta regi\u00f3n la ganader\u00eda siempre debe estar como el [&hellip;]<\/p>\n","protected":false},"author":2,"featured_media":2234,"comment_status":"closed","ping_status":"open","sticky":false,"template":"","format":"standard","meta":{"_acf_changed":false,"footnotes":""},"categories":[56],"tags":[],"class_list":["post-5746","post","type-post","status-publish","format-standard","has-post-thumbnail","hentry","category-infoganadero"],"acf":[],"yoast_head":"<!-- This site is optimized with the Yoast SEO plugin v27.5 - https:\/\/yoast.com\/product\/yoast-seo-wordpress\/ -->\n<title>Salir de la cr\u00eda a fuerza de granos. | Proagro<\/title>\n<meta name=\"robots\" content=\"index, follow, max-snippet:-1, max-image-preview:large, max-video-preview:-1\" \/>\n<link rel=\"canonical\" href=\"https:\/\/proagrolab.com.ar\/en\/salir-de-la-cria-a-fuerza-de-granos\/\" \/>\n<meta property=\"og:locale\" content=\"en_US\" \/>\n<meta property=\"og:type\" content=\"article\" \/>\n<meta property=\"og:title\" content=\"Salir de la cr\u00eda a fuerza de granos. | Proagro\" \/>\n<meta property=\"og:description\" content=\"Los Herrero recr\u00edan y engordan sus novillos como un complemento necesario de su producci\u00f3n agr\u00edcola. QUIMIL\u00cd, Santiago del Estero (De un enviado especial).- Los hermanos Fernando y Daniel Herrero vienen sacudiendo estructuras tradicionales con decisiones que cambiaron el eje de su explotaci\u00f3n familiar. Pasaron de un campo dedicado a la cr\u00eda a una empresa que engorda sus terneros, incrementaron la superficie agr\u00edcola en campo propio y se animaron a sembrar en lotes de terceros. Y por si les faltaba algo de traj\u00edn, armaron una caba\u00f1a Braford de la que salen 40 toros por a\u00f1o, la mitad se vende y la otra mitad se utiliza en sus rodeos de vacas. Los Herrero apuntan a lograr dos objetivos: escala en sus distintas actividades para diluir los costos fijos, una gran preocupaci\u00f3n en estos tiempos de alta inflaci\u00f3n y una ecuaci\u00f3n equilibrada de rentabilidad y blindaje econ\u00f3mico para sortear las variaciones de precios y los avatares clim\u00e1ticos, como la seca actual. Como santiague\u00f1os y conocedores de la zona saben que son m\u00e1s los a\u00f1os malos o mediocres que los buenos. Esto no lo amedrenta para seguir apostando a la agricultura, pero sabiendo que en esta regi\u00f3n la ganader\u00eda siempre debe estar como el [&hellip;]\" \/>\n<meta property=\"og:url\" content=\"https:\/\/proagrolab.com.ar\/salir-de-la-cria-a-fuerza-de-granos\/\" \/>\n<meta property=\"og:site_name\" content=\"Proagro\" \/>\n<meta property=\"article:publisher\" content=\"http:\/\/www.facebook.com\/proagrolab\" \/>\n<meta property=\"article:published_time\" content=\"2013-10-15T00:00:01+00:00\" \/>\n<meta property=\"og:image\" content=\"https:\/\/proagrolab.com.ar\/wp-content\/uploads\/2015\/01\/g_h5c0d4818__Terneros.jpg\" \/>\n\t<meta property=\"og:image:width\" content=\"450\" \/>\n\t<meta property=\"og:image:height\" content=\"208\" \/>\n\t<meta property=\"og:image:type\" content=\"image\/jpeg\" \/>\n<meta name=\"author\" content=\"proagrolab\" \/>\n<meta name=\"twitter:card\" content=\"summary_large_image\" \/>\n<meta name=\"twitter:label1\" content=\"Written by\" \/>\n\t<meta name=\"twitter:data1\" content=\"proagrolab\" \/>\n\t<meta name=\"twitter:label2\" content=\"Est. reading time\" \/>\n\t<meta name=\"twitter:data2\" content=\"3 minutes\" \/>\n<script type=\"application\/ld+json\" class=\"yoast-schema-graph\">{\"@context\":\"https:\\\/\\\/schema.org\",\"@graph\":[{\"@type\":\"Article\",\"@id\":\"https:\\\/\\\/proagrolab.com.ar\\\/salir-de-la-cria-a-fuerza-de-granos\\\/#article\",\"isPartOf\":{\"@id\":\"https:\\\/\\\/proagrolab.com.ar\\\/salir-de-la-cria-a-fuerza-de-granos\\\/\"},\"author\":{\"name\":\"proagrolab\",\"@id\":\"https:\\\/\\\/proagrolab.com.ar\\\/#\\\/schema\\\/person\\\/38003ff90bf80381f71c7d922d207444\"},\"headline\":\"Salir de la cr\u00eda a fuerza de granos.\",\"datePublished\":\"2013-10-15T00:00:01+00:00\",\"mainEntityOfPage\":{\"@id\":\"https:\\\/\\\/proagrolab.com.ar\\\/salir-de-la-cria-a-fuerza-de-granos\\\/\"},\"wordCount\":668,\"publisher\":{\"@id\":\"https:\\\/\\\/proagrolab.com.ar\\\/#organization\"},\"image\":{\"@id\":\"https:\\\/\\\/proagrolab.com.ar\\\/salir-de-la-cria-a-fuerza-de-granos\\\/#primaryimage\"},\"thumbnailUrl\":\"https:\\\/\\\/proagrolab.com.ar\\\/wp-content\\\/uploads\\\/2015\\\/01\\\/g_h5c0d4818__Terneros.jpg\",\"articleSection\":[\"News\"],\"inLanguage\":\"en-US\"},{\"@type\":\"WebPage\",\"@id\":\"https:\\\/\\\/proagrolab.com.ar\\\/salir-de-la-cria-a-fuerza-de-granos\\\/\",\"url\":\"https:\\\/\\\/proagrolab.com.ar\\\/salir-de-la-cria-a-fuerza-de-granos\\\/\",\"name\":\"Salir de la cr\u00eda a fuerza de granos. | Proagro\",\"isPartOf\":{\"@id\":\"https:\\\/\\\/proagrolab.com.ar\\\/#website\"},\"primaryImageOfPage\":{\"@id\":\"https:\\\/\\\/proagrolab.com.ar\\\/salir-de-la-cria-a-fuerza-de-granos\\\/#primaryimage\"},\"image\":{\"@id\":\"https:\\\/\\\/proagrolab.com.ar\\\/salir-de-la-cria-a-fuerza-de-granos\\\/#primaryimage\"},\"thumbnailUrl\":\"https:\\\/\\\/proagrolab.com.ar\\\/wp-content\\\/uploads\\\/2015\\\/01\\\/g_h5c0d4818__Terneros.jpg\",\"datePublished\":\"2013-10-15T00:00:01+00:00\",\"breadcrumb\":{\"@id\":\"https:\\\/\\\/proagrolab.com.ar\\\/salir-de-la-cria-a-fuerza-de-granos\\\/#breadcrumb\"},\"inLanguage\":\"en-US\",\"potentialAction\":[{\"@type\":\"ReadAction\",\"target\":[\"https:\\\/\\\/proagrolab.com.ar\\\/salir-de-la-cria-a-fuerza-de-granos\\\/\"]}]},{\"@type\":\"ImageObject\",\"inLanguage\":\"en-US\",\"@id\":\"https:\\\/\\\/proagrolab.com.ar\\\/salir-de-la-cria-a-fuerza-de-granos\\\/#primaryimage\",\"url\":\"https:\\\/\\\/proagrolab.com.ar\\\/wp-content\\\/uploads\\\/2015\\\/01\\\/g_h5c0d4818__Terneros.jpg\",\"contentUrl\":\"https:\\\/\\\/proagrolab.com.ar\\\/wp-content\\\/uploads\\\/2015\\\/01\\\/g_h5c0d4818__Terneros.jpg\",\"width\":450,\"height\":208},{\"@type\":\"BreadcrumbList\",\"@id\":\"https:\\\/\\\/proagrolab.com.ar\\\/salir-de-la-cria-a-fuerza-de-granos\\\/#breadcrumb\",\"itemListElement\":[{\"@type\":\"ListItem\",\"position\":1,\"name\":\"Portada\",\"item\":\"https:\\\/\\\/proagrolab.com.ar\\\/\"},{\"@type\":\"ListItem\",\"position\":2,\"name\":\"Salir de la cr\u00eda a fuerza de granos.\"}]},{\"@type\":\"WebSite\",\"@id\":\"https:\\\/\\\/proagrolab.com.ar\\\/#website\",\"url\":\"https:\\\/\\\/proagrolab.com.ar\\\/\",\"name\":\"Proagro Laboratorio Veterinario\",\"description\":\"Veterinary laboratory\",\"publisher\":{\"@id\":\"https:\\\/\\\/proagrolab.com.ar\\\/#organization\"},\"potentialAction\":[{\"@type\":\"SearchAction\",\"target\":{\"@type\":\"EntryPoint\",\"urlTemplate\":\"https:\\\/\\\/proagrolab.com.ar\\\/?s={search_term_string}\"},\"query-input\":{\"@type\":\"PropertyValueSpecification\",\"valueRequired\":true,\"valueName\":\"search_term_string\"}}],\"inLanguage\":\"en-US\"},{\"@type\":\"Organization\",\"@id\":\"https:\\\/\\\/proagrolab.com.ar\\\/#organization\",\"name\":\"Proagro\",\"url\":\"https:\\\/\\\/proagrolab.com.ar\\\/\",\"logo\":{\"@type\":\"ImageObject\",\"inLanguage\":\"en-US\",\"@id\":\"https:\\\/\\\/proagrolab.com.ar\\\/#\\\/schema\\\/logo\\\/image\\\/\",\"url\":\"https:\\\/\\\/proagrolab.com.ar\\\/wp-content\\\/uploads\\\/2020\\\/04\\\/logo-retina.png\",\"contentUrl\":\"https:\\\/\\\/proagrolab.com.ar\\\/wp-content\\\/uploads\\\/2020\\\/04\\\/logo-retina.png\",\"width\":478,\"height\":120,\"caption\":\"Proagro\"},\"image\":{\"@id\":\"https:\\\/\\\/proagrolab.com.ar\\\/#\\\/schema\\\/logo\\\/image\\\/\"},\"sameAs\":[\"http:\\\/\\\/www.facebook.com\\\/proagrolab\",\"https:\\\/\\\/www.instagram.com\\\/proagrolab\\\/\",\"https:\\\/\\\/www.linkedin.com\\\/company\\\/laboratorio-proagro-s-a\\\/\"]},{\"@type\":\"Person\",\"@id\":\"https:\\\/\\\/proagrolab.com.ar\\\/#\\\/schema\\\/person\\\/38003ff90bf80381f71c7d922d207444\",\"name\":\"proagrolab\"}]}<\/script>\n<!-- \/ Yoast SEO plugin. -->","yoast_head_json":{"title":"Salir de la cr\u00eda a fuerza de granos. | Proagro","robots":{"index":"index","follow":"follow","max-snippet":"max-snippet:-1","max-image-preview":"max-image-preview:large","max-video-preview":"max-video-preview:-1"},"canonical":"https:\/\/proagrolab.com.ar\/en\/salir-de-la-cria-a-fuerza-de-granos\/","og_locale":"en_US","og_type":"article","og_title":"Salir de la cr\u00eda a fuerza de granos. | Proagro","og_description":"Los Herrero recr\u00edan y engordan sus novillos como un complemento necesario de su producci\u00f3n agr\u00edcola. QUIMIL\u00cd, Santiago del Estero (De un enviado especial).- Los hermanos Fernando y Daniel Herrero vienen sacudiendo estructuras tradicionales con decisiones que cambiaron el eje de su explotaci\u00f3n familiar. Pasaron de un campo dedicado a la cr\u00eda a una empresa que engorda sus terneros, incrementaron la superficie agr\u00edcola en campo propio y se animaron a sembrar en lotes de terceros. Y por si les faltaba algo de traj\u00edn, armaron una caba\u00f1a Braford de la que salen 40 toros por a\u00f1o, la mitad se vende y la otra mitad se utiliza en sus rodeos de vacas. Los Herrero apuntan a lograr dos objetivos: escala en sus distintas actividades para diluir los costos fijos, una gran preocupaci\u00f3n en estos tiempos de alta inflaci\u00f3n y una ecuaci\u00f3n equilibrada de rentabilidad y blindaje econ\u00f3mico para sortear las variaciones de precios y los avatares clim\u00e1ticos, como la seca actual. Como santiague\u00f1os y conocedores de la zona saben que son m\u00e1s los a\u00f1os malos o mediocres que los buenos. Esto no lo amedrenta para seguir apostando a la agricultura, pero sabiendo que en esta regi\u00f3n la ganader\u00eda siempre debe estar como el [&hellip;]","og_url":"https:\/\/proagrolab.com.ar\/salir-de-la-cria-a-fuerza-de-granos\/","og_site_name":"Proagro","article_publisher":"http:\/\/www.facebook.com\/proagrolab","article_published_time":"2013-10-15T00:00:01+00:00","og_image":[{"width":450,"height":208,"url":"https:\/\/proagrolab.com.ar\/wp-content\/uploads\/2015\/01\/g_h5c0d4818__Terneros.jpg","type":"image\/jpeg"}],"author":"proagrolab","twitter_card":"summary_large_image","twitter_misc":{"Written by":"proagrolab","Est. reading time":"3 minutes"},"schema":{"@context":"https:\/\/schema.org","@graph":[{"@type":"Article","@id":"https:\/\/proagrolab.com.ar\/salir-de-la-cria-a-fuerza-de-granos\/#article","isPartOf":{"@id":"https:\/\/proagrolab.com.ar\/salir-de-la-cria-a-fuerza-de-granos\/"},"author":{"name":"proagrolab","@id":"https:\/\/proagrolab.com.ar\/#\/schema\/person\/38003ff90bf80381f71c7d922d207444"},"headline":"Salir de la cr\u00eda a fuerza de granos.","datePublished":"2013-10-15T00:00:01+00:00","mainEntityOfPage":{"@id":"https:\/\/proagrolab.com.ar\/salir-de-la-cria-a-fuerza-de-granos\/"},"wordCount":668,"publisher":{"@id":"https:\/\/proagrolab.com.ar\/#organization"},"image":{"@id":"https:\/\/proagrolab.com.ar\/salir-de-la-cria-a-fuerza-de-granos\/#primaryimage"},"thumbnailUrl":"https:\/\/proagrolab.com.ar\/wp-content\/uploads\/2015\/01\/g_h5c0d4818__Terneros.jpg","articleSection":["News"],"inLanguage":"en-US"},{"@type":"WebPage","@id":"https:\/\/proagrolab.com.ar\/salir-de-la-cria-a-fuerza-de-granos\/","url":"https:\/\/proagrolab.com.ar\/salir-de-la-cria-a-fuerza-de-granos\/","name":"Salir de la cr\u00eda a fuerza de granos. | Proagro","isPartOf":{"@id":"https:\/\/proagrolab.com.ar\/#website"},"primaryImageOfPage":{"@id":"https:\/\/proagrolab.com.ar\/salir-de-la-cria-a-fuerza-de-granos\/#primaryimage"},"image":{"@id":"https:\/\/proagrolab.com.ar\/salir-de-la-cria-a-fuerza-de-granos\/#primaryimage"},"thumbnailUrl":"https:\/\/proagrolab.com.ar\/wp-content\/uploads\/2015\/01\/g_h5c0d4818__Terneros.jpg","datePublished":"2013-10-15T00:00:01+00:00","breadcrumb":{"@id":"https:\/\/proagrolab.com.ar\/salir-de-la-cria-a-fuerza-de-granos\/#breadcrumb"},"inLanguage":"en-US","potentialAction":[{"@type":"ReadAction","target":["https:\/\/proagrolab.com.ar\/salir-de-la-cria-a-fuerza-de-granos\/"]}]},{"@type":"ImageObject","inLanguage":"en-US","@id":"https:\/\/proagrolab.com.ar\/salir-de-la-cria-a-fuerza-de-granos\/#primaryimage","url":"https:\/\/proagrolab.com.ar\/wp-content\/uploads\/2015\/01\/g_h5c0d4818__Terneros.jpg","contentUrl":"https:\/\/proagrolab.com.ar\/wp-content\/uploads\/2015\/01\/g_h5c0d4818__Terneros.jpg","width":450,"height":208},{"@type":"BreadcrumbList","@id":"https:\/\/proagrolab.com.ar\/salir-de-la-cria-a-fuerza-de-granos\/#breadcrumb","itemListElement":[{"@type":"ListItem","position":1,"name":"Portada","item":"https:\/\/proagrolab.com.ar\/"},{"@type":"ListItem","position":2,"name":"Salir de la cr\u00eda a fuerza de granos."}]},{"@type":"WebSite","@id":"https:\/\/proagrolab.com.ar\/#website","url":"https:\/\/proagrolab.com.ar\/","name":"Proagro Laboratorio Veterinario","description":"Veterinary laboratory","publisher":{"@id":"https:\/\/proagrolab.com.ar\/#organization"},"potentialAction":[{"@type":"SearchAction","target":{"@type":"EntryPoint","urlTemplate":"https:\/\/proagrolab.com.ar\/?s={search_term_string}"},"query-input":{"@type":"PropertyValueSpecification","valueRequired":true,"valueName":"search_term_string"}}],"inLanguage":"en-US"},{"@type":"Organization","@id":"https:\/\/proagrolab.com.ar\/#organization","name":"Proagro","url":"https:\/\/proagrolab.com.ar\/","logo":{"@type":"ImageObject","inLanguage":"en-US","@id":"https:\/\/proagrolab.com.ar\/#\/schema\/logo\/image\/","url":"https:\/\/proagrolab.com.ar\/wp-content\/uploads\/2020\/04\/logo-retina.png","contentUrl":"https:\/\/proagrolab.com.ar\/wp-content\/uploads\/2020\/04\/logo-retina.png","width":478,"height":120,"caption":"Proagro"},"image":{"@id":"https:\/\/proagrolab.com.ar\/#\/schema\/logo\/image\/"},"sameAs":["http:\/\/www.facebook.com\/proagrolab","https:\/\/www.instagram.com\/proagrolab\/","https:\/\/www.linkedin.com\/company\/laboratorio-proagro-s-a\/"]},{"@type":"Person","@id":"https:\/\/proagrolab.com.ar\/#\/schema\/person\/38003ff90bf80381f71c7d922d207444","name":"proagrolab"}]}},"_links":{"self":[{"href":"https:\/\/proagrolab.com.ar\/en\/wp-json\/wp\/v2\/posts\/5746","targetHints":{"allow":["GET"]}}],"collection":[{"href":"https:\/\/proagrolab.com.ar\/en\/wp-json\/wp\/v2\/posts"}],"about":[{"href":"https:\/\/proagrolab.com.ar\/en\/wp-json\/wp\/v2\/types\/post"}],"author":[{"embeddable":true,"href":"https:\/\/proagrolab.com.ar\/en\/wp-json\/wp\/v2\/users\/2"}],"replies":[{"embeddable":true,"href":"https:\/\/proagrolab.com.ar\/en\/wp-json\/wp\/v2\/comments?post=5746"}],"version-history":[{"count":0,"href":"https:\/\/proagrolab.com.ar\/en\/wp-json\/wp\/v2\/posts\/5746\/revisions"}],"wp:featuredmedia":[{"embeddable":true,"href":"https:\/\/proagrolab.com.ar\/en\/wp-json\/wp\/v2\/media\/2234"}],"wp:attachment":[{"href":"https:\/\/proagrolab.com.ar\/en\/wp-json\/wp\/v2\/media?parent=5746"}],"wp:term":[{"taxonomy":"category","embeddable":true,"href":"https:\/\/proagrolab.com.ar\/en\/wp-json\/wp\/v2\/categories?post=5746"},{"taxonomy":"post_tag","embeddable":true,"href":"https:\/\/proagrolab.com.ar\/en\/wp-json\/wp\/v2\/tags?post=5746"}],"curies":[{"name":"wp","href":"https:\/\/api.w.org\/{rel}","templated":true}]}}