{"id":5743,"date":"2013-10-11T00:00:01","date_gmt":"2013-10-11T00:00:01","guid":{"rendered":"https:\/\/proagrolab.com.ar\/novillos-en-reemplazo-de-terneros-y-novillitos\/"},"modified":"2013-10-11T00:00:01","modified_gmt":"2013-10-11T00:00:01","slug":"novillos-en-reemplazo-de-terneros-y-novillitos","status":"publish","type":"post","link":"https:\/\/proagrolab.com.ar\/en\/novillos-en-reemplazo-de-terneros-y-novillitos\/","title":{"rendered":"Novillos, en reemplazo de terneros y novillitos."},"content":{"rendered":"<p class=\"qtranxs-available-languages-message qtranxs-available-languages-message-en\"> <\/p><p>Por Ignacio Iriarte.<\/p>\n<p>Todo indica que en los pr\u00f3ximos a\u00f1os la oferta de carne vacuna se ubicar\u00e1 en el orden de las 2,8 millones de toneladas, al mismo nivel del promedio de las \u00faltimas tres d\u00e9cadas y s\u00f3lo unas 100 mil toneladas por encima de la oferta de los a\u00f1os 1970.<\/p>\n<p>Este volumen puede aumentar, si entramos nuevamente en un proceso de liquidaci\u00f3n; o puede disminuir, si se volviera a una fase de recomposici\u00f3n de rodeos, cosa que por ahora luce como poco probable.<\/p>\n<p>Si con esta oferta de carne se quisiera exportar 600 mil toneladas, el consumo tendr\u00eda que reducirse a 54 kilos por habitante que, de todas maneras, sigui\u00f3 siendo uno de los m\u00e1s altos del mundo.<\/p>\n<p>Si se volviera a lograr el peso medio por animal faenado de mediados de 2012 (233 kilos por animal) con esta misma faena (13 millones de cabezas) se obtendr\u00edan unas 150 mil toneladas adicionales de carne, que permitir\u00e1n estirar las ventas al exterior a 750 mil toneladas, lo que se embarc\u00f3 en el 2005, o permitir\u00e1 aumentar el consumo a 58 kilos..<\/p>\n<p>En el corto plazo, existe otro recurso para incrementar la oferta, que es llevar los 1,5 mill\u00f3n de terneros y los 2,85 millones de novillitos que se faenan por a\u00f1o a pesos de novillo, categor\u00eda que rinde unos 275 kilos de carcasa por animal.<\/p>\n<p>En la mayor\u00eda de las ganader\u00edas desarrolladas del mundo (Uruguay, Paraguay o Brasil, y sin hablar de Australia, Estados Unidos o Europa), la faena de novillitos o terneros es pr\u00e1cticamente inexistente: los machos se matan (castrados o enteros) arriba de 500 kilos vivos. Llevar a todos los machos a peso de novillo permitir\u00eda que la oferta de carne aumente 300 mil toneladas anuales, lo que permitir\u00e1 \u0096con una faena de 13 millones de cabezas y una producci\u00f3n de 3,2 millones de toneladas\u0096 exportar 900 mil toneladas con un consumo de 54 kilos.<\/p>\n<p>Con env\u00edos de 600 mil toneladas, la carne aportar\u00eda unos dos mil millones de d\u00f3lares adicionales, con respecto a la situaci\u00f3n actual. Si se exportaran 900 mil toneladas (llevando todos los novillitos y terneros a peso de novillo) el aporte adicional ser\u00eda de 3600 millones de d\u00f3lares.<\/p>\n<p>Argentina tiene sobrados recursos (pasto, granos y subproductos) para llevar a peso de novillo los terneros y novillitos. Depender\u00e1 de la decisi\u00f3n pol\u00edtica y de la necesidad de d\u00f3lares que tenga el pa\u00eds. En el largo plazo, y antes de hablar de aumentar el stock, podr\u00eda incrementarse en 500.000 toneladas la producci\u00f3n de carne (con el peso medio actual), pasando el porcentaje de destete actual del 65 por ciento a 75 por ciento, ubic\u00e1ndose este \u00edndice, que parece tan ambicioso, tan s\u00f3lo cuatro puntos porcentuales por encima de los \u00edndices de procreo que ten\u00edamos en la d\u00e9cada de 1990. En este caso, la faena de equilibrio pasar\u00eda de los 13,0 millones de cabezas actuales, a unos 15,8\/16,0 millones anuales.<\/p>\n<p>La seca que afecta todav\u00eda gran parte del pa\u00eds compromete ya la suerte del servicio correspondiente a este a\u00f1o, que determinar\u00e1 la parici\u00f3n 2014 y el destete 2015. De una manera muy aproximada, y de acuerdo a la distribuci\u00f3n regional de la seca y a los informes de que disponemos, hay un tercio del rodeo de cr\u00eda nacional que est\u00e1 en buen estado corporal, un tercio en un estado corporal inferior al necesario, y otro tercio est\u00e1 muy mal, debido a la sequ\u00eda y a un invierno duro.<\/p>\n<p>Fuente: La Voz del Interior, 11 de octubre.<br \/><\/p>","protected":false},"excerpt":{"rendered":"<p>Por Ignacio Iriarte. Todo indica que en los pr\u00f3ximos a\u00f1os la oferta de carne vacuna se ubicar\u00e1 en el orden de las 2,8 millones de toneladas, al mismo nivel del promedio de las \u00faltimas tres d\u00e9cadas y s\u00f3lo unas 100 mil toneladas por encima de la oferta de los a\u00f1os 1970. Este volumen puede aumentar, si entramos nuevamente en un proceso de liquidaci\u00f3n; o puede disminuir, si se volviera a una fase de recomposici\u00f3n de rodeos, cosa que por ahora luce como poco probable. Si con esta oferta de carne se quisiera exportar 600 mil toneladas, el consumo tendr\u00eda que reducirse a 54 kilos por habitante que, de todas maneras, sigui\u00f3 siendo uno de los m\u00e1s altos del mundo. Si se volviera a lograr el peso medio por animal faenado de mediados de 2012 (233 kilos por animal) con esta misma faena (13 millones de cabezas) se obtendr\u00edan unas 150 mil toneladas adicionales de carne, que permitir\u00e1n estirar las ventas al exterior a 750 mil toneladas, lo que se embarc\u00f3 en el 2005, o permitir\u00e1 aumentar el consumo a 58 kilos.. En el corto plazo, existe otro recurso para incrementar la oferta, que es llevar los 1,5 mill\u00f3n de terneros [&hellip;]<\/p>\n","protected":false},"author":2,"featured_media":2231,"comment_status":"closed","ping_status":"open","sticky":false,"template":"","format":"standard","meta":{"_acf_changed":false,"footnotes":""},"categories":[56],"tags":[],"class_list":["post-5743","post","type-post","status-publish","format-standard","has-post-thumbnail","hentry","category-infoganadero"],"acf":[],"yoast_head":"<!-- This site is optimized with the Yoast SEO plugin v27.5 - https:\/\/yoast.com\/product\/yoast-seo-wordpress\/ -->\n<title>Novillos, en reemplazo de terneros y novillitos. | Proagro<\/title>\n<meta name=\"robots\" content=\"index, follow, max-snippet:-1, max-image-preview:large, max-video-preview:-1\" \/>\n<link rel=\"canonical\" href=\"https:\/\/proagrolab.com.ar\/en\/novillos-en-reemplazo-de-terneros-y-novillitos\/\" \/>\n<meta property=\"og:locale\" content=\"en_US\" \/>\n<meta property=\"og:type\" content=\"article\" \/>\n<meta property=\"og:title\" content=\"Novillos, en reemplazo de terneros y novillitos. | Proagro\" \/>\n<meta property=\"og:description\" content=\"Por Ignacio Iriarte. Todo indica que en los pr\u00f3ximos a\u00f1os la oferta de carne vacuna se ubicar\u00e1 en el orden de las 2,8 millones de toneladas, al mismo nivel del promedio de las \u00faltimas tres d\u00e9cadas y s\u00f3lo unas 100 mil toneladas por encima de la oferta de los a\u00f1os 1970. Este volumen puede aumentar, si entramos nuevamente en un proceso de liquidaci\u00f3n; o puede disminuir, si se volviera a una fase de recomposici\u00f3n de rodeos, cosa que por ahora luce como poco probable. Si con esta oferta de carne se quisiera exportar 600 mil toneladas, el consumo tendr\u00eda que reducirse a 54 kilos por habitante que, de todas maneras, sigui\u00f3 siendo uno de los m\u00e1s altos del mundo. Si se volviera a lograr el peso medio por animal faenado de mediados de 2012 (233 kilos por animal) con esta misma faena (13 millones de cabezas) se obtendr\u00edan unas 150 mil toneladas adicionales de carne, que permitir\u00e1n estirar las ventas al exterior a 750 mil toneladas, lo que se embarc\u00f3 en el 2005, o permitir\u00e1 aumentar el consumo a 58 kilos.. En el corto plazo, existe otro recurso para incrementar la oferta, que es llevar los 1,5 mill\u00f3n de terneros [&hellip;]\" \/>\n<meta property=\"og:url\" content=\"https:\/\/proagrolab.com.ar\/novillos-en-reemplazo-de-terneros-y-novillitos\/\" \/>\n<meta property=\"og:site_name\" content=\"Proagro\" \/>\n<meta property=\"article:publisher\" content=\"http:\/\/www.facebook.com\/proagrolab\" \/>\n<meta property=\"article:published_time\" content=\"2013-10-11T00:00:01+00:00\" \/>\n<meta property=\"og:image\" content=\"https:\/\/proagrolab.com.ar\/wp-content\/uploads\/2015\/01\/g_uuutlmux6__Angus-negro-y-colorado.jpg\" \/>\n\t<meta property=\"og:image:width\" content=\"450\" \/>\n\t<meta property=\"og:image:height\" content=\"208\" \/>\n\t<meta property=\"og:image:type\" content=\"image\/jpeg\" \/>\n<meta name=\"author\" content=\"proagrolab\" \/>\n<meta name=\"twitter:card\" content=\"summary_large_image\" \/>\n<meta name=\"twitter:label1\" content=\"Written by\" \/>\n\t<meta name=\"twitter:data1\" content=\"proagrolab\" \/>\n\t<meta name=\"twitter:label2\" content=\"Est. reading time\" \/>\n\t<meta name=\"twitter:data2\" content=\"3 minutes\" \/>\n<script type=\"application\/ld+json\" class=\"yoast-schema-graph\">{\"@context\":\"https:\\\/\\\/schema.org\",\"@graph\":[{\"@type\":\"Article\",\"@id\":\"https:\\\/\\\/proagrolab.com.ar\\\/novillos-en-reemplazo-de-terneros-y-novillitos\\\/#article\",\"isPartOf\":{\"@id\":\"https:\\\/\\\/proagrolab.com.ar\\\/novillos-en-reemplazo-de-terneros-y-novillitos\\\/\"},\"author\":{\"name\":\"proagrolab\",\"@id\":\"https:\\\/\\\/proagrolab.com.ar\\\/#\\\/schema\\\/person\\\/38003ff90bf80381f71c7d922d207444\"},\"headline\":\"Novillos, en reemplazo de terneros y novillitos.\",\"datePublished\":\"2013-10-11T00:00:01+00:00\",\"mainEntityOfPage\":{\"@id\":\"https:\\\/\\\/proagrolab.com.ar\\\/novillos-en-reemplazo-de-terneros-y-novillitos\\\/\"},\"wordCount\":596,\"publisher\":{\"@id\":\"https:\\\/\\\/proagrolab.com.ar\\\/#organization\"},\"image\":{\"@id\":\"https:\\\/\\\/proagrolab.com.ar\\\/novillos-en-reemplazo-de-terneros-y-novillitos\\\/#primaryimage\"},\"thumbnailUrl\":\"https:\\\/\\\/proagrolab.com.ar\\\/wp-content\\\/uploads\\\/2015\\\/01\\\/g_uuutlmux6__Angus-negro-y-colorado.jpg\",\"articleSection\":[\"News\"],\"inLanguage\":\"en-US\"},{\"@type\":\"WebPage\",\"@id\":\"https:\\\/\\\/proagrolab.com.ar\\\/novillos-en-reemplazo-de-terneros-y-novillitos\\\/\",\"url\":\"https:\\\/\\\/proagrolab.com.ar\\\/novillos-en-reemplazo-de-terneros-y-novillitos\\\/\",\"name\":\"Novillos, en reemplazo de terneros y novillitos. | Proagro\",\"isPartOf\":{\"@id\":\"https:\\\/\\\/proagrolab.com.ar\\\/#website\"},\"primaryImageOfPage\":{\"@id\":\"https:\\\/\\\/proagrolab.com.ar\\\/novillos-en-reemplazo-de-terneros-y-novillitos\\\/#primaryimage\"},\"image\":{\"@id\":\"https:\\\/\\\/proagrolab.com.ar\\\/novillos-en-reemplazo-de-terneros-y-novillitos\\\/#primaryimage\"},\"thumbnailUrl\":\"https:\\\/\\\/proagrolab.com.ar\\\/wp-content\\\/uploads\\\/2015\\\/01\\\/g_uuutlmux6__Angus-negro-y-colorado.jpg\",\"datePublished\":\"2013-10-11T00:00:01+00:00\",\"breadcrumb\":{\"@id\":\"https:\\\/\\\/proagrolab.com.ar\\\/novillos-en-reemplazo-de-terneros-y-novillitos\\\/#breadcrumb\"},\"inLanguage\":\"en-US\",\"potentialAction\":[{\"@type\":\"ReadAction\",\"target\":[\"https:\\\/\\\/proagrolab.com.ar\\\/novillos-en-reemplazo-de-terneros-y-novillitos\\\/\"]}]},{\"@type\":\"ImageObject\",\"inLanguage\":\"en-US\",\"@id\":\"https:\\\/\\\/proagrolab.com.ar\\\/novillos-en-reemplazo-de-terneros-y-novillitos\\\/#primaryimage\",\"url\":\"https:\\\/\\\/proagrolab.com.ar\\\/wp-content\\\/uploads\\\/2015\\\/01\\\/g_uuutlmux6__Angus-negro-y-colorado.jpg\",\"contentUrl\":\"https:\\\/\\\/proagrolab.com.ar\\\/wp-content\\\/uploads\\\/2015\\\/01\\\/g_uuutlmux6__Angus-negro-y-colorado.jpg\",\"width\":450,\"height\":208},{\"@type\":\"BreadcrumbList\",\"@id\":\"https:\\\/\\\/proagrolab.com.ar\\\/novillos-en-reemplazo-de-terneros-y-novillitos\\\/#breadcrumb\",\"itemListElement\":[{\"@type\":\"ListItem\",\"position\":1,\"name\":\"Portada\",\"item\":\"https:\\\/\\\/proagrolab.com.ar\\\/\"},{\"@type\":\"ListItem\",\"position\":2,\"name\":\"Novillos, en reemplazo de terneros y novillitos.\"}]},{\"@type\":\"WebSite\",\"@id\":\"https:\\\/\\\/proagrolab.com.ar\\\/#website\",\"url\":\"https:\\\/\\\/proagrolab.com.ar\\\/\",\"name\":\"Proagro Laboratorio Veterinario\",\"description\":\"Veterinary laboratory\",\"publisher\":{\"@id\":\"https:\\\/\\\/proagrolab.com.ar\\\/#organization\"},\"potentialAction\":[{\"@type\":\"SearchAction\",\"target\":{\"@type\":\"EntryPoint\",\"urlTemplate\":\"https:\\\/\\\/proagrolab.com.ar\\\/?s={search_term_string}\"},\"query-input\":{\"@type\":\"PropertyValueSpecification\",\"valueRequired\":true,\"valueName\":\"search_term_string\"}}],\"inLanguage\":\"en-US\"},{\"@type\":\"Organization\",\"@id\":\"https:\\\/\\\/proagrolab.com.ar\\\/#organization\",\"name\":\"Proagro\",\"url\":\"https:\\\/\\\/proagrolab.com.ar\\\/\",\"logo\":{\"@type\":\"ImageObject\",\"inLanguage\":\"en-US\",\"@id\":\"https:\\\/\\\/proagrolab.com.ar\\\/#\\\/schema\\\/logo\\\/image\\\/\",\"url\":\"https:\\\/\\\/proagrolab.com.ar\\\/wp-content\\\/uploads\\\/2020\\\/04\\\/logo-retina.png\",\"contentUrl\":\"https:\\\/\\\/proagrolab.com.ar\\\/wp-content\\\/uploads\\\/2020\\\/04\\\/logo-retina.png\",\"width\":478,\"height\":120,\"caption\":\"Proagro\"},\"image\":{\"@id\":\"https:\\\/\\\/proagrolab.com.ar\\\/#\\\/schema\\\/logo\\\/image\\\/\"},\"sameAs\":[\"http:\\\/\\\/www.facebook.com\\\/proagrolab\",\"https:\\\/\\\/www.instagram.com\\\/proagrolab\\\/\",\"https:\\\/\\\/www.linkedin.com\\\/company\\\/laboratorio-proagro-s-a\\\/\"]},{\"@type\":\"Person\",\"@id\":\"https:\\\/\\\/proagrolab.com.ar\\\/#\\\/schema\\\/person\\\/38003ff90bf80381f71c7d922d207444\",\"name\":\"proagrolab\"}]}<\/script>\n<!-- \/ Yoast SEO plugin. -->","yoast_head_json":{"title":"Novillos, en reemplazo de terneros y novillitos. | Proagro","robots":{"index":"index","follow":"follow","max-snippet":"max-snippet:-1","max-image-preview":"max-image-preview:large","max-video-preview":"max-video-preview:-1"},"canonical":"https:\/\/proagrolab.com.ar\/en\/novillos-en-reemplazo-de-terneros-y-novillitos\/","og_locale":"en_US","og_type":"article","og_title":"Novillos, en reemplazo de terneros y novillitos. | Proagro","og_description":"Por Ignacio Iriarte. Todo indica que en los pr\u00f3ximos a\u00f1os la oferta de carne vacuna se ubicar\u00e1 en el orden de las 2,8 millones de toneladas, al mismo nivel del promedio de las \u00faltimas tres d\u00e9cadas y s\u00f3lo unas 100 mil toneladas por encima de la oferta de los a\u00f1os 1970. Este volumen puede aumentar, si entramos nuevamente en un proceso de liquidaci\u00f3n; o puede disminuir, si se volviera a una fase de recomposici\u00f3n de rodeos, cosa que por ahora luce como poco probable. Si con esta oferta de carne se quisiera exportar 600 mil toneladas, el consumo tendr\u00eda que reducirse a 54 kilos por habitante que, de todas maneras, sigui\u00f3 siendo uno de los m\u00e1s altos del mundo. Si se volviera a lograr el peso medio por animal faenado de mediados de 2012 (233 kilos por animal) con esta misma faena (13 millones de cabezas) se obtendr\u00edan unas 150 mil toneladas adicionales de carne, que permitir\u00e1n estirar las ventas al exterior a 750 mil toneladas, lo que se embarc\u00f3 en el 2005, o permitir\u00e1 aumentar el consumo a 58 kilos.. En el corto plazo, existe otro recurso para incrementar la oferta, que es llevar los 1,5 mill\u00f3n de terneros [&hellip;]","og_url":"https:\/\/proagrolab.com.ar\/novillos-en-reemplazo-de-terneros-y-novillitos\/","og_site_name":"Proagro","article_publisher":"http:\/\/www.facebook.com\/proagrolab","article_published_time":"2013-10-11T00:00:01+00:00","og_image":[{"width":450,"height":208,"url":"https:\/\/proagrolab.com.ar\/wp-content\/uploads\/2015\/01\/g_uuutlmux6__Angus-negro-y-colorado.jpg","type":"image\/jpeg"}],"author":"proagrolab","twitter_card":"summary_large_image","twitter_misc":{"Written by":"proagrolab","Est. reading time":"3 minutes"},"schema":{"@context":"https:\/\/schema.org","@graph":[{"@type":"Article","@id":"https:\/\/proagrolab.com.ar\/novillos-en-reemplazo-de-terneros-y-novillitos\/#article","isPartOf":{"@id":"https:\/\/proagrolab.com.ar\/novillos-en-reemplazo-de-terneros-y-novillitos\/"},"author":{"name":"proagrolab","@id":"https:\/\/proagrolab.com.ar\/#\/schema\/person\/38003ff90bf80381f71c7d922d207444"},"headline":"Novillos, en reemplazo de terneros y novillitos.","datePublished":"2013-10-11T00:00:01+00:00","mainEntityOfPage":{"@id":"https:\/\/proagrolab.com.ar\/novillos-en-reemplazo-de-terneros-y-novillitos\/"},"wordCount":596,"publisher":{"@id":"https:\/\/proagrolab.com.ar\/#organization"},"image":{"@id":"https:\/\/proagrolab.com.ar\/novillos-en-reemplazo-de-terneros-y-novillitos\/#primaryimage"},"thumbnailUrl":"https:\/\/proagrolab.com.ar\/wp-content\/uploads\/2015\/01\/g_uuutlmux6__Angus-negro-y-colorado.jpg","articleSection":["News"],"inLanguage":"en-US"},{"@type":"WebPage","@id":"https:\/\/proagrolab.com.ar\/novillos-en-reemplazo-de-terneros-y-novillitos\/","url":"https:\/\/proagrolab.com.ar\/novillos-en-reemplazo-de-terneros-y-novillitos\/","name":"Novillos, en reemplazo de terneros y novillitos. | Proagro","isPartOf":{"@id":"https:\/\/proagrolab.com.ar\/#website"},"primaryImageOfPage":{"@id":"https:\/\/proagrolab.com.ar\/novillos-en-reemplazo-de-terneros-y-novillitos\/#primaryimage"},"image":{"@id":"https:\/\/proagrolab.com.ar\/novillos-en-reemplazo-de-terneros-y-novillitos\/#primaryimage"},"thumbnailUrl":"https:\/\/proagrolab.com.ar\/wp-content\/uploads\/2015\/01\/g_uuutlmux6__Angus-negro-y-colorado.jpg","datePublished":"2013-10-11T00:00:01+00:00","breadcrumb":{"@id":"https:\/\/proagrolab.com.ar\/novillos-en-reemplazo-de-terneros-y-novillitos\/#breadcrumb"},"inLanguage":"en-US","potentialAction":[{"@type":"ReadAction","target":["https:\/\/proagrolab.com.ar\/novillos-en-reemplazo-de-terneros-y-novillitos\/"]}]},{"@type":"ImageObject","inLanguage":"en-US","@id":"https:\/\/proagrolab.com.ar\/novillos-en-reemplazo-de-terneros-y-novillitos\/#primaryimage","url":"https:\/\/proagrolab.com.ar\/wp-content\/uploads\/2015\/01\/g_uuutlmux6__Angus-negro-y-colorado.jpg","contentUrl":"https:\/\/proagrolab.com.ar\/wp-content\/uploads\/2015\/01\/g_uuutlmux6__Angus-negro-y-colorado.jpg","width":450,"height":208},{"@type":"BreadcrumbList","@id":"https:\/\/proagrolab.com.ar\/novillos-en-reemplazo-de-terneros-y-novillitos\/#breadcrumb","itemListElement":[{"@type":"ListItem","position":1,"name":"Portada","item":"https:\/\/proagrolab.com.ar\/"},{"@type":"ListItem","position":2,"name":"Novillos, en reemplazo de terneros y novillitos."}]},{"@type":"WebSite","@id":"https:\/\/proagrolab.com.ar\/#website","url":"https:\/\/proagrolab.com.ar\/","name":"Proagro Laboratorio Veterinario","description":"Veterinary laboratory","publisher":{"@id":"https:\/\/proagrolab.com.ar\/#organization"},"potentialAction":[{"@type":"SearchAction","target":{"@type":"EntryPoint","urlTemplate":"https:\/\/proagrolab.com.ar\/?s={search_term_string}"},"query-input":{"@type":"PropertyValueSpecification","valueRequired":true,"valueName":"search_term_string"}}],"inLanguage":"en-US"},{"@type":"Organization","@id":"https:\/\/proagrolab.com.ar\/#organization","name":"Proagro","url":"https:\/\/proagrolab.com.ar\/","logo":{"@type":"ImageObject","inLanguage":"en-US","@id":"https:\/\/proagrolab.com.ar\/#\/schema\/logo\/image\/","url":"https:\/\/proagrolab.com.ar\/wp-content\/uploads\/2020\/04\/logo-retina.png","contentUrl":"https:\/\/proagrolab.com.ar\/wp-content\/uploads\/2020\/04\/logo-retina.png","width":478,"height":120,"caption":"Proagro"},"image":{"@id":"https:\/\/proagrolab.com.ar\/#\/schema\/logo\/image\/"},"sameAs":["http:\/\/www.facebook.com\/proagrolab","https:\/\/www.instagram.com\/proagrolab\/","https:\/\/www.linkedin.com\/company\/laboratorio-proagro-s-a\/"]},{"@type":"Person","@id":"https:\/\/proagrolab.com.ar\/#\/schema\/person\/38003ff90bf80381f71c7d922d207444","name":"proagrolab"}]}},"_links":{"self":[{"href":"https:\/\/proagrolab.com.ar\/en\/wp-json\/wp\/v2\/posts\/5743","targetHints":{"allow":["GET"]}}],"collection":[{"href":"https:\/\/proagrolab.com.ar\/en\/wp-json\/wp\/v2\/posts"}],"about":[{"href":"https:\/\/proagrolab.com.ar\/en\/wp-json\/wp\/v2\/types\/post"}],"author":[{"embeddable":true,"href":"https:\/\/proagrolab.com.ar\/en\/wp-json\/wp\/v2\/users\/2"}],"replies":[{"embeddable":true,"href":"https:\/\/proagrolab.com.ar\/en\/wp-json\/wp\/v2\/comments?post=5743"}],"version-history":[{"count":0,"href":"https:\/\/proagrolab.com.ar\/en\/wp-json\/wp\/v2\/posts\/5743\/revisions"}],"wp:featuredmedia":[{"embeddable":true,"href":"https:\/\/proagrolab.com.ar\/en\/wp-json\/wp\/v2\/media\/2231"}],"wp:attachment":[{"href":"https:\/\/proagrolab.com.ar\/en\/wp-json\/wp\/v2\/media?parent=5743"}],"wp:term":[{"taxonomy":"category","embeddable":true,"href":"https:\/\/proagrolab.com.ar\/en\/wp-json\/wp\/v2\/categories?post=5743"},{"taxonomy":"post_tag","embeddable":true,"href":"https:\/\/proagrolab.com.ar\/en\/wp-json\/wp\/v2\/tags?post=5743"}],"curies":[{"name":"wp","href":"https:\/\/api.w.org\/{rel}","templated":true}]}}