{"id":5739,"date":"2013-10-11T00:00:01","date_gmt":"2013-10-11T00:00:01","guid":{"rendered":"https:\/\/proagrolab.com.ar\/la-region-centro-a-media-maquina\/"},"modified":"2013-10-11T00:00:01","modified_gmt":"2013-10-11T00:00:01","slug":"la-region-centro-a-media-maquina","status":"publish","type":"post","link":"https:\/\/proagrolab.com.ar\/en\/la-region-centro-a-media-maquina\/","title":{"rendered":"La Regi\u00f3n Centro a media m\u00e1quina."},"content":{"rendered":"<p class=\"qtranxs-available-languages-message qtranxs-available-languages-message-en\"> <\/p><p>Hay varios sectores estrat\u00e9gicos para la econom\u00eda de la Regi\u00f3n Centro que encaran la recta final del 2013 con se\u00f1ales de alerta.<br \/>La econom\u00eda de la Regi\u00f3n Centro, con eje en su competitiva agroindustria, encara la recta final del 2013 con un leve crecimiento y con luces de alerta en algunos sectores clave, como el orde\u00f1e en los tambos, la producci\u00f3n de biodi\u00e9sel y el comienzo de una nueva tendencia de liquidaci\u00f3n de vientres en la cadena ganadera. Adem\u00e1s, preocupa la contracci\u00f3n del empleo y el estancamiento en la oferta de nuevos trabajos.<\/p>\n<p>\u0093T\u00e9cnicamente, la econom\u00eda est\u00e1 creciendo nuevamente, aunque las tasas por ahora son moderadas\u0094, asegura el \u00faltimo informe de Indicadores Econ\u00f3micos de la Regi\u00f3n Centro, que elabora el equipo de Ana In\u00e9s Navarro en la Universidad Austral. El estudio reconoce que hay algunos signos positivos, pero advierte sobre el deterioro del mercado laboral.<\/p>\n<p>Al comparar las cifras del per\u00edodo abril-junio, entre 2012 y 2013, el trabajo confirma que se perdieron 11.000 empleos en la Regi\u00f3n Centro. \u0093La oferta laboral est\u00e1 creciendo muy por debajo de lo que lo hac\u00eda en los trimestres anteriores\u0094, se\u00f1ala la Austral, que insiste en que la tendencia todav\u00eda no se revirti\u00f3 y que la generaci\u00f3n de nuevos empleos est\u00e1 estancada.<\/p>\n<p>En Santa Fe, el Indice Compuesto de Actividad Econ\u00f3mica de la Provincia (Icasfe), que publica la Bolsa de Comercio de Santa Fe, midi\u00f3 un crecimiento de 2,2% en el primer semestre del 2013 y anticipa \u0093situaciones dif\u00edciles\u0094 para este segundo semestre y los primeros meses de 2014, a ra\u00edz de las presiones macroecon\u00f3micas.<\/p>\n<p>\u0093A la problem\u00e1tica que genera la espiral de inflaci\u00f3n y la incertidumbre respecto del mercado cambiario, por la falta de d\u00f3lares y de precios de referencia, hay que sumar los pron\u00f3sticos poco favorables respecto de las campa\u00f1as de girasol y de trigo\u0094, dice la bolsa santafesina.<\/p>\n<p>Es justamente el escenario clim\u00e1tico el que baj\u00f3 la producci\u00f3n de leche en los tambos, porque se arruinaron muchas pasturas. En los primeros siete meses de este a\u00f1o, el orde\u00f1e en los establecimientos lecheros de la Regi\u00f3n Centro cay\u00f3 un 2,2%, respecto de la misma etapa del a\u00f1o pasado. \u0093Los costos en carrera ascendente, adem\u00e1s, complicaron la rentabilidad y la continuidad de la producci\u00f3n\u0094, precisa la Austral.<\/p>\n<p>El otro lado de la moneda es que ante la falta de leche aument\u00f3 el precio que reciben los tamberos por cada litro orde\u00f1ado (hace meses que supera los 2,10 pesos). La comparaci\u00f3n interanual muestra una brecha del 34% en el valor de la leche fluida, en comparaci\u00f3n con el a\u00f1o pasado.<\/p>\n<p>Pero no es para tirar manteca al techo, el precio que reciben los tamberos (0,38 U$S\/litro) sigue siendo m\u00e1s bajo que el de sus colegas uruguayos (0,46 U$S\/litro), por ejemplo. Y este escenario de menor oferta de leche complica a las pymes e industrias l\u00e1cteas.<\/p>\n<p>Otro problema relevante es que la cadena l\u00e1ctea de Santa Fe y C\u00f3rdoba, la m\u00e1s importante del pa\u00eds, sigue sin poder aprovechar las muy buenas cotizaciones que ofrece el mercado internacional de la leche en polvo, por la fuerte demanda asi\u00e1tica, sobre todo china, y la ca\u00edda en la producci\u00f3n de Estados Unidos, Europa y Nueva Zelanda. Las ventas externas de l\u00e1cteos cayeron un 7,3% en los primeros 7 meses del 2013, seg\u00fan la Universidad Austral.<\/p>\n<p>En el sur de Santa Fe, las plantas de biodi\u00e9sel, uno de los sectores de mayor crecimiento en los \u00faltimos cinco a\u00f1os, ahora trabajan a media m\u00e1quina. Hace unas semanas, la C\u00e1mara Argentina de Biocombustibles (Carbio) ya hab\u00eda avisado que este complejo que agrega valor a la soja estaba trabajando al 40% de su capacidad por las restricciones que pusieron algunos pa\u00edses europeos a las exportaciones argentinas de este biocombustible, que ahora se agravar\u00edan. Los datos que recopil\u00f3 la Austral confirman que las ventas globales de biodi\u00e9sel argentino cayeron m\u00e1s de un 50% en los primeros siete meses de 2013, respecto del mismo per\u00edodo del a\u00f1o pasado. \u0093Las intervenciones estatales durante el 2012 -con marchas y contramarchas en las retenciones- y el bloqueo europeo desmoronaron las exportaciones. El resultado es que varias de las plantas m\u00e1s grandes han tenido que dejar de producir\u0094, asegura el informe, que adelanta que habr\u00e1 que seguir de cerca la evoluci\u00f3n de un rubro que es estrat\u00e9gico para el complejo aceitero de la regi\u00f3n.<\/p>\n<p>Los frigor\u00edficos, que ven\u00edan golpeados por el virtual cierre de las exportaciones, ahora repuntan por la recuperaci\u00f3n parcial de las ventas globales, pero a la cadena ganadera le preocupa la vuelta de la liquidaci\u00f3n de vientres (que ya toca el l\u00edmite cr\u00edtico del 43%), que puede marca el fin de un ciclo de recuperaci\u00f3n del stock de hacienda (ver \u0093Los dilemas del negocio de la carne\u0094 ).<\/p>\n<p>En la econom\u00eda se destaca la buena performance de dos rubros fundamentales: construcci\u00f3n y la industria automotriz, que siguen mostrando una tendencia positiva (ver \u0093Dos rubros que&#8230;\u0094 ), lo que moviliza inversiones y ayuda a sostener los indicadores de empleo.<\/p>\n<p>El clima ser\u00e1 un factor que habr\u00e1 que seguir de cerca en lo que queda del 2013 y los primeros meses del a\u00f1o que viene. El retorno de las lluvias, que se espera para fines de octubre y noviembre en la zona n\u00facleo, es central para poder reacomodar los planteos agr\u00edcolas invernales y sembrar con buenas perspectivas la soja, una variable estructural para la econom\u00eda argentina, y los lotes maiceros.<\/p>\n<p>En la coyuntura actual, el trigo y el ma\u00edz est\u00e1n en \u0093alerta naranja\u0094, seg\u00fan indic\u00f3 un informe t\u00e9cnico de la bolsa rosarina (ver P\u00e1gina 4 ). Es que en la zona n\u00facleo est\u00e1 muy atrasada la siembra del ma\u00edz de primera. Adem\u00e1s, el trigo pierde hojas, macollos y fue alcanzado por las heladas.<\/p>\n<p>Fuente: Clar\u00edn, 11 de octubre.<br \/><\/p>","protected":false},"excerpt":{"rendered":"<p>Hay varios sectores estrat\u00e9gicos para la econom\u00eda de la Regi\u00f3n Centro que encaran la recta final del 2013 con se\u00f1ales de alerta.La econom\u00eda de la Regi\u00f3n Centro, con eje en su competitiva agroindustria, encara la recta final del 2013 con un leve crecimiento y con luces de alerta en algunos sectores clave, como el orde\u00f1e en los tambos, la producci\u00f3n de biodi\u00e9sel y el comienzo de una nueva tendencia de liquidaci\u00f3n de vientres en la cadena ganadera. Adem\u00e1s, preocupa la contracci\u00f3n del empleo y el estancamiento en la oferta de nuevos trabajos. \u0093T\u00e9cnicamente, la econom\u00eda est\u00e1 creciendo nuevamente, aunque las tasas por ahora son moderadas\u0094, asegura el \u00faltimo informe de Indicadores Econ\u00f3micos de la Regi\u00f3n Centro, que elabora el equipo de Ana In\u00e9s Navarro en la Universidad Austral. El estudio reconoce que hay algunos signos positivos, pero advierte sobre el deterioro del mercado laboral. Al comparar las cifras del per\u00edodo abril-junio, entre 2012 y 2013, el trabajo confirma que se perdieron 11.000 empleos en la Regi\u00f3n Centro. \u0093La oferta laboral est\u00e1 creciendo muy por debajo de lo que lo hac\u00eda en los trimestres anteriores\u0094, se\u00f1ala la Austral, que insiste en que la tendencia todav\u00eda no se revirti\u00f3 y que la [&hellip;]<\/p>\n","protected":false},"author":2,"featured_media":2228,"comment_status":"closed","ping_status":"open","sticky":false,"template":"","format":"standard","meta":{"_acf_changed":false,"footnotes":""},"categories":[56],"tags":[],"class_list":["post-5739","post","type-post","status-publish","format-standard","has-post-thumbnail","hentry","category-infoganadero"],"acf":[],"yoast_head":"<!-- This site is optimized with the Yoast SEO plugin v27.5 - https:\/\/yoast.com\/product\/yoast-seo-wordpress\/ -->\n<title>La Regi\u00f3n Centro a media m\u00e1quina. | Proagro<\/title>\n<meta name=\"robots\" content=\"index, follow, max-snippet:-1, max-image-preview:large, max-video-preview:-1\" \/>\n<link rel=\"canonical\" href=\"https:\/\/proagrolab.com.ar\/en\/la-region-centro-a-media-maquina\/\" \/>\n<meta property=\"og:locale\" content=\"en_US\" \/>\n<meta property=\"og:type\" content=\"article\" \/>\n<meta property=\"og:title\" content=\"La Regi\u00f3n Centro a media m\u00e1quina. | Proagro\" \/>\n<meta property=\"og:description\" content=\"Hay varios sectores estrat\u00e9gicos para la econom\u00eda de la Regi\u00f3n Centro que encaran la recta final del 2013 con se\u00f1ales de alerta.La econom\u00eda de la Regi\u00f3n Centro, con eje en su competitiva agroindustria, encara la recta final del 2013 con un leve crecimiento y con luces de alerta en algunos sectores clave, como el orde\u00f1e en los tambos, la producci\u00f3n de biodi\u00e9sel y el comienzo de una nueva tendencia de liquidaci\u00f3n de vientres en la cadena ganadera. Adem\u00e1s, preocupa la contracci\u00f3n del empleo y el estancamiento en la oferta de nuevos trabajos. \u0093T\u00e9cnicamente, la econom\u00eda est\u00e1 creciendo nuevamente, aunque las tasas por ahora son moderadas\u0094, asegura el \u00faltimo informe de Indicadores Econ\u00f3micos de la Regi\u00f3n Centro, que elabora el equipo de Ana In\u00e9s Navarro en la Universidad Austral. El estudio reconoce que hay algunos signos positivos, pero advierte sobre el deterioro del mercado laboral. Al comparar las cifras del per\u00edodo abril-junio, entre 2012 y 2013, el trabajo confirma que se perdieron 11.000 empleos en la Regi\u00f3n Centro. \u0093La oferta laboral est\u00e1 creciendo muy por debajo de lo que lo hac\u00eda en los trimestres anteriores\u0094, se\u00f1ala la Austral, que insiste en que la tendencia todav\u00eda no se revirti\u00f3 y que la [&hellip;]\" \/>\n<meta property=\"og:url\" content=\"https:\/\/proagrolab.com.ar\/la-region-centro-a-media-maquina\/\" \/>\n<meta property=\"og:site_name\" content=\"Proagro\" \/>\n<meta property=\"article:publisher\" content=\"http:\/\/www.facebook.com\/proagrolab\" \/>\n<meta property=\"article:published_time\" content=\"2013-10-11T00:00:01+00:00\" \/>\n<meta property=\"og:image\" content=\"https:\/\/proagrolab.com.ar\/wp-content\/uploads\/2015\/01\/g_rsu8x7yc5__Vacas-12.jpg\" \/>\n\t<meta property=\"og:image:width\" content=\"450\" \/>\n\t<meta property=\"og:image:height\" content=\"208\" \/>\n\t<meta property=\"og:image:type\" content=\"image\/jpeg\" \/>\n<meta name=\"author\" content=\"proagrolab\" \/>\n<meta name=\"twitter:card\" content=\"summary_large_image\" \/>\n<meta name=\"twitter:label1\" content=\"Written by\" \/>\n\t<meta name=\"twitter:data1\" content=\"proagrolab\" \/>\n\t<meta name=\"twitter:label2\" content=\"Est. reading time\" \/>\n\t<meta name=\"twitter:data2\" content=\"5 minutes\" \/>\n<script type=\"application\/ld+json\" class=\"yoast-schema-graph\">{\"@context\":\"https:\\\/\\\/schema.org\",\"@graph\":[{\"@type\":\"Article\",\"@id\":\"https:\\\/\\\/proagrolab.com.ar\\\/la-region-centro-a-media-maquina\\\/#article\",\"isPartOf\":{\"@id\":\"https:\\\/\\\/proagrolab.com.ar\\\/la-region-centro-a-media-maquina\\\/\"},\"author\":{\"name\":\"proagrolab\",\"@id\":\"https:\\\/\\\/proagrolab.com.ar\\\/#\\\/schema\\\/person\\\/38003ff90bf80381f71c7d922d207444\"},\"headline\":\"La Regi\u00f3n Centro a media m\u00e1quina.\",\"datePublished\":\"2013-10-11T00:00:01+00:00\",\"mainEntityOfPage\":{\"@id\":\"https:\\\/\\\/proagrolab.com.ar\\\/la-region-centro-a-media-maquina\\\/\"},\"wordCount\":1027,\"publisher\":{\"@id\":\"https:\\\/\\\/proagrolab.com.ar\\\/#organization\"},\"image\":{\"@id\":\"https:\\\/\\\/proagrolab.com.ar\\\/la-region-centro-a-media-maquina\\\/#primaryimage\"},\"thumbnailUrl\":\"https:\\\/\\\/proagrolab.com.ar\\\/wp-content\\\/uploads\\\/2015\\\/01\\\/g_rsu8x7yc5__Vacas-12.jpg\",\"articleSection\":[\"News\"],\"inLanguage\":\"en-US\"},{\"@type\":\"WebPage\",\"@id\":\"https:\\\/\\\/proagrolab.com.ar\\\/la-region-centro-a-media-maquina\\\/\",\"url\":\"https:\\\/\\\/proagrolab.com.ar\\\/la-region-centro-a-media-maquina\\\/\",\"name\":\"La Regi\u00f3n Centro a media m\u00e1quina. | Proagro\",\"isPartOf\":{\"@id\":\"https:\\\/\\\/proagrolab.com.ar\\\/#website\"},\"primaryImageOfPage\":{\"@id\":\"https:\\\/\\\/proagrolab.com.ar\\\/la-region-centro-a-media-maquina\\\/#primaryimage\"},\"image\":{\"@id\":\"https:\\\/\\\/proagrolab.com.ar\\\/la-region-centro-a-media-maquina\\\/#primaryimage\"},\"thumbnailUrl\":\"https:\\\/\\\/proagrolab.com.ar\\\/wp-content\\\/uploads\\\/2015\\\/01\\\/g_rsu8x7yc5__Vacas-12.jpg\",\"datePublished\":\"2013-10-11T00:00:01+00:00\",\"breadcrumb\":{\"@id\":\"https:\\\/\\\/proagrolab.com.ar\\\/la-region-centro-a-media-maquina\\\/#breadcrumb\"},\"inLanguage\":\"en-US\",\"potentialAction\":[{\"@type\":\"ReadAction\",\"target\":[\"https:\\\/\\\/proagrolab.com.ar\\\/la-region-centro-a-media-maquina\\\/\"]}]},{\"@type\":\"ImageObject\",\"inLanguage\":\"en-US\",\"@id\":\"https:\\\/\\\/proagrolab.com.ar\\\/la-region-centro-a-media-maquina\\\/#primaryimage\",\"url\":\"https:\\\/\\\/proagrolab.com.ar\\\/wp-content\\\/uploads\\\/2015\\\/01\\\/g_rsu8x7yc5__Vacas-12.jpg\",\"contentUrl\":\"https:\\\/\\\/proagrolab.com.ar\\\/wp-content\\\/uploads\\\/2015\\\/01\\\/g_rsu8x7yc5__Vacas-12.jpg\",\"width\":450,\"height\":208},{\"@type\":\"BreadcrumbList\",\"@id\":\"https:\\\/\\\/proagrolab.com.ar\\\/la-region-centro-a-media-maquina\\\/#breadcrumb\",\"itemListElement\":[{\"@type\":\"ListItem\",\"position\":1,\"name\":\"Portada\",\"item\":\"https:\\\/\\\/proagrolab.com.ar\\\/\"},{\"@type\":\"ListItem\",\"position\":2,\"name\":\"La Regi\u00f3n Centro a media m\u00e1quina.\"}]},{\"@type\":\"WebSite\",\"@id\":\"https:\\\/\\\/proagrolab.com.ar\\\/#website\",\"url\":\"https:\\\/\\\/proagrolab.com.ar\\\/\",\"name\":\"Proagro Laboratorio Veterinario\",\"description\":\"Veterinary laboratory\",\"publisher\":{\"@id\":\"https:\\\/\\\/proagrolab.com.ar\\\/#organization\"},\"potentialAction\":[{\"@type\":\"SearchAction\",\"target\":{\"@type\":\"EntryPoint\",\"urlTemplate\":\"https:\\\/\\\/proagrolab.com.ar\\\/?s={search_term_string}\"},\"query-input\":{\"@type\":\"PropertyValueSpecification\",\"valueRequired\":true,\"valueName\":\"search_term_string\"}}],\"inLanguage\":\"en-US\"},{\"@type\":\"Organization\",\"@id\":\"https:\\\/\\\/proagrolab.com.ar\\\/#organization\",\"name\":\"Proagro\",\"url\":\"https:\\\/\\\/proagrolab.com.ar\\\/\",\"logo\":{\"@type\":\"ImageObject\",\"inLanguage\":\"en-US\",\"@id\":\"https:\\\/\\\/proagrolab.com.ar\\\/#\\\/schema\\\/logo\\\/image\\\/\",\"url\":\"https:\\\/\\\/proagrolab.com.ar\\\/wp-content\\\/uploads\\\/2020\\\/04\\\/logo-retina.png\",\"contentUrl\":\"https:\\\/\\\/proagrolab.com.ar\\\/wp-content\\\/uploads\\\/2020\\\/04\\\/logo-retina.png\",\"width\":478,\"height\":120,\"caption\":\"Proagro\"},\"image\":{\"@id\":\"https:\\\/\\\/proagrolab.com.ar\\\/#\\\/schema\\\/logo\\\/image\\\/\"},\"sameAs\":[\"http:\\\/\\\/www.facebook.com\\\/proagrolab\",\"https:\\\/\\\/www.instagram.com\\\/proagrolab\\\/\",\"https:\\\/\\\/www.linkedin.com\\\/company\\\/laboratorio-proagro-s-a\\\/\"]},{\"@type\":\"Person\",\"@id\":\"https:\\\/\\\/proagrolab.com.ar\\\/#\\\/schema\\\/person\\\/38003ff90bf80381f71c7d922d207444\",\"name\":\"proagrolab\"}]}<\/script>\n<!-- \/ Yoast SEO plugin. -->","yoast_head_json":{"title":"La Regi\u00f3n Centro a media m\u00e1quina. | Proagro","robots":{"index":"index","follow":"follow","max-snippet":"max-snippet:-1","max-image-preview":"max-image-preview:large","max-video-preview":"max-video-preview:-1"},"canonical":"https:\/\/proagrolab.com.ar\/en\/la-region-centro-a-media-maquina\/","og_locale":"en_US","og_type":"article","og_title":"La Regi\u00f3n Centro a media m\u00e1quina. | Proagro","og_description":"Hay varios sectores estrat\u00e9gicos para la econom\u00eda de la Regi\u00f3n Centro que encaran la recta final del 2013 con se\u00f1ales de alerta.La econom\u00eda de la Regi\u00f3n Centro, con eje en su competitiva agroindustria, encara la recta final del 2013 con un leve crecimiento y con luces de alerta en algunos sectores clave, como el orde\u00f1e en los tambos, la producci\u00f3n de biodi\u00e9sel y el comienzo de una nueva tendencia de liquidaci\u00f3n de vientres en la cadena ganadera. Adem\u00e1s, preocupa la contracci\u00f3n del empleo y el estancamiento en la oferta de nuevos trabajos. \u0093T\u00e9cnicamente, la econom\u00eda est\u00e1 creciendo nuevamente, aunque las tasas por ahora son moderadas\u0094, asegura el \u00faltimo informe de Indicadores Econ\u00f3micos de la Regi\u00f3n Centro, que elabora el equipo de Ana In\u00e9s Navarro en la Universidad Austral. El estudio reconoce que hay algunos signos positivos, pero advierte sobre el deterioro del mercado laboral. Al comparar las cifras del per\u00edodo abril-junio, entre 2012 y 2013, el trabajo confirma que se perdieron 11.000 empleos en la Regi\u00f3n Centro. \u0093La oferta laboral est\u00e1 creciendo muy por debajo de lo que lo hac\u00eda en los trimestres anteriores\u0094, se\u00f1ala la Austral, que insiste en que la tendencia todav\u00eda no se revirti\u00f3 y que la [&hellip;]","og_url":"https:\/\/proagrolab.com.ar\/la-region-centro-a-media-maquina\/","og_site_name":"Proagro","article_publisher":"http:\/\/www.facebook.com\/proagrolab","article_published_time":"2013-10-11T00:00:01+00:00","og_image":[{"width":450,"height":208,"url":"https:\/\/proagrolab.com.ar\/wp-content\/uploads\/2015\/01\/g_rsu8x7yc5__Vacas-12.jpg","type":"image\/jpeg"}],"author":"proagrolab","twitter_card":"summary_large_image","twitter_misc":{"Written by":"proagrolab","Est. reading time":"5 minutes"},"schema":{"@context":"https:\/\/schema.org","@graph":[{"@type":"Article","@id":"https:\/\/proagrolab.com.ar\/la-region-centro-a-media-maquina\/#article","isPartOf":{"@id":"https:\/\/proagrolab.com.ar\/la-region-centro-a-media-maquina\/"},"author":{"name":"proagrolab","@id":"https:\/\/proagrolab.com.ar\/#\/schema\/person\/38003ff90bf80381f71c7d922d207444"},"headline":"La Regi\u00f3n Centro a media m\u00e1quina.","datePublished":"2013-10-11T00:00:01+00:00","mainEntityOfPage":{"@id":"https:\/\/proagrolab.com.ar\/la-region-centro-a-media-maquina\/"},"wordCount":1027,"publisher":{"@id":"https:\/\/proagrolab.com.ar\/#organization"},"image":{"@id":"https:\/\/proagrolab.com.ar\/la-region-centro-a-media-maquina\/#primaryimage"},"thumbnailUrl":"https:\/\/proagrolab.com.ar\/wp-content\/uploads\/2015\/01\/g_rsu8x7yc5__Vacas-12.jpg","articleSection":["News"],"inLanguage":"en-US"},{"@type":"WebPage","@id":"https:\/\/proagrolab.com.ar\/la-region-centro-a-media-maquina\/","url":"https:\/\/proagrolab.com.ar\/la-region-centro-a-media-maquina\/","name":"La Regi\u00f3n Centro a media m\u00e1quina. | Proagro","isPartOf":{"@id":"https:\/\/proagrolab.com.ar\/#website"},"primaryImageOfPage":{"@id":"https:\/\/proagrolab.com.ar\/la-region-centro-a-media-maquina\/#primaryimage"},"image":{"@id":"https:\/\/proagrolab.com.ar\/la-region-centro-a-media-maquina\/#primaryimage"},"thumbnailUrl":"https:\/\/proagrolab.com.ar\/wp-content\/uploads\/2015\/01\/g_rsu8x7yc5__Vacas-12.jpg","datePublished":"2013-10-11T00:00:01+00:00","breadcrumb":{"@id":"https:\/\/proagrolab.com.ar\/la-region-centro-a-media-maquina\/#breadcrumb"},"inLanguage":"en-US","potentialAction":[{"@type":"ReadAction","target":["https:\/\/proagrolab.com.ar\/la-region-centro-a-media-maquina\/"]}]},{"@type":"ImageObject","inLanguage":"en-US","@id":"https:\/\/proagrolab.com.ar\/la-region-centro-a-media-maquina\/#primaryimage","url":"https:\/\/proagrolab.com.ar\/wp-content\/uploads\/2015\/01\/g_rsu8x7yc5__Vacas-12.jpg","contentUrl":"https:\/\/proagrolab.com.ar\/wp-content\/uploads\/2015\/01\/g_rsu8x7yc5__Vacas-12.jpg","width":450,"height":208},{"@type":"BreadcrumbList","@id":"https:\/\/proagrolab.com.ar\/la-region-centro-a-media-maquina\/#breadcrumb","itemListElement":[{"@type":"ListItem","position":1,"name":"Portada","item":"https:\/\/proagrolab.com.ar\/"},{"@type":"ListItem","position":2,"name":"La Regi\u00f3n Centro a media m\u00e1quina."}]},{"@type":"WebSite","@id":"https:\/\/proagrolab.com.ar\/#website","url":"https:\/\/proagrolab.com.ar\/","name":"Proagro Laboratorio Veterinario","description":"Veterinary laboratory","publisher":{"@id":"https:\/\/proagrolab.com.ar\/#organization"},"potentialAction":[{"@type":"SearchAction","target":{"@type":"EntryPoint","urlTemplate":"https:\/\/proagrolab.com.ar\/?s={search_term_string}"},"query-input":{"@type":"PropertyValueSpecification","valueRequired":true,"valueName":"search_term_string"}}],"inLanguage":"en-US"},{"@type":"Organization","@id":"https:\/\/proagrolab.com.ar\/#organization","name":"Proagro","url":"https:\/\/proagrolab.com.ar\/","logo":{"@type":"ImageObject","inLanguage":"en-US","@id":"https:\/\/proagrolab.com.ar\/#\/schema\/logo\/image\/","url":"https:\/\/proagrolab.com.ar\/wp-content\/uploads\/2020\/04\/logo-retina.png","contentUrl":"https:\/\/proagrolab.com.ar\/wp-content\/uploads\/2020\/04\/logo-retina.png","width":478,"height":120,"caption":"Proagro"},"image":{"@id":"https:\/\/proagrolab.com.ar\/#\/schema\/logo\/image\/"},"sameAs":["http:\/\/www.facebook.com\/proagrolab","https:\/\/www.instagram.com\/proagrolab\/","https:\/\/www.linkedin.com\/company\/laboratorio-proagro-s-a\/"]},{"@type":"Person","@id":"https:\/\/proagrolab.com.ar\/#\/schema\/person\/38003ff90bf80381f71c7d922d207444","name":"proagrolab"}]}},"_links":{"self":[{"href":"https:\/\/proagrolab.com.ar\/en\/wp-json\/wp\/v2\/posts\/5739","targetHints":{"allow":["GET"]}}],"collection":[{"href":"https:\/\/proagrolab.com.ar\/en\/wp-json\/wp\/v2\/posts"}],"about":[{"href":"https:\/\/proagrolab.com.ar\/en\/wp-json\/wp\/v2\/types\/post"}],"author":[{"embeddable":true,"href":"https:\/\/proagrolab.com.ar\/en\/wp-json\/wp\/v2\/users\/2"}],"replies":[{"embeddable":true,"href":"https:\/\/proagrolab.com.ar\/en\/wp-json\/wp\/v2\/comments?post=5739"}],"version-history":[{"count":0,"href":"https:\/\/proagrolab.com.ar\/en\/wp-json\/wp\/v2\/posts\/5739\/revisions"}],"wp:featuredmedia":[{"embeddable":true,"href":"https:\/\/proagrolab.com.ar\/en\/wp-json\/wp\/v2\/media\/2228"}],"wp:attachment":[{"href":"https:\/\/proagrolab.com.ar\/en\/wp-json\/wp\/v2\/media?parent=5739"}],"wp:term":[{"taxonomy":"category","embeddable":true,"href":"https:\/\/proagrolab.com.ar\/en\/wp-json\/wp\/v2\/categories?post=5739"},{"taxonomy":"post_tag","embeddable":true,"href":"https:\/\/proagrolab.com.ar\/en\/wp-json\/wp\/v2\/tags?post=5739"}],"curies":[{"name":"wp","href":"https:\/\/api.w.org\/{rel}","templated":true}]}}