{"id":5733,"date":"2013-10-07T00:00:01","date_gmt":"2013-10-07T00:00:01","guid":{"rendered":"https:\/\/proagrolab.com.ar\/tras-las-paso-el-mercado-inmobiliario-de-campos-despierta-el-interes-de-inversores\/"},"modified":"2013-10-07T00:00:01","modified_gmt":"2013-10-07T00:00:01","slug":"tras-las-paso-el-mercado-inmobiliario-de-campos-despierta-el-interes-de-inversores","status":"publish","type":"post","link":"https:\/\/proagrolab.com.ar\/en\/tras-las-paso-el-mercado-inmobiliario-de-campos-despierta-el-interes-de-inversores\/","title":{"rendered":"Tras las PASO, el mercado inmobiliario de campos despierta el inter\u00e9s de inversores."},"content":{"rendered":"<p class=\"qtranxs-available-languages-message qtranxs-available-languages-message-en\"> <\/p><p>Los operadores dicen que hay muchas consultas ante el nuevo escenario.<\/p>\n<p>Por Fernando Bertello.<\/p>\n<p>Lo que no gener\u00f3 el Cedin lo hicieron las PASO. Luego de una situaci\u00f3n dif\u00edcil en el \u00faltimo a\u00f1o y medio por el cepo al d\u00f3lar y las limitaciones a los inversores extranjeros, en las inmobiliarias rurales observan que tras las elecciones primarias de agosto hay m\u00e1s consultas, pedidos de cotizaciones e interesados en revisar campos, aunque esto no significa un aluvi\u00f3n de negocios.<\/p>\n<p>Para diversos operadores consultados, el inversor en tierras cree que despu\u00e9s de las PASO qued\u00f3 en claro que en 2015 habr\u00e1 un nuevo gobierno, peronista o no, que buscar\u00e1 potenciar el campo luego de las limitaciones que le impuso el kirchnerismo. Para esos inversores, que en las inmobiliarias destacan que son locales, el contexto actual, con precios de la tierra que bajaron 15%, es una oportunidad para posicionarse.<\/p>\n<p>El Cedin, un bono emitido para el blanqueo de capitales que tambi\u00e9n se puede usar para comprar tierras, no gener\u00f3 entusiasmo en el sector. &#8220;Fueron un fracaso; no tenemos registros de que se hayan comprado campos con cedines&#8221;, se\u00f1al\u00f3 Roberto Frenkel Santill\u00e1n, presidente de la C\u00e1mara Argentina de Inmobiliarias Rurales (CAIR).<\/p>\n<p>En rigor, lo que parece haber despertado al mercado fueron las elecciones de agosto, cuando el oficialismo perdi\u00f3 no s\u00f3lo en los resultados, sino en las perspectivas de aspirar a continuar m\u00e1s all\u00e1 de 2015.<\/p>\n<p>&#8220;Luego de las PASO, los inversores vieron que el sistema en el que estamos va a cambiar. Unos creen que puede ser en 2015 con otro gobierno y otros creen que se puede dar con este gobierno, ya que las PASO fueron una protesta en las urnas contra las medidas. No hay que olvidar que los precios de las commodities est\u00e1n en su pico hist\u00f3rico, si bien fluct\u00faan un poco, y la perspectiva es que sigan as\u00ed y no que se derrumben&#8221;, expres\u00f3 Federico Nordheimer, de la inmobiliaria hom\u00f3nima. &#8220;Entonces, si se favorece la producci\u00f3n agropecuaria, el campo est\u00e1 listo para producir muchas m\u00e1s toneladas de granos y carne en poco tiempo&#8221;, agreg\u00f3.<\/p>\n<p>Para Nordheimer, tras las PASO &#8220;la gente est\u00e1 m\u00e1s predispuesta a analizar inversiones. La foto de la renta hoy es muy mala, pero las inversiones en campos se manejan por la expectativa a mediano y largo plazo&#8221;.<\/p>\n<p>Juan Jos\u00e9 Madero, director de la divisi\u00f3n Campos de L. J. Ramos Brokers Inmobiliarios, cree que el inversor tiene la perspectiva de un nuevo ciclo a partir de 2015, si bien mientras tanto sigue siendo cauteloso.<\/p>\n<p>&#8220;Desde un par de semanas antes de las PASO se comenz\u00f3 a percibir m\u00e1s movimiento, muy incipiente, de consultas de inversores. Y aument\u00f3 luego de las elecciones. No obstante, el inversor, si bien m\u00e1s activo, es muy cauteloso y especula con valores por debajo de lo que el propietario est\u00e1 dispuesto a aceptar&#8221;, analiz\u00f3.<\/p>\n<p>Para Frenkel Santill\u00e1n, hay m\u00e1s consultas y revisiones de campos. &#8220;Despu\u00e9s de las PASO el mercado comenz\u00f3 a moverse y quienes lo hicieron son inversores argentinos que buscan capitalizar la baja de 10 a 15% que tuvieron los campos en la pampa h\u00fameda y de hasta el 30% en zonas marginales&#8221;, se\u00f1al\u00f3. El dirigente de la CAIR subray\u00f3: &#8220;El inversor est\u00e1 convencido de que hay un ciclo pol\u00edtico que se termina y que a partir de 2015 va a cambiar la situaci\u00f3n. Ve que el Gobierno, peronista o no, va a tener que amigarse y salir adelante con el campo&#8221;.<\/p>\n<p>Para Mariano Maurette, referente de Alzaga Unzu\u00e9 &amp; C\u00eda, las PASO provocaron un cambio de humor que mejor\u00f3 el dinamismo de las negociaciones. De todos modos, advirti\u00f3 que no hay que caer &#8220;en el exitismo de que el mercado se recupera&#8221;. &#8220;Por el momento los precios no han variado. Pero es de esperar que si las cosas se empiezan a acomodar para el sector, pueda esperarse una lenta recuperaci\u00f3n&#8221;, opin\u00f3.<\/p>\n<p>Seg\u00fan Maurette, hay inversores que esperan que la Argentina muestre &#8220;un rostro m\u00e1s amistoso hacia ellos&#8221;, y esto significa simplificar trabas en el mercado cambiario o mejorar la ley de tierras, por ejemplo.<\/p>\n<p>Para Agust\u00edn de Elizalde, de la firma Elizalde, Garrahan &amp; C\u00eda, en el actual contexto los vendedores en general piensan que este resultado se va a plasmar en una mejora de precios. Pero para \u00e9l eso no necesariamente ser\u00e1 as\u00ed. &#8220;Lo real es que todav\u00eda faltan dos a\u00f1os para terminar el ciclo y la renta de los campos ha ca\u00eddo fuerte. La presi\u00f3n impositiva cada vez mayor y los costos creciendo sin parar atentan contra la rentabilidad del campo&#8221;, remarc\u00f3.<\/p>\n<p>Por su parte, el consultor Marcos Lanusse se\u00f1al\u00f3 que no ve un renacer de la demanda de campos. &#8220;A fin de mes son las elecciones y la expectativa, me parece, hace que la gente espere&#8221;, opin\u00f3.<\/p>\n<p>Fuente: La Naci\u00f3n, 7 de octubre.<br \/><\/p>","protected":false},"excerpt":{"rendered":"<p>Los operadores dicen que hay muchas consultas ante el nuevo escenario. Por Fernando Bertello. Lo que no gener\u00f3 el Cedin lo hicieron las PASO. Luego de una situaci\u00f3n dif\u00edcil en el \u00faltimo a\u00f1o y medio por el cepo al d\u00f3lar y las limitaciones a los inversores extranjeros, en las inmobiliarias rurales observan que tras las elecciones primarias de agosto hay m\u00e1s consultas, pedidos de cotizaciones e interesados en revisar campos, aunque esto no significa un aluvi\u00f3n de negocios. Para diversos operadores consultados, el inversor en tierras cree que despu\u00e9s de las PASO qued\u00f3 en claro que en 2015 habr\u00e1 un nuevo gobierno, peronista o no, que buscar\u00e1 potenciar el campo luego de las limitaciones que le impuso el kirchnerismo. Para esos inversores, que en las inmobiliarias destacan que son locales, el contexto actual, con precios de la tierra que bajaron 15%, es una oportunidad para posicionarse. El Cedin, un bono emitido para el blanqueo de capitales que tambi\u00e9n se puede usar para comprar tierras, no gener\u00f3 entusiasmo en el sector. &#8220;Fueron un fracaso; no tenemos registros de que se hayan comprado campos con cedines&#8221;, se\u00f1al\u00f3 Roberto Frenkel Santill\u00e1n, presidente de la C\u00e1mara Argentina de Inmobiliarias Rurales (CAIR). En rigor, lo [&hellip;]<\/p>\n","protected":false},"author":2,"featured_media":2222,"comment_status":"closed","ping_status":"open","sticky":false,"template":"","format":"standard","meta":{"_acf_changed":false,"footnotes":""},"categories":[56],"tags":[],"class_list":["post-5733","post","type-post","status-publish","format-standard","has-post-thumbnail","hentry","category-infoganadero"],"acf":[],"yoast_head":"<!-- This site is optimized with the Yoast SEO plugin v27.5 - https:\/\/yoast.com\/product\/yoast-seo-wordpress\/ -->\n<title>Tras las PASO, el mercado inmobiliario de campos despierta el inter\u00e9s de inversores. | Proagro<\/title>\n<meta name=\"robots\" content=\"index, follow, max-snippet:-1, max-image-preview:large, max-video-preview:-1\" \/>\n<link rel=\"canonical\" href=\"https:\/\/proagrolab.com.ar\/en\/tras-las-paso-el-mercado-inmobiliario-de-campos-despierta-el-interes-de-inversores\/\" \/>\n<meta property=\"og:locale\" content=\"en_US\" \/>\n<meta property=\"og:type\" content=\"article\" \/>\n<meta property=\"og:title\" content=\"Tras las PASO, el mercado inmobiliario de campos despierta el inter\u00e9s de inversores. | Proagro\" \/>\n<meta property=\"og:description\" content=\"Los operadores dicen que hay muchas consultas ante el nuevo escenario. Por Fernando Bertello. Lo que no gener\u00f3 el Cedin lo hicieron las PASO. Luego de una situaci\u00f3n dif\u00edcil en el \u00faltimo a\u00f1o y medio por el cepo al d\u00f3lar y las limitaciones a los inversores extranjeros, en las inmobiliarias rurales observan que tras las elecciones primarias de agosto hay m\u00e1s consultas, pedidos de cotizaciones e interesados en revisar campos, aunque esto no significa un aluvi\u00f3n de negocios. Para diversos operadores consultados, el inversor en tierras cree que despu\u00e9s de las PASO qued\u00f3 en claro que en 2015 habr\u00e1 un nuevo gobierno, peronista o no, que buscar\u00e1 potenciar el campo luego de las limitaciones que le impuso el kirchnerismo. Para esos inversores, que en las inmobiliarias destacan que son locales, el contexto actual, con precios de la tierra que bajaron 15%, es una oportunidad para posicionarse. El Cedin, un bono emitido para el blanqueo de capitales que tambi\u00e9n se puede usar para comprar tierras, no gener\u00f3 entusiasmo en el sector. &#8220;Fueron un fracaso; no tenemos registros de que se hayan comprado campos con cedines&#8221;, se\u00f1al\u00f3 Roberto Frenkel Santill\u00e1n, presidente de la C\u00e1mara Argentina de Inmobiliarias Rurales (CAIR). En rigor, lo [&hellip;]\" \/>\n<meta property=\"og:url\" content=\"https:\/\/proagrolab.com.ar\/tras-las-paso-el-mercado-inmobiliario-de-campos-despierta-el-interes-de-inversores\/\" \/>\n<meta property=\"og:site_name\" content=\"Proagro\" \/>\n<meta property=\"article:publisher\" content=\"http:\/\/www.facebook.com\/proagrolab\" \/>\n<meta property=\"article:published_time\" content=\"2013-10-07T00:00:01+00:00\" \/>\n<meta property=\"og:image\" content=\"https:\/\/proagrolab.com.ar\/wp-content\/uploads\/2015\/01\/g_s9y9ut2c2__Bovinos-alfalfa.jpg\" \/>\n\t<meta property=\"og:image:width\" content=\"450\" \/>\n\t<meta property=\"og:image:height\" content=\"208\" \/>\n\t<meta property=\"og:image:type\" content=\"image\/jpeg\" \/>\n<meta name=\"author\" content=\"proagrolab\" \/>\n<meta name=\"twitter:card\" content=\"summary_large_image\" \/>\n<meta name=\"twitter:label1\" content=\"Written by\" \/>\n\t<meta name=\"twitter:data1\" content=\"proagrolab\" \/>\n\t<meta name=\"twitter:label2\" content=\"Est. reading time\" \/>\n\t<meta name=\"twitter:data2\" content=\"4 minutes\" \/>\n<script type=\"application\/ld+json\" class=\"yoast-schema-graph\">{\"@context\":\"https:\\\/\\\/schema.org\",\"@graph\":[{\"@type\":\"Article\",\"@id\":\"https:\\\/\\\/proagrolab.com.ar\\\/tras-las-paso-el-mercado-inmobiliario-de-campos-despierta-el-interes-de-inversores\\\/#article\",\"isPartOf\":{\"@id\":\"https:\\\/\\\/proagrolab.com.ar\\\/tras-las-paso-el-mercado-inmobiliario-de-campos-despierta-el-interes-de-inversores\\\/\"},\"author\":{\"name\":\"proagrolab\",\"@id\":\"https:\\\/\\\/proagrolab.com.ar\\\/#\\\/schema\\\/person\\\/38003ff90bf80381f71c7d922d207444\"},\"headline\":\"Tras las PASO, el mercado inmobiliario de campos despierta el inter\u00e9s de inversores.\",\"datePublished\":\"2013-10-07T00:00:01+00:00\",\"mainEntityOfPage\":{\"@id\":\"https:\\\/\\\/proagrolab.com.ar\\\/tras-las-paso-el-mercado-inmobiliario-de-campos-despierta-el-interes-de-inversores\\\/\"},\"wordCount\":843,\"publisher\":{\"@id\":\"https:\\\/\\\/proagrolab.com.ar\\\/#organization\"},\"image\":{\"@id\":\"https:\\\/\\\/proagrolab.com.ar\\\/tras-las-paso-el-mercado-inmobiliario-de-campos-despierta-el-interes-de-inversores\\\/#primaryimage\"},\"thumbnailUrl\":\"https:\\\/\\\/proagrolab.com.ar\\\/wp-content\\\/uploads\\\/2015\\\/01\\\/g_s9y9ut2c2__Bovinos-alfalfa.jpg\",\"articleSection\":[\"News\"],\"inLanguage\":\"en-US\"},{\"@type\":\"WebPage\",\"@id\":\"https:\\\/\\\/proagrolab.com.ar\\\/tras-las-paso-el-mercado-inmobiliario-de-campos-despierta-el-interes-de-inversores\\\/\",\"url\":\"https:\\\/\\\/proagrolab.com.ar\\\/tras-las-paso-el-mercado-inmobiliario-de-campos-despierta-el-interes-de-inversores\\\/\",\"name\":\"Tras las PASO, el mercado inmobiliario de campos despierta el inter\u00e9s de inversores. | Proagro\",\"isPartOf\":{\"@id\":\"https:\\\/\\\/proagrolab.com.ar\\\/#website\"},\"primaryImageOfPage\":{\"@id\":\"https:\\\/\\\/proagrolab.com.ar\\\/tras-las-paso-el-mercado-inmobiliario-de-campos-despierta-el-interes-de-inversores\\\/#primaryimage\"},\"image\":{\"@id\":\"https:\\\/\\\/proagrolab.com.ar\\\/tras-las-paso-el-mercado-inmobiliario-de-campos-despierta-el-interes-de-inversores\\\/#primaryimage\"},\"thumbnailUrl\":\"https:\\\/\\\/proagrolab.com.ar\\\/wp-content\\\/uploads\\\/2015\\\/01\\\/g_s9y9ut2c2__Bovinos-alfalfa.jpg\",\"datePublished\":\"2013-10-07T00:00:01+00:00\",\"breadcrumb\":{\"@id\":\"https:\\\/\\\/proagrolab.com.ar\\\/tras-las-paso-el-mercado-inmobiliario-de-campos-despierta-el-interes-de-inversores\\\/#breadcrumb\"},\"inLanguage\":\"en-US\",\"potentialAction\":[{\"@type\":\"ReadAction\",\"target\":[\"https:\\\/\\\/proagrolab.com.ar\\\/tras-las-paso-el-mercado-inmobiliario-de-campos-despierta-el-interes-de-inversores\\\/\"]}]},{\"@type\":\"ImageObject\",\"inLanguage\":\"en-US\",\"@id\":\"https:\\\/\\\/proagrolab.com.ar\\\/tras-las-paso-el-mercado-inmobiliario-de-campos-despierta-el-interes-de-inversores\\\/#primaryimage\",\"url\":\"https:\\\/\\\/proagrolab.com.ar\\\/wp-content\\\/uploads\\\/2015\\\/01\\\/g_s9y9ut2c2__Bovinos-alfalfa.jpg\",\"contentUrl\":\"https:\\\/\\\/proagrolab.com.ar\\\/wp-content\\\/uploads\\\/2015\\\/01\\\/g_s9y9ut2c2__Bovinos-alfalfa.jpg\",\"width\":450,\"height\":208},{\"@type\":\"BreadcrumbList\",\"@id\":\"https:\\\/\\\/proagrolab.com.ar\\\/tras-las-paso-el-mercado-inmobiliario-de-campos-despierta-el-interes-de-inversores\\\/#breadcrumb\",\"itemListElement\":[{\"@type\":\"ListItem\",\"position\":1,\"name\":\"Portada\",\"item\":\"https:\\\/\\\/proagrolab.com.ar\\\/\"},{\"@type\":\"ListItem\",\"position\":2,\"name\":\"Tras las PASO, el mercado inmobiliario de campos despierta el inter\u00e9s de inversores.\"}]},{\"@type\":\"WebSite\",\"@id\":\"https:\\\/\\\/proagrolab.com.ar\\\/#website\",\"url\":\"https:\\\/\\\/proagrolab.com.ar\\\/\",\"name\":\"Proagro Laboratorio Veterinario\",\"description\":\"Veterinary laboratory\",\"publisher\":{\"@id\":\"https:\\\/\\\/proagrolab.com.ar\\\/#organization\"},\"potentialAction\":[{\"@type\":\"SearchAction\",\"target\":{\"@type\":\"EntryPoint\",\"urlTemplate\":\"https:\\\/\\\/proagrolab.com.ar\\\/?s={search_term_string}\"},\"query-input\":{\"@type\":\"PropertyValueSpecification\",\"valueRequired\":true,\"valueName\":\"search_term_string\"}}],\"inLanguage\":\"en-US\"},{\"@type\":\"Organization\",\"@id\":\"https:\\\/\\\/proagrolab.com.ar\\\/#organization\",\"name\":\"Proagro\",\"url\":\"https:\\\/\\\/proagrolab.com.ar\\\/\",\"logo\":{\"@type\":\"ImageObject\",\"inLanguage\":\"en-US\",\"@id\":\"https:\\\/\\\/proagrolab.com.ar\\\/#\\\/schema\\\/logo\\\/image\\\/\",\"url\":\"https:\\\/\\\/proagrolab.com.ar\\\/wp-content\\\/uploads\\\/2020\\\/04\\\/logo-retina.png\",\"contentUrl\":\"https:\\\/\\\/proagrolab.com.ar\\\/wp-content\\\/uploads\\\/2020\\\/04\\\/logo-retina.png\",\"width\":478,\"height\":120,\"caption\":\"Proagro\"},\"image\":{\"@id\":\"https:\\\/\\\/proagrolab.com.ar\\\/#\\\/schema\\\/logo\\\/image\\\/\"},\"sameAs\":[\"http:\\\/\\\/www.facebook.com\\\/proagrolab\",\"https:\\\/\\\/www.instagram.com\\\/proagrolab\\\/\",\"https:\\\/\\\/www.linkedin.com\\\/company\\\/laboratorio-proagro-s-a\\\/\"]},{\"@type\":\"Person\",\"@id\":\"https:\\\/\\\/proagrolab.com.ar\\\/#\\\/schema\\\/person\\\/38003ff90bf80381f71c7d922d207444\",\"name\":\"proagrolab\"}]}<\/script>\n<!-- \/ Yoast SEO plugin. -->","yoast_head_json":{"title":"Tras las PASO, el mercado inmobiliario de campos despierta el inter\u00e9s de inversores. | Proagro","robots":{"index":"index","follow":"follow","max-snippet":"max-snippet:-1","max-image-preview":"max-image-preview:large","max-video-preview":"max-video-preview:-1"},"canonical":"https:\/\/proagrolab.com.ar\/en\/tras-las-paso-el-mercado-inmobiliario-de-campos-despierta-el-interes-de-inversores\/","og_locale":"en_US","og_type":"article","og_title":"Tras las PASO, el mercado inmobiliario de campos despierta el inter\u00e9s de inversores. | Proagro","og_description":"Los operadores dicen que hay muchas consultas ante el nuevo escenario. Por Fernando Bertello. Lo que no gener\u00f3 el Cedin lo hicieron las PASO. Luego de una situaci\u00f3n dif\u00edcil en el \u00faltimo a\u00f1o y medio por el cepo al d\u00f3lar y las limitaciones a los inversores extranjeros, en las inmobiliarias rurales observan que tras las elecciones primarias de agosto hay m\u00e1s consultas, pedidos de cotizaciones e interesados en revisar campos, aunque esto no significa un aluvi\u00f3n de negocios. Para diversos operadores consultados, el inversor en tierras cree que despu\u00e9s de las PASO qued\u00f3 en claro que en 2015 habr\u00e1 un nuevo gobierno, peronista o no, que buscar\u00e1 potenciar el campo luego de las limitaciones que le impuso el kirchnerismo. Para esos inversores, que en las inmobiliarias destacan que son locales, el contexto actual, con precios de la tierra que bajaron 15%, es una oportunidad para posicionarse. El Cedin, un bono emitido para el blanqueo de capitales que tambi\u00e9n se puede usar para comprar tierras, no gener\u00f3 entusiasmo en el sector. &#8220;Fueron un fracaso; no tenemos registros de que se hayan comprado campos con cedines&#8221;, se\u00f1al\u00f3 Roberto Frenkel Santill\u00e1n, presidente de la C\u00e1mara Argentina de Inmobiliarias Rurales (CAIR). En rigor, lo [&hellip;]","og_url":"https:\/\/proagrolab.com.ar\/tras-las-paso-el-mercado-inmobiliario-de-campos-despierta-el-interes-de-inversores\/","og_site_name":"Proagro","article_publisher":"http:\/\/www.facebook.com\/proagrolab","article_published_time":"2013-10-07T00:00:01+00:00","og_image":[{"width":450,"height":208,"url":"https:\/\/proagrolab.com.ar\/wp-content\/uploads\/2015\/01\/g_s9y9ut2c2__Bovinos-alfalfa.jpg","type":"image\/jpeg"}],"author":"proagrolab","twitter_card":"summary_large_image","twitter_misc":{"Written by":"proagrolab","Est. reading time":"4 minutes"},"schema":{"@context":"https:\/\/schema.org","@graph":[{"@type":"Article","@id":"https:\/\/proagrolab.com.ar\/tras-las-paso-el-mercado-inmobiliario-de-campos-despierta-el-interes-de-inversores\/#article","isPartOf":{"@id":"https:\/\/proagrolab.com.ar\/tras-las-paso-el-mercado-inmobiliario-de-campos-despierta-el-interes-de-inversores\/"},"author":{"name":"proagrolab","@id":"https:\/\/proagrolab.com.ar\/#\/schema\/person\/38003ff90bf80381f71c7d922d207444"},"headline":"Tras las PASO, el mercado inmobiliario de campos despierta el inter\u00e9s de inversores.","datePublished":"2013-10-07T00:00:01+00:00","mainEntityOfPage":{"@id":"https:\/\/proagrolab.com.ar\/tras-las-paso-el-mercado-inmobiliario-de-campos-despierta-el-interes-de-inversores\/"},"wordCount":843,"publisher":{"@id":"https:\/\/proagrolab.com.ar\/#organization"},"image":{"@id":"https:\/\/proagrolab.com.ar\/tras-las-paso-el-mercado-inmobiliario-de-campos-despierta-el-interes-de-inversores\/#primaryimage"},"thumbnailUrl":"https:\/\/proagrolab.com.ar\/wp-content\/uploads\/2015\/01\/g_s9y9ut2c2__Bovinos-alfalfa.jpg","articleSection":["News"],"inLanguage":"en-US"},{"@type":"WebPage","@id":"https:\/\/proagrolab.com.ar\/tras-las-paso-el-mercado-inmobiliario-de-campos-despierta-el-interes-de-inversores\/","url":"https:\/\/proagrolab.com.ar\/tras-las-paso-el-mercado-inmobiliario-de-campos-despierta-el-interes-de-inversores\/","name":"Tras las PASO, el mercado inmobiliario de campos despierta el inter\u00e9s de inversores. | Proagro","isPartOf":{"@id":"https:\/\/proagrolab.com.ar\/#website"},"primaryImageOfPage":{"@id":"https:\/\/proagrolab.com.ar\/tras-las-paso-el-mercado-inmobiliario-de-campos-despierta-el-interes-de-inversores\/#primaryimage"},"image":{"@id":"https:\/\/proagrolab.com.ar\/tras-las-paso-el-mercado-inmobiliario-de-campos-despierta-el-interes-de-inversores\/#primaryimage"},"thumbnailUrl":"https:\/\/proagrolab.com.ar\/wp-content\/uploads\/2015\/01\/g_s9y9ut2c2__Bovinos-alfalfa.jpg","datePublished":"2013-10-07T00:00:01+00:00","breadcrumb":{"@id":"https:\/\/proagrolab.com.ar\/tras-las-paso-el-mercado-inmobiliario-de-campos-despierta-el-interes-de-inversores\/#breadcrumb"},"inLanguage":"en-US","potentialAction":[{"@type":"ReadAction","target":["https:\/\/proagrolab.com.ar\/tras-las-paso-el-mercado-inmobiliario-de-campos-despierta-el-interes-de-inversores\/"]}]},{"@type":"ImageObject","inLanguage":"en-US","@id":"https:\/\/proagrolab.com.ar\/tras-las-paso-el-mercado-inmobiliario-de-campos-despierta-el-interes-de-inversores\/#primaryimage","url":"https:\/\/proagrolab.com.ar\/wp-content\/uploads\/2015\/01\/g_s9y9ut2c2__Bovinos-alfalfa.jpg","contentUrl":"https:\/\/proagrolab.com.ar\/wp-content\/uploads\/2015\/01\/g_s9y9ut2c2__Bovinos-alfalfa.jpg","width":450,"height":208},{"@type":"BreadcrumbList","@id":"https:\/\/proagrolab.com.ar\/tras-las-paso-el-mercado-inmobiliario-de-campos-despierta-el-interes-de-inversores\/#breadcrumb","itemListElement":[{"@type":"ListItem","position":1,"name":"Portada","item":"https:\/\/proagrolab.com.ar\/"},{"@type":"ListItem","position":2,"name":"Tras las PASO, el mercado inmobiliario de campos despierta el inter\u00e9s de inversores."}]},{"@type":"WebSite","@id":"https:\/\/proagrolab.com.ar\/#website","url":"https:\/\/proagrolab.com.ar\/","name":"Proagro Laboratorio Veterinario","description":"Veterinary laboratory","publisher":{"@id":"https:\/\/proagrolab.com.ar\/#organization"},"potentialAction":[{"@type":"SearchAction","target":{"@type":"EntryPoint","urlTemplate":"https:\/\/proagrolab.com.ar\/?s={search_term_string}"},"query-input":{"@type":"PropertyValueSpecification","valueRequired":true,"valueName":"search_term_string"}}],"inLanguage":"en-US"},{"@type":"Organization","@id":"https:\/\/proagrolab.com.ar\/#organization","name":"Proagro","url":"https:\/\/proagrolab.com.ar\/","logo":{"@type":"ImageObject","inLanguage":"en-US","@id":"https:\/\/proagrolab.com.ar\/#\/schema\/logo\/image\/","url":"https:\/\/proagrolab.com.ar\/wp-content\/uploads\/2020\/04\/logo-retina.png","contentUrl":"https:\/\/proagrolab.com.ar\/wp-content\/uploads\/2020\/04\/logo-retina.png","width":478,"height":120,"caption":"Proagro"},"image":{"@id":"https:\/\/proagrolab.com.ar\/#\/schema\/logo\/image\/"},"sameAs":["http:\/\/www.facebook.com\/proagrolab","https:\/\/www.instagram.com\/proagrolab\/","https:\/\/www.linkedin.com\/company\/laboratorio-proagro-s-a\/"]},{"@type":"Person","@id":"https:\/\/proagrolab.com.ar\/#\/schema\/person\/38003ff90bf80381f71c7d922d207444","name":"proagrolab"}]}},"_links":{"self":[{"href":"https:\/\/proagrolab.com.ar\/en\/wp-json\/wp\/v2\/posts\/5733","targetHints":{"allow":["GET"]}}],"collection":[{"href":"https:\/\/proagrolab.com.ar\/en\/wp-json\/wp\/v2\/posts"}],"about":[{"href":"https:\/\/proagrolab.com.ar\/en\/wp-json\/wp\/v2\/types\/post"}],"author":[{"embeddable":true,"href":"https:\/\/proagrolab.com.ar\/en\/wp-json\/wp\/v2\/users\/2"}],"replies":[{"embeddable":true,"href":"https:\/\/proagrolab.com.ar\/en\/wp-json\/wp\/v2\/comments?post=5733"}],"version-history":[{"count":0,"href":"https:\/\/proagrolab.com.ar\/en\/wp-json\/wp\/v2\/posts\/5733\/revisions"}],"wp:featuredmedia":[{"embeddable":true,"href":"https:\/\/proagrolab.com.ar\/en\/wp-json\/wp\/v2\/media\/2222"}],"wp:attachment":[{"href":"https:\/\/proagrolab.com.ar\/en\/wp-json\/wp\/v2\/media?parent=5733"}],"wp:term":[{"taxonomy":"category","embeddable":true,"href":"https:\/\/proagrolab.com.ar\/en\/wp-json\/wp\/v2\/categories?post=5733"},{"taxonomy":"post_tag","embeddable":true,"href":"https:\/\/proagrolab.com.ar\/en\/wp-json\/wp\/v2\/tags?post=5733"}],"curies":[{"name":"wp","href":"https:\/\/api.w.org\/{rel}","templated":true}]}}