{"id":5728,"date":"2013-10-03T00:00:01","date_gmt":"2013-10-03T00:00:01","guid":{"rendered":"https:\/\/proagrolab.com.ar\/negocian-abrir-mercado-canadiense-a-la-carne-bovina-y-avicola-de-argentina\/"},"modified":"2013-10-03T00:00:01","modified_gmt":"2013-10-03T00:00:01","slug":"negocian-abrir-mercado-canadiense-a-la-carne-bovina-y-avicola-de-argentina","status":"publish","type":"post","link":"https:\/\/proagrolab.com.ar\/en\/negocian-abrir-mercado-canadiense-a-la-carne-bovina-y-avicola-de-argentina\/","title":{"rendered":"Negocian abrir mercado canadiense a la carne bovina y av\u00edcola de Argentina."},"content":{"rendered":"<p class=\"qtranxs-available-languages-message qtranxs-available-languages-message-en\"> <\/p><p>Una delegaci\u00f3n del servicio sanitario de Canad\u00e1 (CFIA, por sus siglas en ingl\u00e9s) audit\u00f3 el sistema de inspecci\u00f3n de carne aviar y bovina frescos del Servicio Nacional de Sanidad y Calidad Agroalimentaria (Senasa) de Argentina, seg\u00fan inform\u00f3 la entidad en nota.<\/p>\n<p>Durante su estad\u00eda, los agentes de la CFIA recorrieron establecimientos procesadores de carne aviar y bovina fresca de la Argentina habilitados por el Senasa.<\/p>\n<p>En lo que respecta a carne aviar, las negociaciones entre ambos pa\u00edses tienen como objetivo lograr la apertura, por primera vez, del mercado canadiense para iniciar los env\u00edos de estos productos.<\/p>\n<p>Por su parte, en lo que hace a carne bovina fresca, la Argentina busca retomar las exportaciones que fueron suspendidas en el a\u00f1o 2001 debido a los casos de fiebre aftosa registrados en el pa\u00eds.<\/p>\n<p>Tras las acciones dispuestas por el Senasa que permitieron controlar la enfermedad y ante el hecho de que desde 2006 no se han registrado nuevos casos, la Argentina considera que est\u00e1n dadas las condiciones sanitarias para retomar los env\u00edos de carnes bovinas frescas a Canad\u00e1.<\/p>\n<p>Adem\u00e1s de la visita a las plantas frigor\u00edficas ubicadas en la jurisdicci\u00f3n de los centros regionales del Senasa de Buenos Aires Norte, Santa Fe, Entre R\u00edos y Patagonia Sur, la delegaci\u00f3n recorri\u00f3 la sede del Centro Regional Metropolitano y visit\u00f3 el puerto de Buenos Aires donde observ\u00f3 las actividades de certificaci\u00f3n de exportaci\u00f3n.<\/p>\n<p>En los pr\u00f3ximos meses la CFIA enviar\u00e1 al Senasa el informe final con los resultados de la auditor\u00eda.<\/p>\n<p>Fuente: Carnetec, 3 de octubre.<br \/><\/p>","protected":false},"excerpt":{"rendered":"<p>Una delegaci\u00f3n del servicio sanitario de Canad\u00e1 (CFIA, por sus siglas en ingl\u00e9s) audit\u00f3 el sistema de inspecci\u00f3n de carne aviar y bovina frescos del Servicio Nacional de Sanidad y Calidad Agroalimentaria (Senasa) de Argentina, seg\u00fan inform\u00f3 la entidad en nota. Durante su estad\u00eda, los agentes de la CFIA recorrieron establecimientos procesadores de carne aviar y bovina fresca de la Argentina habilitados por el Senasa. En lo que respecta a carne aviar, las negociaciones entre ambos pa\u00edses tienen como objetivo lograr la apertura, por primera vez, del mercado canadiense para iniciar los env\u00edos de estos productos. Por su parte, en lo que hace a carne bovina fresca, la Argentina busca retomar las exportaciones que fueron suspendidas en el a\u00f1o 2001 debido a los casos de fiebre aftosa registrados en el pa\u00eds. Tras las acciones dispuestas por el Senasa que permitieron controlar la enfermedad y ante el hecho de que desde 2006 no se han registrado nuevos casos, la Argentina considera que est\u00e1n dadas las condiciones sanitarias para retomar los env\u00edos de carnes bovinas frescas a Canad\u00e1. Adem\u00e1s de la visita a las plantas frigor\u00edficas ubicadas en la jurisdicci\u00f3n de los centros regionales del Senasa de Buenos Aires Norte, Santa Fe, [&hellip;]<\/p>\n","protected":false},"author":2,"featured_media":2217,"comment_status":"closed","ping_status":"open","sticky":false,"template":"","format":"standard","meta":{"_acf_changed":false,"footnotes":""},"categories":[56],"tags":[],"class_list":["post-5728","post","type-post","status-publish","format-standard","has-post-thumbnail","hentry","category-infoganadero"],"acf":[],"yoast_head":"<!-- This site is optimized with the Yoast SEO plugin v27.5 - https:\/\/yoast.com\/product\/yoast-seo-wordpress\/ -->\n<title>Negocian abrir mercado canadiense a la carne bovina y av\u00edcola de Argentina. | Proagro<\/title>\n<meta name=\"robots\" content=\"index, follow, max-snippet:-1, max-image-preview:large, max-video-preview:-1\" \/>\n<link rel=\"canonical\" href=\"https:\/\/proagrolab.com.ar\/en\/negocian-abrir-mercado-canadiense-a-la-carne-bovina-y-avicola-de-argentina\/\" \/>\n<meta property=\"og:locale\" content=\"en_US\" \/>\n<meta property=\"og:type\" content=\"article\" \/>\n<meta property=\"og:title\" content=\"Negocian abrir mercado canadiense a la carne bovina y av\u00edcola de Argentina. | Proagro\" \/>\n<meta property=\"og:description\" content=\"Una delegaci\u00f3n del servicio sanitario de Canad\u00e1 (CFIA, por sus siglas en ingl\u00e9s) audit\u00f3 el sistema de inspecci\u00f3n de carne aviar y bovina frescos del Servicio Nacional de Sanidad y Calidad Agroalimentaria (Senasa) de Argentina, seg\u00fan inform\u00f3 la entidad en nota. Durante su estad\u00eda, los agentes de la CFIA recorrieron establecimientos procesadores de carne aviar y bovina fresca de la Argentina habilitados por el Senasa. En lo que respecta a carne aviar, las negociaciones entre ambos pa\u00edses tienen como objetivo lograr la apertura, por primera vez, del mercado canadiense para iniciar los env\u00edos de estos productos. Por su parte, en lo que hace a carne bovina fresca, la Argentina busca retomar las exportaciones que fueron suspendidas en el a\u00f1o 2001 debido a los casos de fiebre aftosa registrados en el pa\u00eds. Tras las acciones dispuestas por el Senasa que permitieron controlar la enfermedad y ante el hecho de que desde 2006 no se han registrado nuevos casos, la Argentina considera que est\u00e1n dadas las condiciones sanitarias para retomar los env\u00edos de carnes bovinas frescas a Canad\u00e1. Adem\u00e1s de la visita a las plantas frigor\u00edficas ubicadas en la jurisdicci\u00f3n de los centros regionales del Senasa de Buenos Aires Norte, Santa Fe, [&hellip;]\" \/>\n<meta property=\"og:url\" content=\"https:\/\/proagrolab.com.ar\/negocian-abrir-mercado-canadiense-a-la-carne-bovina-y-avicola-de-argentina\/\" \/>\n<meta property=\"og:site_name\" content=\"Proagro\" \/>\n<meta property=\"article:publisher\" content=\"http:\/\/www.facebook.com\/proagrolab\" \/>\n<meta property=\"article:published_time\" content=\"2013-10-03T00:00:01+00:00\" \/>\n<meta property=\"og:image\" content=\"https:\/\/proagrolab.com.ar\/wp-content\/uploads\/2015\/01\/g_pbqmcqnvh__Frigor\u00edfico-3.jpg\" \/>\n\t<meta property=\"og:image:width\" content=\"1\" \/>\n\t<meta property=\"og:image:height\" content=\"1\" \/>\n\t<meta property=\"og:image:type\" content=\"image\/jpeg\" \/>\n<meta name=\"author\" content=\"proagrolab\" \/>\n<meta name=\"twitter:card\" content=\"summary_large_image\" \/>\n<meta name=\"twitter:label1\" content=\"Written by\" \/>\n\t<meta name=\"twitter:data1\" content=\"proagrolab\" \/>\n\t<meta name=\"twitter:label2\" content=\"Est. reading time\" \/>\n\t<meta name=\"twitter:data2\" content=\"1 minute\" \/>\n<script type=\"application\/ld+json\" class=\"yoast-schema-graph\">{\"@context\":\"https:\\\/\\\/schema.org\",\"@graph\":[{\"@type\":\"Article\",\"@id\":\"https:\\\/\\\/proagrolab.com.ar\\\/negocian-abrir-mercado-canadiense-a-la-carne-bovina-y-avicola-de-argentina\\\/#article\",\"isPartOf\":{\"@id\":\"https:\\\/\\\/proagrolab.com.ar\\\/negocian-abrir-mercado-canadiense-a-la-carne-bovina-y-avicola-de-argentina\\\/\"},\"author\":{\"name\":\"proagrolab\",\"@id\":\"https:\\\/\\\/proagrolab.com.ar\\\/#\\\/schema\\\/person\\\/38003ff90bf80381f71c7d922d207444\"},\"headline\":\"Negocian abrir mercado canadiense a la carne bovina y av\u00edcola de Argentina.\",\"datePublished\":\"2013-10-03T00:00:01+00:00\",\"mainEntityOfPage\":{\"@id\":\"https:\\\/\\\/proagrolab.com.ar\\\/negocian-abrir-mercado-canadiense-a-la-carne-bovina-y-avicola-de-argentina\\\/\"},\"wordCount\":282,\"publisher\":{\"@id\":\"https:\\\/\\\/proagrolab.com.ar\\\/#organization\"},\"image\":{\"@id\":\"https:\\\/\\\/proagrolab.com.ar\\\/negocian-abrir-mercado-canadiense-a-la-carne-bovina-y-avicola-de-argentina\\\/#primaryimage\"},\"thumbnailUrl\":\"https:\\\/\\\/proagrolab.com.ar\\\/wp-content\\\/uploads\\\/2015\\\/01\\\/g_pbqmcqnvh__Frigor\u00edfico-3.jpg\",\"articleSection\":[\"News\"],\"inLanguage\":\"en-US\"},{\"@type\":\"WebPage\",\"@id\":\"https:\\\/\\\/proagrolab.com.ar\\\/negocian-abrir-mercado-canadiense-a-la-carne-bovina-y-avicola-de-argentina\\\/\",\"url\":\"https:\\\/\\\/proagrolab.com.ar\\\/negocian-abrir-mercado-canadiense-a-la-carne-bovina-y-avicola-de-argentina\\\/\",\"name\":\"Negocian abrir mercado canadiense a la carne bovina y av\u00edcola de Argentina. | Proagro\",\"isPartOf\":{\"@id\":\"https:\\\/\\\/proagrolab.com.ar\\\/#website\"},\"primaryImageOfPage\":{\"@id\":\"https:\\\/\\\/proagrolab.com.ar\\\/negocian-abrir-mercado-canadiense-a-la-carne-bovina-y-avicola-de-argentina\\\/#primaryimage\"},\"image\":{\"@id\":\"https:\\\/\\\/proagrolab.com.ar\\\/negocian-abrir-mercado-canadiense-a-la-carne-bovina-y-avicola-de-argentina\\\/#primaryimage\"},\"thumbnailUrl\":\"https:\\\/\\\/proagrolab.com.ar\\\/wp-content\\\/uploads\\\/2015\\\/01\\\/g_pbqmcqnvh__Frigor\u00edfico-3.jpg\",\"datePublished\":\"2013-10-03T00:00:01+00:00\",\"breadcrumb\":{\"@id\":\"https:\\\/\\\/proagrolab.com.ar\\\/negocian-abrir-mercado-canadiense-a-la-carne-bovina-y-avicola-de-argentina\\\/#breadcrumb\"},\"inLanguage\":\"en-US\",\"potentialAction\":[{\"@type\":\"ReadAction\",\"target\":[\"https:\\\/\\\/proagrolab.com.ar\\\/negocian-abrir-mercado-canadiense-a-la-carne-bovina-y-avicola-de-argentina\\\/\"]}]},{\"@type\":\"ImageObject\",\"inLanguage\":\"en-US\",\"@id\":\"https:\\\/\\\/proagrolab.com.ar\\\/negocian-abrir-mercado-canadiense-a-la-carne-bovina-y-avicola-de-argentina\\\/#primaryimage\",\"url\":\"https:\\\/\\\/proagrolab.com.ar\\\/wp-content\\\/uploads\\\/2015\\\/01\\\/g_pbqmcqnvh__Frigor\u00edfico-3.jpg\",\"contentUrl\":\"https:\\\/\\\/proagrolab.com.ar\\\/wp-content\\\/uploads\\\/2015\\\/01\\\/g_pbqmcqnvh__Frigor\u00edfico-3.jpg\"},{\"@type\":\"BreadcrumbList\",\"@id\":\"https:\\\/\\\/proagrolab.com.ar\\\/negocian-abrir-mercado-canadiense-a-la-carne-bovina-y-avicola-de-argentina\\\/#breadcrumb\",\"itemListElement\":[{\"@type\":\"ListItem\",\"position\":1,\"name\":\"Portada\",\"item\":\"https:\\\/\\\/proagrolab.com.ar\\\/\"},{\"@type\":\"ListItem\",\"position\":2,\"name\":\"Negocian abrir mercado canadiense a la carne bovina y av\u00edcola de Argentina.\"}]},{\"@type\":\"WebSite\",\"@id\":\"https:\\\/\\\/proagrolab.com.ar\\\/#website\",\"url\":\"https:\\\/\\\/proagrolab.com.ar\\\/\",\"name\":\"Proagro Laboratorio Veterinario\",\"description\":\"Veterinary laboratory\",\"publisher\":{\"@id\":\"https:\\\/\\\/proagrolab.com.ar\\\/#organization\"},\"potentialAction\":[{\"@type\":\"SearchAction\",\"target\":{\"@type\":\"EntryPoint\",\"urlTemplate\":\"https:\\\/\\\/proagrolab.com.ar\\\/?s={search_term_string}\"},\"query-input\":{\"@type\":\"PropertyValueSpecification\",\"valueRequired\":true,\"valueName\":\"search_term_string\"}}],\"inLanguage\":\"en-US\"},{\"@type\":\"Organization\",\"@id\":\"https:\\\/\\\/proagrolab.com.ar\\\/#organization\",\"name\":\"Proagro\",\"url\":\"https:\\\/\\\/proagrolab.com.ar\\\/\",\"logo\":{\"@type\":\"ImageObject\",\"inLanguage\":\"en-US\",\"@id\":\"https:\\\/\\\/proagrolab.com.ar\\\/#\\\/schema\\\/logo\\\/image\\\/\",\"url\":\"https:\\\/\\\/proagrolab.com.ar\\\/wp-content\\\/uploads\\\/2020\\\/04\\\/logo-retina.png\",\"contentUrl\":\"https:\\\/\\\/proagrolab.com.ar\\\/wp-content\\\/uploads\\\/2020\\\/04\\\/logo-retina.png\",\"width\":478,\"height\":120,\"caption\":\"Proagro\"},\"image\":{\"@id\":\"https:\\\/\\\/proagrolab.com.ar\\\/#\\\/schema\\\/logo\\\/image\\\/\"},\"sameAs\":[\"http:\\\/\\\/www.facebook.com\\\/proagrolab\",\"https:\\\/\\\/www.instagram.com\\\/proagrolab\\\/\",\"https:\\\/\\\/www.linkedin.com\\\/company\\\/laboratorio-proagro-s-a\\\/\"]},{\"@type\":\"Person\",\"@id\":\"https:\\\/\\\/proagrolab.com.ar\\\/#\\\/schema\\\/person\\\/38003ff90bf80381f71c7d922d207444\",\"name\":\"proagrolab\"}]}<\/script>\n<!-- \/ Yoast SEO plugin. -->","yoast_head_json":{"title":"Negocian abrir mercado canadiense a la carne bovina y av\u00edcola de Argentina. | Proagro","robots":{"index":"index","follow":"follow","max-snippet":"max-snippet:-1","max-image-preview":"max-image-preview:large","max-video-preview":"max-video-preview:-1"},"canonical":"https:\/\/proagrolab.com.ar\/en\/negocian-abrir-mercado-canadiense-a-la-carne-bovina-y-avicola-de-argentina\/","og_locale":"en_US","og_type":"article","og_title":"Negocian abrir mercado canadiense a la carne bovina y av\u00edcola de Argentina. | Proagro","og_description":"Una delegaci\u00f3n del servicio sanitario de Canad\u00e1 (CFIA, por sus siglas en ingl\u00e9s) audit\u00f3 el sistema de inspecci\u00f3n de carne aviar y bovina frescos del Servicio Nacional de Sanidad y Calidad Agroalimentaria (Senasa) de Argentina, seg\u00fan inform\u00f3 la entidad en nota. Durante su estad\u00eda, los agentes de la CFIA recorrieron establecimientos procesadores de carne aviar y bovina fresca de la Argentina habilitados por el Senasa. En lo que respecta a carne aviar, las negociaciones entre ambos pa\u00edses tienen como objetivo lograr la apertura, por primera vez, del mercado canadiense para iniciar los env\u00edos de estos productos. Por su parte, en lo que hace a carne bovina fresca, la Argentina busca retomar las exportaciones que fueron suspendidas en el a\u00f1o 2001 debido a los casos de fiebre aftosa registrados en el pa\u00eds. Tras las acciones dispuestas por el Senasa que permitieron controlar la enfermedad y ante el hecho de que desde 2006 no se han registrado nuevos casos, la Argentina considera que est\u00e1n dadas las condiciones sanitarias para retomar los env\u00edos de carnes bovinas frescas a Canad\u00e1. Adem\u00e1s de la visita a las plantas frigor\u00edficas ubicadas en la jurisdicci\u00f3n de los centros regionales del Senasa de Buenos Aires Norte, Santa Fe, [&hellip;]","og_url":"https:\/\/proagrolab.com.ar\/negocian-abrir-mercado-canadiense-a-la-carne-bovina-y-avicola-de-argentina\/","og_site_name":"Proagro","article_publisher":"http:\/\/www.facebook.com\/proagrolab","article_published_time":"2013-10-03T00:00:01+00:00","og_image":[{"url":"https:\/\/proagrolab.com.ar\/wp-content\/uploads\/2015\/01\/g_pbqmcqnvh__Frigor\u00edfico-3.jpg","width":1,"height":1,"type":"image\/jpeg"}],"author":"proagrolab","twitter_card":"summary_large_image","twitter_misc":{"Written by":"proagrolab","Est. reading time":"1 minute"},"schema":{"@context":"https:\/\/schema.org","@graph":[{"@type":"Article","@id":"https:\/\/proagrolab.com.ar\/negocian-abrir-mercado-canadiense-a-la-carne-bovina-y-avicola-de-argentina\/#article","isPartOf":{"@id":"https:\/\/proagrolab.com.ar\/negocian-abrir-mercado-canadiense-a-la-carne-bovina-y-avicola-de-argentina\/"},"author":{"name":"proagrolab","@id":"https:\/\/proagrolab.com.ar\/#\/schema\/person\/38003ff90bf80381f71c7d922d207444"},"headline":"Negocian abrir mercado canadiense a la carne bovina y av\u00edcola de Argentina.","datePublished":"2013-10-03T00:00:01+00:00","mainEntityOfPage":{"@id":"https:\/\/proagrolab.com.ar\/negocian-abrir-mercado-canadiense-a-la-carne-bovina-y-avicola-de-argentina\/"},"wordCount":282,"publisher":{"@id":"https:\/\/proagrolab.com.ar\/#organization"},"image":{"@id":"https:\/\/proagrolab.com.ar\/negocian-abrir-mercado-canadiense-a-la-carne-bovina-y-avicola-de-argentina\/#primaryimage"},"thumbnailUrl":"https:\/\/proagrolab.com.ar\/wp-content\/uploads\/2015\/01\/g_pbqmcqnvh__Frigor\u00edfico-3.jpg","articleSection":["News"],"inLanguage":"en-US"},{"@type":"WebPage","@id":"https:\/\/proagrolab.com.ar\/negocian-abrir-mercado-canadiense-a-la-carne-bovina-y-avicola-de-argentina\/","url":"https:\/\/proagrolab.com.ar\/negocian-abrir-mercado-canadiense-a-la-carne-bovina-y-avicola-de-argentina\/","name":"Negocian abrir mercado canadiense a la carne bovina y av\u00edcola de Argentina. | Proagro","isPartOf":{"@id":"https:\/\/proagrolab.com.ar\/#website"},"primaryImageOfPage":{"@id":"https:\/\/proagrolab.com.ar\/negocian-abrir-mercado-canadiense-a-la-carne-bovina-y-avicola-de-argentina\/#primaryimage"},"image":{"@id":"https:\/\/proagrolab.com.ar\/negocian-abrir-mercado-canadiense-a-la-carne-bovina-y-avicola-de-argentina\/#primaryimage"},"thumbnailUrl":"https:\/\/proagrolab.com.ar\/wp-content\/uploads\/2015\/01\/g_pbqmcqnvh__Frigor\u00edfico-3.jpg","datePublished":"2013-10-03T00:00:01+00:00","breadcrumb":{"@id":"https:\/\/proagrolab.com.ar\/negocian-abrir-mercado-canadiense-a-la-carne-bovina-y-avicola-de-argentina\/#breadcrumb"},"inLanguage":"en-US","potentialAction":[{"@type":"ReadAction","target":["https:\/\/proagrolab.com.ar\/negocian-abrir-mercado-canadiense-a-la-carne-bovina-y-avicola-de-argentina\/"]}]},{"@type":"ImageObject","inLanguage":"en-US","@id":"https:\/\/proagrolab.com.ar\/negocian-abrir-mercado-canadiense-a-la-carne-bovina-y-avicola-de-argentina\/#primaryimage","url":"https:\/\/proagrolab.com.ar\/wp-content\/uploads\/2015\/01\/g_pbqmcqnvh__Frigor\u00edfico-3.jpg","contentUrl":"https:\/\/proagrolab.com.ar\/wp-content\/uploads\/2015\/01\/g_pbqmcqnvh__Frigor\u00edfico-3.jpg"},{"@type":"BreadcrumbList","@id":"https:\/\/proagrolab.com.ar\/negocian-abrir-mercado-canadiense-a-la-carne-bovina-y-avicola-de-argentina\/#breadcrumb","itemListElement":[{"@type":"ListItem","position":1,"name":"Portada","item":"https:\/\/proagrolab.com.ar\/"},{"@type":"ListItem","position":2,"name":"Negocian abrir mercado canadiense a la carne bovina y av\u00edcola de Argentina."}]},{"@type":"WebSite","@id":"https:\/\/proagrolab.com.ar\/#website","url":"https:\/\/proagrolab.com.ar\/","name":"Proagro Laboratorio Veterinario","description":"Veterinary laboratory","publisher":{"@id":"https:\/\/proagrolab.com.ar\/#organization"},"potentialAction":[{"@type":"SearchAction","target":{"@type":"EntryPoint","urlTemplate":"https:\/\/proagrolab.com.ar\/?s={search_term_string}"},"query-input":{"@type":"PropertyValueSpecification","valueRequired":true,"valueName":"search_term_string"}}],"inLanguage":"en-US"},{"@type":"Organization","@id":"https:\/\/proagrolab.com.ar\/#organization","name":"Proagro","url":"https:\/\/proagrolab.com.ar\/","logo":{"@type":"ImageObject","inLanguage":"en-US","@id":"https:\/\/proagrolab.com.ar\/#\/schema\/logo\/image\/","url":"https:\/\/proagrolab.com.ar\/wp-content\/uploads\/2020\/04\/logo-retina.png","contentUrl":"https:\/\/proagrolab.com.ar\/wp-content\/uploads\/2020\/04\/logo-retina.png","width":478,"height":120,"caption":"Proagro"},"image":{"@id":"https:\/\/proagrolab.com.ar\/#\/schema\/logo\/image\/"},"sameAs":["http:\/\/www.facebook.com\/proagrolab","https:\/\/www.instagram.com\/proagrolab\/","https:\/\/www.linkedin.com\/company\/laboratorio-proagro-s-a\/"]},{"@type":"Person","@id":"https:\/\/proagrolab.com.ar\/#\/schema\/person\/38003ff90bf80381f71c7d922d207444","name":"proagrolab"}]}},"_links":{"self":[{"href":"https:\/\/proagrolab.com.ar\/en\/wp-json\/wp\/v2\/posts\/5728","targetHints":{"allow":["GET"]}}],"collection":[{"href":"https:\/\/proagrolab.com.ar\/en\/wp-json\/wp\/v2\/posts"}],"about":[{"href":"https:\/\/proagrolab.com.ar\/en\/wp-json\/wp\/v2\/types\/post"}],"author":[{"embeddable":true,"href":"https:\/\/proagrolab.com.ar\/en\/wp-json\/wp\/v2\/users\/2"}],"replies":[{"embeddable":true,"href":"https:\/\/proagrolab.com.ar\/en\/wp-json\/wp\/v2\/comments?post=5728"}],"version-history":[{"count":0,"href":"https:\/\/proagrolab.com.ar\/en\/wp-json\/wp\/v2\/posts\/5728\/revisions"}],"wp:featuredmedia":[{"embeddable":true,"href":"https:\/\/proagrolab.com.ar\/en\/wp-json\/wp\/v2\/media\/2217"}],"wp:attachment":[{"href":"https:\/\/proagrolab.com.ar\/en\/wp-json\/wp\/v2\/media?parent=5728"}],"wp:term":[{"taxonomy":"category","embeddable":true,"href":"https:\/\/proagrolab.com.ar\/en\/wp-json\/wp\/v2\/categories?post=5728"},{"taxonomy":"post_tag","embeddable":true,"href":"https:\/\/proagrolab.com.ar\/en\/wp-json\/wp\/v2\/tags?post=5728"}],"curies":[{"name":"wp","href":"https:\/\/api.w.org\/{rel}","templated":true}]}}