{"id":5727,"date":"2013-10-03T00:00:01","date_gmt":"2013-10-03T00:00:01","guid":{"rendered":"https:\/\/proagrolab.com.ar\/brasil-exportaciones-de-carne-de-pollo-registran-ligero-descenso-en-septiembre\/"},"modified":"2013-10-03T00:00:01","modified_gmt":"2013-10-03T00:00:01","slug":"brasil-exportaciones-de-carne-de-pollo-registran-ligero-descenso-en-septiembre","status":"publish","type":"post","link":"https:\/\/proagrolab.com.ar\/en\/brasil-exportaciones-de-carne-de-pollo-registran-ligero-descenso-en-septiembre\/","title":{"rendered":"Brasil: Exportaciones de carne de pollo registran ligero descenso en septiembre."},"content":{"rendered":"<p class=\"qtranxs-available-languages-message qtranxs-available-languages-message-en\"> <\/p><p>La Uni\u00f3n Brasile\u00f1a de Avicultura (Ubabef) dio a conocer el d\u00eda martes el saldo de ventas por la exportaci\u00f3n de carne de pollo, generado durante el mes de septiembre.<\/p>\n<p>Las exportaciones del producto nacional ascendieron a 302,700 toneladas en el mes anterior, un descenso de 1% ante el mismo mes de 2012.<\/p>\n<p>Por su parte, los ingresos alcanzaron US$582.3 millones, una baja de 7,9% ante septiembre de 2012.<\/p>\n<p>En lo que va del a\u00f1o, dichos embarques llegaron a 2,865 millones de toneladas, 2% menos ante el per\u00edodo de enero-septiembre de 2012. Los ingresos aumentaron 6.7% en la misma comparaci\u00f3n, generando US$ 5,993 mil millones durante ese per\u00edodo.<\/p>\n<p>Para el mes de septiembre, Ubabef habia previsto resultados parecidos al de agosto, seg\u00fan Ricardo Santin, director de mercados de Ubabef. &#8220;Sin embargo, los problemas clim\u00e1ticos en el sur de Brasil reducieron el ritmo de las exportaciones durante los \u00faltimos diez d\u00edas del mes,&#8221; dijo el dirigente, al destacar una posible recuperaci\u00f3n para noviembre.<\/p>\n<p>Fuente: Carnetec, 3 de octubre.<br \/><\/p>","protected":false},"excerpt":{"rendered":"<p>La Uni\u00f3n Brasile\u00f1a de Avicultura (Ubabef) dio a conocer el d\u00eda martes el saldo de ventas por la exportaci\u00f3n de carne de pollo, generado durante el mes de septiembre. Las exportaciones del producto nacional ascendieron a 302,700 toneladas en el mes anterior, un descenso de 1% ante el mismo mes de 2012. Por su parte, los ingresos alcanzaron US$582.3 millones, una baja de 7,9% ante septiembre de 2012. En lo que va del a\u00f1o, dichos embarques llegaron a 2,865 millones de toneladas, 2% menos ante el per\u00edodo de enero-septiembre de 2012. Los ingresos aumentaron 6.7% en la misma comparaci\u00f3n, generando US$ 5,993 mil millones durante ese per\u00edodo. Para el mes de septiembre, Ubabef habia previsto resultados parecidos al de agosto, seg\u00fan Ricardo Santin, director de mercados de Ubabef. &#8220;Sin embargo, los problemas clim\u00e1ticos en el sur de Brasil reducieron el ritmo de las exportaciones durante los \u00faltimos diez d\u00edas del mes,&#8221; dijo el dirigente, al destacar una posible recuperaci\u00f3n para noviembre. Fuente: Carnetec, 3 de octubre.<\/p>\n","protected":false},"author":2,"featured_media":2216,"comment_status":"closed","ping_status":"open","sticky":false,"template":"","format":"standard","meta":{"_acf_changed":false,"footnotes":""},"categories":[56],"tags":[],"class_list":["post-5727","post","type-post","status-publish","format-standard","has-post-thumbnail","hentry","category-infoganadero"],"acf":[],"yoast_head":"<!-- This site is optimized with the Yoast SEO plugin v27.5 - https:\/\/yoast.com\/product\/yoast-seo-wordpress\/ -->\n<title>Brasil: Exportaciones de carne de pollo registran ligero descenso en septiembre. | Proagro<\/title>\n<meta name=\"robots\" content=\"index, follow, max-snippet:-1, max-image-preview:large, max-video-preview:-1\" \/>\n<link rel=\"canonical\" href=\"https:\/\/proagrolab.com.ar\/en\/brasil-exportaciones-de-carne-de-pollo-registran-ligero-descenso-en-septiembre\/\" \/>\n<meta property=\"og:locale\" content=\"en_US\" \/>\n<meta property=\"og:type\" content=\"article\" \/>\n<meta property=\"og:title\" content=\"Brasil: Exportaciones de carne de pollo registran ligero descenso en septiembre. | Proagro\" \/>\n<meta property=\"og:description\" content=\"La Uni\u00f3n Brasile\u00f1a de Avicultura (Ubabef) dio a conocer el d\u00eda martes el saldo de ventas por la exportaci\u00f3n de carne de pollo, generado durante el mes de septiembre. Las exportaciones del producto nacional ascendieron a 302,700 toneladas en el mes anterior, un descenso de 1% ante el mismo mes de 2012. Por su parte, los ingresos alcanzaron US$582.3 millones, una baja de 7,9% ante septiembre de 2012. En lo que va del a\u00f1o, dichos embarques llegaron a 2,865 millones de toneladas, 2% menos ante el per\u00edodo de enero-septiembre de 2012. Los ingresos aumentaron 6.7% en la misma comparaci\u00f3n, generando US$ 5,993 mil millones durante ese per\u00edodo. Para el mes de septiembre, Ubabef habia previsto resultados parecidos al de agosto, seg\u00fan Ricardo Santin, director de mercados de Ubabef. &#8220;Sin embargo, los problemas clim\u00e1ticos en el sur de Brasil reducieron el ritmo de las exportaciones durante los \u00faltimos diez d\u00edas del mes,&#8221; dijo el dirigente, al destacar una posible recuperaci\u00f3n para noviembre. Fuente: Carnetec, 3 de octubre.\" \/>\n<meta property=\"og:url\" content=\"https:\/\/proagrolab.com.ar\/brasil-exportaciones-de-carne-de-pollo-registran-ligero-descenso-en-septiembre\/\" \/>\n<meta property=\"og:site_name\" content=\"Proagro\" \/>\n<meta property=\"article:publisher\" content=\"http:\/\/www.facebook.com\/proagrolab\" \/>\n<meta property=\"article:published_time\" content=\"2013-10-03T00:00:01+00:00\" \/>\n<meta property=\"og:image\" content=\"https:\/\/proagrolab.com.ar\/wp-content\/uploads\/2015\/01\/g_arqa1bxmm__Aviar-4.jpg\" \/>\n\t<meta property=\"og:image:width\" content=\"450\" \/>\n\t<meta property=\"og:image:height\" content=\"208\" \/>\n\t<meta property=\"og:image:type\" content=\"image\/jpeg\" \/>\n<meta name=\"author\" content=\"proagrolab\" \/>\n<meta name=\"twitter:card\" content=\"summary_large_image\" \/>\n<meta name=\"twitter:label1\" content=\"Written by\" \/>\n\t<meta name=\"twitter:data1\" content=\"proagrolab\" \/>\n\t<meta name=\"twitter:label2\" content=\"Est. reading time\" \/>\n\t<meta name=\"twitter:data2\" content=\"1 minute\" \/>\n<script type=\"application\/ld+json\" class=\"yoast-schema-graph\">{\"@context\":\"https:\\\/\\\/schema.org\",\"@graph\":[{\"@type\":\"Article\",\"@id\":\"https:\\\/\\\/proagrolab.com.ar\\\/brasil-exportaciones-de-carne-de-pollo-registran-ligero-descenso-en-septiembre\\\/#article\",\"isPartOf\":{\"@id\":\"https:\\\/\\\/proagrolab.com.ar\\\/brasil-exportaciones-de-carne-de-pollo-registran-ligero-descenso-en-septiembre\\\/\"},\"author\":{\"name\":\"proagrolab\",\"@id\":\"https:\\\/\\\/proagrolab.com.ar\\\/#\\\/schema\\\/person\\\/38003ff90bf80381f71c7d922d207444\"},\"headline\":\"Brasil: Exportaciones de carne de pollo registran ligero descenso en septiembre.\",\"datePublished\":\"2013-10-03T00:00:01+00:00\",\"mainEntityOfPage\":{\"@id\":\"https:\\\/\\\/proagrolab.com.ar\\\/brasil-exportaciones-de-carne-de-pollo-registran-ligero-descenso-en-septiembre\\\/\"},\"wordCount\":178,\"publisher\":{\"@id\":\"https:\\\/\\\/proagrolab.com.ar\\\/#organization\"},\"image\":{\"@id\":\"https:\\\/\\\/proagrolab.com.ar\\\/brasil-exportaciones-de-carne-de-pollo-registran-ligero-descenso-en-septiembre\\\/#primaryimage\"},\"thumbnailUrl\":\"https:\\\/\\\/proagrolab.com.ar\\\/wp-content\\\/uploads\\\/2015\\\/01\\\/g_arqa1bxmm__Aviar-4.jpg\",\"articleSection\":[\"News\"],\"inLanguage\":\"en-US\"},{\"@type\":\"WebPage\",\"@id\":\"https:\\\/\\\/proagrolab.com.ar\\\/brasil-exportaciones-de-carne-de-pollo-registran-ligero-descenso-en-septiembre\\\/\",\"url\":\"https:\\\/\\\/proagrolab.com.ar\\\/brasil-exportaciones-de-carne-de-pollo-registran-ligero-descenso-en-septiembre\\\/\",\"name\":\"Brasil: Exportaciones de carne de pollo registran ligero descenso en septiembre. | Proagro\",\"isPartOf\":{\"@id\":\"https:\\\/\\\/proagrolab.com.ar\\\/#website\"},\"primaryImageOfPage\":{\"@id\":\"https:\\\/\\\/proagrolab.com.ar\\\/brasil-exportaciones-de-carne-de-pollo-registran-ligero-descenso-en-septiembre\\\/#primaryimage\"},\"image\":{\"@id\":\"https:\\\/\\\/proagrolab.com.ar\\\/brasil-exportaciones-de-carne-de-pollo-registran-ligero-descenso-en-septiembre\\\/#primaryimage\"},\"thumbnailUrl\":\"https:\\\/\\\/proagrolab.com.ar\\\/wp-content\\\/uploads\\\/2015\\\/01\\\/g_arqa1bxmm__Aviar-4.jpg\",\"datePublished\":\"2013-10-03T00:00:01+00:00\",\"breadcrumb\":{\"@id\":\"https:\\\/\\\/proagrolab.com.ar\\\/brasil-exportaciones-de-carne-de-pollo-registran-ligero-descenso-en-septiembre\\\/#breadcrumb\"},\"inLanguage\":\"en-US\",\"potentialAction\":[{\"@type\":\"ReadAction\",\"target\":[\"https:\\\/\\\/proagrolab.com.ar\\\/brasil-exportaciones-de-carne-de-pollo-registran-ligero-descenso-en-septiembre\\\/\"]}]},{\"@type\":\"ImageObject\",\"inLanguage\":\"en-US\",\"@id\":\"https:\\\/\\\/proagrolab.com.ar\\\/brasil-exportaciones-de-carne-de-pollo-registran-ligero-descenso-en-septiembre\\\/#primaryimage\",\"url\":\"https:\\\/\\\/proagrolab.com.ar\\\/wp-content\\\/uploads\\\/2015\\\/01\\\/g_arqa1bxmm__Aviar-4.jpg\",\"contentUrl\":\"https:\\\/\\\/proagrolab.com.ar\\\/wp-content\\\/uploads\\\/2015\\\/01\\\/g_arqa1bxmm__Aviar-4.jpg\",\"width\":450,\"height\":208},{\"@type\":\"BreadcrumbList\",\"@id\":\"https:\\\/\\\/proagrolab.com.ar\\\/brasil-exportaciones-de-carne-de-pollo-registran-ligero-descenso-en-septiembre\\\/#breadcrumb\",\"itemListElement\":[{\"@type\":\"ListItem\",\"position\":1,\"name\":\"Portada\",\"item\":\"https:\\\/\\\/proagrolab.com.ar\\\/\"},{\"@type\":\"ListItem\",\"position\":2,\"name\":\"Brasil: Exportaciones de carne de pollo registran ligero descenso en septiembre.\"}]},{\"@type\":\"WebSite\",\"@id\":\"https:\\\/\\\/proagrolab.com.ar\\\/#website\",\"url\":\"https:\\\/\\\/proagrolab.com.ar\\\/\",\"name\":\"Proagro Laboratorio Veterinario\",\"description\":\"Veterinary laboratory\",\"publisher\":{\"@id\":\"https:\\\/\\\/proagrolab.com.ar\\\/#organization\"},\"potentialAction\":[{\"@type\":\"SearchAction\",\"target\":{\"@type\":\"EntryPoint\",\"urlTemplate\":\"https:\\\/\\\/proagrolab.com.ar\\\/?s={search_term_string}\"},\"query-input\":{\"@type\":\"PropertyValueSpecification\",\"valueRequired\":true,\"valueName\":\"search_term_string\"}}],\"inLanguage\":\"en-US\"},{\"@type\":\"Organization\",\"@id\":\"https:\\\/\\\/proagrolab.com.ar\\\/#organization\",\"name\":\"Proagro\",\"url\":\"https:\\\/\\\/proagrolab.com.ar\\\/\",\"logo\":{\"@type\":\"ImageObject\",\"inLanguage\":\"en-US\",\"@id\":\"https:\\\/\\\/proagrolab.com.ar\\\/#\\\/schema\\\/logo\\\/image\\\/\",\"url\":\"https:\\\/\\\/proagrolab.com.ar\\\/wp-content\\\/uploads\\\/2020\\\/04\\\/logo-retina.png\",\"contentUrl\":\"https:\\\/\\\/proagrolab.com.ar\\\/wp-content\\\/uploads\\\/2020\\\/04\\\/logo-retina.png\",\"width\":478,\"height\":120,\"caption\":\"Proagro\"},\"image\":{\"@id\":\"https:\\\/\\\/proagrolab.com.ar\\\/#\\\/schema\\\/logo\\\/image\\\/\"},\"sameAs\":[\"http:\\\/\\\/www.facebook.com\\\/proagrolab\",\"https:\\\/\\\/www.instagram.com\\\/proagrolab\\\/\",\"https:\\\/\\\/www.linkedin.com\\\/company\\\/laboratorio-proagro-s-a\\\/\"]},{\"@type\":\"Person\",\"@id\":\"https:\\\/\\\/proagrolab.com.ar\\\/#\\\/schema\\\/person\\\/38003ff90bf80381f71c7d922d207444\",\"name\":\"proagrolab\"}]}<\/script>\n<!-- \/ Yoast SEO plugin. -->","yoast_head_json":{"title":"Brasil: Exportaciones de carne de pollo registran ligero descenso en septiembre. | Proagro","robots":{"index":"index","follow":"follow","max-snippet":"max-snippet:-1","max-image-preview":"max-image-preview:large","max-video-preview":"max-video-preview:-1"},"canonical":"https:\/\/proagrolab.com.ar\/en\/brasil-exportaciones-de-carne-de-pollo-registran-ligero-descenso-en-septiembre\/","og_locale":"en_US","og_type":"article","og_title":"Brasil: Exportaciones de carne de pollo registran ligero descenso en septiembre. | Proagro","og_description":"La Uni\u00f3n Brasile\u00f1a de Avicultura (Ubabef) dio a conocer el d\u00eda martes el saldo de ventas por la exportaci\u00f3n de carne de pollo, generado durante el mes de septiembre. Las exportaciones del producto nacional ascendieron a 302,700 toneladas en el mes anterior, un descenso de 1% ante el mismo mes de 2012. Por su parte, los ingresos alcanzaron US$582.3 millones, una baja de 7,9% ante septiembre de 2012. En lo que va del a\u00f1o, dichos embarques llegaron a 2,865 millones de toneladas, 2% menos ante el per\u00edodo de enero-septiembre de 2012. Los ingresos aumentaron 6.7% en la misma comparaci\u00f3n, generando US$ 5,993 mil millones durante ese per\u00edodo. Para el mes de septiembre, Ubabef habia previsto resultados parecidos al de agosto, seg\u00fan Ricardo Santin, director de mercados de Ubabef. &#8220;Sin embargo, los problemas clim\u00e1ticos en el sur de Brasil reducieron el ritmo de las exportaciones durante los \u00faltimos diez d\u00edas del mes,&#8221; dijo el dirigente, al destacar una posible recuperaci\u00f3n para noviembre. Fuente: Carnetec, 3 de octubre.","og_url":"https:\/\/proagrolab.com.ar\/brasil-exportaciones-de-carne-de-pollo-registran-ligero-descenso-en-septiembre\/","og_site_name":"Proagro","article_publisher":"http:\/\/www.facebook.com\/proagrolab","article_published_time":"2013-10-03T00:00:01+00:00","og_image":[{"width":450,"height":208,"url":"https:\/\/proagrolab.com.ar\/wp-content\/uploads\/2015\/01\/g_arqa1bxmm__Aviar-4.jpg","type":"image\/jpeg"}],"author":"proagrolab","twitter_card":"summary_large_image","twitter_misc":{"Written by":"proagrolab","Est. reading time":"1 minute"},"schema":{"@context":"https:\/\/schema.org","@graph":[{"@type":"Article","@id":"https:\/\/proagrolab.com.ar\/brasil-exportaciones-de-carne-de-pollo-registran-ligero-descenso-en-septiembre\/#article","isPartOf":{"@id":"https:\/\/proagrolab.com.ar\/brasil-exportaciones-de-carne-de-pollo-registran-ligero-descenso-en-septiembre\/"},"author":{"name":"proagrolab","@id":"https:\/\/proagrolab.com.ar\/#\/schema\/person\/38003ff90bf80381f71c7d922d207444"},"headline":"Brasil: Exportaciones de carne de pollo registran ligero descenso en septiembre.","datePublished":"2013-10-03T00:00:01+00:00","mainEntityOfPage":{"@id":"https:\/\/proagrolab.com.ar\/brasil-exportaciones-de-carne-de-pollo-registran-ligero-descenso-en-septiembre\/"},"wordCount":178,"publisher":{"@id":"https:\/\/proagrolab.com.ar\/#organization"},"image":{"@id":"https:\/\/proagrolab.com.ar\/brasil-exportaciones-de-carne-de-pollo-registran-ligero-descenso-en-septiembre\/#primaryimage"},"thumbnailUrl":"https:\/\/proagrolab.com.ar\/wp-content\/uploads\/2015\/01\/g_arqa1bxmm__Aviar-4.jpg","articleSection":["News"],"inLanguage":"en-US"},{"@type":"WebPage","@id":"https:\/\/proagrolab.com.ar\/brasil-exportaciones-de-carne-de-pollo-registran-ligero-descenso-en-septiembre\/","url":"https:\/\/proagrolab.com.ar\/brasil-exportaciones-de-carne-de-pollo-registran-ligero-descenso-en-septiembre\/","name":"Brasil: Exportaciones de carne de pollo registran ligero descenso en septiembre. | Proagro","isPartOf":{"@id":"https:\/\/proagrolab.com.ar\/#website"},"primaryImageOfPage":{"@id":"https:\/\/proagrolab.com.ar\/brasil-exportaciones-de-carne-de-pollo-registran-ligero-descenso-en-septiembre\/#primaryimage"},"image":{"@id":"https:\/\/proagrolab.com.ar\/brasil-exportaciones-de-carne-de-pollo-registran-ligero-descenso-en-septiembre\/#primaryimage"},"thumbnailUrl":"https:\/\/proagrolab.com.ar\/wp-content\/uploads\/2015\/01\/g_arqa1bxmm__Aviar-4.jpg","datePublished":"2013-10-03T00:00:01+00:00","breadcrumb":{"@id":"https:\/\/proagrolab.com.ar\/brasil-exportaciones-de-carne-de-pollo-registran-ligero-descenso-en-septiembre\/#breadcrumb"},"inLanguage":"en-US","potentialAction":[{"@type":"ReadAction","target":["https:\/\/proagrolab.com.ar\/brasil-exportaciones-de-carne-de-pollo-registran-ligero-descenso-en-septiembre\/"]}]},{"@type":"ImageObject","inLanguage":"en-US","@id":"https:\/\/proagrolab.com.ar\/brasil-exportaciones-de-carne-de-pollo-registran-ligero-descenso-en-septiembre\/#primaryimage","url":"https:\/\/proagrolab.com.ar\/wp-content\/uploads\/2015\/01\/g_arqa1bxmm__Aviar-4.jpg","contentUrl":"https:\/\/proagrolab.com.ar\/wp-content\/uploads\/2015\/01\/g_arqa1bxmm__Aviar-4.jpg","width":450,"height":208},{"@type":"BreadcrumbList","@id":"https:\/\/proagrolab.com.ar\/brasil-exportaciones-de-carne-de-pollo-registran-ligero-descenso-en-septiembre\/#breadcrumb","itemListElement":[{"@type":"ListItem","position":1,"name":"Portada","item":"https:\/\/proagrolab.com.ar\/"},{"@type":"ListItem","position":2,"name":"Brasil: Exportaciones de carne de pollo registran ligero descenso en septiembre."}]},{"@type":"WebSite","@id":"https:\/\/proagrolab.com.ar\/#website","url":"https:\/\/proagrolab.com.ar\/","name":"Proagro Laboratorio Veterinario","description":"Veterinary laboratory","publisher":{"@id":"https:\/\/proagrolab.com.ar\/#organization"},"potentialAction":[{"@type":"SearchAction","target":{"@type":"EntryPoint","urlTemplate":"https:\/\/proagrolab.com.ar\/?s={search_term_string}"},"query-input":{"@type":"PropertyValueSpecification","valueRequired":true,"valueName":"search_term_string"}}],"inLanguage":"en-US"},{"@type":"Organization","@id":"https:\/\/proagrolab.com.ar\/#organization","name":"Proagro","url":"https:\/\/proagrolab.com.ar\/","logo":{"@type":"ImageObject","inLanguage":"en-US","@id":"https:\/\/proagrolab.com.ar\/#\/schema\/logo\/image\/","url":"https:\/\/proagrolab.com.ar\/wp-content\/uploads\/2020\/04\/logo-retina.png","contentUrl":"https:\/\/proagrolab.com.ar\/wp-content\/uploads\/2020\/04\/logo-retina.png","width":478,"height":120,"caption":"Proagro"},"image":{"@id":"https:\/\/proagrolab.com.ar\/#\/schema\/logo\/image\/"},"sameAs":["http:\/\/www.facebook.com\/proagrolab","https:\/\/www.instagram.com\/proagrolab\/","https:\/\/www.linkedin.com\/company\/laboratorio-proagro-s-a\/"]},{"@type":"Person","@id":"https:\/\/proagrolab.com.ar\/#\/schema\/person\/38003ff90bf80381f71c7d922d207444","name":"proagrolab"}]}},"_links":{"self":[{"href":"https:\/\/proagrolab.com.ar\/en\/wp-json\/wp\/v2\/posts\/5727","targetHints":{"allow":["GET"]}}],"collection":[{"href":"https:\/\/proagrolab.com.ar\/en\/wp-json\/wp\/v2\/posts"}],"about":[{"href":"https:\/\/proagrolab.com.ar\/en\/wp-json\/wp\/v2\/types\/post"}],"author":[{"embeddable":true,"href":"https:\/\/proagrolab.com.ar\/en\/wp-json\/wp\/v2\/users\/2"}],"replies":[{"embeddable":true,"href":"https:\/\/proagrolab.com.ar\/en\/wp-json\/wp\/v2\/comments?post=5727"}],"version-history":[{"count":0,"href":"https:\/\/proagrolab.com.ar\/en\/wp-json\/wp\/v2\/posts\/5727\/revisions"}],"wp:featuredmedia":[{"embeddable":true,"href":"https:\/\/proagrolab.com.ar\/en\/wp-json\/wp\/v2\/media\/2216"}],"wp:attachment":[{"href":"https:\/\/proagrolab.com.ar\/en\/wp-json\/wp\/v2\/media?parent=5727"}],"wp:term":[{"taxonomy":"category","embeddable":true,"href":"https:\/\/proagrolab.com.ar\/en\/wp-json\/wp\/v2\/categories?post=5727"},{"taxonomy":"post_tag","embeddable":true,"href":"https:\/\/proagrolab.com.ar\/en\/wp-json\/wp\/v2\/tags?post=5727"}],"curies":[{"name":"wp","href":"https:\/\/api.w.org\/{rel}","templated":true}]}}