{"id":5720,"date":"2013-09-30T00:00:01","date_gmt":"2013-09-30T00:00:01","guid":{"rendered":"https:\/\/proagrolab.com.ar\/la-fabrica-pide-atencion-desde-el-principio\/"},"modified":"2013-09-30T00:00:01","modified_gmt":"2013-09-30T00:00:01","slug":"la-fabrica-pide-atencion-desde-el-principio","status":"publish","type":"post","link":"https:\/\/proagrolab.com.ar\/en\/la-fabrica-pide-atencion-desde-el-principio\/","title":{"rendered":"La f\u00e1brica pide atenci\u00f3n desde el principio."},"content":{"rendered":"<p class=\"qtranxs-available-languages-message qtranxs-available-languages-message-en\"> <\/p><p>Por Horacio Ortiz.<\/p>\n<p>Un estudio del INTA sobre cr\u00eda de terneros de tambo muestra que hay mucho para crecer en esta tarea estrat\u00e9gica para la producci\u00f3n de leche.<\/p>\n<p>Un tema central dentro de la producci\u00f3n tambera es la crianza de los terneros una vez destetados de sus madres. Para este proceso todav\u00eda se siguen discutiendo y empleando diversos m\u00e9todos con resultados dispares en lo que respecta al negocio, que precisamente no pasa por su mejor momento en la actualidad.<\/p>\n<p>\u0093La cr\u00eda es una de las patas importantes del sistema lechero, porque de ella depende la reposici\u00f3n, y \u00e9sta fue una de las razones por las que el INTA consideraba muy necesario realizar este estudio que concluimos a finales de 2012\u0094, se\u00f1ala el ingeniero agr\u00f3nomo Gregorio Ruiz, extensionista del INTA Azul, quien colabor\u00f3 con el m\u00e9dico veterinario Jos\u00e9 Luis Garc\u00eda Quiroz en la realizaci\u00f3n de un relevamiento publicado recientemente y que hace una \u0093caracterizaci\u00f3n de sistemas de crianza de terneras en tambos en el \u00e1rea del Centro Regional Buenos Aires Sur del INTA\u0094, que abarca casi la mitad de la provincia, desde la Cuenca del Salado hacia abajo.<\/p>\n<p>\u0093El ternero de tambo es un animal que se desteta entre los dos y los cuatro d\u00edas de nacido y es fundamental que tome calostro en las primeras horas de vida, que es lo que le va a dar las defensas pasivas para un mont\u00f3n de enfermedades que podr\u00edan surgir posteriormente\u0094, se\u00f1ala Ruiz.<\/p>\n<p>Y contin\u00faa: \u0093El \u00e9xito de la guachera depende much\u00edsimo de la atenci\u00f3n personal que le d\u00e9 el operario que est\u00e1 al frente, y uno de los aspectos importantes es cambiar los lugares donde se ponen las estacas, ya que, de lo contrario, se favorece la contaminaci\u00f3n y los contagios\u0094.<\/p>\n<p>Esta conclusi\u00f3n del t\u00e9cnico surge como parte de los resultados que arroj\u00f3 el relevamiento, que muestra que el sistema de crianza a estaca fija es empleado en un 46% de los establecimientos consultados, mientras que el 14% de los establecimientos lo hacen con estacas m\u00f3viles; en tanto otros sistemas como en jaula, corredera y sueltos representan el 3%.<\/p>\n<p>Para el profesional, la mayor causa de mortandad es ocasionada por la distocia (complicaciones relacionadas con el parto). La vaca Holando suele tener dificultades para parir terneros, que a veces mueren asfixiados o tienen otros traumatismos, ya que muchas veces alcanzan gran desarrollo antes de nacer, esto se debe a la buena alimentaci\u00f3n que en general recibe la madre.<\/p>\n<p>Del estudio tambi\u00e9n surgi\u00f3 que el 76% de los establecimientos utiliza alg\u00fan sistema de protecci\u00f3n contra las inclemencias clim\u00e1ticas y que gran parte del porcentaje de los que no los emplea pertenece a explotaciones con muy bajo nivel de inversi\u00f3n y mano de obra. A su vez, en estos \u00faltimos casos, no cuentan con personal exclusivo para la crianza. Sucede lo contrario en las explotaciones de punta, que acostumbran a dar participaci\u00f3n de las ganancias a los empleados de la guachera.<\/p>\n<p>Por otra parte, en relaci\u00f3n a la alimentaci\u00f3n, el 50% de los establecimientos encuestados utiliza leche de descarte para la alimentaci\u00f3n de la guachera y debido a que la mayor\u00eda de estas guacheras realiza un trato indiscriminado entre machos y hembras se determina que muchas terneras son alimentadas con leche infectada por bacterias productoras de mastitis, una enfermedad de mucha incidencia en la operatividad del tambo.<\/p>\n<p>Tambi\u00e9n, en cuanto a la nutrici\u00f3n, el informe alerta que solo el 14% suministra balanceado hiperprecoz, que favorece el desarrollo temprano del rumen, en contraposici\u00f3n a la mayor\u00eda, que recurre a balanceados comerciales m\u00e1s pobres en prote\u00ednas y otros componentes. Respecto a la sanidad, se destaca que m\u00e1s del 60% de los terneros son vacunados y se los a\u00edsla si est\u00e1n enfermos, al tiempo que se alerta sobre un uso abusivo de los antibi\u00f3ticos en esquemas sanitarios no monitoreados por veterinarios.<\/p>\n<p>Fuente: Clar\u00edn, suple rural, 28 de septiembre.<br \/><\/p>","protected":false},"excerpt":{"rendered":"<p>Por Horacio Ortiz. Un estudio del INTA sobre cr\u00eda de terneros de tambo muestra que hay mucho para crecer en esta tarea estrat\u00e9gica para la producci\u00f3n de leche. Un tema central dentro de la producci\u00f3n tambera es la crianza de los terneros una vez destetados de sus madres. Para este proceso todav\u00eda se siguen discutiendo y empleando diversos m\u00e9todos con resultados dispares en lo que respecta al negocio, que precisamente no pasa por su mejor momento en la actualidad. \u0093La cr\u00eda es una de las patas importantes del sistema lechero, porque de ella depende la reposici\u00f3n, y \u00e9sta fue una de las razones por las que el INTA consideraba muy necesario realizar este estudio que concluimos a finales de 2012\u0094, se\u00f1ala el ingeniero agr\u00f3nomo Gregorio Ruiz, extensionista del INTA Azul, quien colabor\u00f3 con el m\u00e9dico veterinario Jos\u00e9 Luis Garc\u00eda Quiroz en la realizaci\u00f3n de un relevamiento publicado recientemente y que hace una \u0093caracterizaci\u00f3n de sistemas de crianza de terneras en tambos en el \u00e1rea del Centro Regional Buenos Aires Sur del INTA\u0094, que abarca casi la mitad de la provincia, desde la Cuenca del Salado hacia abajo. \u0093El ternero de tambo es un animal que se desteta entre los dos [&hellip;]<\/p>\n","protected":false},"author":2,"featured_media":2209,"comment_status":"closed","ping_status":"open","sticky":false,"template":"","format":"standard","meta":{"_acf_changed":false,"footnotes":""},"categories":[56],"tags":[],"class_list":["post-5720","post","type-post","status-publish","format-standard","has-post-thumbnail","hentry","category-infoganadero"],"acf":[],"yoast_head":"<!-- This site is optimized with the Yoast SEO plugin v27.5 - https:\/\/yoast.com\/product\/yoast-seo-wordpress\/ -->\n<title>La f\u00e1brica pide atenci\u00f3n desde el principio. | Proagro<\/title>\n<meta name=\"robots\" content=\"index, follow, max-snippet:-1, max-image-preview:large, max-video-preview:-1\" \/>\n<link rel=\"canonical\" href=\"https:\/\/proagrolab.com.ar\/en\/la-fabrica-pide-atencion-desde-el-principio\/\" \/>\n<meta property=\"og:locale\" content=\"en_US\" \/>\n<meta property=\"og:type\" content=\"article\" \/>\n<meta property=\"og:title\" content=\"La f\u00e1brica pide atenci\u00f3n desde el principio. | Proagro\" \/>\n<meta property=\"og:description\" content=\"Por Horacio Ortiz. Un estudio del INTA sobre cr\u00eda de terneros de tambo muestra que hay mucho para crecer en esta tarea estrat\u00e9gica para la producci\u00f3n de leche. Un tema central dentro de la producci\u00f3n tambera es la crianza de los terneros una vez destetados de sus madres. Para este proceso todav\u00eda se siguen discutiendo y empleando diversos m\u00e9todos con resultados dispares en lo que respecta al negocio, que precisamente no pasa por su mejor momento en la actualidad. \u0093La cr\u00eda es una de las patas importantes del sistema lechero, porque de ella depende la reposici\u00f3n, y \u00e9sta fue una de las razones por las que el INTA consideraba muy necesario realizar este estudio que concluimos a finales de 2012\u0094, se\u00f1ala el ingeniero agr\u00f3nomo Gregorio Ruiz, extensionista del INTA Azul, quien colabor\u00f3 con el m\u00e9dico veterinario Jos\u00e9 Luis Garc\u00eda Quiroz en la realizaci\u00f3n de un relevamiento publicado recientemente y que hace una \u0093caracterizaci\u00f3n de sistemas de crianza de terneras en tambos en el \u00e1rea del Centro Regional Buenos Aires Sur del INTA\u0094, que abarca casi la mitad de la provincia, desde la Cuenca del Salado hacia abajo. \u0093El ternero de tambo es un animal que se desteta entre los dos [&hellip;]\" \/>\n<meta property=\"og:url\" content=\"https:\/\/proagrolab.com.ar\/la-fabrica-pide-atencion-desde-el-principio\/\" \/>\n<meta property=\"og:site_name\" content=\"Proagro\" \/>\n<meta property=\"article:publisher\" content=\"http:\/\/www.facebook.com\/proagrolab\" \/>\n<meta property=\"article:published_time\" content=\"2013-09-30T00:00:01+00:00\" \/>\n<meta property=\"og:image\" content=\"https:\/\/proagrolab.com.ar\/wp-content\/uploads\/2015\/01\/g_f45tt7sif__Huacheras.jpg\" \/>\n\t<meta property=\"og:image:width\" content=\"450\" \/>\n\t<meta property=\"og:image:height\" content=\"208\" \/>\n\t<meta property=\"og:image:type\" content=\"image\/jpeg\" \/>\n<meta name=\"author\" content=\"proagrolab\" \/>\n<meta name=\"twitter:card\" content=\"summary_large_image\" \/>\n<meta name=\"twitter:label1\" content=\"Written by\" \/>\n\t<meta name=\"twitter:data1\" content=\"proagrolab\" \/>\n\t<meta name=\"twitter:label2\" content=\"Est. reading time\" \/>\n\t<meta name=\"twitter:data2\" content=\"3 minutes\" \/>\n<script type=\"application\/ld+json\" class=\"yoast-schema-graph\">{\"@context\":\"https:\\\/\\\/schema.org\",\"@graph\":[{\"@type\":\"Article\",\"@id\":\"https:\\\/\\\/proagrolab.com.ar\\\/la-fabrica-pide-atencion-desde-el-principio\\\/#article\",\"isPartOf\":{\"@id\":\"https:\\\/\\\/proagrolab.com.ar\\\/la-fabrica-pide-atencion-desde-el-principio\\\/\"},\"author\":{\"name\":\"proagrolab\",\"@id\":\"https:\\\/\\\/proagrolab.com.ar\\\/#\\\/schema\\\/person\\\/38003ff90bf80381f71c7d922d207444\"},\"headline\":\"La f\u00e1brica pide atenci\u00f3n desde el principio.\",\"datePublished\":\"2013-09-30T00:00:01+00:00\",\"mainEntityOfPage\":{\"@id\":\"https:\\\/\\\/proagrolab.com.ar\\\/la-fabrica-pide-atencion-desde-el-principio\\\/\"},\"wordCount\":688,\"publisher\":{\"@id\":\"https:\\\/\\\/proagrolab.com.ar\\\/#organization\"},\"image\":{\"@id\":\"https:\\\/\\\/proagrolab.com.ar\\\/la-fabrica-pide-atencion-desde-el-principio\\\/#primaryimage\"},\"thumbnailUrl\":\"https:\\\/\\\/proagrolab.com.ar\\\/wp-content\\\/uploads\\\/2015\\\/01\\\/g_f45tt7sif__Huacheras.jpg\",\"articleSection\":[\"News\"],\"inLanguage\":\"en-US\"},{\"@type\":\"WebPage\",\"@id\":\"https:\\\/\\\/proagrolab.com.ar\\\/la-fabrica-pide-atencion-desde-el-principio\\\/\",\"url\":\"https:\\\/\\\/proagrolab.com.ar\\\/la-fabrica-pide-atencion-desde-el-principio\\\/\",\"name\":\"La f\u00e1brica pide atenci\u00f3n desde el principio. | Proagro\",\"isPartOf\":{\"@id\":\"https:\\\/\\\/proagrolab.com.ar\\\/#website\"},\"primaryImageOfPage\":{\"@id\":\"https:\\\/\\\/proagrolab.com.ar\\\/la-fabrica-pide-atencion-desde-el-principio\\\/#primaryimage\"},\"image\":{\"@id\":\"https:\\\/\\\/proagrolab.com.ar\\\/la-fabrica-pide-atencion-desde-el-principio\\\/#primaryimage\"},\"thumbnailUrl\":\"https:\\\/\\\/proagrolab.com.ar\\\/wp-content\\\/uploads\\\/2015\\\/01\\\/g_f45tt7sif__Huacheras.jpg\",\"datePublished\":\"2013-09-30T00:00:01+00:00\",\"breadcrumb\":{\"@id\":\"https:\\\/\\\/proagrolab.com.ar\\\/la-fabrica-pide-atencion-desde-el-principio\\\/#breadcrumb\"},\"inLanguage\":\"en-US\",\"potentialAction\":[{\"@type\":\"ReadAction\",\"target\":[\"https:\\\/\\\/proagrolab.com.ar\\\/la-fabrica-pide-atencion-desde-el-principio\\\/\"]}]},{\"@type\":\"ImageObject\",\"inLanguage\":\"en-US\",\"@id\":\"https:\\\/\\\/proagrolab.com.ar\\\/la-fabrica-pide-atencion-desde-el-principio\\\/#primaryimage\",\"url\":\"https:\\\/\\\/proagrolab.com.ar\\\/wp-content\\\/uploads\\\/2015\\\/01\\\/g_f45tt7sif__Huacheras.jpg\",\"contentUrl\":\"https:\\\/\\\/proagrolab.com.ar\\\/wp-content\\\/uploads\\\/2015\\\/01\\\/g_f45tt7sif__Huacheras.jpg\",\"width\":450,\"height\":208},{\"@type\":\"BreadcrumbList\",\"@id\":\"https:\\\/\\\/proagrolab.com.ar\\\/la-fabrica-pide-atencion-desde-el-principio\\\/#breadcrumb\",\"itemListElement\":[{\"@type\":\"ListItem\",\"position\":1,\"name\":\"Portada\",\"item\":\"https:\\\/\\\/proagrolab.com.ar\\\/\"},{\"@type\":\"ListItem\",\"position\":2,\"name\":\"La f\u00e1brica pide atenci\u00f3n desde el principio.\"}]},{\"@type\":\"WebSite\",\"@id\":\"https:\\\/\\\/proagrolab.com.ar\\\/#website\",\"url\":\"https:\\\/\\\/proagrolab.com.ar\\\/\",\"name\":\"Proagro Laboratorio Veterinario\",\"description\":\"Veterinary laboratory\",\"publisher\":{\"@id\":\"https:\\\/\\\/proagrolab.com.ar\\\/#organization\"},\"potentialAction\":[{\"@type\":\"SearchAction\",\"target\":{\"@type\":\"EntryPoint\",\"urlTemplate\":\"https:\\\/\\\/proagrolab.com.ar\\\/?s={search_term_string}\"},\"query-input\":{\"@type\":\"PropertyValueSpecification\",\"valueRequired\":true,\"valueName\":\"search_term_string\"}}],\"inLanguage\":\"en-US\"},{\"@type\":\"Organization\",\"@id\":\"https:\\\/\\\/proagrolab.com.ar\\\/#organization\",\"name\":\"Proagro\",\"url\":\"https:\\\/\\\/proagrolab.com.ar\\\/\",\"logo\":{\"@type\":\"ImageObject\",\"inLanguage\":\"en-US\",\"@id\":\"https:\\\/\\\/proagrolab.com.ar\\\/#\\\/schema\\\/logo\\\/image\\\/\",\"url\":\"https:\\\/\\\/proagrolab.com.ar\\\/wp-content\\\/uploads\\\/2020\\\/04\\\/logo-retina.png\",\"contentUrl\":\"https:\\\/\\\/proagrolab.com.ar\\\/wp-content\\\/uploads\\\/2020\\\/04\\\/logo-retina.png\",\"width\":478,\"height\":120,\"caption\":\"Proagro\"},\"image\":{\"@id\":\"https:\\\/\\\/proagrolab.com.ar\\\/#\\\/schema\\\/logo\\\/image\\\/\"},\"sameAs\":[\"http:\\\/\\\/www.facebook.com\\\/proagrolab\",\"https:\\\/\\\/www.instagram.com\\\/proagrolab\\\/\",\"https:\\\/\\\/www.linkedin.com\\\/company\\\/laboratorio-proagro-s-a\\\/\"]},{\"@type\":\"Person\",\"@id\":\"https:\\\/\\\/proagrolab.com.ar\\\/#\\\/schema\\\/person\\\/38003ff90bf80381f71c7d922d207444\",\"name\":\"proagrolab\"}]}<\/script>\n<!-- \/ Yoast SEO plugin. -->","yoast_head_json":{"title":"La f\u00e1brica pide atenci\u00f3n desde el principio. | Proagro","robots":{"index":"index","follow":"follow","max-snippet":"max-snippet:-1","max-image-preview":"max-image-preview:large","max-video-preview":"max-video-preview:-1"},"canonical":"https:\/\/proagrolab.com.ar\/en\/la-fabrica-pide-atencion-desde-el-principio\/","og_locale":"en_US","og_type":"article","og_title":"La f\u00e1brica pide atenci\u00f3n desde el principio. | Proagro","og_description":"Por Horacio Ortiz. Un estudio del INTA sobre cr\u00eda de terneros de tambo muestra que hay mucho para crecer en esta tarea estrat\u00e9gica para la producci\u00f3n de leche. Un tema central dentro de la producci\u00f3n tambera es la crianza de los terneros una vez destetados de sus madres. Para este proceso todav\u00eda se siguen discutiendo y empleando diversos m\u00e9todos con resultados dispares en lo que respecta al negocio, que precisamente no pasa por su mejor momento en la actualidad. \u0093La cr\u00eda es una de las patas importantes del sistema lechero, porque de ella depende la reposici\u00f3n, y \u00e9sta fue una de las razones por las que el INTA consideraba muy necesario realizar este estudio que concluimos a finales de 2012\u0094, se\u00f1ala el ingeniero agr\u00f3nomo Gregorio Ruiz, extensionista del INTA Azul, quien colabor\u00f3 con el m\u00e9dico veterinario Jos\u00e9 Luis Garc\u00eda Quiroz en la realizaci\u00f3n de un relevamiento publicado recientemente y que hace una \u0093caracterizaci\u00f3n de sistemas de crianza de terneras en tambos en el \u00e1rea del Centro Regional Buenos Aires Sur del INTA\u0094, que abarca casi la mitad de la provincia, desde la Cuenca del Salado hacia abajo. \u0093El ternero de tambo es un animal que se desteta entre los dos [&hellip;]","og_url":"https:\/\/proagrolab.com.ar\/la-fabrica-pide-atencion-desde-el-principio\/","og_site_name":"Proagro","article_publisher":"http:\/\/www.facebook.com\/proagrolab","article_published_time":"2013-09-30T00:00:01+00:00","og_image":[{"width":450,"height":208,"url":"https:\/\/proagrolab.com.ar\/wp-content\/uploads\/2015\/01\/g_f45tt7sif__Huacheras.jpg","type":"image\/jpeg"}],"author":"proagrolab","twitter_card":"summary_large_image","twitter_misc":{"Written by":"proagrolab","Est. reading time":"3 minutes"},"schema":{"@context":"https:\/\/schema.org","@graph":[{"@type":"Article","@id":"https:\/\/proagrolab.com.ar\/la-fabrica-pide-atencion-desde-el-principio\/#article","isPartOf":{"@id":"https:\/\/proagrolab.com.ar\/la-fabrica-pide-atencion-desde-el-principio\/"},"author":{"name":"proagrolab","@id":"https:\/\/proagrolab.com.ar\/#\/schema\/person\/38003ff90bf80381f71c7d922d207444"},"headline":"La f\u00e1brica pide atenci\u00f3n desde el principio.","datePublished":"2013-09-30T00:00:01+00:00","mainEntityOfPage":{"@id":"https:\/\/proagrolab.com.ar\/la-fabrica-pide-atencion-desde-el-principio\/"},"wordCount":688,"publisher":{"@id":"https:\/\/proagrolab.com.ar\/#organization"},"image":{"@id":"https:\/\/proagrolab.com.ar\/la-fabrica-pide-atencion-desde-el-principio\/#primaryimage"},"thumbnailUrl":"https:\/\/proagrolab.com.ar\/wp-content\/uploads\/2015\/01\/g_f45tt7sif__Huacheras.jpg","articleSection":["News"],"inLanguage":"en-US"},{"@type":"WebPage","@id":"https:\/\/proagrolab.com.ar\/la-fabrica-pide-atencion-desde-el-principio\/","url":"https:\/\/proagrolab.com.ar\/la-fabrica-pide-atencion-desde-el-principio\/","name":"La f\u00e1brica pide atenci\u00f3n desde el principio. | Proagro","isPartOf":{"@id":"https:\/\/proagrolab.com.ar\/#website"},"primaryImageOfPage":{"@id":"https:\/\/proagrolab.com.ar\/la-fabrica-pide-atencion-desde-el-principio\/#primaryimage"},"image":{"@id":"https:\/\/proagrolab.com.ar\/la-fabrica-pide-atencion-desde-el-principio\/#primaryimage"},"thumbnailUrl":"https:\/\/proagrolab.com.ar\/wp-content\/uploads\/2015\/01\/g_f45tt7sif__Huacheras.jpg","datePublished":"2013-09-30T00:00:01+00:00","breadcrumb":{"@id":"https:\/\/proagrolab.com.ar\/la-fabrica-pide-atencion-desde-el-principio\/#breadcrumb"},"inLanguage":"en-US","potentialAction":[{"@type":"ReadAction","target":["https:\/\/proagrolab.com.ar\/la-fabrica-pide-atencion-desde-el-principio\/"]}]},{"@type":"ImageObject","inLanguage":"en-US","@id":"https:\/\/proagrolab.com.ar\/la-fabrica-pide-atencion-desde-el-principio\/#primaryimage","url":"https:\/\/proagrolab.com.ar\/wp-content\/uploads\/2015\/01\/g_f45tt7sif__Huacheras.jpg","contentUrl":"https:\/\/proagrolab.com.ar\/wp-content\/uploads\/2015\/01\/g_f45tt7sif__Huacheras.jpg","width":450,"height":208},{"@type":"BreadcrumbList","@id":"https:\/\/proagrolab.com.ar\/la-fabrica-pide-atencion-desde-el-principio\/#breadcrumb","itemListElement":[{"@type":"ListItem","position":1,"name":"Portada","item":"https:\/\/proagrolab.com.ar\/"},{"@type":"ListItem","position":2,"name":"La f\u00e1brica pide atenci\u00f3n desde el principio."}]},{"@type":"WebSite","@id":"https:\/\/proagrolab.com.ar\/#website","url":"https:\/\/proagrolab.com.ar\/","name":"Proagro Laboratorio Veterinario","description":"Veterinary laboratory","publisher":{"@id":"https:\/\/proagrolab.com.ar\/#organization"},"potentialAction":[{"@type":"SearchAction","target":{"@type":"EntryPoint","urlTemplate":"https:\/\/proagrolab.com.ar\/?s={search_term_string}"},"query-input":{"@type":"PropertyValueSpecification","valueRequired":true,"valueName":"search_term_string"}}],"inLanguage":"en-US"},{"@type":"Organization","@id":"https:\/\/proagrolab.com.ar\/#organization","name":"Proagro","url":"https:\/\/proagrolab.com.ar\/","logo":{"@type":"ImageObject","inLanguage":"en-US","@id":"https:\/\/proagrolab.com.ar\/#\/schema\/logo\/image\/","url":"https:\/\/proagrolab.com.ar\/wp-content\/uploads\/2020\/04\/logo-retina.png","contentUrl":"https:\/\/proagrolab.com.ar\/wp-content\/uploads\/2020\/04\/logo-retina.png","width":478,"height":120,"caption":"Proagro"},"image":{"@id":"https:\/\/proagrolab.com.ar\/#\/schema\/logo\/image\/"},"sameAs":["http:\/\/www.facebook.com\/proagrolab","https:\/\/www.instagram.com\/proagrolab\/","https:\/\/www.linkedin.com\/company\/laboratorio-proagro-s-a\/"]},{"@type":"Person","@id":"https:\/\/proagrolab.com.ar\/#\/schema\/person\/38003ff90bf80381f71c7d922d207444","name":"proagrolab"}]}},"_links":{"self":[{"href":"https:\/\/proagrolab.com.ar\/en\/wp-json\/wp\/v2\/posts\/5720","targetHints":{"allow":["GET"]}}],"collection":[{"href":"https:\/\/proagrolab.com.ar\/en\/wp-json\/wp\/v2\/posts"}],"about":[{"href":"https:\/\/proagrolab.com.ar\/en\/wp-json\/wp\/v2\/types\/post"}],"author":[{"embeddable":true,"href":"https:\/\/proagrolab.com.ar\/en\/wp-json\/wp\/v2\/users\/2"}],"replies":[{"embeddable":true,"href":"https:\/\/proagrolab.com.ar\/en\/wp-json\/wp\/v2\/comments?post=5720"}],"version-history":[{"count":0,"href":"https:\/\/proagrolab.com.ar\/en\/wp-json\/wp\/v2\/posts\/5720\/revisions"}],"wp:featuredmedia":[{"embeddable":true,"href":"https:\/\/proagrolab.com.ar\/en\/wp-json\/wp\/v2\/media\/2209"}],"wp:attachment":[{"href":"https:\/\/proagrolab.com.ar\/en\/wp-json\/wp\/v2\/media?parent=5720"}],"wp:term":[{"taxonomy":"category","embeddable":true,"href":"https:\/\/proagrolab.com.ar\/en\/wp-json\/wp\/v2\/categories?post=5720"},{"taxonomy":"post_tag","embeddable":true,"href":"https:\/\/proagrolab.com.ar\/en\/wp-json\/wp\/v2\/tags?post=5720"}],"curies":[{"name":"wp","href":"https:\/\/api.w.org\/{rel}","templated":true}]}}