{"id":5719,"date":"2013-09-30T00:00:01","date_gmt":"2013-09-30T00:00:01","guid":{"rendered":"https:\/\/proagrolab.com.ar\/la-cadena-del-pollo-suma-conocimiento\/"},"modified":"2013-09-30T00:00:01","modified_gmt":"2013-09-30T00:00:01","slug":"la-cadena-del-pollo-suma-conocimiento","status":"publish","type":"post","link":"https:\/\/proagrolab.com.ar\/en\/la-cadena-del-pollo-suma-conocimiento\/","title":{"rendered":"La cadena del pollo suma conocimiento."},"content":{"rendered":"<p class=\"qtranxs-available-languages-message qtranxs-available-languages-message-en\"> <\/p><p>En Concepci\u00f3n del Uruguay se construir\u00e1 un centro de investigaci\u00f3n av\u00edcola de punta, con fondos del INTA. Una inversi\u00f3n estrat\u00e9gica. El INTA anunci\u00f3 que invertir\u00e1 43 millones de pesos en una Unidad de Investigaciones Av\u00edcolas que se construir\u00e1 en Concepci\u00f3n del Uruguay (Entre R\u00edos). El objetivo es aumentar la competitividad de la cadena av\u00edcola, que est\u00e1 fuertemente concentrada en las granjas entrerrianas, que producen alrededor del 45% de las patas y pechugas que se consumen en el pa\u00eds y se exportan.<\/p>\n<p>Claudia Gallinger, especialista en nutrici\u00f3n aviar del INTA Concepci\u00f3n del Uruguay, cont\u00f3 que la unidad estar\u00e1 integrada por profesionales multidisciplinarios, como veterinarios, bioqu\u00edmicos, especialistas en bromatolog\u00eda, biotecn\u00f3logos y expertos en gesti\u00f3n ambiental, entre otros, que investigar\u00e1n c\u00f3mo potenciar la cadena av\u00edcola. La inversi\u00f3n ser\u00e1 financiada por la Fundaci\u00f3n ArgenINTA y el INTA.<\/p>\n<p>Oscar Valentinuz, director del INTA Entre R\u00edos, destac\u00f3 la importancia de la inversi\u00f3n. \u0093Tiene un alto impacto en la regi\u00f3n, ya que resolver\u00e1 la principal demanda de los productores relacionada con la sanidad, la gesti\u00f3n ambiental, la nutrici\u00f3n y la calidad de los pollos\u0094, asegur\u00f3.<\/p>\n<p>En el pa\u00eds, la industria av\u00edcola ya genera 132.000 puestos de trabajo directos, a partir del fuerte empuj\u00f3n de los \u00faltimos a\u00f1os. Seg\u00fan los datos del INTA, la cadena del pollo creci\u00f3 un 156% en la \u00faltima d\u00e9cada.<\/p>\n<p>De acuerdo con el Centro de Empresas Procesadoras Av\u00edcolas (CEPA), en la \u00faltima d\u00e9cada la Argentina pas\u00f3 de una producci\u00f3n de 20 kilos a 51 kilos por habitante por a\u00f1o. De estos 51 kilos, 9 kilos se exportan y 42 kilos se consumen en el mercado interno.<\/p>\n<p>\u0093El desaf\u00edo es vincular a los productores primarios de granos en forma de integraci\u00f3n vertical y asociativa. La avicultura puede exportar productos con gran valor agregado estrat\u00e9gico\u0094, indic\u00f3 Mario Bragachini, coordinador del Proyecto de Cosecha y Poscosecha del INTA.<\/p>\n<p>El nuevo edificio tendr\u00e1 2.500 metros cuadrados y estar\u00e1 dividido en tres sectores: nutrici\u00f3n, sanidad y gesti\u00f3n ambiental. Tambi\u00e9n habr\u00e1 un \u00e1rea com\u00fan a los sectores de investigaci\u00f3n, un espacio destinado a servicios complementarios, oficinas y un \u00e1rea t\u00e9cnica.<\/p>\n<p>La unidad de investigaci\u00f3n tendr\u00e1 un alto nivel de bioseguridad que asegurar\u00e1 una alta excelencia en la investigaci\u00f3n, extensi\u00f3n, capacitaci\u00f3n y servicios diagn\u00f3sticos, que a su vez permitir\u00e1 que las empresas acrediten la calidad de los productos comercializados en el pa\u00eds y los que se exportan a otros mercados.<\/p>\n<p>El sector de sanidad tendr\u00e1 una sala de necropsia, un \u00e1rea de virolog\u00eda, equipos de serolog\u00eda, un espacio de bacteriolog\u00eda, sala de cuarentena y de incubaci\u00f3n, entre otras.<\/p>\n<p>Este espacio de investigaci\u00f3n y servicios se incorpora a la red del Senasa para una mejor prevenci\u00f3n y control de enfermedades av\u00edcolas. Las instalaciones tambi\u00e9n contar\u00e1n con c\u00e1maras de fr\u00edo, una sala de reactores y un equipo de tratamiento de efluentes.<\/p>\n<p>Fuente: Clar\u00edn, suple rural, 25 de septiembre.<br \/><\/p>","protected":false},"excerpt":{"rendered":"<p>En Concepci\u00f3n del Uruguay se construir\u00e1 un centro de investigaci\u00f3n av\u00edcola de punta, con fondos del INTA. Una inversi\u00f3n estrat\u00e9gica. El INTA anunci\u00f3 que invertir\u00e1 43 millones de pesos en una Unidad de Investigaciones Av\u00edcolas que se construir\u00e1 en Concepci\u00f3n del Uruguay (Entre R\u00edos). El objetivo es aumentar la competitividad de la cadena av\u00edcola, que est\u00e1 fuertemente concentrada en las granjas entrerrianas, que producen alrededor del 45% de las patas y pechugas que se consumen en el pa\u00eds y se exportan. Claudia Gallinger, especialista en nutrici\u00f3n aviar del INTA Concepci\u00f3n del Uruguay, cont\u00f3 que la unidad estar\u00e1 integrada por profesionales multidisciplinarios, como veterinarios, bioqu\u00edmicos, especialistas en bromatolog\u00eda, biotecn\u00f3logos y expertos en gesti\u00f3n ambiental, entre otros, que investigar\u00e1n c\u00f3mo potenciar la cadena av\u00edcola. La inversi\u00f3n ser\u00e1 financiada por la Fundaci\u00f3n ArgenINTA y el INTA. Oscar Valentinuz, director del INTA Entre R\u00edos, destac\u00f3 la importancia de la inversi\u00f3n. \u0093Tiene un alto impacto en la regi\u00f3n, ya que resolver\u00e1 la principal demanda de los productores relacionada con la sanidad, la gesti\u00f3n ambiental, la nutrici\u00f3n y la calidad de los pollos\u0094, asegur\u00f3. En el pa\u00eds, la industria av\u00edcola ya genera 132.000 puestos de trabajo directos, a partir del fuerte empuj\u00f3n de los \u00faltimos a\u00f1os. [&hellip;]<\/p>\n","protected":false},"author":2,"featured_media":2208,"comment_status":"closed","ping_status":"open","sticky":false,"template":"","format":"standard","meta":{"_acf_changed":false,"footnotes":""},"categories":[56],"tags":[],"class_list":["post-5719","post","type-post","status-publish","format-standard","has-post-thumbnail","hentry","category-infoganadero"],"acf":[],"yoast_head":"<!-- This site is optimized with the Yoast SEO plugin v27.5 - https:\/\/yoast.com\/product\/yoast-seo-wordpress\/ -->\n<title>La cadena del pollo suma conocimiento. | Proagro<\/title>\n<meta name=\"robots\" content=\"index, follow, max-snippet:-1, max-image-preview:large, max-video-preview:-1\" \/>\n<link rel=\"canonical\" href=\"https:\/\/proagrolab.com.ar\/en\/la-cadena-del-pollo-suma-conocimiento\/\" \/>\n<meta property=\"og:locale\" content=\"en_US\" \/>\n<meta property=\"og:type\" content=\"article\" \/>\n<meta property=\"og:title\" content=\"La cadena del pollo suma conocimiento. | Proagro\" \/>\n<meta property=\"og:description\" content=\"En Concepci\u00f3n del Uruguay se construir\u00e1 un centro de investigaci\u00f3n av\u00edcola de punta, con fondos del INTA. Una inversi\u00f3n estrat\u00e9gica. El INTA anunci\u00f3 que invertir\u00e1 43 millones de pesos en una Unidad de Investigaciones Av\u00edcolas que se construir\u00e1 en Concepci\u00f3n del Uruguay (Entre R\u00edos). El objetivo es aumentar la competitividad de la cadena av\u00edcola, que est\u00e1 fuertemente concentrada en las granjas entrerrianas, que producen alrededor del 45% de las patas y pechugas que se consumen en el pa\u00eds y se exportan. Claudia Gallinger, especialista en nutrici\u00f3n aviar del INTA Concepci\u00f3n del Uruguay, cont\u00f3 que la unidad estar\u00e1 integrada por profesionales multidisciplinarios, como veterinarios, bioqu\u00edmicos, especialistas en bromatolog\u00eda, biotecn\u00f3logos y expertos en gesti\u00f3n ambiental, entre otros, que investigar\u00e1n c\u00f3mo potenciar la cadena av\u00edcola. La inversi\u00f3n ser\u00e1 financiada por la Fundaci\u00f3n ArgenINTA y el INTA. Oscar Valentinuz, director del INTA Entre R\u00edos, destac\u00f3 la importancia de la inversi\u00f3n. \u0093Tiene un alto impacto en la regi\u00f3n, ya que resolver\u00e1 la principal demanda de los productores relacionada con la sanidad, la gesti\u00f3n ambiental, la nutrici\u00f3n y la calidad de los pollos\u0094, asegur\u00f3. En el pa\u00eds, la industria av\u00edcola ya genera 132.000 puestos de trabajo directos, a partir del fuerte empuj\u00f3n de los \u00faltimos a\u00f1os. [&hellip;]\" \/>\n<meta property=\"og:url\" content=\"https:\/\/proagrolab.com.ar\/la-cadena-del-pollo-suma-conocimiento\/\" \/>\n<meta property=\"og:site_name\" content=\"Proagro\" \/>\n<meta property=\"article:publisher\" content=\"http:\/\/www.facebook.com\/proagrolab\" \/>\n<meta property=\"article:published_time\" content=\"2013-09-30T00:00:01+00:00\" \/>\n<meta property=\"og:image\" content=\"https:\/\/proagrolab.com.ar\/wp-content\/uploads\/2015\/01\/g_2wdvdcd3a__Aviar-3.jpg\" \/>\n\t<meta property=\"og:image:width\" content=\"450\" \/>\n\t<meta property=\"og:image:height\" content=\"208\" \/>\n\t<meta property=\"og:image:type\" content=\"image\/jpeg\" \/>\n<meta name=\"author\" content=\"proagrolab\" \/>\n<meta name=\"twitter:card\" content=\"summary_large_image\" \/>\n<meta name=\"twitter:label1\" content=\"Written by\" \/>\n\t<meta name=\"twitter:data1\" content=\"proagrolab\" \/>\n\t<meta name=\"twitter:label2\" content=\"Est. reading time\" \/>\n\t<meta name=\"twitter:data2\" content=\"3 minutes\" \/>\n<script type=\"application\/ld+json\" class=\"yoast-schema-graph\">{\"@context\":\"https:\\\/\\\/schema.org\",\"@graph\":[{\"@type\":\"Article\",\"@id\":\"https:\\\/\\\/proagrolab.com.ar\\\/la-cadena-del-pollo-suma-conocimiento\\\/#article\",\"isPartOf\":{\"@id\":\"https:\\\/\\\/proagrolab.com.ar\\\/la-cadena-del-pollo-suma-conocimiento\\\/\"},\"author\":{\"name\":\"proagrolab\",\"@id\":\"https:\\\/\\\/proagrolab.com.ar\\\/#\\\/schema\\\/person\\\/38003ff90bf80381f71c7d922d207444\"},\"headline\":\"La cadena del pollo suma conocimiento.\",\"datePublished\":\"2013-09-30T00:00:01+00:00\",\"mainEntityOfPage\":{\"@id\":\"https:\\\/\\\/proagrolab.com.ar\\\/la-cadena-del-pollo-suma-conocimiento\\\/\"},\"wordCount\":524,\"publisher\":{\"@id\":\"https:\\\/\\\/proagrolab.com.ar\\\/#organization\"},\"image\":{\"@id\":\"https:\\\/\\\/proagrolab.com.ar\\\/la-cadena-del-pollo-suma-conocimiento\\\/#primaryimage\"},\"thumbnailUrl\":\"https:\\\/\\\/proagrolab.com.ar\\\/wp-content\\\/uploads\\\/2015\\\/01\\\/g_2wdvdcd3a__Aviar-3.jpg\",\"articleSection\":[\"News\"],\"inLanguage\":\"en-US\"},{\"@type\":\"WebPage\",\"@id\":\"https:\\\/\\\/proagrolab.com.ar\\\/la-cadena-del-pollo-suma-conocimiento\\\/\",\"url\":\"https:\\\/\\\/proagrolab.com.ar\\\/la-cadena-del-pollo-suma-conocimiento\\\/\",\"name\":\"La cadena del pollo suma conocimiento. | Proagro\",\"isPartOf\":{\"@id\":\"https:\\\/\\\/proagrolab.com.ar\\\/#website\"},\"primaryImageOfPage\":{\"@id\":\"https:\\\/\\\/proagrolab.com.ar\\\/la-cadena-del-pollo-suma-conocimiento\\\/#primaryimage\"},\"image\":{\"@id\":\"https:\\\/\\\/proagrolab.com.ar\\\/la-cadena-del-pollo-suma-conocimiento\\\/#primaryimage\"},\"thumbnailUrl\":\"https:\\\/\\\/proagrolab.com.ar\\\/wp-content\\\/uploads\\\/2015\\\/01\\\/g_2wdvdcd3a__Aviar-3.jpg\",\"datePublished\":\"2013-09-30T00:00:01+00:00\",\"breadcrumb\":{\"@id\":\"https:\\\/\\\/proagrolab.com.ar\\\/la-cadena-del-pollo-suma-conocimiento\\\/#breadcrumb\"},\"inLanguage\":\"en-US\",\"potentialAction\":[{\"@type\":\"ReadAction\",\"target\":[\"https:\\\/\\\/proagrolab.com.ar\\\/la-cadena-del-pollo-suma-conocimiento\\\/\"]}]},{\"@type\":\"ImageObject\",\"inLanguage\":\"en-US\",\"@id\":\"https:\\\/\\\/proagrolab.com.ar\\\/la-cadena-del-pollo-suma-conocimiento\\\/#primaryimage\",\"url\":\"https:\\\/\\\/proagrolab.com.ar\\\/wp-content\\\/uploads\\\/2015\\\/01\\\/g_2wdvdcd3a__Aviar-3.jpg\",\"contentUrl\":\"https:\\\/\\\/proagrolab.com.ar\\\/wp-content\\\/uploads\\\/2015\\\/01\\\/g_2wdvdcd3a__Aviar-3.jpg\",\"width\":450,\"height\":208},{\"@type\":\"BreadcrumbList\",\"@id\":\"https:\\\/\\\/proagrolab.com.ar\\\/la-cadena-del-pollo-suma-conocimiento\\\/#breadcrumb\",\"itemListElement\":[{\"@type\":\"ListItem\",\"position\":1,\"name\":\"Portada\",\"item\":\"https:\\\/\\\/proagrolab.com.ar\\\/\"},{\"@type\":\"ListItem\",\"position\":2,\"name\":\"La cadena del pollo suma conocimiento.\"}]},{\"@type\":\"WebSite\",\"@id\":\"https:\\\/\\\/proagrolab.com.ar\\\/#website\",\"url\":\"https:\\\/\\\/proagrolab.com.ar\\\/\",\"name\":\"Proagro Laboratorio Veterinario\",\"description\":\"Veterinary laboratory\",\"publisher\":{\"@id\":\"https:\\\/\\\/proagrolab.com.ar\\\/#organization\"},\"potentialAction\":[{\"@type\":\"SearchAction\",\"target\":{\"@type\":\"EntryPoint\",\"urlTemplate\":\"https:\\\/\\\/proagrolab.com.ar\\\/?s={search_term_string}\"},\"query-input\":{\"@type\":\"PropertyValueSpecification\",\"valueRequired\":true,\"valueName\":\"search_term_string\"}}],\"inLanguage\":\"en-US\"},{\"@type\":\"Organization\",\"@id\":\"https:\\\/\\\/proagrolab.com.ar\\\/#organization\",\"name\":\"Proagro\",\"url\":\"https:\\\/\\\/proagrolab.com.ar\\\/\",\"logo\":{\"@type\":\"ImageObject\",\"inLanguage\":\"en-US\",\"@id\":\"https:\\\/\\\/proagrolab.com.ar\\\/#\\\/schema\\\/logo\\\/image\\\/\",\"url\":\"https:\\\/\\\/proagrolab.com.ar\\\/wp-content\\\/uploads\\\/2020\\\/04\\\/logo-retina.png\",\"contentUrl\":\"https:\\\/\\\/proagrolab.com.ar\\\/wp-content\\\/uploads\\\/2020\\\/04\\\/logo-retina.png\",\"width\":478,\"height\":120,\"caption\":\"Proagro\"},\"image\":{\"@id\":\"https:\\\/\\\/proagrolab.com.ar\\\/#\\\/schema\\\/logo\\\/image\\\/\"},\"sameAs\":[\"http:\\\/\\\/www.facebook.com\\\/proagrolab\",\"https:\\\/\\\/www.instagram.com\\\/proagrolab\\\/\",\"https:\\\/\\\/www.linkedin.com\\\/company\\\/laboratorio-proagro-s-a\\\/\"]},{\"@type\":\"Person\",\"@id\":\"https:\\\/\\\/proagrolab.com.ar\\\/#\\\/schema\\\/person\\\/38003ff90bf80381f71c7d922d207444\",\"name\":\"proagrolab\"}]}<\/script>\n<!-- \/ Yoast SEO plugin. -->","yoast_head_json":{"title":"La cadena del pollo suma conocimiento. | Proagro","robots":{"index":"index","follow":"follow","max-snippet":"max-snippet:-1","max-image-preview":"max-image-preview:large","max-video-preview":"max-video-preview:-1"},"canonical":"https:\/\/proagrolab.com.ar\/en\/la-cadena-del-pollo-suma-conocimiento\/","og_locale":"en_US","og_type":"article","og_title":"La cadena del pollo suma conocimiento. | Proagro","og_description":"En Concepci\u00f3n del Uruguay se construir\u00e1 un centro de investigaci\u00f3n av\u00edcola de punta, con fondos del INTA. Una inversi\u00f3n estrat\u00e9gica. El INTA anunci\u00f3 que invertir\u00e1 43 millones de pesos en una Unidad de Investigaciones Av\u00edcolas que se construir\u00e1 en Concepci\u00f3n del Uruguay (Entre R\u00edos). El objetivo es aumentar la competitividad de la cadena av\u00edcola, que est\u00e1 fuertemente concentrada en las granjas entrerrianas, que producen alrededor del 45% de las patas y pechugas que se consumen en el pa\u00eds y se exportan. Claudia Gallinger, especialista en nutrici\u00f3n aviar del INTA Concepci\u00f3n del Uruguay, cont\u00f3 que la unidad estar\u00e1 integrada por profesionales multidisciplinarios, como veterinarios, bioqu\u00edmicos, especialistas en bromatolog\u00eda, biotecn\u00f3logos y expertos en gesti\u00f3n ambiental, entre otros, que investigar\u00e1n c\u00f3mo potenciar la cadena av\u00edcola. La inversi\u00f3n ser\u00e1 financiada por la Fundaci\u00f3n ArgenINTA y el INTA. Oscar Valentinuz, director del INTA Entre R\u00edos, destac\u00f3 la importancia de la inversi\u00f3n. \u0093Tiene un alto impacto en la regi\u00f3n, ya que resolver\u00e1 la principal demanda de los productores relacionada con la sanidad, la gesti\u00f3n ambiental, la nutrici\u00f3n y la calidad de los pollos\u0094, asegur\u00f3. En el pa\u00eds, la industria av\u00edcola ya genera 132.000 puestos de trabajo directos, a partir del fuerte empuj\u00f3n de los \u00faltimos a\u00f1os. [&hellip;]","og_url":"https:\/\/proagrolab.com.ar\/la-cadena-del-pollo-suma-conocimiento\/","og_site_name":"Proagro","article_publisher":"http:\/\/www.facebook.com\/proagrolab","article_published_time":"2013-09-30T00:00:01+00:00","og_image":[{"width":450,"height":208,"url":"https:\/\/proagrolab.com.ar\/wp-content\/uploads\/2015\/01\/g_2wdvdcd3a__Aviar-3.jpg","type":"image\/jpeg"}],"author":"proagrolab","twitter_card":"summary_large_image","twitter_misc":{"Written by":"proagrolab","Est. reading time":"3 minutes"},"schema":{"@context":"https:\/\/schema.org","@graph":[{"@type":"Article","@id":"https:\/\/proagrolab.com.ar\/la-cadena-del-pollo-suma-conocimiento\/#article","isPartOf":{"@id":"https:\/\/proagrolab.com.ar\/la-cadena-del-pollo-suma-conocimiento\/"},"author":{"name":"proagrolab","@id":"https:\/\/proagrolab.com.ar\/#\/schema\/person\/38003ff90bf80381f71c7d922d207444"},"headline":"La cadena del pollo suma conocimiento.","datePublished":"2013-09-30T00:00:01+00:00","mainEntityOfPage":{"@id":"https:\/\/proagrolab.com.ar\/la-cadena-del-pollo-suma-conocimiento\/"},"wordCount":524,"publisher":{"@id":"https:\/\/proagrolab.com.ar\/#organization"},"image":{"@id":"https:\/\/proagrolab.com.ar\/la-cadena-del-pollo-suma-conocimiento\/#primaryimage"},"thumbnailUrl":"https:\/\/proagrolab.com.ar\/wp-content\/uploads\/2015\/01\/g_2wdvdcd3a__Aviar-3.jpg","articleSection":["News"],"inLanguage":"en-US"},{"@type":"WebPage","@id":"https:\/\/proagrolab.com.ar\/la-cadena-del-pollo-suma-conocimiento\/","url":"https:\/\/proagrolab.com.ar\/la-cadena-del-pollo-suma-conocimiento\/","name":"La cadena del pollo suma conocimiento. | Proagro","isPartOf":{"@id":"https:\/\/proagrolab.com.ar\/#website"},"primaryImageOfPage":{"@id":"https:\/\/proagrolab.com.ar\/la-cadena-del-pollo-suma-conocimiento\/#primaryimage"},"image":{"@id":"https:\/\/proagrolab.com.ar\/la-cadena-del-pollo-suma-conocimiento\/#primaryimage"},"thumbnailUrl":"https:\/\/proagrolab.com.ar\/wp-content\/uploads\/2015\/01\/g_2wdvdcd3a__Aviar-3.jpg","datePublished":"2013-09-30T00:00:01+00:00","breadcrumb":{"@id":"https:\/\/proagrolab.com.ar\/la-cadena-del-pollo-suma-conocimiento\/#breadcrumb"},"inLanguage":"en-US","potentialAction":[{"@type":"ReadAction","target":["https:\/\/proagrolab.com.ar\/la-cadena-del-pollo-suma-conocimiento\/"]}]},{"@type":"ImageObject","inLanguage":"en-US","@id":"https:\/\/proagrolab.com.ar\/la-cadena-del-pollo-suma-conocimiento\/#primaryimage","url":"https:\/\/proagrolab.com.ar\/wp-content\/uploads\/2015\/01\/g_2wdvdcd3a__Aviar-3.jpg","contentUrl":"https:\/\/proagrolab.com.ar\/wp-content\/uploads\/2015\/01\/g_2wdvdcd3a__Aviar-3.jpg","width":450,"height":208},{"@type":"BreadcrumbList","@id":"https:\/\/proagrolab.com.ar\/la-cadena-del-pollo-suma-conocimiento\/#breadcrumb","itemListElement":[{"@type":"ListItem","position":1,"name":"Portada","item":"https:\/\/proagrolab.com.ar\/"},{"@type":"ListItem","position":2,"name":"La cadena del pollo suma conocimiento."}]},{"@type":"WebSite","@id":"https:\/\/proagrolab.com.ar\/#website","url":"https:\/\/proagrolab.com.ar\/","name":"Proagro Laboratorio Veterinario","description":"Veterinary laboratory","publisher":{"@id":"https:\/\/proagrolab.com.ar\/#organization"},"potentialAction":[{"@type":"SearchAction","target":{"@type":"EntryPoint","urlTemplate":"https:\/\/proagrolab.com.ar\/?s={search_term_string}"},"query-input":{"@type":"PropertyValueSpecification","valueRequired":true,"valueName":"search_term_string"}}],"inLanguage":"en-US"},{"@type":"Organization","@id":"https:\/\/proagrolab.com.ar\/#organization","name":"Proagro","url":"https:\/\/proagrolab.com.ar\/","logo":{"@type":"ImageObject","inLanguage":"en-US","@id":"https:\/\/proagrolab.com.ar\/#\/schema\/logo\/image\/","url":"https:\/\/proagrolab.com.ar\/wp-content\/uploads\/2020\/04\/logo-retina.png","contentUrl":"https:\/\/proagrolab.com.ar\/wp-content\/uploads\/2020\/04\/logo-retina.png","width":478,"height":120,"caption":"Proagro"},"image":{"@id":"https:\/\/proagrolab.com.ar\/#\/schema\/logo\/image\/"},"sameAs":["http:\/\/www.facebook.com\/proagrolab","https:\/\/www.instagram.com\/proagrolab\/","https:\/\/www.linkedin.com\/company\/laboratorio-proagro-s-a\/"]},{"@type":"Person","@id":"https:\/\/proagrolab.com.ar\/#\/schema\/person\/38003ff90bf80381f71c7d922d207444","name":"proagrolab"}]}},"_links":{"self":[{"href":"https:\/\/proagrolab.com.ar\/en\/wp-json\/wp\/v2\/posts\/5719","targetHints":{"allow":["GET"]}}],"collection":[{"href":"https:\/\/proagrolab.com.ar\/en\/wp-json\/wp\/v2\/posts"}],"about":[{"href":"https:\/\/proagrolab.com.ar\/en\/wp-json\/wp\/v2\/types\/post"}],"author":[{"embeddable":true,"href":"https:\/\/proagrolab.com.ar\/en\/wp-json\/wp\/v2\/users\/2"}],"replies":[{"embeddable":true,"href":"https:\/\/proagrolab.com.ar\/en\/wp-json\/wp\/v2\/comments?post=5719"}],"version-history":[{"count":0,"href":"https:\/\/proagrolab.com.ar\/en\/wp-json\/wp\/v2\/posts\/5719\/revisions"}],"wp:featuredmedia":[{"embeddable":true,"href":"https:\/\/proagrolab.com.ar\/en\/wp-json\/wp\/v2\/media\/2208"}],"wp:attachment":[{"href":"https:\/\/proagrolab.com.ar\/en\/wp-json\/wp\/v2\/media?parent=5719"}],"wp:term":[{"taxonomy":"category","embeddable":true,"href":"https:\/\/proagrolab.com.ar\/en\/wp-json\/wp\/v2\/categories?post=5719"},{"taxonomy":"post_tag","embeddable":true,"href":"https:\/\/proagrolab.com.ar\/en\/wp-json\/wp\/v2\/tags?post=5719"}],"curies":[{"name":"wp","href":"https:\/\/api.w.org\/{rel}","templated":true}]}}