{"id":5717,"date":"2013-09-30T00:00:01","date_gmt":"2013-09-30T00:00:01","guid":{"rendered":"https:\/\/proagrolab.com.ar\/las-hembras-fueron-lo-mas-destacado-en-angusactiva\/"},"modified":"2013-09-30T00:00:01","modified_gmt":"2013-09-30T00:00:01","slug":"las-hembras-fueron-lo-mas-destacado-en-angusactiva","status":"publish","type":"post","link":"https:\/\/proagrolab.com.ar\/en\/las-hembras-fueron-lo-mas-destacado-en-angusactiva\/","title":{"rendered":"Las hembras fueron lo m\u00e1s destacado en Angusactiva."},"content":{"rendered":"<p class=\"qtranxs-available-languages-message qtranxs-available-languages-message-en\"> <\/p><p>El concurso de reproductores atrae una mayor cantidad de p\u00fablico en todos los cert\u00e1menes ganaderos ya que se ven los mejores ejemplares. En Angusactiva, donde se llev\u00f3 a cabo la 35 Exposici\u00f3n Nacional de la raza, por la ma\u00f1ana compitieron los lotes y en horas de la tarde lo m\u00e1s interesante para los amantes de los bovinos: los toros y las vacas mayores.<\/p>\n<p>El jurado fue al igual que con los terneros, Chiaravalli quien una vez finalizado el campeonato dijo: \u0093Los lotes de hembras fueron muy homog\u00e9neos, con un nivel superlativo que hizo que disfrute mucho de la jura. Trabajamos con total comodidad y agradecemos al p\u00fablico por el respeto y a los expositores por la hacienda de gran calidad gen\u00e9tica que trajeron para participar del evento\u0094.<\/p>\n<p>Luego explic\u00f3 que \u0093en machos, como siempre fue m\u00e1s dif\u00edcil la elecci\u00f3n porque son m\u00e1s desparejos pero de todas formas el lote gran campe\u00f3n es un lote incre\u00edble. Al punto tal que un toro de lote fue reservado gran campe\u00f3n en la competencia final\u0094.<\/p>\n<p>Los resultados en lotes fueron los siguientes: en la categor\u00eda vaquillona menor el campe\u00f3n fue el lote 1 perteneciente a Terra Garba y el reservado para The House Gruop SA; en la categor\u00eda vaquillona intermedia el campe\u00f3n fue The House Gruop SA y el reservado qued\u00f3 en lugar de Rubeta SA; en vaquillona mayor el campe\u00f3n fue el lote 12 de Los Lazos SA y el reservado el lote 13 de Terra Garba; en la categor\u00eda vaca el campe\u00f3n fue Los Lazos SA (lote 16) y en vaca con cr\u00eda Rubeta SA se qued\u00f3 con el campeonato y Los Lazos SA con el reservado. La mejor hembra de lotes fue para el 4388 del lote 12 de Los Lazos SA y, finalmente, el gran campe\u00f3n qued\u00f3 para el mismo lote 12 de Los Lazos SA que evidentemente sac\u00f3 una diferencia con el resto. El reservado de gran campe\u00f3n fue para Rubeta SA con el lote 15.<\/p>\n<p>Por el lado de los machos, en los lotes junior el campe\u00f3n fue Terra Garba y el reservado qued\u00f3 en poder de Hemabe SRL; para los toros de dos a\u00f1os menor el campe\u00f3n fue el lote 20 de The House Group SA; en la categor\u00eda dos a\u00f1os mayor el lote 25 de Rubeta SA fue el campe\u00f3n y el reservado el lote 19 de Hemabe SRL; el gran campe\u00f3n fue el lote 25 de Rubeta SA que a su vez se qued\u00f3 con el mejor toro de lote con el n\u00famero 604.<\/p>\n<p>En horas de la tarde fue el turno de los individuales, lo m\u00e1s atractivo para el p\u00fablico, que pese al clima desfavorable acompa\u00f1\u00f3 desde las cuatro tribunas que rodeaban la pista de jura. En la categor\u00eda de vaquillona menor el campe\u00f3n fue el lote 56 de Rubeta SA, firma que tambi\u00e9n se qued\u00f3 con el reservado en el lote 44. Entre las vaquillonas intermedias el campe\u00f3n fue el lote 65 de El Madrigal SRL y el reservado qued\u00f3 en poder del lote 61 de Salvini e Hijos SRL. En vaquillona mayor (paridas) el campe\u00f3n fue Santa Rita SA y el reservado Cibus Argentina SA con el lote 100. En vaca el campe\u00f3n fue el lote 155 de Jos\u00e9 Mammoliti y el reservado para Delfinargo SA. Finalmente en vaca con cr\u00eda el campe\u00f3n fue el lote 118 de Los Lazos SA y el reservado para el lote 108 de The House Group SA. Por \u00faltimo, el lote 118 fue el gran campe\u00f3n individual y adem\u00e1s el gran campe\u00f3n de la 35 Exposici\u00f3n Nacional de Angus al derrotar a la mejor hembra de lote.<\/p>\n<p>Los machos comenzaron con los toros juniors entre los que el lote 127, de Los Lazos SA, se qued\u00f3 con el campeonato mientras que Cibus Argentina con el lote 129 alcanz\u00f3 el reservado. En la categor\u00eda dos a\u00f1os menor el campe\u00f3n fue el lote 136 de Signoagro. En los toros dos a\u00f1os mayor el campe\u00f3n fue el lote 151 de Terra Garba que a su vez fue el mejor toro individual y el gran campe\u00f3n de la 35 nacional. El reservado gran campe\u00f3n fue para el mejor toro de lotes de Rubeta SA con el n\u00famero 604.<\/p>\n<p>A la tarde las hembras tambi\u00e9n fueron espectaculares y los machos, aunque no eran malos, comparados con el nivel de las hembras y los machos de lotes eran inferiores. \u0093Esta situaci\u00f3n \u0096explic\u00f3 Chiaravalli- se da por muchos datos pero posiblemente el principal tenga que ver con que estamos en la etapa final de la venta de toros, o que los criadores los hayan llevado a otra exposici\u00f3n y hayan buscado una revancha en la Nacional que hacen esa diferencia. Es m\u00e1s dif\u00edcil sacar buenos machos que buenas hembras y en las caba\u00f1as es com\u00fan ver hembras de gran calidad con reproducci\u00f3n asegurada\u0094.<\/p>\n<p>Al detallar los motivos que llevaron al jurado a designar los grandes campeones el doctor indic\u00f3: \u0093La hembra gran campeona es muy equilibrada, con una ubre casi perfecta, con un nivel de engrasamiento \u00f3ptimo, estando parida por lo que la considero un gran ejemplar de la raza. Por su parte, el macho lo defino como un toro padre, de mucha expresi\u00f3n, alta calidad de carne, profundidad de costilla y otras caracter\u00edsticas. En tanto, el toro reservado es candidato a competir en individual el a\u00f1o pr\u00f3ximo y me inclin\u00e9 por el gran campe\u00f3n porque lo v\u00ed con mejor expresi\u00f3n, pero a este nivel las diferencias son gustos personales\u0094. <\/p>\n<p>Fuente: On24 agro, 30 de septiembre.<br \/><\/p>","protected":false},"excerpt":{"rendered":"<p>El concurso de reproductores atrae una mayor cantidad de p\u00fablico en todos los cert\u00e1menes ganaderos ya que se ven los mejores ejemplares. En Angusactiva, donde se llev\u00f3 a cabo la 35 Exposici\u00f3n Nacional de la raza, por la ma\u00f1ana compitieron los lotes y en horas de la tarde lo m\u00e1s interesante para los amantes de los bovinos: los toros y las vacas mayores. El jurado fue al igual que con los terneros, Chiaravalli quien una vez finalizado el campeonato dijo: \u0093Los lotes de hembras fueron muy homog\u00e9neos, con un nivel superlativo que hizo que disfrute mucho de la jura. Trabajamos con total comodidad y agradecemos al p\u00fablico por el respeto y a los expositores por la hacienda de gran calidad gen\u00e9tica que trajeron para participar del evento\u0094. Luego explic\u00f3 que \u0093en machos, como siempre fue m\u00e1s dif\u00edcil la elecci\u00f3n porque son m\u00e1s desparejos pero de todas formas el lote gran campe\u00f3n es un lote incre\u00edble. Al punto tal que un toro de lote fue reservado gran campe\u00f3n en la competencia final\u0094. Los resultados en lotes fueron los siguientes: en la categor\u00eda vaquillona menor el campe\u00f3n fue el lote 1 perteneciente a Terra Garba y el reservado para The House Gruop [&hellip;]<\/p>\n","protected":false},"author":2,"featured_media":2206,"comment_status":"closed","ping_status":"open","sticky":false,"template":"","format":"standard","meta":{"_acf_changed":false,"footnotes":""},"categories":[56],"tags":[],"class_list":["post-5717","post","type-post","status-publish","format-standard","has-post-thumbnail","hentry","category-infoganadero"],"acf":[],"yoast_head":"<!-- This site is optimized with the Yoast SEO plugin v27.5 - https:\/\/yoast.com\/product\/yoast-seo-wordpress\/ -->\n<title>Las hembras fueron lo m\u00e1s destacado en Angusactiva. | Proagro<\/title>\n<meta name=\"robots\" content=\"index, follow, max-snippet:-1, max-image-preview:large, max-video-preview:-1\" \/>\n<link rel=\"canonical\" href=\"https:\/\/proagrolab.com.ar\/en\/las-hembras-fueron-lo-mas-destacado-en-angusactiva\/\" \/>\n<meta property=\"og:locale\" content=\"en_US\" \/>\n<meta property=\"og:type\" content=\"article\" \/>\n<meta property=\"og:title\" content=\"Las hembras fueron lo m\u00e1s destacado en Angusactiva. | Proagro\" \/>\n<meta property=\"og:description\" content=\"El concurso de reproductores atrae una mayor cantidad de p\u00fablico en todos los cert\u00e1menes ganaderos ya que se ven los mejores ejemplares. En Angusactiva, donde se llev\u00f3 a cabo la 35 Exposici\u00f3n Nacional de la raza, por la ma\u00f1ana compitieron los lotes y en horas de la tarde lo m\u00e1s interesante para los amantes de los bovinos: los toros y las vacas mayores. El jurado fue al igual que con los terneros, Chiaravalli quien una vez finalizado el campeonato dijo: \u0093Los lotes de hembras fueron muy homog\u00e9neos, con un nivel superlativo que hizo que disfrute mucho de la jura. Trabajamos con total comodidad y agradecemos al p\u00fablico por el respeto y a los expositores por la hacienda de gran calidad gen\u00e9tica que trajeron para participar del evento\u0094. Luego explic\u00f3 que \u0093en machos, como siempre fue m\u00e1s dif\u00edcil la elecci\u00f3n porque son m\u00e1s desparejos pero de todas formas el lote gran campe\u00f3n es un lote incre\u00edble. Al punto tal que un toro de lote fue reservado gran campe\u00f3n en la competencia final\u0094. Los resultados en lotes fueron los siguientes: en la categor\u00eda vaquillona menor el campe\u00f3n fue el lote 1 perteneciente a Terra Garba y el reservado para The House Gruop [&hellip;]\" \/>\n<meta property=\"og:url\" content=\"https:\/\/proagrolab.com.ar\/las-hembras-fueron-lo-mas-destacado-en-angusactiva\/\" \/>\n<meta property=\"og:site_name\" content=\"Proagro\" \/>\n<meta property=\"article:publisher\" content=\"http:\/\/www.facebook.com\/proagrolab\" \/>\n<meta property=\"article:published_time\" content=\"2013-09-30T00:00:01+00:00\" \/>\n<meta property=\"og:image\" content=\"https:\/\/proagrolab.com.ar\/wp-content\/uploads\/2015\/01\/g_vnv5io1l4__Angus-negro-y-colorado.jpg\" \/>\n\t<meta property=\"og:image:width\" content=\"450\" \/>\n\t<meta property=\"og:image:height\" content=\"208\" \/>\n\t<meta property=\"og:image:type\" content=\"image\/jpeg\" \/>\n<meta name=\"author\" content=\"proagrolab\" \/>\n<meta name=\"twitter:card\" content=\"summary_large_image\" \/>\n<meta name=\"twitter:label1\" content=\"Written by\" \/>\n\t<meta name=\"twitter:data1\" content=\"proagrolab\" \/>\n\t<meta name=\"twitter:label2\" content=\"Est. reading time\" \/>\n\t<meta name=\"twitter:data2\" content=\"5 minutes\" \/>\n<script type=\"application\/ld+json\" class=\"yoast-schema-graph\">{\"@context\":\"https:\\\/\\\/schema.org\",\"@graph\":[{\"@type\":\"Article\",\"@id\":\"https:\\\/\\\/proagrolab.com.ar\\\/las-hembras-fueron-lo-mas-destacado-en-angusactiva\\\/#article\",\"isPartOf\":{\"@id\":\"https:\\\/\\\/proagrolab.com.ar\\\/las-hembras-fueron-lo-mas-destacado-en-angusactiva\\\/\"},\"author\":{\"name\":\"proagrolab\",\"@id\":\"https:\\\/\\\/proagrolab.com.ar\\\/#\\\/schema\\\/person\\\/38003ff90bf80381f71c7d922d207444\"},\"headline\":\"Las hembras fueron lo m\u00e1s destacado en Angusactiva.\",\"datePublished\":\"2013-09-30T00:00:01+00:00\",\"mainEntityOfPage\":{\"@id\":\"https:\\\/\\\/proagrolab.com.ar\\\/las-hembras-fueron-lo-mas-destacado-en-angusactiva\\\/\"},\"wordCount\":960,\"publisher\":{\"@id\":\"https:\\\/\\\/proagrolab.com.ar\\\/#organization\"},\"image\":{\"@id\":\"https:\\\/\\\/proagrolab.com.ar\\\/las-hembras-fueron-lo-mas-destacado-en-angusactiva\\\/#primaryimage\"},\"thumbnailUrl\":\"https:\\\/\\\/proagrolab.com.ar\\\/wp-content\\\/uploads\\\/2015\\\/01\\\/g_vnv5io1l4__Angus-negro-y-colorado.jpg\",\"articleSection\":[\"News\"],\"inLanguage\":\"en-US\"},{\"@type\":\"WebPage\",\"@id\":\"https:\\\/\\\/proagrolab.com.ar\\\/las-hembras-fueron-lo-mas-destacado-en-angusactiva\\\/\",\"url\":\"https:\\\/\\\/proagrolab.com.ar\\\/las-hembras-fueron-lo-mas-destacado-en-angusactiva\\\/\",\"name\":\"Las hembras fueron lo m\u00e1s destacado en Angusactiva. | Proagro\",\"isPartOf\":{\"@id\":\"https:\\\/\\\/proagrolab.com.ar\\\/#website\"},\"primaryImageOfPage\":{\"@id\":\"https:\\\/\\\/proagrolab.com.ar\\\/las-hembras-fueron-lo-mas-destacado-en-angusactiva\\\/#primaryimage\"},\"image\":{\"@id\":\"https:\\\/\\\/proagrolab.com.ar\\\/las-hembras-fueron-lo-mas-destacado-en-angusactiva\\\/#primaryimage\"},\"thumbnailUrl\":\"https:\\\/\\\/proagrolab.com.ar\\\/wp-content\\\/uploads\\\/2015\\\/01\\\/g_vnv5io1l4__Angus-negro-y-colorado.jpg\",\"datePublished\":\"2013-09-30T00:00:01+00:00\",\"breadcrumb\":{\"@id\":\"https:\\\/\\\/proagrolab.com.ar\\\/las-hembras-fueron-lo-mas-destacado-en-angusactiva\\\/#breadcrumb\"},\"inLanguage\":\"en-US\",\"potentialAction\":[{\"@type\":\"ReadAction\",\"target\":[\"https:\\\/\\\/proagrolab.com.ar\\\/las-hembras-fueron-lo-mas-destacado-en-angusactiva\\\/\"]}]},{\"@type\":\"ImageObject\",\"inLanguage\":\"en-US\",\"@id\":\"https:\\\/\\\/proagrolab.com.ar\\\/las-hembras-fueron-lo-mas-destacado-en-angusactiva\\\/#primaryimage\",\"url\":\"https:\\\/\\\/proagrolab.com.ar\\\/wp-content\\\/uploads\\\/2015\\\/01\\\/g_vnv5io1l4__Angus-negro-y-colorado.jpg\",\"contentUrl\":\"https:\\\/\\\/proagrolab.com.ar\\\/wp-content\\\/uploads\\\/2015\\\/01\\\/g_vnv5io1l4__Angus-negro-y-colorado.jpg\",\"width\":450,\"height\":208},{\"@type\":\"BreadcrumbList\",\"@id\":\"https:\\\/\\\/proagrolab.com.ar\\\/las-hembras-fueron-lo-mas-destacado-en-angusactiva\\\/#breadcrumb\",\"itemListElement\":[{\"@type\":\"ListItem\",\"position\":1,\"name\":\"Portada\",\"item\":\"https:\\\/\\\/proagrolab.com.ar\\\/\"},{\"@type\":\"ListItem\",\"position\":2,\"name\":\"Las hembras fueron lo m\u00e1s destacado en Angusactiva.\"}]},{\"@type\":\"WebSite\",\"@id\":\"https:\\\/\\\/proagrolab.com.ar\\\/#website\",\"url\":\"https:\\\/\\\/proagrolab.com.ar\\\/\",\"name\":\"Proagro Laboratorio Veterinario\",\"description\":\"Veterinary laboratory\",\"publisher\":{\"@id\":\"https:\\\/\\\/proagrolab.com.ar\\\/#organization\"},\"potentialAction\":[{\"@type\":\"SearchAction\",\"target\":{\"@type\":\"EntryPoint\",\"urlTemplate\":\"https:\\\/\\\/proagrolab.com.ar\\\/?s={search_term_string}\"},\"query-input\":{\"@type\":\"PropertyValueSpecification\",\"valueRequired\":true,\"valueName\":\"search_term_string\"}}],\"inLanguage\":\"en-US\"},{\"@type\":\"Organization\",\"@id\":\"https:\\\/\\\/proagrolab.com.ar\\\/#organization\",\"name\":\"Proagro\",\"url\":\"https:\\\/\\\/proagrolab.com.ar\\\/\",\"logo\":{\"@type\":\"ImageObject\",\"inLanguage\":\"en-US\",\"@id\":\"https:\\\/\\\/proagrolab.com.ar\\\/#\\\/schema\\\/logo\\\/image\\\/\",\"url\":\"https:\\\/\\\/proagrolab.com.ar\\\/wp-content\\\/uploads\\\/2020\\\/04\\\/logo-retina.png\",\"contentUrl\":\"https:\\\/\\\/proagrolab.com.ar\\\/wp-content\\\/uploads\\\/2020\\\/04\\\/logo-retina.png\",\"width\":478,\"height\":120,\"caption\":\"Proagro\"},\"image\":{\"@id\":\"https:\\\/\\\/proagrolab.com.ar\\\/#\\\/schema\\\/logo\\\/image\\\/\"},\"sameAs\":[\"http:\\\/\\\/www.facebook.com\\\/proagrolab\",\"https:\\\/\\\/www.instagram.com\\\/proagrolab\\\/\",\"https:\\\/\\\/www.linkedin.com\\\/company\\\/laboratorio-proagro-s-a\\\/\"]},{\"@type\":\"Person\",\"@id\":\"https:\\\/\\\/proagrolab.com.ar\\\/#\\\/schema\\\/person\\\/38003ff90bf80381f71c7d922d207444\",\"name\":\"proagrolab\"}]}<\/script>\n<!-- \/ Yoast SEO plugin. -->","yoast_head_json":{"title":"Las hembras fueron lo m\u00e1s destacado en Angusactiva. | Proagro","robots":{"index":"index","follow":"follow","max-snippet":"max-snippet:-1","max-image-preview":"max-image-preview:large","max-video-preview":"max-video-preview:-1"},"canonical":"https:\/\/proagrolab.com.ar\/en\/las-hembras-fueron-lo-mas-destacado-en-angusactiva\/","og_locale":"en_US","og_type":"article","og_title":"Las hembras fueron lo m\u00e1s destacado en Angusactiva. | Proagro","og_description":"El concurso de reproductores atrae una mayor cantidad de p\u00fablico en todos los cert\u00e1menes ganaderos ya que se ven los mejores ejemplares. En Angusactiva, donde se llev\u00f3 a cabo la 35 Exposici\u00f3n Nacional de la raza, por la ma\u00f1ana compitieron los lotes y en horas de la tarde lo m\u00e1s interesante para los amantes de los bovinos: los toros y las vacas mayores. El jurado fue al igual que con los terneros, Chiaravalli quien una vez finalizado el campeonato dijo: \u0093Los lotes de hembras fueron muy homog\u00e9neos, con un nivel superlativo que hizo que disfrute mucho de la jura. Trabajamos con total comodidad y agradecemos al p\u00fablico por el respeto y a los expositores por la hacienda de gran calidad gen\u00e9tica que trajeron para participar del evento\u0094. Luego explic\u00f3 que \u0093en machos, como siempre fue m\u00e1s dif\u00edcil la elecci\u00f3n porque son m\u00e1s desparejos pero de todas formas el lote gran campe\u00f3n es un lote incre\u00edble. Al punto tal que un toro de lote fue reservado gran campe\u00f3n en la competencia final\u0094. Los resultados en lotes fueron los siguientes: en la categor\u00eda vaquillona menor el campe\u00f3n fue el lote 1 perteneciente a Terra Garba y el reservado para The House Gruop [&hellip;]","og_url":"https:\/\/proagrolab.com.ar\/las-hembras-fueron-lo-mas-destacado-en-angusactiva\/","og_site_name":"Proagro","article_publisher":"http:\/\/www.facebook.com\/proagrolab","article_published_time":"2013-09-30T00:00:01+00:00","og_image":[{"width":450,"height":208,"url":"https:\/\/proagrolab.com.ar\/wp-content\/uploads\/2015\/01\/g_vnv5io1l4__Angus-negro-y-colorado.jpg","type":"image\/jpeg"}],"author":"proagrolab","twitter_card":"summary_large_image","twitter_misc":{"Written by":"proagrolab","Est. reading time":"5 minutes"},"schema":{"@context":"https:\/\/schema.org","@graph":[{"@type":"Article","@id":"https:\/\/proagrolab.com.ar\/las-hembras-fueron-lo-mas-destacado-en-angusactiva\/#article","isPartOf":{"@id":"https:\/\/proagrolab.com.ar\/las-hembras-fueron-lo-mas-destacado-en-angusactiva\/"},"author":{"name":"proagrolab","@id":"https:\/\/proagrolab.com.ar\/#\/schema\/person\/38003ff90bf80381f71c7d922d207444"},"headline":"Las hembras fueron lo m\u00e1s destacado en Angusactiva.","datePublished":"2013-09-30T00:00:01+00:00","mainEntityOfPage":{"@id":"https:\/\/proagrolab.com.ar\/las-hembras-fueron-lo-mas-destacado-en-angusactiva\/"},"wordCount":960,"publisher":{"@id":"https:\/\/proagrolab.com.ar\/#organization"},"image":{"@id":"https:\/\/proagrolab.com.ar\/las-hembras-fueron-lo-mas-destacado-en-angusactiva\/#primaryimage"},"thumbnailUrl":"https:\/\/proagrolab.com.ar\/wp-content\/uploads\/2015\/01\/g_vnv5io1l4__Angus-negro-y-colorado.jpg","articleSection":["News"],"inLanguage":"en-US"},{"@type":"WebPage","@id":"https:\/\/proagrolab.com.ar\/las-hembras-fueron-lo-mas-destacado-en-angusactiva\/","url":"https:\/\/proagrolab.com.ar\/las-hembras-fueron-lo-mas-destacado-en-angusactiva\/","name":"Las hembras fueron lo m\u00e1s destacado en Angusactiva. | Proagro","isPartOf":{"@id":"https:\/\/proagrolab.com.ar\/#website"},"primaryImageOfPage":{"@id":"https:\/\/proagrolab.com.ar\/las-hembras-fueron-lo-mas-destacado-en-angusactiva\/#primaryimage"},"image":{"@id":"https:\/\/proagrolab.com.ar\/las-hembras-fueron-lo-mas-destacado-en-angusactiva\/#primaryimage"},"thumbnailUrl":"https:\/\/proagrolab.com.ar\/wp-content\/uploads\/2015\/01\/g_vnv5io1l4__Angus-negro-y-colorado.jpg","datePublished":"2013-09-30T00:00:01+00:00","breadcrumb":{"@id":"https:\/\/proagrolab.com.ar\/las-hembras-fueron-lo-mas-destacado-en-angusactiva\/#breadcrumb"},"inLanguage":"en-US","potentialAction":[{"@type":"ReadAction","target":["https:\/\/proagrolab.com.ar\/las-hembras-fueron-lo-mas-destacado-en-angusactiva\/"]}]},{"@type":"ImageObject","inLanguage":"en-US","@id":"https:\/\/proagrolab.com.ar\/las-hembras-fueron-lo-mas-destacado-en-angusactiva\/#primaryimage","url":"https:\/\/proagrolab.com.ar\/wp-content\/uploads\/2015\/01\/g_vnv5io1l4__Angus-negro-y-colorado.jpg","contentUrl":"https:\/\/proagrolab.com.ar\/wp-content\/uploads\/2015\/01\/g_vnv5io1l4__Angus-negro-y-colorado.jpg","width":450,"height":208},{"@type":"BreadcrumbList","@id":"https:\/\/proagrolab.com.ar\/las-hembras-fueron-lo-mas-destacado-en-angusactiva\/#breadcrumb","itemListElement":[{"@type":"ListItem","position":1,"name":"Portada","item":"https:\/\/proagrolab.com.ar\/"},{"@type":"ListItem","position":2,"name":"Las hembras fueron lo m\u00e1s destacado en Angusactiva."}]},{"@type":"WebSite","@id":"https:\/\/proagrolab.com.ar\/#website","url":"https:\/\/proagrolab.com.ar\/","name":"Proagro Laboratorio Veterinario","description":"Veterinary laboratory","publisher":{"@id":"https:\/\/proagrolab.com.ar\/#organization"},"potentialAction":[{"@type":"SearchAction","target":{"@type":"EntryPoint","urlTemplate":"https:\/\/proagrolab.com.ar\/?s={search_term_string}"},"query-input":{"@type":"PropertyValueSpecification","valueRequired":true,"valueName":"search_term_string"}}],"inLanguage":"en-US"},{"@type":"Organization","@id":"https:\/\/proagrolab.com.ar\/#organization","name":"Proagro","url":"https:\/\/proagrolab.com.ar\/","logo":{"@type":"ImageObject","inLanguage":"en-US","@id":"https:\/\/proagrolab.com.ar\/#\/schema\/logo\/image\/","url":"https:\/\/proagrolab.com.ar\/wp-content\/uploads\/2020\/04\/logo-retina.png","contentUrl":"https:\/\/proagrolab.com.ar\/wp-content\/uploads\/2020\/04\/logo-retina.png","width":478,"height":120,"caption":"Proagro"},"image":{"@id":"https:\/\/proagrolab.com.ar\/#\/schema\/logo\/image\/"},"sameAs":["http:\/\/www.facebook.com\/proagrolab","https:\/\/www.instagram.com\/proagrolab\/","https:\/\/www.linkedin.com\/company\/laboratorio-proagro-s-a\/"]},{"@type":"Person","@id":"https:\/\/proagrolab.com.ar\/#\/schema\/person\/38003ff90bf80381f71c7d922d207444","name":"proagrolab"}]}},"_links":{"self":[{"href":"https:\/\/proagrolab.com.ar\/en\/wp-json\/wp\/v2\/posts\/5717","targetHints":{"allow":["GET"]}}],"collection":[{"href":"https:\/\/proagrolab.com.ar\/en\/wp-json\/wp\/v2\/posts"}],"about":[{"href":"https:\/\/proagrolab.com.ar\/en\/wp-json\/wp\/v2\/types\/post"}],"author":[{"embeddable":true,"href":"https:\/\/proagrolab.com.ar\/en\/wp-json\/wp\/v2\/users\/2"}],"replies":[{"embeddable":true,"href":"https:\/\/proagrolab.com.ar\/en\/wp-json\/wp\/v2\/comments?post=5717"}],"version-history":[{"count":0,"href":"https:\/\/proagrolab.com.ar\/en\/wp-json\/wp\/v2\/posts\/5717\/revisions"}],"wp:featuredmedia":[{"embeddable":true,"href":"https:\/\/proagrolab.com.ar\/en\/wp-json\/wp\/v2\/media\/2206"}],"wp:attachment":[{"href":"https:\/\/proagrolab.com.ar\/en\/wp-json\/wp\/v2\/media?parent=5717"}],"wp:term":[{"taxonomy":"category","embeddable":true,"href":"https:\/\/proagrolab.com.ar\/en\/wp-json\/wp\/v2\/categories?post=5717"},{"taxonomy":"post_tag","embeddable":true,"href":"https:\/\/proagrolab.com.ar\/en\/wp-json\/wp\/v2\/tags?post=5717"}],"curies":[{"name":"wp","href":"https:\/\/api.w.org\/{rel}","templated":true}]}}