{"id":5716,"date":"2013-09-30T00:00:01","date_gmt":"2013-09-30T00:00:01","guid":{"rendered":"https:\/\/proagrolab.com.ar\/ganaderia-mas-alla-de-las-coyunturas-el-negocio-va-a-ser-prospero\/"},"modified":"2013-09-30T00:00:01","modified_gmt":"2013-09-30T00:00:01","slug":"ganaderia-mas-alla-de-las-coyunturas-el-negocio-va-a-ser-prospero","status":"publish","type":"post","link":"https:\/\/proagrolab.com.ar\/en\/ganaderia-mas-alla-de-las-coyunturas-el-negocio-va-a-ser-prospero\/","title":{"rendered":"Ganader\u00eda: M\u00e1s all\u00e1 de las coyunturas, el negocio va a ser pr\u00f3spero."},"content":{"rendered":"<p class=\"qtranxs-available-languages-message qtranxs-available-languages-message-en\"> <\/p><p>Jorge Torelli, Consejero del Instituto, disert\u00f3 sobre las distintas acciones que lleva a cabo el IPCVA vinculadas a la producci\u00f3n ganadera en el NEA y expuso la agenda de trabajo del Instituto en una de las jornadas del congreso que estuvo exclusivamente dedicada a la producci\u00f3n silvopastoril, con participaci\u00f3n de t\u00e9cnicos nacionales y extranjeros.<\/p>\n<p>En su presentaci\u00f3n, Torelli mencion\u00f3 algunos proyectos financiados por el IPCVA, como \u0093Intensificaci\u00f3n de la producci\u00f3n ganadera en sistemas silvopastoriles con salic\u00e1ceas en humedales del Delta del Paran\u00e1\u0094 (realizado por la Facultad de Ciencias Agrarias de la Universidad Nacional de Lomas de Zamora) y \u0093Efecto del rolado de baja intensidad sobre los \u00edndices de procreo en sistemas silvopastoriles del noreste de la provincia de Santiago del Estero\u0094 (convenio INTA-IPCVA).<\/p>\n<p>Tambi\u00e9n se refiri\u00f3 a las actividades de capacitaci\u00f3n que realiz\u00f3 el IPCVA en el NEA con el objetivo de demostrar los beneficios de los sistemas silvopastoriles, como las dos jornadas a campo de Misiones o los seminarios regionales que se llevaron a cabo en las ciudades de Puerto Iguaz\u00fa y Formosa.<\/p>\n<p>Finalmente, Torelli se refiri\u00f3 al futuro de la actividad ganadera y asegur\u00f3 que, m\u00e1s all\u00e1 de las coyunturas, el negocio va a ser pr\u00f3spero, dado el aumento de la demanda de carne en el mundo, por lo que inst\u00f3 a los productores forestales a que incorporen ganader\u00eda en sus campos.<\/p>\n<p>\u0093Adem\u00e1s, la ganader\u00eda \u0096sostuvo- les va a permitir tener una rentabilidad mientras esperan los diez o quince a\u00f1os que demora el negocio forestal\u0094.<\/p>\n<p>\u0093Como productores de carne, con el corrimiento de la frontera, necesitamos que aumente la producci\u00f3n en el NEA y el NOA y vamos a trabajar para eso\u0094, asegur\u00f3. \u0093Adem\u00e1s, el silvopastoril es un sistema muy beneficioso para los productores pero tambi\u00e9n para el medio ambiente y la sustentabilidad del negocio\u0094, concluy\u00f3.<\/p>\n<p>El Congreso, con m\u00e1s de 1.400 inscriptos, se llev\u00f3 a cabo entre el 23 y el 27 de septiembre bajo el lema \u0093Gesti\u00f3n Forestal Sostenible, Futuro Posible\u0094, y cont\u00f3 con la participaci\u00f3n de referentes del sector p\u00fablico, privado, ONGs, Universidades e institutos de investigaci\u00f3n y capacitaci\u00f3n.<\/p>\n<p>Fuente: On24 agro, 30 de septiembre.<br \/><\/p>","protected":false},"excerpt":{"rendered":"<p>Jorge Torelli, Consejero del Instituto, disert\u00f3 sobre las distintas acciones que lleva a cabo el IPCVA vinculadas a la producci\u00f3n ganadera en el NEA y expuso la agenda de trabajo del Instituto en una de las jornadas del congreso que estuvo exclusivamente dedicada a la producci\u00f3n silvopastoril, con participaci\u00f3n de t\u00e9cnicos nacionales y extranjeros. En su presentaci\u00f3n, Torelli mencion\u00f3 algunos proyectos financiados por el IPCVA, como \u0093Intensificaci\u00f3n de la producci\u00f3n ganadera en sistemas silvopastoriles con salic\u00e1ceas en humedales del Delta del Paran\u00e1\u0094 (realizado por la Facultad de Ciencias Agrarias de la Universidad Nacional de Lomas de Zamora) y \u0093Efecto del rolado de baja intensidad sobre los \u00edndices de procreo en sistemas silvopastoriles del noreste de la provincia de Santiago del Estero\u0094 (convenio INTA-IPCVA). Tambi\u00e9n se refiri\u00f3 a las actividades de capacitaci\u00f3n que realiz\u00f3 el IPCVA en el NEA con el objetivo de demostrar los beneficios de los sistemas silvopastoriles, como las dos jornadas a campo de Misiones o los seminarios regionales que se llevaron a cabo en las ciudades de Puerto Iguaz\u00fa y Formosa. Finalmente, Torelli se refiri\u00f3 al futuro de la actividad ganadera y asegur\u00f3 que, m\u00e1s all\u00e1 de las coyunturas, el negocio va a ser pr\u00f3spero, dado el [&hellip;]<\/p>\n","protected":false},"author":2,"featured_media":2205,"comment_status":"closed","ping_status":"open","sticky":false,"template":"","format":"standard","meta":{"_acf_changed":false,"footnotes":""},"categories":[56],"tags":[],"class_list":["post-5716","post","type-post","status-publish","format-standard","has-post-thumbnail","hentry","category-infoganadero"],"acf":[],"yoast_head":"<!-- This site is optimized with the Yoast SEO plugin v27.5 - https:\/\/yoast.com\/product\/yoast-seo-wordpress\/ -->\n<title>Ganader\u00eda: M\u00e1s all\u00e1 de las coyunturas, el negocio va a ser pr\u00f3spero. | Proagro<\/title>\n<meta name=\"robots\" content=\"index, follow, max-snippet:-1, max-image-preview:large, max-video-preview:-1\" \/>\n<link rel=\"canonical\" href=\"https:\/\/proagrolab.com.ar\/en\/ganaderia-mas-alla-de-las-coyunturas-el-negocio-va-a-ser-prospero\/\" \/>\n<meta property=\"og:locale\" content=\"en_US\" \/>\n<meta property=\"og:type\" content=\"article\" \/>\n<meta property=\"og:title\" content=\"Ganader\u00eda: M\u00e1s all\u00e1 de las coyunturas, el negocio va a ser pr\u00f3spero. | Proagro\" \/>\n<meta property=\"og:description\" content=\"Jorge Torelli, Consejero del Instituto, disert\u00f3 sobre las distintas acciones que lleva a cabo el IPCVA vinculadas a la producci\u00f3n ganadera en el NEA y expuso la agenda de trabajo del Instituto en una de las jornadas del congreso que estuvo exclusivamente dedicada a la producci\u00f3n silvopastoril, con participaci\u00f3n de t\u00e9cnicos nacionales y extranjeros. En su presentaci\u00f3n, Torelli mencion\u00f3 algunos proyectos financiados por el IPCVA, como \u0093Intensificaci\u00f3n de la producci\u00f3n ganadera en sistemas silvopastoriles con salic\u00e1ceas en humedales del Delta del Paran\u00e1\u0094 (realizado por la Facultad de Ciencias Agrarias de la Universidad Nacional de Lomas de Zamora) y \u0093Efecto del rolado de baja intensidad sobre los \u00edndices de procreo en sistemas silvopastoriles del noreste de la provincia de Santiago del Estero\u0094 (convenio INTA-IPCVA). Tambi\u00e9n se refiri\u00f3 a las actividades de capacitaci\u00f3n que realiz\u00f3 el IPCVA en el NEA con el objetivo de demostrar los beneficios de los sistemas silvopastoriles, como las dos jornadas a campo de Misiones o los seminarios regionales que se llevaron a cabo en las ciudades de Puerto Iguaz\u00fa y Formosa. Finalmente, Torelli se refiri\u00f3 al futuro de la actividad ganadera y asegur\u00f3 que, m\u00e1s all\u00e1 de las coyunturas, el negocio va a ser pr\u00f3spero, dado el [&hellip;]\" \/>\n<meta property=\"og:url\" content=\"https:\/\/proagrolab.com.ar\/ganaderia-mas-alla-de-las-coyunturas-el-negocio-va-a-ser-prospero\/\" \/>\n<meta property=\"og:site_name\" content=\"Proagro\" \/>\n<meta property=\"article:publisher\" content=\"http:\/\/www.facebook.com\/proagrolab\" \/>\n<meta property=\"article:published_time\" content=\"2013-09-30T00:00:01+00:00\" \/>\n<meta property=\"og:image\" content=\"https:\/\/proagrolab.com.ar\/wp-content\/uploads\/2015\/01\/g_lip9kudmz__Jorge-Torelli-2.jpg\" \/>\n\t<meta property=\"og:image:width\" content=\"450\" \/>\n\t<meta property=\"og:image:height\" content=\"208\" \/>\n\t<meta property=\"og:image:type\" content=\"image\/jpeg\" \/>\n<meta name=\"author\" content=\"proagrolab\" \/>\n<meta name=\"twitter:card\" content=\"summary_large_image\" \/>\n<meta name=\"twitter:label1\" content=\"Written by\" \/>\n\t<meta name=\"twitter:data1\" content=\"proagrolab\" \/>\n\t<meta name=\"twitter:label2\" content=\"Est. reading time\" \/>\n\t<meta name=\"twitter:data2\" content=\"2 minutes\" \/>\n<script type=\"application\/ld+json\" class=\"yoast-schema-graph\">{\"@context\":\"https:\\\/\\\/schema.org\",\"@graph\":[{\"@type\":\"Article\",\"@id\":\"https:\\\/\\\/proagrolab.com.ar\\\/ganaderia-mas-alla-de-las-coyunturas-el-negocio-va-a-ser-prospero\\\/#article\",\"isPartOf\":{\"@id\":\"https:\\\/\\\/proagrolab.com.ar\\\/ganaderia-mas-alla-de-las-coyunturas-el-negocio-va-a-ser-prospero\\\/\"},\"author\":{\"name\":\"proagrolab\",\"@id\":\"https:\\\/\\\/proagrolab.com.ar\\\/#\\\/schema\\\/person\\\/38003ff90bf80381f71c7d922d207444\"},\"headline\":\"Ganader\u00eda: M\u00e1s all\u00e1 de las coyunturas, el negocio va a ser pr\u00f3spero.\",\"datePublished\":\"2013-09-30T00:00:01+00:00\",\"mainEntityOfPage\":{\"@id\":\"https:\\\/\\\/proagrolab.com.ar\\\/ganaderia-mas-alla-de-las-coyunturas-el-negocio-va-a-ser-prospero\\\/\"},\"wordCount\":386,\"publisher\":{\"@id\":\"https:\\\/\\\/proagrolab.com.ar\\\/#organization\"},\"image\":{\"@id\":\"https:\\\/\\\/proagrolab.com.ar\\\/ganaderia-mas-alla-de-las-coyunturas-el-negocio-va-a-ser-prospero\\\/#primaryimage\"},\"thumbnailUrl\":\"https:\\\/\\\/proagrolab.com.ar\\\/wp-content\\\/uploads\\\/2015\\\/01\\\/g_lip9kudmz__Jorge-Torelli-2.jpg\",\"articleSection\":[\"News\"],\"inLanguage\":\"en-US\"},{\"@type\":\"WebPage\",\"@id\":\"https:\\\/\\\/proagrolab.com.ar\\\/ganaderia-mas-alla-de-las-coyunturas-el-negocio-va-a-ser-prospero\\\/\",\"url\":\"https:\\\/\\\/proagrolab.com.ar\\\/ganaderia-mas-alla-de-las-coyunturas-el-negocio-va-a-ser-prospero\\\/\",\"name\":\"Ganader\u00eda: M\u00e1s all\u00e1 de las coyunturas, el negocio va a ser pr\u00f3spero. | Proagro\",\"isPartOf\":{\"@id\":\"https:\\\/\\\/proagrolab.com.ar\\\/#website\"},\"primaryImageOfPage\":{\"@id\":\"https:\\\/\\\/proagrolab.com.ar\\\/ganaderia-mas-alla-de-las-coyunturas-el-negocio-va-a-ser-prospero\\\/#primaryimage\"},\"image\":{\"@id\":\"https:\\\/\\\/proagrolab.com.ar\\\/ganaderia-mas-alla-de-las-coyunturas-el-negocio-va-a-ser-prospero\\\/#primaryimage\"},\"thumbnailUrl\":\"https:\\\/\\\/proagrolab.com.ar\\\/wp-content\\\/uploads\\\/2015\\\/01\\\/g_lip9kudmz__Jorge-Torelli-2.jpg\",\"datePublished\":\"2013-09-30T00:00:01+00:00\",\"breadcrumb\":{\"@id\":\"https:\\\/\\\/proagrolab.com.ar\\\/ganaderia-mas-alla-de-las-coyunturas-el-negocio-va-a-ser-prospero\\\/#breadcrumb\"},\"inLanguage\":\"en-US\",\"potentialAction\":[{\"@type\":\"ReadAction\",\"target\":[\"https:\\\/\\\/proagrolab.com.ar\\\/ganaderia-mas-alla-de-las-coyunturas-el-negocio-va-a-ser-prospero\\\/\"]}]},{\"@type\":\"ImageObject\",\"inLanguage\":\"en-US\",\"@id\":\"https:\\\/\\\/proagrolab.com.ar\\\/ganaderia-mas-alla-de-las-coyunturas-el-negocio-va-a-ser-prospero\\\/#primaryimage\",\"url\":\"https:\\\/\\\/proagrolab.com.ar\\\/wp-content\\\/uploads\\\/2015\\\/01\\\/g_lip9kudmz__Jorge-Torelli-2.jpg\",\"contentUrl\":\"https:\\\/\\\/proagrolab.com.ar\\\/wp-content\\\/uploads\\\/2015\\\/01\\\/g_lip9kudmz__Jorge-Torelli-2.jpg\",\"width\":450,\"height\":208},{\"@type\":\"BreadcrumbList\",\"@id\":\"https:\\\/\\\/proagrolab.com.ar\\\/ganaderia-mas-alla-de-las-coyunturas-el-negocio-va-a-ser-prospero\\\/#breadcrumb\",\"itemListElement\":[{\"@type\":\"ListItem\",\"position\":1,\"name\":\"Portada\",\"item\":\"https:\\\/\\\/proagrolab.com.ar\\\/\"},{\"@type\":\"ListItem\",\"position\":2,\"name\":\"Ganader\u00eda: M\u00e1s all\u00e1 de las coyunturas, el negocio va a ser pr\u00f3spero.\"}]},{\"@type\":\"WebSite\",\"@id\":\"https:\\\/\\\/proagrolab.com.ar\\\/#website\",\"url\":\"https:\\\/\\\/proagrolab.com.ar\\\/\",\"name\":\"Proagro Laboratorio Veterinario\",\"description\":\"Veterinary laboratory\",\"publisher\":{\"@id\":\"https:\\\/\\\/proagrolab.com.ar\\\/#organization\"},\"potentialAction\":[{\"@type\":\"SearchAction\",\"target\":{\"@type\":\"EntryPoint\",\"urlTemplate\":\"https:\\\/\\\/proagrolab.com.ar\\\/?s={search_term_string}\"},\"query-input\":{\"@type\":\"PropertyValueSpecification\",\"valueRequired\":true,\"valueName\":\"search_term_string\"}}],\"inLanguage\":\"en-US\"},{\"@type\":\"Organization\",\"@id\":\"https:\\\/\\\/proagrolab.com.ar\\\/#organization\",\"name\":\"Proagro\",\"url\":\"https:\\\/\\\/proagrolab.com.ar\\\/\",\"logo\":{\"@type\":\"ImageObject\",\"inLanguage\":\"en-US\",\"@id\":\"https:\\\/\\\/proagrolab.com.ar\\\/#\\\/schema\\\/logo\\\/image\\\/\",\"url\":\"https:\\\/\\\/proagrolab.com.ar\\\/wp-content\\\/uploads\\\/2020\\\/04\\\/logo-retina.png\",\"contentUrl\":\"https:\\\/\\\/proagrolab.com.ar\\\/wp-content\\\/uploads\\\/2020\\\/04\\\/logo-retina.png\",\"width\":478,\"height\":120,\"caption\":\"Proagro\"},\"image\":{\"@id\":\"https:\\\/\\\/proagrolab.com.ar\\\/#\\\/schema\\\/logo\\\/image\\\/\"},\"sameAs\":[\"http:\\\/\\\/www.facebook.com\\\/proagrolab\",\"https:\\\/\\\/www.instagram.com\\\/proagrolab\\\/\",\"https:\\\/\\\/www.linkedin.com\\\/company\\\/laboratorio-proagro-s-a\\\/\"]},{\"@type\":\"Person\",\"@id\":\"https:\\\/\\\/proagrolab.com.ar\\\/#\\\/schema\\\/person\\\/38003ff90bf80381f71c7d922d207444\",\"name\":\"proagrolab\"}]}<\/script>\n<!-- \/ Yoast SEO plugin. -->","yoast_head_json":{"title":"Ganader\u00eda: M\u00e1s all\u00e1 de las coyunturas, el negocio va a ser pr\u00f3spero. | Proagro","robots":{"index":"index","follow":"follow","max-snippet":"max-snippet:-1","max-image-preview":"max-image-preview:large","max-video-preview":"max-video-preview:-1"},"canonical":"https:\/\/proagrolab.com.ar\/en\/ganaderia-mas-alla-de-las-coyunturas-el-negocio-va-a-ser-prospero\/","og_locale":"en_US","og_type":"article","og_title":"Ganader\u00eda: M\u00e1s all\u00e1 de las coyunturas, el negocio va a ser pr\u00f3spero. | Proagro","og_description":"Jorge Torelli, Consejero del Instituto, disert\u00f3 sobre las distintas acciones que lleva a cabo el IPCVA vinculadas a la producci\u00f3n ganadera en el NEA y expuso la agenda de trabajo del Instituto en una de las jornadas del congreso que estuvo exclusivamente dedicada a la producci\u00f3n silvopastoril, con participaci\u00f3n de t\u00e9cnicos nacionales y extranjeros. En su presentaci\u00f3n, Torelli mencion\u00f3 algunos proyectos financiados por el IPCVA, como \u0093Intensificaci\u00f3n de la producci\u00f3n ganadera en sistemas silvopastoriles con salic\u00e1ceas en humedales del Delta del Paran\u00e1\u0094 (realizado por la Facultad de Ciencias Agrarias de la Universidad Nacional de Lomas de Zamora) y \u0093Efecto del rolado de baja intensidad sobre los \u00edndices de procreo en sistemas silvopastoriles del noreste de la provincia de Santiago del Estero\u0094 (convenio INTA-IPCVA). Tambi\u00e9n se refiri\u00f3 a las actividades de capacitaci\u00f3n que realiz\u00f3 el IPCVA en el NEA con el objetivo de demostrar los beneficios de los sistemas silvopastoriles, como las dos jornadas a campo de Misiones o los seminarios regionales que se llevaron a cabo en las ciudades de Puerto Iguaz\u00fa y Formosa. Finalmente, Torelli se refiri\u00f3 al futuro de la actividad ganadera y asegur\u00f3 que, m\u00e1s all\u00e1 de las coyunturas, el negocio va a ser pr\u00f3spero, dado el [&hellip;]","og_url":"https:\/\/proagrolab.com.ar\/ganaderia-mas-alla-de-las-coyunturas-el-negocio-va-a-ser-prospero\/","og_site_name":"Proagro","article_publisher":"http:\/\/www.facebook.com\/proagrolab","article_published_time":"2013-09-30T00:00:01+00:00","og_image":[{"width":450,"height":208,"url":"https:\/\/proagrolab.com.ar\/wp-content\/uploads\/2015\/01\/g_lip9kudmz__Jorge-Torelli-2.jpg","type":"image\/jpeg"}],"author":"proagrolab","twitter_card":"summary_large_image","twitter_misc":{"Written by":"proagrolab","Est. reading time":"2 minutes"},"schema":{"@context":"https:\/\/schema.org","@graph":[{"@type":"Article","@id":"https:\/\/proagrolab.com.ar\/ganaderia-mas-alla-de-las-coyunturas-el-negocio-va-a-ser-prospero\/#article","isPartOf":{"@id":"https:\/\/proagrolab.com.ar\/ganaderia-mas-alla-de-las-coyunturas-el-negocio-va-a-ser-prospero\/"},"author":{"name":"proagrolab","@id":"https:\/\/proagrolab.com.ar\/#\/schema\/person\/38003ff90bf80381f71c7d922d207444"},"headline":"Ganader\u00eda: M\u00e1s all\u00e1 de las coyunturas, el negocio va a ser pr\u00f3spero.","datePublished":"2013-09-30T00:00:01+00:00","mainEntityOfPage":{"@id":"https:\/\/proagrolab.com.ar\/ganaderia-mas-alla-de-las-coyunturas-el-negocio-va-a-ser-prospero\/"},"wordCount":386,"publisher":{"@id":"https:\/\/proagrolab.com.ar\/#organization"},"image":{"@id":"https:\/\/proagrolab.com.ar\/ganaderia-mas-alla-de-las-coyunturas-el-negocio-va-a-ser-prospero\/#primaryimage"},"thumbnailUrl":"https:\/\/proagrolab.com.ar\/wp-content\/uploads\/2015\/01\/g_lip9kudmz__Jorge-Torelli-2.jpg","articleSection":["News"],"inLanguage":"en-US"},{"@type":"WebPage","@id":"https:\/\/proagrolab.com.ar\/ganaderia-mas-alla-de-las-coyunturas-el-negocio-va-a-ser-prospero\/","url":"https:\/\/proagrolab.com.ar\/ganaderia-mas-alla-de-las-coyunturas-el-negocio-va-a-ser-prospero\/","name":"Ganader\u00eda: M\u00e1s all\u00e1 de las coyunturas, el negocio va a ser pr\u00f3spero. | Proagro","isPartOf":{"@id":"https:\/\/proagrolab.com.ar\/#website"},"primaryImageOfPage":{"@id":"https:\/\/proagrolab.com.ar\/ganaderia-mas-alla-de-las-coyunturas-el-negocio-va-a-ser-prospero\/#primaryimage"},"image":{"@id":"https:\/\/proagrolab.com.ar\/ganaderia-mas-alla-de-las-coyunturas-el-negocio-va-a-ser-prospero\/#primaryimage"},"thumbnailUrl":"https:\/\/proagrolab.com.ar\/wp-content\/uploads\/2015\/01\/g_lip9kudmz__Jorge-Torelli-2.jpg","datePublished":"2013-09-30T00:00:01+00:00","breadcrumb":{"@id":"https:\/\/proagrolab.com.ar\/ganaderia-mas-alla-de-las-coyunturas-el-negocio-va-a-ser-prospero\/#breadcrumb"},"inLanguage":"en-US","potentialAction":[{"@type":"ReadAction","target":["https:\/\/proagrolab.com.ar\/ganaderia-mas-alla-de-las-coyunturas-el-negocio-va-a-ser-prospero\/"]}]},{"@type":"ImageObject","inLanguage":"en-US","@id":"https:\/\/proagrolab.com.ar\/ganaderia-mas-alla-de-las-coyunturas-el-negocio-va-a-ser-prospero\/#primaryimage","url":"https:\/\/proagrolab.com.ar\/wp-content\/uploads\/2015\/01\/g_lip9kudmz__Jorge-Torelli-2.jpg","contentUrl":"https:\/\/proagrolab.com.ar\/wp-content\/uploads\/2015\/01\/g_lip9kudmz__Jorge-Torelli-2.jpg","width":450,"height":208},{"@type":"BreadcrumbList","@id":"https:\/\/proagrolab.com.ar\/ganaderia-mas-alla-de-las-coyunturas-el-negocio-va-a-ser-prospero\/#breadcrumb","itemListElement":[{"@type":"ListItem","position":1,"name":"Portada","item":"https:\/\/proagrolab.com.ar\/"},{"@type":"ListItem","position":2,"name":"Ganader\u00eda: M\u00e1s all\u00e1 de las coyunturas, el negocio va a ser pr\u00f3spero."}]},{"@type":"WebSite","@id":"https:\/\/proagrolab.com.ar\/#website","url":"https:\/\/proagrolab.com.ar\/","name":"Proagro Laboratorio Veterinario","description":"Veterinary laboratory","publisher":{"@id":"https:\/\/proagrolab.com.ar\/#organization"},"potentialAction":[{"@type":"SearchAction","target":{"@type":"EntryPoint","urlTemplate":"https:\/\/proagrolab.com.ar\/?s={search_term_string}"},"query-input":{"@type":"PropertyValueSpecification","valueRequired":true,"valueName":"search_term_string"}}],"inLanguage":"en-US"},{"@type":"Organization","@id":"https:\/\/proagrolab.com.ar\/#organization","name":"Proagro","url":"https:\/\/proagrolab.com.ar\/","logo":{"@type":"ImageObject","inLanguage":"en-US","@id":"https:\/\/proagrolab.com.ar\/#\/schema\/logo\/image\/","url":"https:\/\/proagrolab.com.ar\/wp-content\/uploads\/2020\/04\/logo-retina.png","contentUrl":"https:\/\/proagrolab.com.ar\/wp-content\/uploads\/2020\/04\/logo-retina.png","width":478,"height":120,"caption":"Proagro"},"image":{"@id":"https:\/\/proagrolab.com.ar\/#\/schema\/logo\/image\/"},"sameAs":["http:\/\/www.facebook.com\/proagrolab","https:\/\/www.instagram.com\/proagrolab\/","https:\/\/www.linkedin.com\/company\/laboratorio-proagro-s-a\/"]},{"@type":"Person","@id":"https:\/\/proagrolab.com.ar\/#\/schema\/person\/38003ff90bf80381f71c7d922d207444","name":"proagrolab"}]}},"_links":{"self":[{"href":"https:\/\/proagrolab.com.ar\/en\/wp-json\/wp\/v2\/posts\/5716","targetHints":{"allow":["GET"]}}],"collection":[{"href":"https:\/\/proagrolab.com.ar\/en\/wp-json\/wp\/v2\/posts"}],"about":[{"href":"https:\/\/proagrolab.com.ar\/en\/wp-json\/wp\/v2\/types\/post"}],"author":[{"embeddable":true,"href":"https:\/\/proagrolab.com.ar\/en\/wp-json\/wp\/v2\/users\/2"}],"replies":[{"embeddable":true,"href":"https:\/\/proagrolab.com.ar\/en\/wp-json\/wp\/v2\/comments?post=5716"}],"version-history":[{"count":0,"href":"https:\/\/proagrolab.com.ar\/en\/wp-json\/wp\/v2\/posts\/5716\/revisions"}],"wp:featuredmedia":[{"embeddable":true,"href":"https:\/\/proagrolab.com.ar\/en\/wp-json\/wp\/v2\/media\/2205"}],"wp:attachment":[{"href":"https:\/\/proagrolab.com.ar\/en\/wp-json\/wp\/v2\/media?parent=5716"}],"wp:term":[{"taxonomy":"category","embeddable":true,"href":"https:\/\/proagrolab.com.ar\/en\/wp-json\/wp\/v2\/categories?post=5716"},{"taxonomy":"post_tag","embeddable":true,"href":"https:\/\/proagrolab.com.ar\/en\/wp-json\/wp\/v2\/tags?post=5716"}],"curies":[{"name":"wp","href":"https:\/\/api.w.org\/{rel}","templated":true}]}}