{"id":5714,"date":"2013-09-30T00:00:01","date_gmt":"2013-09-30T00:00:01","guid":{"rendered":"https:\/\/proagrolab.com.ar\/buzzi-anuncio-un-plan-de-lucha-agropecuario\/"},"modified":"2013-09-30T00:00:01","modified_gmt":"2013-09-30T00:00:01","slug":"buzzi-anuncio-un-plan-de-lucha-agropecuario","status":"publish","type":"post","link":"https:\/\/proagrolab.com.ar\/en\/buzzi-anuncio-un-plan-de-lucha-agropecuario\/","title":{"rendered":"Buzzi anunci\u00f3 un plan de lucha agropecuario."},"content":{"rendered":"<p class=\"qtranxs-available-languages-message qtranxs-available-languages-message-en\"> <\/p><p>SANTA FE.- Eduardo Buzzi, nacido en la localidad de J.B. Molinas, en el sur de la provincia, presidir\u00e1 la Federaci\u00f3n Agraria Argentina (FAA) por otro a\u00f1o (asumi\u00f3 en 2000), despu\u00e9s de obtener el 90% de los votos de los delegados que asistieron en Rosario al 101er. congreso anual. Lo secundar\u00e1n Julio Curr\u00e1s y Ariel Toselli, como vicepresidentes primero y segundo, respectivamente. <\/p>\n<p>Los sectores opositores no se presentaron a la elecci\u00f3n y objetaron la transparencia de la asamblea. Los productores reunidos en las agrupaciones Francisco Netri -promotora de una demanda judicial contra el jefe de FAA- junto a L\u00ednea Federal, de Entre R\u00edos, y Grito de Alcorta, entre otras, decidieron no participar de la elecci\u00f3n que se desarroll\u00f3 el jueves y viernes en el Patio de la Madera. El argumento que expusieron fue la falta de transparencia en la votaci\u00f3n. &#8220;La decisi\u00f3n pol\u00edtica de la abstenci\u00f3n es el resultado de los mecanismos irregulares de incorporaci\u00f3n de 24 entidades consideras truchas, que deriv\u00f3 en una demanda judicial a principios de septiembre&#8221;, se\u00f1alaron en un comunicado los opositores. Luego de la reelecci\u00f3n, y ante unos 2000 delegados de todo el pa\u00eds, Buzzi dio un discurso en el Patio de la Madera, donde anunci\u00f3 el inicio de un plan de lucha. &#8220;Vamos a movilizarnos junto a otros sectores el pr\u00f3ximo 20 de noviembre para denunciar un modelo que no s\u00f3lo es devastador para los peque\u00f1os y medianos productores, sino que adem\u00e1s les sigue dando negocios a las multinacionales&#8221;, afirm\u00f3 Buzzi.<\/p>\n<p>Fuente: La Naci\u00f3n, 30 de septiembre.<br \/><\/p>","protected":false},"excerpt":{"rendered":"<p>SANTA FE.- Eduardo Buzzi, nacido en la localidad de J.B. Molinas, en el sur de la provincia, presidir\u00e1 la Federaci\u00f3n Agraria Argentina (FAA) por otro a\u00f1o (asumi\u00f3 en 2000), despu\u00e9s de obtener el 90% de los votos de los delegados que asistieron en Rosario al 101er. congreso anual. Lo secundar\u00e1n Julio Curr\u00e1s y Ariel Toselli, como vicepresidentes primero y segundo, respectivamente. Los sectores opositores no se presentaron a la elecci\u00f3n y objetaron la transparencia de la asamblea. Los productores reunidos en las agrupaciones Francisco Netri -promotora de una demanda judicial contra el jefe de FAA- junto a L\u00ednea Federal, de Entre R\u00edos, y Grito de Alcorta, entre otras, decidieron no participar de la elecci\u00f3n que se desarroll\u00f3 el jueves y viernes en el Patio de la Madera. El argumento que expusieron fue la falta de transparencia en la votaci\u00f3n. &#8220;La decisi\u00f3n pol\u00edtica de la abstenci\u00f3n es el resultado de los mecanismos irregulares de incorporaci\u00f3n de 24 entidades consideras truchas, que deriv\u00f3 en una demanda judicial a principios de septiembre&#8221;, se\u00f1alaron en un comunicado los opositores. Luego de la reelecci\u00f3n, y ante unos 2000 delegados de todo el pa\u00eds, Buzzi dio un discurso en el Patio de la Madera, donde anunci\u00f3 [&hellip;]<\/p>\n","protected":false},"author":2,"featured_media":2203,"comment_status":"closed","ping_status":"open","sticky":false,"template":"","format":"standard","meta":{"_acf_changed":false,"footnotes":""},"categories":[56],"tags":[],"class_list":["post-5714","post","type-post","status-publish","format-standard","has-post-thumbnail","hentry","category-infoganadero"],"acf":[],"yoast_head":"<!-- This site is optimized with the Yoast SEO plugin v27.5 - https:\/\/yoast.com\/product\/yoast-seo-wordpress\/ -->\n<title>Buzzi anunci\u00f3 un plan de lucha agropecuario. | Proagro<\/title>\n<meta name=\"robots\" content=\"index, follow, max-snippet:-1, max-image-preview:large, max-video-preview:-1\" \/>\n<link rel=\"canonical\" href=\"https:\/\/proagrolab.com.ar\/en\/buzzi-anuncio-un-plan-de-lucha-agropecuario\/\" \/>\n<meta property=\"og:locale\" content=\"en_US\" \/>\n<meta property=\"og:type\" content=\"article\" \/>\n<meta property=\"og:title\" content=\"Buzzi anunci\u00f3 un plan de lucha agropecuario. | Proagro\" \/>\n<meta property=\"og:description\" content=\"SANTA FE.- Eduardo Buzzi, nacido en la localidad de J.B. Molinas, en el sur de la provincia, presidir\u00e1 la Federaci\u00f3n Agraria Argentina (FAA) por otro a\u00f1o (asumi\u00f3 en 2000), despu\u00e9s de obtener el 90% de los votos de los delegados que asistieron en Rosario al 101er. congreso anual. Lo secundar\u00e1n Julio Curr\u00e1s y Ariel Toselli, como vicepresidentes primero y segundo, respectivamente. Los sectores opositores no se presentaron a la elecci\u00f3n y objetaron la transparencia de la asamblea. Los productores reunidos en las agrupaciones Francisco Netri -promotora de una demanda judicial contra el jefe de FAA- junto a L\u00ednea Federal, de Entre R\u00edos, y Grito de Alcorta, entre otras, decidieron no participar de la elecci\u00f3n que se desarroll\u00f3 el jueves y viernes en el Patio de la Madera. El argumento que expusieron fue la falta de transparencia en la votaci\u00f3n. &#8220;La decisi\u00f3n pol\u00edtica de la abstenci\u00f3n es el resultado de los mecanismos irregulares de incorporaci\u00f3n de 24 entidades consideras truchas, que deriv\u00f3 en una demanda judicial a principios de septiembre&#8221;, se\u00f1alaron en un comunicado los opositores. Luego de la reelecci\u00f3n, y ante unos 2000 delegados de todo el pa\u00eds, Buzzi dio un discurso en el Patio de la Madera, donde anunci\u00f3 [&hellip;]\" \/>\n<meta property=\"og:url\" content=\"https:\/\/proagrolab.com.ar\/buzzi-anuncio-un-plan-de-lucha-agropecuario\/\" \/>\n<meta property=\"og:site_name\" content=\"Proagro\" \/>\n<meta property=\"article:publisher\" content=\"http:\/\/www.facebook.com\/proagrolab\" \/>\n<meta property=\"article:published_time\" content=\"2013-09-30T00:00:01+00:00\" \/>\n<meta property=\"og:image\" content=\"https:\/\/proagrolab.com.ar\/wp-content\/uploads\/2015\/01\/g_0lj972kee__Buzzi.jpg\" \/>\n\t<meta property=\"og:image:width\" content=\"450\" \/>\n\t<meta property=\"og:image:height\" content=\"208\" \/>\n\t<meta property=\"og:image:type\" content=\"image\/jpeg\" \/>\n<meta name=\"author\" content=\"proagrolab\" \/>\n<meta name=\"twitter:card\" content=\"summary_large_image\" \/>\n<meta name=\"twitter:label1\" content=\"Written by\" \/>\n\t<meta name=\"twitter:data1\" content=\"proagrolab\" \/>\n\t<meta name=\"twitter:label2\" content=\"Est. reading time\" \/>\n\t<meta name=\"twitter:data2\" content=\"1 minute\" \/>\n<script type=\"application\/ld+json\" class=\"yoast-schema-graph\">{\"@context\":\"https:\\\/\\\/schema.org\",\"@graph\":[{\"@type\":\"Article\",\"@id\":\"https:\\\/\\\/proagrolab.com.ar\\\/buzzi-anuncio-un-plan-de-lucha-agropecuario\\\/#article\",\"isPartOf\":{\"@id\":\"https:\\\/\\\/proagrolab.com.ar\\\/buzzi-anuncio-un-plan-de-lucha-agropecuario\\\/\"},\"author\":{\"name\":\"proagrolab\",\"@id\":\"https:\\\/\\\/proagrolab.com.ar\\\/#\\\/schema\\\/person\\\/38003ff90bf80381f71c7d922d207444\"},\"headline\":\"Buzzi anunci\u00f3 un plan de lucha agropecuario.\",\"datePublished\":\"2013-09-30T00:00:01+00:00\",\"mainEntityOfPage\":{\"@id\":\"https:\\\/\\\/proagrolab.com.ar\\\/buzzi-anuncio-un-plan-de-lucha-agropecuario\\\/\"},\"wordCount\":277,\"publisher\":{\"@id\":\"https:\\\/\\\/proagrolab.com.ar\\\/#organization\"},\"image\":{\"@id\":\"https:\\\/\\\/proagrolab.com.ar\\\/buzzi-anuncio-un-plan-de-lucha-agropecuario\\\/#primaryimage\"},\"thumbnailUrl\":\"https:\\\/\\\/proagrolab.com.ar\\\/wp-content\\\/uploads\\\/2015\\\/01\\\/g_0lj972kee__Buzzi.jpg\",\"articleSection\":[\"News\"],\"inLanguage\":\"en-US\"},{\"@type\":\"WebPage\",\"@id\":\"https:\\\/\\\/proagrolab.com.ar\\\/buzzi-anuncio-un-plan-de-lucha-agropecuario\\\/\",\"url\":\"https:\\\/\\\/proagrolab.com.ar\\\/buzzi-anuncio-un-plan-de-lucha-agropecuario\\\/\",\"name\":\"Buzzi anunci\u00f3 un plan de lucha agropecuario. | Proagro\",\"isPartOf\":{\"@id\":\"https:\\\/\\\/proagrolab.com.ar\\\/#website\"},\"primaryImageOfPage\":{\"@id\":\"https:\\\/\\\/proagrolab.com.ar\\\/buzzi-anuncio-un-plan-de-lucha-agropecuario\\\/#primaryimage\"},\"image\":{\"@id\":\"https:\\\/\\\/proagrolab.com.ar\\\/buzzi-anuncio-un-plan-de-lucha-agropecuario\\\/#primaryimage\"},\"thumbnailUrl\":\"https:\\\/\\\/proagrolab.com.ar\\\/wp-content\\\/uploads\\\/2015\\\/01\\\/g_0lj972kee__Buzzi.jpg\",\"datePublished\":\"2013-09-30T00:00:01+00:00\",\"breadcrumb\":{\"@id\":\"https:\\\/\\\/proagrolab.com.ar\\\/buzzi-anuncio-un-plan-de-lucha-agropecuario\\\/#breadcrumb\"},\"inLanguage\":\"en-US\",\"potentialAction\":[{\"@type\":\"ReadAction\",\"target\":[\"https:\\\/\\\/proagrolab.com.ar\\\/buzzi-anuncio-un-plan-de-lucha-agropecuario\\\/\"]}]},{\"@type\":\"ImageObject\",\"inLanguage\":\"en-US\",\"@id\":\"https:\\\/\\\/proagrolab.com.ar\\\/buzzi-anuncio-un-plan-de-lucha-agropecuario\\\/#primaryimage\",\"url\":\"https:\\\/\\\/proagrolab.com.ar\\\/wp-content\\\/uploads\\\/2015\\\/01\\\/g_0lj972kee__Buzzi.jpg\",\"contentUrl\":\"https:\\\/\\\/proagrolab.com.ar\\\/wp-content\\\/uploads\\\/2015\\\/01\\\/g_0lj972kee__Buzzi.jpg\",\"width\":450,\"height\":208},{\"@type\":\"BreadcrumbList\",\"@id\":\"https:\\\/\\\/proagrolab.com.ar\\\/buzzi-anuncio-un-plan-de-lucha-agropecuario\\\/#breadcrumb\",\"itemListElement\":[{\"@type\":\"ListItem\",\"position\":1,\"name\":\"Portada\",\"item\":\"https:\\\/\\\/proagrolab.com.ar\\\/\"},{\"@type\":\"ListItem\",\"position\":2,\"name\":\"Buzzi anunci\u00f3 un plan de lucha agropecuario.\"}]},{\"@type\":\"WebSite\",\"@id\":\"https:\\\/\\\/proagrolab.com.ar\\\/#website\",\"url\":\"https:\\\/\\\/proagrolab.com.ar\\\/\",\"name\":\"Proagro Laboratorio Veterinario\",\"description\":\"Veterinary laboratory\",\"publisher\":{\"@id\":\"https:\\\/\\\/proagrolab.com.ar\\\/#organization\"},\"potentialAction\":[{\"@type\":\"SearchAction\",\"target\":{\"@type\":\"EntryPoint\",\"urlTemplate\":\"https:\\\/\\\/proagrolab.com.ar\\\/?s={search_term_string}\"},\"query-input\":{\"@type\":\"PropertyValueSpecification\",\"valueRequired\":true,\"valueName\":\"search_term_string\"}}],\"inLanguage\":\"en-US\"},{\"@type\":\"Organization\",\"@id\":\"https:\\\/\\\/proagrolab.com.ar\\\/#organization\",\"name\":\"Proagro\",\"url\":\"https:\\\/\\\/proagrolab.com.ar\\\/\",\"logo\":{\"@type\":\"ImageObject\",\"inLanguage\":\"en-US\",\"@id\":\"https:\\\/\\\/proagrolab.com.ar\\\/#\\\/schema\\\/logo\\\/image\\\/\",\"url\":\"https:\\\/\\\/proagrolab.com.ar\\\/wp-content\\\/uploads\\\/2020\\\/04\\\/logo-retina.png\",\"contentUrl\":\"https:\\\/\\\/proagrolab.com.ar\\\/wp-content\\\/uploads\\\/2020\\\/04\\\/logo-retina.png\",\"width\":478,\"height\":120,\"caption\":\"Proagro\"},\"image\":{\"@id\":\"https:\\\/\\\/proagrolab.com.ar\\\/#\\\/schema\\\/logo\\\/image\\\/\"},\"sameAs\":[\"http:\\\/\\\/www.facebook.com\\\/proagrolab\",\"https:\\\/\\\/www.instagram.com\\\/proagrolab\\\/\",\"https:\\\/\\\/www.linkedin.com\\\/company\\\/laboratorio-proagro-s-a\\\/\"]},{\"@type\":\"Person\",\"@id\":\"https:\\\/\\\/proagrolab.com.ar\\\/#\\\/schema\\\/person\\\/38003ff90bf80381f71c7d922d207444\",\"name\":\"proagrolab\"}]}<\/script>\n<!-- \/ Yoast SEO plugin. -->","yoast_head_json":{"title":"Buzzi anunci\u00f3 un plan de lucha agropecuario. | Proagro","robots":{"index":"index","follow":"follow","max-snippet":"max-snippet:-1","max-image-preview":"max-image-preview:large","max-video-preview":"max-video-preview:-1"},"canonical":"https:\/\/proagrolab.com.ar\/en\/buzzi-anuncio-un-plan-de-lucha-agropecuario\/","og_locale":"en_US","og_type":"article","og_title":"Buzzi anunci\u00f3 un plan de lucha agropecuario. | Proagro","og_description":"SANTA FE.- Eduardo Buzzi, nacido en la localidad de J.B. Molinas, en el sur de la provincia, presidir\u00e1 la Federaci\u00f3n Agraria Argentina (FAA) por otro a\u00f1o (asumi\u00f3 en 2000), despu\u00e9s de obtener el 90% de los votos de los delegados que asistieron en Rosario al 101er. congreso anual. Lo secundar\u00e1n Julio Curr\u00e1s y Ariel Toselli, como vicepresidentes primero y segundo, respectivamente. Los sectores opositores no se presentaron a la elecci\u00f3n y objetaron la transparencia de la asamblea. Los productores reunidos en las agrupaciones Francisco Netri -promotora de una demanda judicial contra el jefe de FAA- junto a L\u00ednea Federal, de Entre R\u00edos, y Grito de Alcorta, entre otras, decidieron no participar de la elecci\u00f3n que se desarroll\u00f3 el jueves y viernes en el Patio de la Madera. El argumento que expusieron fue la falta de transparencia en la votaci\u00f3n. &#8220;La decisi\u00f3n pol\u00edtica de la abstenci\u00f3n es el resultado de los mecanismos irregulares de incorporaci\u00f3n de 24 entidades consideras truchas, que deriv\u00f3 en una demanda judicial a principios de septiembre&#8221;, se\u00f1alaron en un comunicado los opositores. Luego de la reelecci\u00f3n, y ante unos 2000 delegados de todo el pa\u00eds, Buzzi dio un discurso en el Patio de la Madera, donde anunci\u00f3 [&hellip;]","og_url":"https:\/\/proagrolab.com.ar\/buzzi-anuncio-un-plan-de-lucha-agropecuario\/","og_site_name":"Proagro","article_publisher":"http:\/\/www.facebook.com\/proagrolab","article_published_time":"2013-09-30T00:00:01+00:00","og_image":[{"width":450,"height":208,"url":"https:\/\/proagrolab.com.ar\/wp-content\/uploads\/2015\/01\/g_0lj972kee__Buzzi.jpg","type":"image\/jpeg"}],"author":"proagrolab","twitter_card":"summary_large_image","twitter_misc":{"Written by":"proagrolab","Est. reading time":"1 minute"},"schema":{"@context":"https:\/\/schema.org","@graph":[{"@type":"Article","@id":"https:\/\/proagrolab.com.ar\/buzzi-anuncio-un-plan-de-lucha-agropecuario\/#article","isPartOf":{"@id":"https:\/\/proagrolab.com.ar\/buzzi-anuncio-un-plan-de-lucha-agropecuario\/"},"author":{"name":"proagrolab","@id":"https:\/\/proagrolab.com.ar\/#\/schema\/person\/38003ff90bf80381f71c7d922d207444"},"headline":"Buzzi anunci\u00f3 un plan de lucha agropecuario.","datePublished":"2013-09-30T00:00:01+00:00","mainEntityOfPage":{"@id":"https:\/\/proagrolab.com.ar\/buzzi-anuncio-un-plan-de-lucha-agropecuario\/"},"wordCount":277,"publisher":{"@id":"https:\/\/proagrolab.com.ar\/#organization"},"image":{"@id":"https:\/\/proagrolab.com.ar\/buzzi-anuncio-un-plan-de-lucha-agropecuario\/#primaryimage"},"thumbnailUrl":"https:\/\/proagrolab.com.ar\/wp-content\/uploads\/2015\/01\/g_0lj972kee__Buzzi.jpg","articleSection":["News"],"inLanguage":"en-US"},{"@type":"WebPage","@id":"https:\/\/proagrolab.com.ar\/buzzi-anuncio-un-plan-de-lucha-agropecuario\/","url":"https:\/\/proagrolab.com.ar\/buzzi-anuncio-un-plan-de-lucha-agropecuario\/","name":"Buzzi anunci\u00f3 un plan de lucha agropecuario. | Proagro","isPartOf":{"@id":"https:\/\/proagrolab.com.ar\/#website"},"primaryImageOfPage":{"@id":"https:\/\/proagrolab.com.ar\/buzzi-anuncio-un-plan-de-lucha-agropecuario\/#primaryimage"},"image":{"@id":"https:\/\/proagrolab.com.ar\/buzzi-anuncio-un-plan-de-lucha-agropecuario\/#primaryimage"},"thumbnailUrl":"https:\/\/proagrolab.com.ar\/wp-content\/uploads\/2015\/01\/g_0lj972kee__Buzzi.jpg","datePublished":"2013-09-30T00:00:01+00:00","breadcrumb":{"@id":"https:\/\/proagrolab.com.ar\/buzzi-anuncio-un-plan-de-lucha-agropecuario\/#breadcrumb"},"inLanguage":"en-US","potentialAction":[{"@type":"ReadAction","target":["https:\/\/proagrolab.com.ar\/buzzi-anuncio-un-plan-de-lucha-agropecuario\/"]}]},{"@type":"ImageObject","inLanguage":"en-US","@id":"https:\/\/proagrolab.com.ar\/buzzi-anuncio-un-plan-de-lucha-agropecuario\/#primaryimage","url":"https:\/\/proagrolab.com.ar\/wp-content\/uploads\/2015\/01\/g_0lj972kee__Buzzi.jpg","contentUrl":"https:\/\/proagrolab.com.ar\/wp-content\/uploads\/2015\/01\/g_0lj972kee__Buzzi.jpg","width":450,"height":208},{"@type":"BreadcrumbList","@id":"https:\/\/proagrolab.com.ar\/buzzi-anuncio-un-plan-de-lucha-agropecuario\/#breadcrumb","itemListElement":[{"@type":"ListItem","position":1,"name":"Portada","item":"https:\/\/proagrolab.com.ar\/"},{"@type":"ListItem","position":2,"name":"Buzzi anunci\u00f3 un plan de lucha agropecuario."}]},{"@type":"WebSite","@id":"https:\/\/proagrolab.com.ar\/#website","url":"https:\/\/proagrolab.com.ar\/","name":"Proagro Laboratorio Veterinario","description":"Veterinary laboratory","publisher":{"@id":"https:\/\/proagrolab.com.ar\/#organization"},"potentialAction":[{"@type":"SearchAction","target":{"@type":"EntryPoint","urlTemplate":"https:\/\/proagrolab.com.ar\/?s={search_term_string}"},"query-input":{"@type":"PropertyValueSpecification","valueRequired":true,"valueName":"search_term_string"}}],"inLanguage":"en-US"},{"@type":"Organization","@id":"https:\/\/proagrolab.com.ar\/#organization","name":"Proagro","url":"https:\/\/proagrolab.com.ar\/","logo":{"@type":"ImageObject","inLanguage":"en-US","@id":"https:\/\/proagrolab.com.ar\/#\/schema\/logo\/image\/","url":"https:\/\/proagrolab.com.ar\/wp-content\/uploads\/2020\/04\/logo-retina.png","contentUrl":"https:\/\/proagrolab.com.ar\/wp-content\/uploads\/2020\/04\/logo-retina.png","width":478,"height":120,"caption":"Proagro"},"image":{"@id":"https:\/\/proagrolab.com.ar\/#\/schema\/logo\/image\/"},"sameAs":["http:\/\/www.facebook.com\/proagrolab","https:\/\/www.instagram.com\/proagrolab\/","https:\/\/www.linkedin.com\/company\/laboratorio-proagro-s-a\/"]},{"@type":"Person","@id":"https:\/\/proagrolab.com.ar\/#\/schema\/person\/38003ff90bf80381f71c7d922d207444","name":"proagrolab"}]}},"_links":{"self":[{"href":"https:\/\/proagrolab.com.ar\/en\/wp-json\/wp\/v2\/posts\/5714","targetHints":{"allow":["GET"]}}],"collection":[{"href":"https:\/\/proagrolab.com.ar\/en\/wp-json\/wp\/v2\/posts"}],"about":[{"href":"https:\/\/proagrolab.com.ar\/en\/wp-json\/wp\/v2\/types\/post"}],"author":[{"embeddable":true,"href":"https:\/\/proagrolab.com.ar\/en\/wp-json\/wp\/v2\/users\/2"}],"replies":[{"embeddable":true,"href":"https:\/\/proagrolab.com.ar\/en\/wp-json\/wp\/v2\/comments?post=5714"}],"version-history":[{"count":0,"href":"https:\/\/proagrolab.com.ar\/en\/wp-json\/wp\/v2\/posts\/5714\/revisions"}],"wp:featuredmedia":[{"embeddable":true,"href":"https:\/\/proagrolab.com.ar\/en\/wp-json\/wp\/v2\/media\/2203"}],"wp:attachment":[{"href":"https:\/\/proagrolab.com.ar\/en\/wp-json\/wp\/v2\/media?parent=5714"}],"wp:term":[{"taxonomy":"category","embeddable":true,"href":"https:\/\/proagrolab.com.ar\/en\/wp-json\/wp\/v2\/categories?post=5714"},{"taxonomy":"post_tag","embeddable":true,"href":"https:\/\/proagrolab.com.ar\/en\/wp-json\/wp\/v2\/tags?post=5714"}],"curies":[{"name":"wp","href":"https:\/\/api.w.org\/{rel}","templated":true}]}}