{"id":5713,"date":"2013-09-27T00:00:01","date_gmt":"2013-09-27T00:00:01","guid":{"rendered":"https:\/\/proagrolab.com.ar\/se-esperan-lluvias-para-el-fin-de-semana\/"},"modified":"2013-09-27T00:00:01","modified_gmt":"2013-09-27T00:00:01","slug":"se-esperan-lluvias-para-el-fin-de-semana","status":"publish","type":"post","link":"https:\/\/proagrolab.com.ar\/en\/se-esperan-lluvias-para-el-fin-de-semana\/","title":{"rendered":"Se esperan lluvias para el fin de semana."},"content":{"rendered":"<p class=\"qtranxs-available-languages-message qtranxs-available-languages-message-en\"> <\/p><p>Los vientos del sector norte provocar\u00e1n temperaturas m\u00e1ximas superiores a lo normal para la \u00e9poca, en el norte del \u00e1rea agr\u00edcola, mientras que el centro y el sur registrar\u00e1n valores moderados.<\/p>\n<p>Hacia el fin de semana, se producir\u00e1 el paso de un frente de tormenta, que producir\u00e1 precipitaciones dispersas, que se concentrar\u00e1n sobre el nordeste y el sudeste del \u00e1rea agr\u00edcola, mientras que la mayor parte de su extensi\u00f3n recibir\u00e1 valores escasos.<\/p>\n<p>Detr\u00e1s del frente, arribar\u00e1n vientos del sector sur, provocando un marcado descenso t\u00e9rmico en la mayor parte del \u00e1rea agr\u00edcola, con riesgo de heladas en todo el oeste y el sur de su extensi\u00f3n, seg\u00fan el informe clim\u00e1tico de la Bolsa de Cereales (BCBA).<\/p>\n<p>Fuente: On24 agro, 27 de septiembre.<br \/><\/p>","protected":false},"excerpt":{"rendered":"<p>Los vientos del sector norte provocar\u00e1n temperaturas m\u00e1ximas superiores a lo normal para la \u00e9poca, en el norte del \u00e1rea agr\u00edcola, mientras que el centro y el sur registrar\u00e1n valores moderados. Hacia el fin de semana, se producir\u00e1 el paso de un frente de tormenta, que producir\u00e1 precipitaciones dispersas, que se concentrar\u00e1n sobre el nordeste y el sudeste del \u00e1rea agr\u00edcola, mientras que la mayor parte de su extensi\u00f3n recibir\u00e1 valores escasos. Detr\u00e1s del frente, arribar\u00e1n vientos del sector sur, provocando un marcado descenso t\u00e9rmico en la mayor parte del \u00e1rea agr\u00edcola, con riesgo de heladas en todo el oeste y el sur de su extensi\u00f3n, seg\u00fan el informe clim\u00e1tico de la Bolsa de Cereales (BCBA). Fuente: On24 agro, 27 de septiembre.<\/p>\n","protected":false},"author":2,"featured_media":2202,"comment_status":"closed","ping_status":"open","sticky":false,"template":"","format":"standard","meta":{"_acf_changed":false,"footnotes":""},"categories":[56],"tags":[],"class_list":["post-5713","post","type-post","status-publish","format-standard","has-post-thumbnail","hentry","category-infoganadero"],"acf":[],"yoast_head":"<!-- This site is optimized with the Yoast SEO plugin v27.5 - https:\/\/yoast.com\/product\/yoast-seo-wordpress\/ -->\n<title>Se esperan lluvias para el fin de semana. | Proagro<\/title>\n<meta name=\"robots\" content=\"index, follow, max-snippet:-1, max-image-preview:large, max-video-preview:-1\" \/>\n<link rel=\"canonical\" href=\"https:\/\/proagrolab.com.ar\/en\/se-esperan-lluvias-para-el-fin-de-semana\/\" \/>\n<meta property=\"og:locale\" content=\"en_US\" \/>\n<meta property=\"og:type\" content=\"article\" \/>\n<meta property=\"og:title\" content=\"Se esperan lluvias para el fin de semana. | Proagro\" \/>\n<meta property=\"og:description\" content=\"Los vientos del sector norte provocar\u00e1n temperaturas m\u00e1ximas superiores a lo normal para la \u00e9poca, en el norte del \u00e1rea agr\u00edcola, mientras que el centro y el sur registrar\u00e1n valores moderados. Hacia el fin de semana, se producir\u00e1 el paso de un frente de tormenta, que producir\u00e1 precipitaciones dispersas, que se concentrar\u00e1n sobre el nordeste y el sudeste del \u00e1rea agr\u00edcola, mientras que la mayor parte de su extensi\u00f3n recibir\u00e1 valores escasos. Detr\u00e1s del frente, arribar\u00e1n vientos del sector sur, provocando un marcado descenso t\u00e9rmico en la mayor parte del \u00e1rea agr\u00edcola, con riesgo de heladas en todo el oeste y el sur de su extensi\u00f3n, seg\u00fan el informe clim\u00e1tico de la Bolsa de Cereales (BCBA). Fuente: On24 agro, 27 de septiembre.\" \/>\n<meta property=\"og:url\" content=\"https:\/\/proagrolab.com.ar\/se-esperan-lluvias-para-el-fin-de-semana\/\" \/>\n<meta property=\"og:site_name\" content=\"Proagro\" \/>\n<meta property=\"article:publisher\" content=\"http:\/\/www.facebook.com\/proagrolab\" \/>\n<meta property=\"article:published_time\" content=\"2013-09-27T00:00:01+00:00\" \/>\n<meta property=\"og:image\" content=\"https:\/\/proagrolab.com.ar\/wp-content\/uploads\/2015\/01\/g_6yi74jwic__Lluvia-en-el-campo-2.jpg\" \/>\n\t<meta property=\"og:image:width\" content=\"450\" \/>\n\t<meta property=\"og:image:height\" content=\"208\" \/>\n\t<meta property=\"og:image:type\" content=\"image\/jpeg\" \/>\n<meta name=\"author\" content=\"proagrolab\" \/>\n<meta name=\"twitter:card\" content=\"summary_large_image\" \/>\n<meta name=\"twitter:label1\" content=\"Written by\" \/>\n\t<meta name=\"twitter:data1\" content=\"proagrolab\" \/>\n\t<meta name=\"twitter:label2\" content=\"Est. reading time\" \/>\n\t<meta name=\"twitter:data2\" content=\"1 minute\" \/>\n<script type=\"application\/ld+json\" class=\"yoast-schema-graph\">{\"@context\":\"https:\\\/\\\/schema.org\",\"@graph\":[{\"@type\":\"Article\",\"@id\":\"https:\\\/\\\/proagrolab.com.ar\\\/se-esperan-lluvias-para-el-fin-de-semana\\\/#article\",\"isPartOf\":{\"@id\":\"https:\\\/\\\/proagrolab.com.ar\\\/se-esperan-lluvias-para-el-fin-de-semana\\\/\"},\"author\":{\"name\":\"proagrolab\",\"@id\":\"https:\\\/\\\/proagrolab.com.ar\\\/#\\\/schema\\\/person\\\/38003ff90bf80381f71c7d922d207444\"},\"headline\":\"Se esperan lluvias para el fin de semana.\",\"datePublished\":\"2013-09-27T00:00:01+00:00\",\"mainEntityOfPage\":{\"@id\":\"https:\\\/\\\/proagrolab.com.ar\\\/se-esperan-lluvias-para-el-fin-de-semana\\\/\"},\"wordCount\":143,\"publisher\":{\"@id\":\"https:\\\/\\\/proagrolab.com.ar\\\/#organization\"},\"image\":{\"@id\":\"https:\\\/\\\/proagrolab.com.ar\\\/se-esperan-lluvias-para-el-fin-de-semana\\\/#primaryimage\"},\"thumbnailUrl\":\"https:\\\/\\\/proagrolab.com.ar\\\/wp-content\\\/uploads\\\/2015\\\/01\\\/g_6yi74jwic__Lluvia-en-el-campo-2.jpg\",\"articleSection\":[\"News\"],\"inLanguage\":\"en-US\"},{\"@type\":\"WebPage\",\"@id\":\"https:\\\/\\\/proagrolab.com.ar\\\/se-esperan-lluvias-para-el-fin-de-semana\\\/\",\"url\":\"https:\\\/\\\/proagrolab.com.ar\\\/se-esperan-lluvias-para-el-fin-de-semana\\\/\",\"name\":\"Se esperan lluvias para el fin de semana. | Proagro\",\"isPartOf\":{\"@id\":\"https:\\\/\\\/proagrolab.com.ar\\\/#website\"},\"primaryImageOfPage\":{\"@id\":\"https:\\\/\\\/proagrolab.com.ar\\\/se-esperan-lluvias-para-el-fin-de-semana\\\/#primaryimage\"},\"image\":{\"@id\":\"https:\\\/\\\/proagrolab.com.ar\\\/se-esperan-lluvias-para-el-fin-de-semana\\\/#primaryimage\"},\"thumbnailUrl\":\"https:\\\/\\\/proagrolab.com.ar\\\/wp-content\\\/uploads\\\/2015\\\/01\\\/g_6yi74jwic__Lluvia-en-el-campo-2.jpg\",\"datePublished\":\"2013-09-27T00:00:01+00:00\",\"breadcrumb\":{\"@id\":\"https:\\\/\\\/proagrolab.com.ar\\\/se-esperan-lluvias-para-el-fin-de-semana\\\/#breadcrumb\"},\"inLanguage\":\"en-US\",\"potentialAction\":[{\"@type\":\"ReadAction\",\"target\":[\"https:\\\/\\\/proagrolab.com.ar\\\/se-esperan-lluvias-para-el-fin-de-semana\\\/\"]}]},{\"@type\":\"ImageObject\",\"inLanguage\":\"en-US\",\"@id\":\"https:\\\/\\\/proagrolab.com.ar\\\/se-esperan-lluvias-para-el-fin-de-semana\\\/#primaryimage\",\"url\":\"https:\\\/\\\/proagrolab.com.ar\\\/wp-content\\\/uploads\\\/2015\\\/01\\\/g_6yi74jwic__Lluvia-en-el-campo-2.jpg\",\"contentUrl\":\"https:\\\/\\\/proagrolab.com.ar\\\/wp-content\\\/uploads\\\/2015\\\/01\\\/g_6yi74jwic__Lluvia-en-el-campo-2.jpg\",\"width\":450,\"height\":208},{\"@type\":\"BreadcrumbList\",\"@id\":\"https:\\\/\\\/proagrolab.com.ar\\\/se-esperan-lluvias-para-el-fin-de-semana\\\/#breadcrumb\",\"itemListElement\":[{\"@type\":\"ListItem\",\"position\":1,\"name\":\"Portada\",\"item\":\"https:\\\/\\\/proagrolab.com.ar\\\/\"},{\"@type\":\"ListItem\",\"position\":2,\"name\":\"Se esperan lluvias para el fin de semana.\"}]},{\"@type\":\"WebSite\",\"@id\":\"https:\\\/\\\/proagrolab.com.ar\\\/#website\",\"url\":\"https:\\\/\\\/proagrolab.com.ar\\\/\",\"name\":\"Proagro Laboratorio Veterinario\",\"description\":\"Veterinary laboratory\",\"publisher\":{\"@id\":\"https:\\\/\\\/proagrolab.com.ar\\\/#organization\"},\"potentialAction\":[{\"@type\":\"SearchAction\",\"target\":{\"@type\":\"EntryPoint\",\"urlTemplate\":\"https:\\\/\\\/proagrolab.com.ar\\\/?s={search_term_string}\"},\"query-input\":{\"@type\":\"PropertyValueSpecification\",\"valueRequired\":true,\"valueName\":\"search_term_string\"}}],\"inLanguage\":\"en-US\"},{\"@type\":\"Organization\",\"@id\":\"https:\\\/\\\/proagrolab.com.ar\\\/#organization\",\"name\":\"Proagro\",\"url\":\"https:\\\/\\\/proagrolab.com.ar\\\/\",\"logo\":{\"@type\":\"ImageObject\",\"inLanguage\":\"en-US\",\"@id\":\"https:\\\/\\\/proagrolab.com.ar\\\/#\\\/schema\\\/logo\\\/image\\\/\",\"url\":\"https:\\\/\\\/proagrolab.com.ar\\\/wp-content\\\/uploads\\\/2020\\\/04\\\/logo-retina.png\",\"contentUrl\":\"https:\\\/\\\/proagrolab.com.ar\\\/wp-content\\\/uploads\\\/2020\\\/04\\\/logo-retina.png\",\"width\":478,\"height\":120,\"caption\":\"Proagro\"},\"image\":{\"@id\":\"https:\\\/\\\/proagrolab.com.ar\\\/#\\\/schema\\\/logo\\\/image\\\/\"},\"sameAs\":[\"http:\\\/\\\/www.facebook.com\\\/proagrolab\",\"https:\\\/\\\/www.instagram.com\\\/proagrolab\\\/\",\"https:\\\/\\\/www.linkedin.com\\\/company\\\/laboratorio-proagro-s-a\\\/\"]},{\"@type\":\"Person\",\"@id\":\"https:\\\/\\\/proagrolab.com.ar\\\/#\\\/schema\\\/person\\\/38003ff90bf80381f71c7d922d207444\",\"name\":\"proagrolab\"}]}<\/script>\n<!-- \/ Yoast SEO plugin. -->","yoast_head_json":{"title":"Se esperan lluvias para el fin de semana. | Proagro","robots":{"index":"index","follow":"follow","max-snippet":"max-snippet:-1","max-image-preview":"max-image-preview:large","max-video-preview":"max-video-preview:-1"},"canonical":"https:\/\/proagrolab.com.ar\/en\/se-esperan-lluvias-para-el-fin-de-semana\/","og_locale":"en_US","og_type":"article","og_title":"Se esperan lluvias para el fin de semana. | Proagro","og_description":"Los vientos del sector norte provocar\u00e1n temperaturas m\u00e1ximas superiores a lo normal para la \u00e9poca, en el norte del \u00e1rea agr\u00edcola, mientras que el centro y el sur registrar\u00e1n valores moderados. Hacia el fin de semana, se producir\u00e1 el paso de un frente de tormenta, que producir\u00e1 precipitaciones dispersas, que se concentrar\u00e1n sobre el nordeste y el sudeste del \u00e1rea agr\u00edcola, mientras que la mayor parte de su extensi\u00f3n recibir\u00e1 valores escasos. Detr\u00e1s del frente, arribar\u00e1n vientos del sector sur, provocando un marcado descenso t\u00e9rmico en la mayor parte del \u00e1rea agr\u00edcola, con riesgo de heladas en todo el oeste y el sur de su extensi\u00f3n, seg\u00fan el informe clim\u00e1tico de la Bolsa de Cereales (BCBA). Fuente: On24 agro, 27 de septiembre.","og_url":"https:\/\/proagrolab.com.ar\/se-esperan-lluvias-para-el-fin-de-semana\/","og_site_name":"Proagro","article_publisher":"http:\/\/www.facebook.com\/proagrolab","article_published_time":"2013-09-27T00:00:01+00:00","og_image":[{"width":450,"height":208,"url":"https:\/\/proagrolab.com.ar\/wp-content\/uploads\/2015\/01\/g_6yi74jwic__Lluvia-en-el-campo-2.jpg","type":"image\/jpeg"}],"author":"proagrolab","twitter_card":"summary_large_image","twitter_misc":{"Written by":"proagrolab","Est. reading time":"1 minute"},"schema":{"@context":"https:\/\/schema.org","@graph":[{"@type":"Article","@id":"https:\/\/proagrolab.com.ar\/se-esperan-lluvias-para-el-fin-de-semana\/#article","isPartOf":{"@id":"https:\/\/proagrolab.com.ar\/se-esperan-lluvias-para-el-fin-de-semana\/"},"author":{"name":"proagrolab","@id":"https:\/\/proagrolab.com.ar\/#\/schema\/person\/38003ff90bf80381f71c7d922d207444"},"headline":"Se esperan lluvias para el fin de semana.","datePublished":"2013-09-27T00:00:01+00:00","mainEntityOfPage":{"@id":"https:\/\/proagrolab.com.ar\/se-esperan-lluvias-para-el-fin-de-semana\/"},"wordCount":143,"publisher":{"@id":"https:\/\/proagrolab.com.ar\/#organization"},"image":{"@id":"https:\/\/proagrolab.com.ar\/se-esperan-lluvias-para-el-fin-de-semana\/#primaryimage"},"thumbnailUrl":"https:\/\/proagrolab.com.ar\/wp-content\/uploads\/2015\/01\/g_6yi74jwic__Lluvia-en-el-campo-2.jpg","articleSection":["News"],"inLanguage":"en-US"},{"@type":"WebPage","@id":"https:\/\/proagrolab.com.ar\/se-esperan-lluvias-para-el-fin-de-semana\/","url":"https:\/\/proagrolab.com.ar\/se-esperan-lluvias-para-el-fin-de-semana\/","name":"Se esperan lluvias para el fin de semana. | Proagro","isPartOf":{"@id":"https:\/\/proagrolab.com.ar\/#website"},"primaryImageOfPage":{"@id":"https:\/\/proagrolab.com.ar\/se-esperan-lluvias-para-el-fin-de-semana\/#primaryimage"},"image":{"@id":"https:\/\/proagrolab.com.ar\/se-esperan-lluvias-para-el-fin-de-semana\/#primaryimage"},"thumbnailUrl":"https:\/\/proagrolab.com.ar\/wp-content\/uploads\/2015\/01\/g_6yi74jwic__Lluvia-en-el-campo-2.jpg","datePublished":"2013-09-27T00:00:01+00:00","breadcrumb":{"@id":"https:\/\/proagrolab.com.ar\/se-esperan-lluvias-para-el-fin-de-semana\/#breadcrumb"},"inLanguage":"en-US","potentialAction":[{"@type":"ReadAction","target":["https:\/\/proagrolab.com.ar\/se-esperan-lluvias-para-el-fin-de-semana\/"]}]},{"@type":"ImageObject","inLanguage":"en-US","@id":"https:\/\/proagrolab.com.ar\/se-esperan-lluvias-para-el-fin-de-semana\/#primaryimage","url":"https:\/\/proagrolab.com.ar\/wp-content\/uploads\/2015\/01\/g_6yi74jwic__Lluvia-en-el-campo-2.jpg","contentUrl":"https:\/\/proagrolab.com.ar\/wp-content\/uploads\/2015\/01\/g_6yi74jwic__Lluvia-en-el-campo-2.jpg","width":450,"height":208},{"@type":"BreadcrumbList","@id":"https:\/\/proagrolab.com.ar\/se-esperan-lluvias-para-el-fin-de-semana\/#breadcrumb","itemListElement":[{"@type":"ListItem","position":1,"name":"Portada","item":"https:\/\/proagrolab.com.ar\/"},{"@type":"ListItem","position":2,"name":"Se esperan lluvias para el fin de semana."}]},{"@type":"WebSite","@id":"https:\/\/proagrolab.com.ar\/#website","url":"https:\/\/proagrolab.com.ar\/","name":"Proagro Laboratorio Veterinario","description":"Veterinary laboratory","publisher":{"@id":"https:\/\/proagrolab.com.ar\/#organization"},"potentialAction":[{"@type":"SearchAction","target":{"@type":"EntryPoint","urlTemplate":"https:\/\/proagrolab.com.ar\/?s={search_term_string}"},"query-input":{"@type":"PropertyValueSpecification","valueRequired":true,"valueName":"search_term_string"}}],"inLanguage":"en-US"},{"@type":"Organization","@id":"https:\/\/proagrolab.com.ar\/#organization","name":"Proagro","url":"https:\/\/proagrolab.com.ar\/","logo":{"@type":"ImageObject","inLanguage":"en-US","@id":"https:\/\/proagrolab.com.ar\/#\/schema\/logo\/image\/","url":"https:\/\/proagrolab.com.ar\/wp-content\/uploads\/2020\/04\/logo-retina.png","contentUrl":"https:\/\/proagrolab.com.ar\/wp-content\/uploads\/2020\/04\/logo-retina.png","width":478,"height":120,"caption":"Proagro"},"image":{"@id":"https:\/\/proagrolab.com.ar\/#\/schema\/logo\/image\/"},"sameAs":["http:\/\/www.facebook.com\/proagrolab","https:\/\/www.instagram.com\/proagrolab\/","https:\/\/www.linkedin.com\/company\/laboratorio-proagro-s-a\/"]},{"@type":"Person","@id":"https:\/\/proagrolab.com.ar\/#\/schema\/person\/38003ff90bf80381f71c7d922d207444","name":"proagrolab"}]}},"_links":{"self":[{"href":"https:\/\/proagrolab.com.ar\/en\/wp-json\/wp\/v2\/posts\/5713","targetHints":{"allow":["GET"]}}],"collection":[{"href":"https:\/\/proagrolab.com.ar\/en\/wp-json\/wp\/v2\/posts"}],"about":[{"href":"https:\/\/proagrolab.com.ar\/en\/wp-json\/wp\/v2\/types\/post"}],"author":[{"embeddable":true,"href":"https:\/\/proagrolab.com.ar\/en\/wp-json\/wp\/v2\/users\/2"}],"replies":[{"embeddable":true,"href":"https:\/\/proagrolab.com.ar\/en\/wp-json\/wp\/v2\/comments?post=5713"}],"version-history":[{"count":0,"href":"https:\/\/proagrolab.com.ar\/en\/wp-json\/wp\/v2\/posts\/5713\/revisions"}],"wp:featuredmedia":[{"embeddable":true,"href":"https:\/\/proagrolab.com.ar\/en\/wp-json\/wp\/v2\/media\/2202"}],"wp:attachment":[{"href":"https:\/\/proagrolab.com.ar\/en\/wp-json\/wp\/v2\/media?parent=5713"}],"wp:term":[{"taxonomy":"category","embeddable":true,"href":"https:\/\/proagrolab.com.ar\/en\/wp-json\/wp\/v2\/categories?post=5713"},{"taxonomy":"post_tag","embeddable":true,"href":"https:\/\/proagrolab.com.ar\/en\/wp-json\/wp\/v2\/tags?post=5713"}],"curies":[{"name":"wp","href":"https:\/\/api.w.org\/{rel}","templated":true}]}}