{"id":5704,"date":"2013-09-26T00:00:01","date_gmt":"2013-09-26T00:00:01","guid":{"rendered":"https:\/\/proagrolab.com.ar\/llegan-a-uruguay-mas-embarques-de-carne-bovina-brasilena-para-el-abasto\/"},"modified":"2013-09-26T00:00:01","modified_gmt":"2013-09-26T00:00:01","slug":"llegan-a-uruguay-mas-embarques-de-carne-bovina-brasilena-para-el-abasto","status":"publish","type":"post","link":"https:\/\/proagrolab.com.ar\/en\/llegan-a-uruguay-mas-embarques-de-carne-bovina-brasilena-para-el-abasto\/","title":{"rendered":"Llegan a Uruguay m\u00e1s embarques de carne bovina brasile\u00f1a para el abasto."},"content":{"rendered":"<p class=\"qtranxs-available-languages-message qtranxs-available-languages-message-en\"> <\/p><p>Esta semana llegar\u00e1n otros dos camiones con carne bovina brasile\u00f1a a Uruguay por medio de um frigor\u00edfico exportador, tras el grupo Tacuaremb\u00f3\/Marfrig introducir dicho producto la semana pasada para abastecer la demanda en ese pa\u00eds. <\/p>\n<p>Ambas empresas se sumaron al distribuidor Delgon S.A. que adquiri\u00f3 cinco camiones, de los cuales reci\u00e9n entraron dos a territorio uruguayo.<\/p>\n<p>As\u00ed, seg\u00fan el diario El Pa\u00eds, Uruguay ya recibe cortes de alta calidad de ganado Hereford y Angus que ya ingresaron a una cadena de supermercados y en carnicer\u00edas.<\/p>\n<p>La carne bovina, desosada y madurada de Brasil debe proceder de frigor\u00edficos habilitados para exportaci\u00f3n y que \u00fanicamente tiene el mercado interno como destino.<\/p>\n<p>Hasta el momento, Frigor\u00edfico Silva, ubicado en el estado brasile\u00f1o de Rio Grande do Sul, export\u00f3 a Uruguay 44 toneladas por semana.<\/p>\n<p>La empresa proyecta embarques hasta el pr\u00f3ximo mes, por lo que ser\u00e1n finalizadas algunas obras en las c\u00e1maras de fr\u00edo destinadas al almacenamiento de las carcasas.<\/p>\n<p>Fuente: Carnetec, 26 de septiembre.<br \/><\/p>","protected":false},"excerpt":{"rendered":"<p>Esta semana llegar\u00e1n otros dos camiones con carne bovina brasile\u00f1a a Uruguay por medio de um frigor\u00edfico exportador, tras el grupo Tacuaremb\u00f3\/Marfrig introducir dicho producto la semana pasada para abastecer la demanda en ese pa\u00eds. Ambas empresas se sumaron al distribuidor Delgon S.A. que adquiri\u00f3 cinco camiones, de los cuales reci\u00e9n entraron dos a territorio uruguayo. As\u00ed, seg\u00fan el diario El Pa\u00eds, Uruguay ya recibe cortes de alta calidad de ganado Hereford y Angus que ya ingresaron a una cadena de supermercados y en carnicer\u00edas. La carne bovina, desosada y madurada de Brasil debe proceder de frigor\u00edficos habilitados para exportaci\u00f3n y que \u00fanicamente tiene el mercado interno como destino. Hasta el momento, Frigor\u00edfico Silva, ubicado en el estado brasile\u00f1o de Rio Grande do Sul, export\u00f3 a Uruguay 44 toneladas por semana. La empresa proyecta embarques hasta el pr\u00f3ximo mes, por lo que ser\u00e1n finalizadas algunas obras en las c\u00e1maras de fr\u00edo destinadas al almacenamiento de las carcasas. Fuente: Carnetec, 26 de septiembre.<\/p>\n","protected":false},"author":2,"featured_media":2193,"comment_status":"closed","ping_status":"open","sticky":false,"template":"","format":"standard","meta":{"_acf_changed":false,"footnotes":""},"categories":[56],"tags":[],"class_list":["post-5704","post","type-post","status-publish","format-standard","has-post-thumbnail","hentry","category-infoganadero"],"acf":[],"yoast_head":"<!-- This site is optimized with the Yoast SEO plugin v27.5 - https:\/\/yoast.com\/product\/yoast-seo-wordpress\/ -->\n<title>Llegan a Uruguay m\u00e1s embarques de carne bovina brasile\u00f1a para el abasto. | Proagro<\/title>\n<meta name=\"robots\" content=\"index, follow, max-snippet:-1, max-image-preview:large, max-video-preview:-1\" \/>\n<link rel=\"canonical\" href=\"https:\/\/proagrolab.com.ar\/en\/llegan-a-uruguay-mas-embarques-de-carne-bovina-brasilena-para-el-abasto\/\" \/>\n<meta property=\"og:locale\" content=\"en_US\" \/>\n<meta property=\"og:type\" content=\"article\" \/>\n<meta property=\"og:title\" content=\"Llegan a Uruguay m\u00e1s embarques de carne bovina brasile\u00f1a para el abasto. | Proagro\" \/>\n<meta property=\"og:description\" content=\"Esta semana llegar\u00e1n otros dos camiones con carne bovina brasile\u00f1a a Uruguay por medio de um frigor\u00edfico exportador, tras el grupo Tacuaremb\u00f3\/Marfrig introducir dicho producto la semana pasada para abastecer la demanda en ese pa\u00eds. Ambas empresas se sumaron al distribuidor Delgon S.A. que adquiri\u00f3 cinco camiones, de los cuales reci\u00e9n entraron dos a territorio uruguayo. As\u00ed, seg\u00fan el diario El Pa\u00eds, Uruguay ya recibe cortes de alta calidad de ganado Hereford y Angus que ya ingresaron a una cadena de supermercados y en carnicer\u00edas. La carne bovina, desosada y madurada de Brasil debe proceder de frigor\u00edficos habilitados para exportaci\u00f3n y que \u00fanicamente tiene el mercado interno como destino. Hasta el momento, Frigor\u00edfico Silva, ubicado en el estado brasile\u00f1o de Rio Grande do Sul, export\u00f3 a Uruguay 44 toneladas por semana. La empresa proyecta embarques hasta el pr\u00f3ximo mes, por lo que ser\u00e1n finalizadas algunas obras en las c\u00e1maras de fr\u00edo destinadas al almacenamiento de las carcasas. Fuente: Carnetec, 26 de septiembre.\" \/>\n<meta property=\"og:url\" content=\"https:\/\/proagrolab.com.ar\/llegan-a-uruguay-mas-embarques-de-carne-bovina-brasilena-para-el-abasto\/\" \/>\n<meta property=\"og:site_name\" content=\"Proagro\" \/>\n<meta property=\"article:publisher\" content=\"http:\/\/www.facebook.com\/proagrolab\" \/>\n<meta property=\"article:published_time\" content=\"2013-09-26T00:00:01+00:00\" \/>\n<meta property=\"og:image\" content=\"https:\/\/proagrolab.com.ar\/wp-content\/uploads\/2015\/01\/g_4y0jfre5a__Frigor\u00edfico-3.jpg\" \/>\n\t<meta property=\"og:image:width\" content=\"1\" \/>\n\t<meta property=\"og:image:height\" content=\"1\" \/>\n\t<meta property=\"og:image:type\" content=\"image\/jpeg\" \/>\n<meta name=\"author\" content=\"proagrolab\" \/>\n<meta name=\"twitter:card\" content=\"summary_large_image\" \/>\n<meta name=\"twitter:label1\" content=\"Written by\" \/>\n\t<meta name=\"twitter:data1\" content=\"proagrolab\" \/>\n\t<meta name=\"twitter:label2\" content=\"Est. reading time\" \/>\n\t<meta name=\"twitter:data2\" content=\"1 minute\" \/>\n<script type=\"application\/ld+json\" class=\"yoast-schema-graph\">{\"@context\":\"https:\\\/\\\/schema.org\",\"@graph\":[{\"@type\":\"Article\",\"@id\":\"https:\\\/\\\/proagrolab.com.ar\\\/llegan-a-uruguay-mas-embarques-de-carne-bovina-brasilena-para-el-abasto\\\/#article\",\"isPartOf\":{\"@id\":\"https:\\\/\\\/proagrolab.com.ar\\\/llegan-a-uruguay-mas-embarques-de-carne-bovina-brasilena-para-el-abasto\\\/\"},\"author\":{\"name\":\"proagrolab\",\"@id\":\"https:\\\/\\\/proagrolab.com.ar\\\/#\\\/schema\\\/person\\\/38003ff90bf80381f71c7d922d207444\"},\"headline\":\"Llegan a Uruguay m\u00e1s embarques de carne bovina brasile\u00f1a para el abasto.\",\"datePublished\":\"2013-09-26T00:00:01+00:00\",\"mainEntityOfPage\":{\"@id\":\"https:\\\/\\\/proagrolab.com.ar\\\/llegan-a-uruguay-mas-embarques-de-carne-bovina-brasilena-para-el-abasto\\\/\"},\"wordCount\":192,\"publisher\":{\"@id\":\"https:\\\/\\\/proagrolab.com.ar\\\/#organization\"},\"image\":{\"@id\":\"https:\\\/\\\/proagrolab.com.ar\\\/llegan-a-uruguay-mas-embarques-de-carne-bovina-brasilena-para-el-abasto\\\/#primaryimage\"},\"thumbnailUrl\":\"https:\\\/\\\/proagrolab.com.ar\\\/wp-content\\\/uploads\\\/2015\\\/01\\\/g_4y0jfre5a__Frigor\u00edfico-3.jpg\",\"articleSection\":[\"News\"],\"inLanguage\":\"en-US\"},{\"@type\":\"WebPage\",\"@id\":\"https:\\\/\\\/proagrolab.com.ar\\\/llegan-a-uruguay-mas-embarques-de-carne-bovina-brasilena-para-el-abasto\\\/\",\"url\":\"https:\\\/\\\/proagrolab.com.ar\\\/llegan-a-uruguay-mas-embarques-de-carne-bovina-brasilena-para-el-abasto\\\/\",\"name\":\"Llegan a Uruguay m\u00e1s embarques de carne bovina brasile\u00f1a para el abasto. | Proagro\",\"isPartOf\":{\"@id\":\"https:\\\/\\\/proagrolab.com.ar\\\/#website\"},\"primaryImageOfPage\":{\"@id\":\"https:\\\/\\\/proagrolab.com.ar\\\/llegan-a-uruguay-mas-embarques-de-carne-bovina-brasilena-para-el-abasto\\\/#primaryimage\"},\"image\":{\"@id\":\"https:\\\/\\\/proagrolab.com.ar\\\/llegan-a-uruguay-mas-embarques-de-carne-bovina-brasilena-para-el-abasto\\\/#primaryimage\"},\"thumbnailUrl\":\"https:\\\/\\\/proagrolab.com.ar\\\/wp-content\\\/uploads\\\/2015\\\/01\\\/g_4y0jfre5a__Frigor\u00edfico-3.jpg\",\"datePublished\":\"2013-09-26T00:00:01+00:00\",\"breadcrumb\":{\"@id\":\"https:\\\/\\\/proagrolab.com.ar\\\/llegan-a-uruguay-mas-embarques-de-carne-bovina-brasilena-para-el-abasto\\\/#breadcrumb\"},\"inLanguage\":\"en-US\",\"potentialAction\":[{\"@type\":\"ReadAction\",\"target\":[\"https:\\\/\\\/proagrolab.com.ar\\\/llegan-a-uruguay-mas-embarques-de-carne-bovina-brasilena-para-el-abasto\\\/\"]}]},{\"@type\":\"ImageObject\",\"inLanguage\":\"en-US\",\"@id\":\"https:\\\/\\\/proagrolab.com.ar\\\/llegan-a-uruguay-mas-embarques-de-carne-bovina-brasilena-para-el-abasto\\\/#primaryimage\",\"url\":\"https:\\\/\\\/proagrolab.com.ar\\\/wp-content\\\/uploads\\\/2015\\\/01\\\/g_4y0jfre5a__Frigor\u00edfico-3.jpg\",\"contentUrl\":\"https:\\\/\\\/proagrolab.com.ar\\\/wp-content\\\/uploads\\\/2015\\\/01\\\/g_4y0jfre5a__Frigor\u00edfico-3.jpg\"},{\"@type\":\"BreadcrumbList\",\"@id\":\"https:\\\/\\\/proagrolab.com.ar\\\/llegan-a-uruguay-mas-embarques-de-carne-bovina-brasilena-para-el-abasto\\\/#breadcrumb\",\"itemListElement\":[{\"@type\":\"ListItem\",\"position\":1,\"name\":\"Portada\",\"item\":\"https:\\\/\\\/proagrolab.com.ar\\\/\"},{\"@type\":\"ListItem\",\"position\":2,\"name\":\"Llegan a Uruguay m\u00e1s embarques de carne bovina brasile\u00f1a para el abasto.\"}]},{\"@type\":\"WebSite\",\"@id\":\"https:\\\/\\\/proagrolab.com.ar\\\/#website\",\"url\":\"https:\\\/\\\/proagrolab.com.ar\\\/\",\"name\":\"Proagro Laboratorio Veterinario\",\"description\":\"Veterinary laboratory\",\"publisher\":{\"@id\":\"https:\\\/\\\/proagrolab.com.ar\\\/#organization\"},\"potentialAction\":[{\"@type\":\"SearchAction\",\"target\":{\"@type\":\"EntryPoint\",\"urlTemplate\":\"https:\\\/\\\/proagrolab.com.ar\\\/?s={search_term_string}\"},\"query-input\":{\"@type\":\"PropertyValueSpecification\",\"valueRequired\":true,\"valueName\":\"search_term_string\"}}],\"inLanguage\":\"en-US\"},{\"@type\":\"Organization\",\"@id\":\"https:\\\/\\\/proagrolab.com.ar\\\/#organization\",\"name\":\"Proagro\",\"url\":\"https:\\\/\\\/proagrolab.com.ar\\\/\",\"logo\":{\"@type\":\"ImageObject\",\"inLanguage\":\"en-US\",\"@id\":\"https:\\\/\\\/proagrolab.com.ar\\\/#\\\/schema\\\/logo\\\/image\\\/\",\"url\":\"https:\\\/\\\/proagrolab.com.ar\\\/wp-content\\\/uploads\\\/2020\\\/04\\\/logo-retina.png\",\"contentUrl\":\"https:\\\/\\\/proagrolab.com.ar\\\/wp-content\\\/uploads\\\/2020\\\/04\\\/logo-retina.png\",\"width\":478,\"height\":120,\"caption\":\"Proagro\"},\"image\":{\"@id\":\"https:\\\/\\\/proagrolab.com.ar\\\/#\\\/schema\\\/logo\\\/image\\\/\"},\"sameAs\":[\"http:\\\/\\\/www.facebook.com\\\/proagrolab\",\"https:\\\/\\\/www.instagram.com\\\/proagrolab\\\/\",\"https:\\\/\\\/www.linkedin.com\\\/company\\\/laboratorio-proagro-s-a\\\/\"]},{\"@type\":\"Person\",\"@id\":\"https:\\\/\\\/proagrolab.com.ar\\\/#\\\/schema\\\/person\\\/38003ff90bf80381f71c7d922d207444\",\"name\":\"proagrolab\"}]}<\/script>\n<!-- \/ Yoast SEO plugin. -->","yoast_head_json":{"title":"Llegan a Uruguay m\u00e1s embarques de carne bovina brasile\u00f1a para el abasto. | Proagro","robots":{"index":"index","follow":"follow","max-snippet":"max-snippet:-1","max-image-preview":"max-image-preview:large","max-video-preview":"max-video-preview:-1"},"canonical":"https:\/\/proagrolab.com.ar\/en\/llegan-a-uruguay-mas-embarques-de-carne-bovina-brasilena-para-el-abasto\/","og_locale":"en_US","og_type":"article","og_title":"Llegan a Uruguay m\u00e1s embarques de carne bovina brasile\u00f1a para el abasto. | Proagro","og_description":"Esta semana llegar\u00e1n otros dos camiones con carne bovina brasile\u00f1a a Uruguay por medio de um frigor\u00edfico exportador, tras el grupo Tacuaremb\u00f3\/Marfrig introducir dicho producto la semana pasada para abastecer la demanda en ese pa\u00eds. Ambas empresas se sumaron al distribuidor Delgon S.A. que adquiri\u00f3 cinco camiones, de los cuales reci\u00e9n entraron dos a territorio uruguayo. As\u00ed, seg\u00fan el diario El Pa\u00eds, Uruguay ya recibe cortes de alta calidad de ganado Hereford y Angus que ya ingresaron a una cadena de supermercados y en carnicer\u00edas. La carne bovina, desosada y madurada de Brasil debe proceder de frigor\u00edficos habilitados para exportaci\u00f3n y que \u00fanicamente tiene el mercado interno como destino. Hasta el momento, Frigor\u00edfico Silva, ubicado en el estado brasile\u00f1o de Rio Grande do Sul, export\u00f3 a Uruguay 44 toneladas por semana. La empresa proyecta embarques hasta el pr\u00f3ximo mes, por lo que ser\u00e1n finalizadas algunas obras en las c\u00e1maras de fr\u00edo destinadas al almacenamiento de las carcasas. Fuente: Carnetec, 26 de septiembre.","og_url":"https:\/\/proagrolab.com.ar\/llegan-a-uruguay-mas-embarques-de-carne-bovina-brasilena-para-el-abasto\/","og_site_name":"Proagro","article_publisher":"http:\/\/www.facebook.com\/proagrolab","article_published_time":"2013-09-26T00:00:01+00:00","og_image":[{"url":"https:\/\/proagrolab.com.ar\/wp-content\/uploads\/2015\/01\/g_4y0jfre5a__Frigor\u00edfico-3.jpg","width":1,"height":1,"type":"image\/jpeg"}],"author":"proagrolab","twitter_card":"summary_large_image","twitter_misc":{"Written by":"proagrolab","Est. reading time":"1 minute"},"schema":{"@context":"https:\/\/schema.org","@graph":[{"@type":"Article","@id":"https:\/\/proagrolab.com.ar\/llegan-a-uruguay-mas-embarques-de-carne-bovina-brasilena-para-el-abasto\/#article","isPartOf":{"@id":"https:\/\/proagrolab.com.ar\/llegan-a-uruguay-mas-embarques-de-carne-bovina-brasilena-para-el-abasto\/"},"author":{"name":"proagrolab","@id":"https:\/\/proagrolab.com.ar\/#\/schema\/person\/38003ff90bf80381f71c7d922d207444"},"headline":"Llegan a Uruguay m\u00e1s embarques de carne bovina brasile\u00f1a para el abasto.","datePublished":"2013-09-26T00:00:01+00:00","mainEntityOfPage":{"@id":"https:\/\/proagrolab.com.ar\/llegan-a-uruguay-mas-embarques-de-carne-bovina-brasilena-para-el-abasto\/"},"wordCount":192,"publisher":{"@id":"https:\/\/proagrolab.com.ar\/#organization"},"image":{"@id":"https:\/\/proagrolab.com.ar\/llegan-a-uruguay-mas-embarques-de-carne-bovina-brasilena-para-el-abasto\/#primaryimage"},"thumbnailUrl":"https:\/\/proagrolab.com.ar\/wp-content\/uploads\/2015\/01\/g_4y0jfre5a__Frigor\u00edfico-3.jpg","articleSection":["News"],"inLanguage":"en-US"},{"@type":"WebPage","@id":"https:\/\/proagrolab.com.ar\/llegan-a-uruguay-mas-embarques-de-carne-bovina-brasilena-para-el-abasto\/","url":"https:\/\/proagrolab.com.ar\/llegan-a-uruguay-mas-embarques-de-carne-bovina-brasilena-para-el-abasto\/","name":"Llegan a Uruguay m\u00e1s embarques de carne bovina brasile\u00f1a para el abasto. | Proagro","isPartOf":{"@id":"https:\/\/proagrolab.com.ar\/#website"},"primaryImageOfPage":{"@id":"https:\/\/proagrolab.com.ar\/llegan-a-uruguay-mas-embarques-de-carne-bovina-brasilena-para-el-abasto\/#primaryimage"},"image":{"@id":"https:\/\/proagrolab.com.ar\/llegan-a-uruguay-mas-embarques-de-carne-bovina-brasilena-para-el-abasto\/#primaryimage"},"thumbnailUrl":"https:\/\/proagrolab.com.ar\/wp-content\/uploads\/2015\/01\/g_4y0jfre5a__Frigor\u00edfico-3.jpg","datePublished":"2013-09-26T00:00:01+00:00","breadcrumb":{"@id":"https:\/\/proagrolab.com.ar\/llegan-a-uruguay-mas-embarques-de-carne-bovina-brasilena-para-el-abasto\/#breadcrumb"},"inLanguage":"en-US","potentialAction":[{"@type":"ReadAction","target":["https:\/\/proagrolab.com.ar\/llegan-a-uruguay-mas-embarques-de-carne-bovina-brasilena-para-el-abasto\/"]}]},{"@type":"ImageObject","inLanguage":"en-US","@id":"https:\/\/proagrolab.com.ar\/llegan-a-uruguay-mas-embarques-de-carne-bovina-brasilena-para-el-abasto\/#primaryimage","url":"https:\/\/proagrolab.com.ar\/wp-content\/uploads\/2015\/01\/g_4y0jfre5a__Frigor\u00edfico-3.jpg","contentUrl":"https:\/\/proagrolab.com.ar\/wp-content\/uploads\/2015\/01\/g_4y0jfre5a__Frigor\u00edfico-3.jpg"},{"@type":"BreadcrumbList","@id":"https:\/\/proagrolab.com.ar\/llegan-a-uruguay-mas-embarques-de-carne-bovina-brasilena-para-el-abasto\/#breadcrumb","itemListElement":[{"@type":"ListItem","position":1,"name":"Portada","item":"https:\/\/proagrolab.com.ar\/"},{"@type":"ListItem","position":2,"name":"Llegan a Uruguay m\u00e1s embarques de carne bovina brasile\u00f1a para el abasto."}]},{"@type":"WebSite","@id":"https:\/\/proagrolab.com.ar\/#website","url":"https:\/\/proagrolab.com.ar\/","name":"Proagro Laboratorio Veterinario","description":"Veterinary laboratory","publisher":{"@id":"https:\/\/proagrolab.com.ar\/#organization"},"potentialAction":[{"@type":"SearchAction","target":{"@type":"EntryPoint","urlTemplate":"https:\/\/proagrolab.com.ar\/?s={search_term_string}"},"query-input":{"@type":"PropertyValueSpecification","valueRequired":true,"valueName":"search_term_string"}}],"inLanguage":"en-US"},{"@type":"Organization","@id":"https:\/\/proagrolab.com.ar\/#organization","name":"Proagro","url":"https:\/\/proagrolab.com.ar\/","logo":{"@type":"ImageObject","inLanguage":"en-US","@id":"https:\/\/proagrolab.com.ar\/#\/schema\/logo\/image\/","url":"https:\/\/proagrolab.com.ar\/wp-content\/uploads\/2020\/04\/logo-retina.png","contentUrl":"https:\/\/proagrolab.com.ar\/wp-content\/uploads\/2020\/04\/logo-retina.png","width":478,"height":120,"caption":"Proagro"},"image":{"@id":"https:\/\/proagrolab.com.ar\/#\/schema\/logo\/image\/"},"sameAs":["http:\/\/www.facebook.com\/proagrolab","https:\/\/www.instagram.com\/proagrolab\/","https:\/\/www.linkedin.com\/company\/laboratorio-proagro-s-a\/"]},{"@type":"Person","@id":"https:\/\/proagrolab.com.ar\/#\/schema\/person\/38003ff90bf80381f71c7d922d207444","name":"proagrolab"}]}},"_links":{"self":[{"href":"https:\/\/proagrolab.com.ar\/en\/wp-json\/wp\/v2\/posts\/5704","targetHints":{"allow":["GET"]}}],"collection":[{"href":"https:\/\/proagrolab.com.ar\/en\/wp-json\/wp\/v2\/posts"}],"about":[{"href":"https:\/\/proagrolab.com.ar\/en\/wp-json\/wp\/v2\/types\/post"}],"author":[{"embeddable":true,"href":"https:\/\/proagrolab.com.ar\/en\/wp-json\/wp\/v2\/users\/2"}],"replies":[{"embeddable":true,"href":"https:\/\/proagrolab.com.ar\/en\/wp-json\/wp\/v2\/comments?post=5704"}],"version-history":[{"count":0,"href":"https:\/\/proagrolab.com.ar\/en\/wp-json\/wp\/v2\/posts\/5704\/revisions"}],"wp:featuredmedia":[{"embeddable":true,"href":"https:\/\/proagrolab.com.ar\/en\/wp-json\/wp\/v2\/media\/2193"}],"wp:attachment":[{"href":"https:\/\/proagrolab.com.ar\/en\/wp-json\/wp\/v2\/media?parent=5704"}],"wp:term":[{"taxonomy":"category","embeddable":true,"href":"https:\/\/proagrolab.com.ar\/en\/wp-json\/wp\/v2\/categories?post=5704"},{"taxonomy":"post_tag","embeddable":true,"href":"https:\/\/proagrolab.com.ar\/en\/wp-json\/wp\/v2\/tags?post=5704"}],"curies":[{"name":"wp","href":"https:\/\/api.w.org\/{rel}","templated":true}]}}