{"id":5701,"date":"2013-09-23T00:00:01","date_gmt":"2013-09-23T00:00:01","guid":{"rendered":"https:\/\/proagrolab.com.ar\/el-75-del-aumento-de-produccion-se-justifica-por-la-faena-de-hembras\/"},"modified":"2013-09-23T00:00:01","modified_gmt":"2013-09-23T00:00:01","slug":"el-75-del-aumento-de-produccion-se-justifica-por-la-faena-de-hembras","status":"publish","type":"post","link":"https:\/\/proagrolab.com.ar\/en\/el-75-del-aumento-de-produccion-se-justifica-por-la-faena-de-hembras\/","title":{"rendered":"El 75% del aumento de producci\u00f3n se justifica por la faena de hembras."},"content":{"rendered":"<p class=\"qtranxs-available-languages-message qtranxs-available-languages-message-en\"> <\/p><p>El presidente de CICCRA, Miguel Schiaritti, aclar\u00f3 que, si bien la situaci\u00f3n se est\u00e1 desgastando, no llegar\u00e1 a los niveles del 2009, cuando se perdieron 12 millones de cabezas: \u0093Creo que estamos a meses de la situaci\u00f3n del 2009. Dar\u00eda la sensaci\u00f3n que no se va a dar una liquidaci\u00f3n de esa magnitud. El ganado est\u00e1 estabilizado en sus valores nominales y el ritmo de devaluaci\u00f3n es de 30%, lo que viene recuperando competitividad. Eso hace que las exportaciones hayan aumentado\u0094, explic\u00f3 para Radio Colonia.<\/p>\n<p>\u0093Es posible que de ac\u00e1 a fin de a\u00f1o empiece a existir una competencia entre exportaci\u00f3n y consumo, que empiecen a moverse los precios y el productor seguramente recordar\u00e1 esto. Si no hay problemas clim\u00e1ticos, la liquidaci\u00f3n ser\u00e1 menor que en 2009, que ven\u00eda de tres a\u00f1os de valores estabilizados y p\u00e9rdida\u0094, agreg\u00f3 en dialogo con Ondas de Campo.<\/p>\n<p>En aquella oportunidad, \u0093la responsabilidad del atraso en el precio de la hacienda no fue por sequ\u00eda, que aceler\u00f3 el proceso de vientres, sino por las intervenciones de la secretar\u00eda de Comercio. El productor se estaba deshaciendo de sus madres. Con 20% de inflaci\u00f3n anual, no pod\u00e9s tener precios inmovilizados. Hoy, con una devaluaci\u00f3n de alrededor el 30% anual, recupera competitividad y nos empieza a ubicar para acceder a mercados de valor\u0094.<\/p>\n<p>Fuente: On24 agro, 23 de septiembre.<br \/><\/p>","protected":false},"excerpt":{"rendered":"<p>El presidente de CICCRA, Miguel Schiaritti, aclar\u00f3 que, si bien la situaci\u00f3n se est\u00e1 desgastando, no llegar\u00e1 a los niveles del 2009, cuando se perdieron 12 millones de cabezas: \u0093Creo que estamos a meses de la situaci\u00f3n del 2009. Dar\u00eda la sensaci\u00f3n que no se va a dar una liquidaci\u00f3n de esa magnitud. El ganado est\u00e1 estabilizado en sus valores nominales y el ritmo de devaluaci\u00f3n es de 30%, lo que viene recuperando competitividad. Eso hace que las exportaciones hayan aumentado\u0094, explic\u00f3 para Radio Colonia. \u0093Es posible que de ac\u00e1 a fin de a\u00f1o empiece a existir una competencia entre exportaci\u00f3n y consumo, que empiecen a moverse los precios y el productor seguramente recordar\u00e1 esto. Si no hay problemas clim\u00e1ticos, la liquidaci\u00f3n ser\u00e1 menor que en 2009, que ven\u00eda de tres a\u00f1os de valores estabilizados y p\u00e9rdida\u0094, agreg\u00f3 en dialogo con Ondas de Campo. En aquella oportunidad, \u0093la responsabilidad del atraso en el precio de la hacienda no fue por sequ\u00eda, que aceler\u00f3 el proceso de vientres, sino por las intervenciones de la secretar\u00eda de Comercio. El productor se estaba deshaciendo de sus madres. Con 20% de inflaci\u00f3n anual, no pod\u00e9s tener precios inmovilizados. Hoy, con una devaluaci\u00f3n de alrededor [&hellip;]<\/p>\n","protected":false},"author":2,"featured_media":2190,"comment_status":"closed","ping_status":"open","sticky":false,"template":"","format":"standard","meta":{"_acf_changed":false,"footnotes":""},"categories":[56],"tags":[],"class_list":["post-5701","post","type-post","status-publish","format-standard","has-post-thumbnail","hentry","category-infoganadero"],"acf":[],"yoast_head":"<!-- This site is optimized with the Yoast SEO plugin v27.5 - https:\/\/yoast.com\/product\/yoast-seo-wordpress\/ -->\n<title>El 75% del aumento de producci\u00f3n se justifica por la faena de hembras. | Proagro<\/title>\n<meta name=\"robots\" content=\"index, follow, max-snippet:-1, max-image-preview:large, max-video-preview:-1\" \/>\n<link rel=\"canonical\" href=\"https:\/\/proagrolab.com.ar\/en\/el-75-del-aumento-de-produccion-se-justifica-por-la-faena-de-hembras\/\" \/>\n<meta property=\"og:locale\" content=\"en_US\" \/>\n<meta property=\"og:type\" content=\"article\" \/>\n<meta property=\"og:title\" content=\"El 75% del aumento de producci\u00f3n se justifica por la faena de hembras. | Proagro\" \/>\n<meta property=\"og:description\" content=\"El presidente de CICCRA, Miguel Schiaritti, aclar\u00f3 que, si bien la situaci\u00f3n se est\u00e1 desgastando, no llegar\u00e1 a los niveles del 2009, cuando se perdieron 12 millones de cabezas: \u0093Creo que estamos a meses de la situaci\u00f3n del 2009. Dar\u00eda la sensaci\u00f3n que no se va a dar una liquidaci\u00f3n de esa magnitud. El ganado est\u00e1 estabilizado en sus valores nominales y el ritmo de devaluaci\u00f3n es de 30%, lo que viene recuperando competitividad. Eso hace que las exportaciones hayan aumentado\u0094, explic\u00f3 para Radio Colonia. \u0093Es posible que de ac\u00e1 a fin de a\u00f1o empiece a existir una competencia entre exportaci\u00f3n y consumo, que empiecen a moverse los precios y el productor seguramente recordar\u00e1 esto. Si no hay problemas clim\u00e1ticos, la liquidaci\u00f3n ser\u00e1 menor que en 2009, que ven\u00eda de tres a\u00f1os de valores estabilizados y p\u00e9rdida\u0094, agreg\u00f3 en dialogo con Ondas de Campo. En aquella oportunidad, \u0093la responsabilidad del atraso en el precio de la hacienda no fue por sequ\u00eda, que aceler\u00f3 el proceso de vientres, sino por las intervenciones de la secretar\u00eda de Comercio. El productor se estaba deshaciendo de sus madres. Con 20% de inflaci\u00f3n anual, no pod\u00e9s tener precios inmovilizados. Hoy, con una devaluaci\u00f3n de alrededor [&hellip;]\" \/>\n<meta property=\"og:url\" content=\"https:\/\/proagrolab.com.ar\/el-75-del-aumento-de-produccion-se-justifica-por-la-faena-de-hembras\/\" \/>\n<meta property=\"og:site_name\" content=\"Proagro\" \/>\n<meta property=\"article:publisher\" content=\"http:\/\/www.facebook.com\/proagrolab\" \/>\n<meta property=\"article:published_time\" content=\"2013-09-23T00:00:01+00:00\" \/>\n<meta property=\"og:image\" content=\"https:\/\/proagrolab.com.ar\/wp-content\/uploads\/2015\/01\/g_9rida5aj5__Frigor\u00edfico-5.jpg\" \/>\n\t<meta property=\"og:image:width\" content=\"1\" \/>\n\t<meta property=\"og:image:height\" content=\"1\" \/>\n\t<meta property=\"og:image:type\" content=\"image\/jpeg\" \/>\n<meta name=\"author\" content=\"proagrolab\" \/>\n<meta name=\"twitter:card\" content=\"summary_large_image\" \/>\n<meta name=\"twitter:label1\" content=\"Written by\" \/>\n\t<meta name=\"twitter:data1\" content=\"proagrolab\" \/>\n\t<meta name=\"twitter:label2\" content=\"Est. reading time\" \/>\n\t<meta name=\"twitter:data2\" content=\"1 minute\" \/>\n<script type=\"application\/ld+json\" class=\"yoast-schema-graph\">{\"@context\":\"https:\\\/\\\/schema.org\",\"@graph\":[{\"@type\":\"Article\",\"@id\":\"https:\\\/\\\/proagrolab.com.ar\\\/el-75-del-aumento-de-produccion-se-justifica-por-la-faena-de-hembras\\\/#article\",\"isPartOf\":{\"@id\":\"https:\\\/\\\/proagrolab.com.ar\\\/el-75-del-aumento-de-produccion-se-justifica-por-la-faena-de-hembras\\\/\"},\"author\":{\"name\":\"proagrolab\",\"@id\":\"https:\\\/\\\/proagrolab.com.ar\\\/#\\\/schema\\\/person\\\/38003ff90bf80381f71c7d922d207444\"},\"headline\":\"El 75% del aumento de producci\u00f3n se justifica por la faena de hembras.\",\"datePublished\":\"2013-09-23T00:00:01+00:00\",\"mainEntityOfPage\":{\"@id\":\"https:\\\/\\\/proagrolab.com.ar\\\/el-75-del-aumento-de-produccion-se-justifica-por-la-faena-de-hembras\\\/\"},\"wordCount\":245,\"publisher\":{\"@id\":\"https:\\\/\\\/proagrolab.com.ar\\\/#organization\"},\"image\":{\"@id\":\"https:\\\/\\\/proagrolab.com.ar\\\/el-75-del-aumento-de-produccion-se-justifica-por-la-faena-de-hembras\\\/#primaryimage\"},\"thumbnailUrl\":\"https:\\\/\\\/proagrolab.com.ar\\\/wp-content\\\/uploads\\\/2015\\\/01\\\/g_9rida5aj5__Frigor\u00edfico-5.jpg\",\"articleSection\":[\"News\"],\"inLanguage\":\"en-US\"},{\"@type\":\"WebPage\",\"@id\":\"https:\\\/\\\/proagrolab.com.ar\\\/el-75-del-aumento-de-produccion-se-justifica-por-la-faena-de-hembras\\\/\",\"url\":\"https:\\\/\\\/proagrolab.com.ar\\\/el-75-del-aumento-de-produccion-se-justifica-por-la-faena-de-hembras\\\/\",\"name\":\"El 75% del aumento de producci\u00f3n se justifica por la faena de hembras. | Proagro\",\"isPartOf\":{\"@id\":\"https:\\\/\\\/proagrolab.com.ar\\\/#website\"},\"primaryImageOfPage\":{\"@id\":\"https:\\\/\\\/proagrolab.com.ar\\\/el-75-del-aumento-de-produccion-se-justifica-por-la-faena-de-hembras\\\/#primaryimage\"},\"image\":{\"@id\":\"https:\\\/\\\/proagrolab.com.ar\\\/el-75-del-aumento-de-produccion-se-justifica-por-la-faena-de-hembras\\\/#primaryimage\"},\"thumbnailUrl\":\"https:\\\/\\\/proagrolab.com.ar\\\/wp-content\\\/uploads\\\/2015\\\/01\\\/g_9rida5aj5__Frigor\u00edfico-5.jpg\",\"datePublished\":\"2013-09-23T00:00:01+00:00\",\"breadcrumb\":{\"@id\":\"https:\\\/\\\/proagrolab.com.ar\\\/el-75-del-aumento-de-produccion-se-justifica-por-la-faena-de-hembras\\\/#breadcrumb\"},\"inLanguage\":\"en-US\",\"potentialAction\":[{\"@type\":\"ReadAction\",\"target\":[\"https:\\\/\\\/proagrolab.com.ar\\\/el-75-del-aumento-de-produccion-se-justifica-por-la-faena-de-hembras\\\/\"]}]},{\"@type\":\"ImageObject\",\"inLanguage\":\"en-US\",\"@id\":\"https:\\\/\\\/proagrolab.com.ar\\\/el-75-del-aumento-de-produccion-se-justifica-por-la-faena-de-hembras\\\/#primaryimage\",\"url\":\"https:\\\/\\\/proagrolab.com.ar\\\/wp-content\\\/uploads\\\/2015\\\/01\\\/g_9rida5aj5__Frigor\u00edfico-5.jpg\",\"contentUrl\":\"https:\\\/\\\/proagrolab.com.ar\\\/wp-content\\\/uploads\\\/2015\\\/01\\\/g_9rida5aj5__Frigor\u00edfico-5.jpg\"},{\"@type\":\"BreadcrumbList\",\"@id\":\"https:\\\/\\\/proagrolab.com.ar\\\/el-75-del-aumento-de-produccion-se-justifica-por-la-faena-de-hembras\\\/#breadcrumb\",\"itemListElement\":[{\"@type\":\"ListItem\",\"position\":1,\"name\":\"Portada\",\"item\":\"https:\\\/\\\/proagrolab.com.ar\\\/\"},{\"@type\":\"ListItem\",\"position\":2,\"name\":\"El 75% del aumento de producci\u00f3n se justifica por la faena de hembras.\"}]},{\"@type\":\"WebSite\",\"@id\":\"https:\\\/\\\/proagrolab.com.ar\\\/#website\",\"url\":\"https:\\\/\\\/proagrolab.com.ar\\\/\",\"name\":\"Proagro Laboratorio Veterinario\",\"description\":\"Veterinary laboratory\",\"publisher\":{\"@id\":\"https:\\\/\\\/proagrolab.com.ar\\\/#organization\"},\"potentialAction\":[{\"@type\":\"SearchAction\",\"target\":{\"@type\":\"EntryPoint\",\"urlTemplate\":\"https:\\\/\\\/proagrolab.com.ar\\\/?s={search_term_string}\"},\"query-input\":{\"@type\":\"PropertyValueSpecification\",\"valueRequired\":true,\"valueName\":\"search_term_string\"}}],\"inLanguage\":\"en-US\"},{\"@type\":\"Organization\",\"@id\":\"https:\\\/\\\/proagrolab.com.ar\\\/#organization\",\"name\":\"Proagro\",\"url\":\"https:\\\/\\\/proagrolab.com.ar\\\/\",\"logo\":{\"@type\":\"ImageObject\",\"inLanguage\":\"en-US\",\"@id\":\"https:\\\/\\\/proagrolab.com.ar\\\/#\\\/schema\\\/logo\\\/image\\\/\",\"url\":\"https:\\\/\\\/proagrolab.com.ar\\\/wp-content\\\/uploads\\\/2020\\\/04\\\/logo-retina.png\",\"contentUrl\":\"https:\\\/\\\/proagrolab.com.ar\\\/wp-content\\\/uploads\\\/2020\\\/04\\\/logo-retina.png\",\"width\":478,\"height\":120,\"caption\":\"Proagro\"},\"image\":{\"@id\":\"https:\\\/\\\/proagrolab.com.ar\\\/#\\\/schema\\\/logo\\\/image\\\/\"},\"sameAs\":[\"http:\\\/\\\/www.facebook.com\\\/proagrolab\",\"https:\\\/\\\/www.instagram.com\\\/proagrolab\\\/\",\"https:\\\/\\\/www.linkedin.com\\\/company\\\/laboratorio-proagro-s-a\\\/\"]},{\"@type\":\"Person\",\"@id\":\"https:\\\/\\\/proagrolab.com.ar\\\/#\\\/schema\\\/person\\\/38003ff90bf80381f71c7d922d207444\",\"name\":\"proagrolab\"}]}<\/script>\n<!-- \/ Yoast SEO plugin. -->","yoast_head_json":{"title":"El 75% del aumento de producci\u00f3n se justifica por la faena de hembras. | Proagro","robots":{"index":"index","follow":"follow","max-snippet":"max-snippet:-1","max-image-preview":"max-image-preview:large","max-video-preview":"max-video-preview:-1"},"canonical":"https:\/\/proagrolab.com.ar\/en\/el-75-del-aumento-de-produccion-se-justifica-por-la-faena-de-hembras\/","og_locale":"en_US","og_type":"article","og_title":"El 75% del aumento de producci\u00f3n se justifica por la faena de hembras. | Proagro","og_description":"El presidente de CICCRA, Miguel Schiaritti, aclar\u00f3 que, si bien la situaci\u00f3n se est\u00e1 desgastando, no llegar\u00e1 a los niveles del 2009, cuando se perdieron 12 millones de cabezas: \u0093Creo que estamos a meses de la situaci\u00f3n del 2009. Dar\u00eda la sensaci\u00f3n que no se va a dar una liquidaci\u00f3n de esa magnitud. El ganado est\u00e1 estabilizado en sus valores nominales y el ritmo de devaluaci\u00f3n es de 30%, lo que viene recuperando competitividad. Eso hace que las exportaciones hayan aumentado\u0094, explic\u00f3 para Radio Colonia. \u0093Es posible que de ac\u00e1 a fin de a\u00f1o empiece a existir una competencia entre exportaci\u00f3n y consumo, que empiecen a moverse los precios y el productor seguramente recordar\u00e1 esto. Si no hay problemas clim\u00e1ticos, la liquidaci\u00f3n ser\u00e1 menor que en 2009, que ven\u00eda de tres a\u00f1os de valores estabilizados y p\u00e9rdida\u0094, agreg\u00f3 en dialogo con Ondas de Campo. En aquella oportunidad, \u0093la responsabilidad del atraso en el precio de la hacienda no fue por sequ\u00eda, que aceler\u00f3 el proceso de vientres, sino por las intervenciones de la secretar\u00eda de Comercio. El productor se estaba deshaciendo de sus madres. Con 20% de inflaci\u00f3n anual, no pod\u00e9s tener precios inmovilizados. Hoy, con una devaluaci\u00f3n de alrededor [&hellip;]","og_url":"https:\/\/proagrolab.com.ar\/el-75-del-aumento-de-produccion-se-justifica-por-la-faena-de-hembras\/","og_site_name":"Proagro","article_publisher":"http:\/\/www.facebook.com\/proagrolab","article_published_time":"2013-09-23T00:00:01+00:00","og_image":[{"url":"https:\/\/proagrolab.com.ar\/wp-content\/uploads\/2015\/01\/g_9rida5aj5__Frigor\u00edfico-5.jpg","width":1,"height":1,"type":"image\/jpeg"}],"author":"proagrolab","twitter_card":"summary_large_image","twitter_misc":{"Written by":"proagrolab","Est. reading time":"1 minute"},"schema":{"@context":"https:\/\/schema.org","@graph":[{"@type":"Article","@id":"https:\/\/proagrolab.com.ar\/el-75-del-aumento-de-produccion-se-justifica-por-la-faena-de-hembras\/#article","isPartOf":{"@id":"https:\/\/proagrolab.com.ar\/el-75-del-aumento-de-produccion-se-justifica-por-la-faena-de-hembras\/"},"author":{"name":"proagrolab","@id":"https:\/\/proagrolab.com.ar\/#\/schema\/person\/38003ff90bf80381f71c7d922d207444"},"headline":"El 75% del aumento de producci\u00f3n se justifica por la faena de hembras.","datePublished":"2013-09-23T00:00:01+00:00","mainEntityOfPage":{"@id":"https:\/\/proagrolab.com.ar\/el-75-del-aumento-de-produccion-se-justifica-por-la-faena-de-hembras\/"},"wordCount":245,"publisher":{"@id":"https:\/\/proagrolab.com.ar\/#organization"},"image":{"@id":"https:\/\/proagrolab.com.ar\/el-75-del-aumento-de-produccion-se-justifica-por-la-faena-de-hembras\/#primaryimage"},"thumbnailUrl":"https:\/\/proagrolab.com.ar\/wp-content\/uploads\/2015\/01\/g_9rida5aj5__Frigor\u00edfico-5.jpg","articleSection":["News"],"inLanguage":"en-US"},{"@type":"WebPage","@id":"https:\/\/proagrolab.com.ar\/el-75-del-aumento-de-produccion-se-justifica-por-la-faena-de-hembras\/","url":"https:\/\/proagrolab.com.ar\/el-75-del-aumento-de-produccion-se-justifica-por-la-faena-de-hembras\/","name":"El 75% del aumento de producci\u00f3n se justifica por la faena de hembras. | Proagro","isPartOf":{"@id":"https:\/\/proagrolab.com.ar\/#website"},"primaryImageOfPage":{"@id":"https:\/\/proagrolab.com.ar\/el-75-del-aumento-de-produccion-se-justifica-por-la-faena-de-hembras\/#primaryimage"},"image":{"@id":"https:\/\/proagrolab.com.ar\/el-75-del-aumento-de-produccion-se-justifica-por-la-faena-de-hembras\/#primaryimage"},"thumbnailUrl":"https:\/\/proagrolab.com.ar\/wp-content\/uploads\/2015\/01\/g_9rida5aj5__Frigor\u00edfico-5.jpg","datePublished":"2013-09-23T00:00:01+00:00","breadcrumb":{"@id":"https:\/\/proagrolab.com.ar\/el-75-del-aumento-de-produccion-se-justifica-por-la-faena-de-hembras\/#breadcrumb"},"inLanguage":"en-US","potentialAction":[{"@type":"ReadAction","target":["https:\/\/proagrolab.com.ar\/el-75-del-aumento-de-produccion-se-justifica-por-la-faena-de-hembras\/"]}]},{"@type":"ImageObject","inLanguage":"en-US","@id":"https:\/\/proagrolab.com.ar\/el-75-del-aumento-de-produccion-se-justifica-por-la-faena-de-hembras\/#primaryimage","url":"https:\/\/proagrolab.com.ar\/wp-content\/uploads\/2015\/01\/g_9rida5aj5__Frigor\u00edfico-5.jpg","contentUrl":"https:\/\/proagrolab.com.ar\/wp-content\/uploads\/2015\/01\/g_9rida5aj5__Frigor\u00edfico-5.jpg"},{"@type":"BreadcrumbList","@id":"https:\/\/proagrolab.com.ar\/el-75-del-aumento-de-produccion-se-justifica-por-la-faena-de-hembras\/#breadcrumb","itemListElement":[{"@type":"ListItem","position":1,"name":"Portada","item":"https:\/\/proagrolab.com.ar\/"},{"@type":"ListItem","position":2,"name":"El 75% del aumento de producci\u00f3n se justifica por la faena de hembras."}]},{"@type":"WebSite","@id":"https:\/\/proagrolab.com.ar\/#website","url":"https:\/\/proagrolab.com.ar\/","name":"Proagro Laboratorio Veterinario","description":"Veterinary laboratory","publisher":{"@id":"https:\/\/proagrolab.com.ar\/#organization"},"potentialAction":[{"@type":"SearchAction","target":{"@type":"EntryPoint","urlTemplate":"https:\/\/proagrolab.com.ar\/?s={search_term_string}"},"query-input":{"@type":"PropertyValueSpecification","valueRequired":true,"valueName":"search_term_string"}}],"inLanguage":"en-US"},{"@type":"Organization","@id":"https:\/\/proagrolab.com.ar\/#organization","name":"Proagro","url":"https:\/\/proagrolab.com.ar\/","logo":{"@type":"ImageObject","inLanguage":"en-US","@id":"https:\/\/proagrolab.com.ar\/#\/schema\/logo\/image\/","url":"https:\/\/proagrolab.com.ar\/wp-content\/uploads\/2020\/04\/logo-retina.png","contentUrl":"https:\/\/proagrolab.com.ar\/wp-content\/uploads\/2020\/04\/logo-retina.png","width":478,"height":120,"caption":"Proagro"},"image":{"@id":"https:\/\/proagrolab.com.ar\/#\/schema\/logo\/image\/"},"sameAs":["http:\/\/www.facebook.com\/proagrolab","https:\/\/www.instagram.com\/proagrolab\/","https:\/\/www.linkedin.com\/company\/laboratorio-proagro-s-a\/"]},{"@type":"Person","@id":"https:\/\/proagrolab.com.ar\/#\/schema\/person\/38003ff90bf80381f71c7d922d207444","name":"proagrolab"}]}},"_links":{"self":[{"href":"https:\/\/proagrolab.com.ar\/en\/wp-json\/wp\/v2\/posts\/5701","targetHints":{"allow":["GET"]}}],"collection":[{"href":"https:\/\/proagrolab.com.ar\/en\/wp-json\/wp\/v2\/posts"}],"about":[{"href":"https:\/\/proagrolab.com.ar\/en\/wp-json\/wp\/v2\/types\/post"}],"author":[{"embeddable":true,"href":"https:\/\/proagrolab.com.ar\/en\/wp-json\/wp\/v2\/users\/2"}],"replies":[{"embeddable":true,"href":"https:\/\/proagrolab.com.ar\/en\/wp-json\/wp\/v2\/comments?post=5701"}],"version-history":[{"count":0,"href":"https:\/\/proagrolab.com.ar\/en\/wp-json\/wp\/v2\/posts\/5701\/revisions"}],"wp:featuredmedia":[{"embeddable":true,"href":"https:\/\/proagrolab.com.ar\/en\/wp-json\/wp\/v2\/media\/2190"}],"wp:attachment":[{"href":"https:\/\/proagrolab.com.ar\/en\/wp-json\/wp\/v2\/media?parent=5701"}],"wp:term":[{"taxonomy":"category","embeddable":true,"href":"https:\/\/proagrolab.com.ar\/en\/wp-json\/wp\/v2\/categories?post=5701"},{"taxonomy":"post_tag","embeddable":true,"href":"https:\/\/proagrolab.com.ar\/en\/wp-json\/wp\/v2\/tags?post=5701"}],"curies":[{"name":"wp","href":"https:\/\/api.w.org\/{rel}","templated":true}]}}