{"id":5696,"date":"2013-09-20T00:00:01","date_gmt":"2013-09-20T00:00:01","guid":{"rendered":"https:\/\/proagrolab.com.ar\/la-relacion-insumoproducto-sigue-empeorando\/"},"modified":"2013-09-20T00:00:01","modified_gmt":"2013-09-20T00:00:01","slug":"la-relacion-insumoproducto-sigue-empeorando","status":"publish","type":"post","link":"https:\/\/proagrolab.com.ar\/en\/la-relacion-insumoproducto-sigue-empeorando\/","title":{"rendered":"La relaci\u00f3n insumo\/producto sigue empeorando."},"content":{"rendered":"<p class=\"qtranxs-available-languages-message qtranxs-available-languages-message-en\"> <\/p><p>Por Ignacio Iriarte.<\/p>\n<p>La cadena ganadera sufre la suba de costos: salarios, energ\u00eda, fletes, alquileres, impuestos. Mientras tanto, el valor del kilo vivo (materia prima) est\u00e1 estancado desde hace dos a\u00f1os.<\/p>\n<p>En los ocho primeros meses del a\u00f1o, la faena de ganado vacuno totaliza los 8,4 millones de cabezas, un 13 por ciento m\u00e1s que en igual per\u00edodo del a\u00f1o anterior.<\/p>\n<p>De continuar esta tendencia, la matanza anual ser\u00eda del orden de los 12,60 millones de cabezas, muy cercano este registro a los valores estimados de equilibrio entre faena y mortandad, por un lado, y destete, por el otro.<\/p>\n<p>El stock habr\u00eda dejado de crecer, siendo muy probable que a marzo pr\u00f3ximo, cuando Servicio Nacional de Sanidad y Calidad Agroalimentaria (Senasa) haga su c\u00e1lculo anual de existencias ganaderas, \u00e9stas se encuentran al mismo nivel que un a\u00f1o atr\u00e1s, o algo por encima.<\/p>\n<p>Los precios reales del ganado han experimentado una fuerte reducci\u00f3n, los insumos est\u00e1n creciendo por encima de cualquier \u00edndice de inflaci\u00f3n que se utilice y los fen\u00f3menos clim\u00e1ticos extremos (secas, inundaciones) estar\u00edan contribuyendo a una mortandad superior a la habitual y al despoblamiento.<\/p>\n<p>Hay grandes zonas del pa\u00eds (semi\u00e1rido, NEA y NOA, e islas del r\u00edo Paran\u00e1), donde es dif\u00edcil que el stock se mantenga; adem\u00e1s, en gran parte de las \u00e1reas citadas los vientres est\u00e1n entrando a la \u00e9poca de servicio \u0096hoy est\u00e1n en plena parici\u00f3n\u0096 en un estado corporal que hace prever que dif\u00edcilmente se repitan los excelentes \u00edndices de pre\u00f1ez del a\u00f1o pasado.<\/p>\n<p>Este a\u00f1o, la producci\u00f3n de carne vacuna se ubicar\u00eda unas 200 mil toneladas por encima del a\u00f1o anterior, pero esta fuerte suba no se repetir\u00eda en los pr\u00f3ximos a\u00f1os, porque la producci\u00f3n de carne se estabilizar\u00eda (se estancar\u00eda) en el orden de las 2,8 millones de toneladas. Tanto por la faena en t\u00e9rminos absolutos, como por el porcentaje de hembras en la misma (43 por ciento en agosto), la ganader\u00eda est\u00e1 pr\u00f3xima a un punto, despu\u00e9s de 18 meses de empeoramiento de sus principales indicadores, a partir del cual el stock puede estabilizarse, o tambi\u00e9n puede entrar en un proceso de liquidaci\u00f3n moderada. Depender\u00e1 de que los precios reales no sigan cayendo y de que el clima en las principales zonas de cr\u00eda no obligue a reducir la carga.<\/p>\n<p>La situaci\u00f3n financiera de los ganaderos, tanto los que son mixtos como los de ciclo completo o los especializados en cr\u00eda, se ha deteriorado mucho en el \u00faltimo a\u00f1o. Ha subido el endeudamiento con proveedores de insumos, con las tarjetas de cr\u00e9dito rurales y en forma incipiente, con los bancos.<\/p>\n<p>Varios consignatarios nos dicen que en los \u00faltimos meses un porcentaje importante de sus remitentes est\u00e1 pidiendo adelantos sobre ventas ya realizadas, cosa que hace varios a\u00f1os no se ve\u00eda. Todo el sistema de pagos en ganados y carnes ha extendido los plazos, registr\u00e1ndose un nivel creciente de cheques rechazados.<\/p>\n<p>Pero se viene de un per\u00edodo relativamente bueno y el \u00edndice de cobrabilidad de este negocio sigue siendo sorprendentemente alto, si se lo compara con cualquier otra actividad. Tanto para productores, como para frigor\u00edficos, consignatarios o matarifes, el problema es el mismo: el incesante aumento de los costos operativos (salarios, energ\u00eda, fletes, seguros, alquileres, impuestos, etc.) en relaci\u00f3n al valor de la materia prima, el precio del ganado, estancado desde hace m\u00e1s de dos a\u00f1os.<\/p>\n<p>Fuente: La Voz del Interior, 20 de septiembre.<br \/><\/p>","protected":false},"excerpt":{"rendered":"<p>Por Ignacio Iriarte. La cadena ganadera sufre la suba de costos: salarios, energ\u00eda, fletes, alquileres, impuestos. Mientras tanto, el valor del kilo vivo (materia prima) est\u00e1 estancado desde hace dos a\u00f1os. En los ocho primeros meses del a\u00f1o, la faena de ganado vacuno totaliza los 8,4 millones de cabezas, un 13 por ciento m\u00e1s que en igual per\u00edodo del a\u00f1o anterior. De continuar esta tendencia, la matanza anual ser\u00eda del orden de los 12,60 millones de cabezas, muy cercano este registro a los valores estimados de equilibrio entre faena y mortandad, por un lado, y destete, por el otro. El stock habr\u00eda dejado de crecer, siendo muy probable que a marzo pr\u00f3ximo, cuando Servicio Nacional de Sanidad y Calidad Agroalimentaria (Senasa) haga su c\u00e1lculo anual de existencias ganaderas, \u00e9stas se encuentran al mismo nivel que un a\u00f1o atr\u00e1s, o algo por encima. Los precios reales del ganado han experimentado una fuerte reducci\u00f3n, los insumos est\u00e1n creciendo por encima de cualquier \u00edndice de inflaci\u00f3n que se utilice y los fen\u00f3menos clim\u00e1ticos extremos (secas, inundaciones) estar\u00edan contribuyendo a una mortandad superior a la habitual y al despoblamiento. Hay grandes zonas del pa\u00eds (semi\u00e1rido, NEA y NOA, e islas del r\u00edo Paran\u00e1), donde [&hellip;]<\/p>\n","protected":false},"author":2,"featured_media":2185,"comment_status":"closed","ping_status":"open","sticky":false,"template":"","format":"standard","meta":{"_acf_changed":false,"footnotes":""},"categories":[56],"tags":[],"class_list":["post-5696","post","type-post","status-publish","format-standard","has-post-thumbnail","hentry","category-infoganadero"],"acf":[],"yoast_head":"<!-- This site is optimized with the Yoast SEO plugin v27.5 - https:\/\/yoast.com\/product\/yoast-seo-wordpress\/ -->\n<title>La relaci\u00f3n insumo\/producto sigue empeorando. | Proagro<\/title>\n<meta name=\"robots\" content=\"index, follow, max-snippet:-1, max-image-preview:large, max-video-preview:-1\" \/>\n<link rel=\"canonical\" href=\"https:\/\/proagrolab.com.ar\/en\/la-relacion-insumoproducto-sigue-empeorando\/\" \/>\n<meta property=\"og:locale\" content=\"en_US\" \/>\n<meta property=\"og:type\" content=\"article\" \/>\n<meta property=\"og:title\" content=\"La relaci\u00f3n insumo\/producto sigue empeorando. | Proagro\" \/>\n<meta property=\"og:description\" content=\"Por Ignacio Iriarte. La cadena ganadera sufre la suba de costos: salarios, energ\u00eda, fletes, alquileres, impuestos. Mientras tanto, el valor del kilo vivo (materia prima) est\u00e1 estancado desde hace dos a\u00f1os. En los ocho primeros meses del a\u00f1o, la faena de ganado vacuno totaliza los 8,4 millones de cabezas, un 13 por ciento m\u00e1s que en igual per\u00edodo del a\u00f1o anterior. De continuar esta tendencia, la matanza anual ser\u00eda del orden de los 12,60 millones de cabezas, muy cercano este registro a los valores estimados de equilibrio entre faena y mortandad, por un lado, y destete, por el otro. El stock habr\u00eda dejado de crecer, siendo muy probable que a marzo pr\u00f3ximo, cuando Servicio Nacional de Sanidad y Calidad Agroalimentaria (Senasa) haga su c\u00e1lculo anual de existencias ganaderas, \u00e9stas se encuentran al mismo nivel que un a\u00f1o atr\u00e1s, o algo por encima. Los precios reales del ganado han experimentado una fuerte reducci\u00f3n, los insumos est\u00e1n creciendo por encima de cualquier \u00edndice de inflaci\u00f3n que se utilice y los fen\u00f3menos clim\u00e1ticos extremos (secas, inundaciones) estar\u00edan contribuyendo a una mortandad superior a la habitual y al despoblamiento. Hay grandes zonas del pa\u00eds (semi\u00e1rido, NEA y NOA, e islas del r\u00edo Paran\u00e1), donde [&hellip;]\" \/>\n<meta property=\"og:url\" content=\"https:\/\/proagrolab.com.ar\/la-relacion-insumoproducto-sigue-empeorando\/\" \/>\n<meta property=\"og:site_name\" content=\"Proagro\" \/>\n<meta property=\"article:publisher\" content=\"http:\/\/www.facebook.com\/proagrolab\" \/>\n<meta property=\"article:published_time\" content=\"2013-09-20T00:00:01+00:00\" \/>\n<meta property=\"og:image\" content=\"https:\/\/proagrolab.com.ar\/wp-content\/uploads\/2015\/01\/g_czpu8auio__Bovinos-pastando.jpg\" \/>\n\t<meta property=\"og:image:width\" content=\"450\" \/>\n\t<meta property=\"og:image:height\" content=\"208\" \/>\n\t<meta property=\"og:image:type\" content=\"image\/jpeg\" \/>\n<meta name=\"author\" content=\"proagrolab\" \/>\n<meta name=\"twitter:card\" content=\"summary_large_image\" \/>\n<meta name=\"twitter:label1\" content=\"Written by\" \/>\n\t<meta name=\"twitter:data1\" content=\"proagrolab\" \/>\n\t<meta name=\"twitter:label2\" content=\"Est. reading time\" \/>\n\t<meta name=\"twitter:data2\" content=\"3 minutes\" \/>\n<script type=\"application\/ld+json\" class=\"yoast-schema-graph\">{\"@context\":\"https:\\\/\\\/schema.org\",\"@graph\":[{\"@type\":\"Article\",\"@id\":\"https:\\\/\\\/proagrolab.com.ar\\\/la-relacion-insumoproducto-sigue-empeorando\\\/#article\",\"isPartOf\":{\"@id\":\"https:\\\/\\\/proagrolab.com.ar\\\/la-relacion-insumoproducto-sigue-empeorando\\\/\"},\"author\":{\"name\":\"proagrolab\",\"@id\":\"https:\\\/\\\/proagrolab.com.ar\\\/#\\\/schema\\\/person\\\/38003ff90bf80381f71c7d922d207444\"},\"headline\":\"La relaci\u00f3n insumo\\\/producto sigue empeorando.\",\"datePublished\":\"2013-09-20T00:00:01+00:00\",\"mainEntityOfPage\":{\"@id\":\"https:\\\/\\\/proagrolab.com.ar\\\/la-relacion-insumoproducto-sigue-empeorando\\\/\"},\"wordCount\":618,\"publisher\":{\"@id\":\"https:\\\/\\\/proagrolab.com.ar\\\/#organization\"},\"image\":{\"@id\":\"https:\\\/\\\/proagrolab.com.ar\\\/la-relacion-insumoproducto-sigue-empeorando\\\/#primaryimage\"},\"thumbnailUrl\":\"https:\\\/\\\/proagrolab.com.ar\\\/wp-content\\\/uploads\\\/2015\\\/01\\\/g_czpu8auio__Bovinos-pastando.jpg\",\"articleSection\":[\"News\"],\"inLanguage\":\"en-US\"},{\"@type\":\"WebPage\",\"@id\":\"https:\\\/\\\/proagrolab.com.ar\\\/la-relacion-insumoproducto-sigue-empeorando\\\/\",\"url\":\"https:\\\/\\\/proagrolab.com.ar\\\/la-relacion-insumoproducto-sigue-empeorando\\\/\",\"name\":\"La relaci\u00f3n insumo\\\/producto sigue empeorando. | Proagro\",\"isPartOf\":{\"@id\":\"https:\\\/\\\/proagrolab.com.ar\\\/#website\"},\"primaryImageOfPage\":{\"@id\":\"https:\\\/\\\/proagrolab.com.ar\\\/la-relacion-insumoproducto-sigue-empeorando\\\/#primaryimage\"},\"image\":{\"@id\":\"https:\\\/\\\/proagrolab.com.ar\\\/la-relacion-insumoproducto-sigue-empeorando\\\/#primaryimage\"},\"thumbnailUrl\":\"https:\\\/\\\/proagrolab.com.ar\\\/wp-content\\\/uploads\\\/2015\\\/01\\\/g_czpu8auio__Bovinos-pastando.jpg\",\"datePublished\":\"2013-09-20T00:00:01+00:00\",\"breadcrumb\":{\"@id\":\"https:\\\/\\\/proagrolab.com.ar\\\/la-relacion-insumoproducto-sigue-empeorando\\\/#breadcrumb\"},\"inLanguage\":\"en-US\",\"potentialAction\":[{\"@type\":\"ReadAction\",\"target\":[\"https:\\\/\\\/proagrolab.com.ar\\\/la-relacion-insumoproducto-sigue-empeorando\\\/\"]}]},{\"@type\":\"ImageObject\",\"inLanguage\":\"en-US\",\"@id\":\"https:\\\/\\\/proagrolab.com.ar\\\/la-relacion-insumoproducto-sigue-empeorando\\\/#primaryimage\",\"url\":\"https:\\\/\\\/proagrolab.com.ar\\\/wp-content\\\/uploads\\\/2015\\\/01\\\/g_czpu8auio__Bovinos-pastando.jpg\",\"contentUrl\":\"https:\\\/\\\/proagrolab.com.ar\\\/wp-content\\\/uploads\\\/2015\\\/01\\\/g_czpu8auio__Bovinos-pastando.jpg\",\"width\":450,\"height\":208},{\"@type\":\"BreadcrumbList\",\"@id\":\"https:\\\/\\\/proagrolab.com.ar\\\/la-relacion-insumoproducto-sigue-empeorando\\\/#breadcrumb\",\"itemListElement\":[{\"@type\":\"ListItem\",\"position\":1,\"name\":\"Portada\",\"item\":\"https:\\\/\\\/proagrolab.com.ar\\\/\"},{\"@type\":\"ListItem\",\"position\":2,\"name\":\"La relaci\u00f3n insumo\\\/producto sigue empeorando.\"}]},{\"@type\":\"WebSite\",\"@id\":\"https:\\\/\\\/proagrolab.com.ar\\\/#website\",\"url\":\"https:\\\/\\\/proagrolab.com.ar\\\/\",\"name\":\"Proagro Laboratorio Veterinario\",\"description\":\"Veterinary laboratory\",\"publisher\":{\"@id\":\"https:\\\/\\\/proagrolab.com.ar\\\/#organization\"},\"potentialAction\":[{\"@type\":\"SearchAction\",\"target\":{\"@type\":\"EntryPoint\",\"urlTemplate\":\"https:\\\/\\\/proagrolab.com.ar\\\/?s={search_term_string}\"},\"query-input\":{\"@type\":\"PropertyValueSpecification\",\"valueRequired\":true,\"valueName\":\"search_term_string\"}}],\"inLanguage\":\"en-US\"},{\"@type\":\"Organization\",\"@id\":\"https:\\\/\\\/proagrolab.com.ar\\\/#organization\",\"name\":\"Proagro\",\"url\":\"https:\\\/\\\/proagrolab.com.ar\\\/\",\"logo\":{\"@type\":\"ImageObject\",\"inLanguage\":\"en-US\",\"@id\":\"https:\\\/\\\/proagrolab.com.ar\\\/#\\\/schema\\\/logo\\\/image\\\/\",\"url\":\"https:\\\/\\\/proagrolab.com.ar\\\/wp-content\\\/uploads\\\/2020\\\/04\\\/logo-retina.png\",\"contentUrl\":\"https:\\\/\\\/proagrolab.com.ar\\\/wp-content\\\/uploads\\\/2020\\\/04\\\/logo-retina.png\",\"width\":478,\"height\":120,\"caption\":\"Proagro\"},\"image\":{\"@id\":\"https:\\\/\\\/proagrolab.com.ar\\\/#\\\/schema\\\/logo\\\/image\\\/\"},\"sameAs\":[\"http:\\\/\\\/www.facebook.com\\\/proagrolab\",\"https:\\\/\\\/www.instagram.com\\\/proagrolab\\\/\",\"https:\\\/\\\/www.linkedin.com\\\/company\\\/laboratorio-proagro-s-a\\\/\"]},{\"@type\":\"Person\",\"@id\":\"https:\\\/\\\/proagrolab.com.ar\\\/#\\\/schema\\\/person\\\/38003ff90bf80381f71c7d922d207444\",\"name\":\"proagrolab\"}]}<\/script>\n<!-- \/ Yoast SEO plugin. -->","yoast_head_json":{"title":"La relaci\u00f3n insumo\/producto sigue empeorando. | Proagro","robots":{"index":"index","follow":"follow","max-snippet":"max-snippet:-1","max-image-preview":"max-image-preview:large","max-video-preview":"max-video-preview:-1"},"canonical":"https:\/\/proagrolab.com.ar\/en\/la-relacion-insumoproducto-sigue-empeorando\/","og_locale":"en_US","og_type":"article","og_title":"La relaci\u00f3n insumo\/producto sigue empeorando. | Proagro","og_description":"Por Ignacio Iriarte. La cadena ganadera sufre la suba de costos: salarios, energ\u00eda, fletes, alquileres, impuestos. Mientras tanto, el valor del kilo vivo (materia prima) est\u00e1 estancado desde hace dos a\u00f1os. En los ocho primeros meses del a\u00f1o, la faena de ganado vacuno totaliza los 8,4 millones de cabezas, un 13 por ciento m\u00e1s que en igual per\u00edodo del a\u00f1o anterior. De continuar esta tendencia, la matanza anual ser\u00eda del orden de los 12,60 millones de cabezas, muy cercano este registro a los valores estimados de equilibrio entre faena y mortandad, por un lado, y destete, por el otro. El stock habr\u00eda dejado de crecer, siendo muy probable que a marzo pr\u00f3ximo, cuando Servicio Nacional de Sanidad y Calidad Agroalimentaria (Senasa) haga su c\u00e1lculo anual de existencias ganaderas, \u00e9stas se encuentran al mismo nivel que un a\u00f1o atr\u00e1s, o algo por encima. Los precios reales del ganado han experimentado una fuerte reducci\u00f3n, los insumos est\u00e1n creciendo por encima de cualquier \u00edndice de inflaci\u00f3n que se utilice y los fen\u00f3menos clim\u00e1ticos extremos (secas, inundaciones) estar\u00edan contribuyendo a una mortandad superior a la habitual y al despoblamiento. Hay grandes zonas del pa\u00eds (semi\u00e1rido, NEA y NOA, e islas del r\u00edo Paran\u00e1), donde [&hellip;]","og_url":"https:\/\/proagrolab.com.ar\/la-relacion-insumoproducto-sigue-empeorando\/","og_site_name":"Proagro","article_publisher":"http:\/\/www.facebook.com\/proagrolab","article_published_time":"2013-09-20T00:00:01+00:00","og_image":[{"width":450,"height":208,"url":"https:\/\/proagrolab.com.ar\/wp-content\/uploads\/2015\/01\/g_czpu8auio__Bovinos-pastando.jpg","type":"image\/jpeg"}],"author":"proagrolab","twitter_card":"summary_large_image","twitter_misc":{"Written by":"proagrolab","Est. reading time":"3 minutes"},"schema":{"@context":"https:\/\/schema.org","@graph":[{"@type":"Article","@id":"https:\/\/proagrolab.com.ar\/la-relacion-insumoproducto-sigue-empeorando\/#article","isPartOf":{"@id":"https:\/\/proagrolab.com.ar\/la-relacion-insumoproducto-sigue-empeorando\/"},"author":{"name":"proagrolab","@id":"https:\/\/proagrolab.com.ar\/#\/schema\/person\/38003ff90bf80381f71c7d922d207444"},"headline":"La relaci\u00f3n insumo\/producto sigue empeorando.","datePublished":"2013-09-20T00:00:01+00:00","mainEntityOfPage":{"@id":"https:\/\/proagrolab.com.ar\/la-relacion-insumoproducto-sigue-empeorando\/"},"wordCount":618,"publisher":{"@id":"https:\/\/proagrolab.com.ar\/#organization"},"image":{"@id":"https:\/\/proagrolab.com.ar\/la-relacion-insumoproducto-sigue-empeorando\/#primaryimage"},"thumbnailUrl":"https:\/\/proagrolab.com.ar\/wp-content\/uploads\/2015\/01\/g_czpu8auio__Bovinos-pastando.jpg","articleSection":["News"],"inLanguage":"en-US"},{"@type":"WebPage","@id":"https:\/\/proagrolab.com.ar\/la-relacion-insumoproducto-sigue-empeorando\/","url":"https:\/\/proagrolab.com.ar\/la-relacion-insumoproducto-sigue-empeorando\/","name":"La relaci\u00f3n insumo\/producto sigue empeorando. | Proagro","isPartOf":{"@id":"https:\/\/proagrolab.com.ar\/#website"},"primaryImageOfPage":{"@id":"https:\/\/proagrolab.com.ar\/la-relacion-insumoproducto-sigue-empeorando\/#primaryimage"},"image":{"@id":"https:\/\/proagrolab.com.ar\/la-relacion-insumoproducto-sigue-empeorando\/#primaryimage"},"thumbnailUrl":"https:\/\/proagrolab.com.ar\/wp-content\/uploads\/2015\/01\/g_czpu8auio__Bovinos-pastando.jpg","datePublished":"2013-09-20T00:00:01+00:00","breadcrumb":{"@id":"https:\/\/proagrolab.com.ar\/la-relacion-insumoproducto-sigue-empeorando\/#breadcrumb"},"inLanguage":"en-US","potentialAction":[{"@type":"ReadAction","target":["https:\/\/proagrolab.com.ar\/la-relacion-insumoproducto-sigue-empeorando\/"]}]},{"@type":"ImageObject","inLanguage":"en-US","@id":"https:\/\/proagrolab.com.ar\/la-relacion-insumoproducto-sigue-empeorando\/#primaryimage","url":"https:\/\/proagrolab.com.ar\/wp-content\/uploads\/2015\/01\/g_czpu8auio__Bovinos-pastando.jpg","contentUrl":"https:\/\/proagrolab.com.ar\/wp-content\/uploads\/2015\/01\/g_czpu8auio__Bovinos-pastando.jpg","width":450,"height":208},{"@type":"BreadcrumbList","@id":"https:\/\/proagrolab.com.ar\/la-relacion-insumoproducto-sigue-empeorando\/#breadcrumb","itemListElement":[{"@type":"ListItem","position":1,"name":"Portada","item":"https:\/\/proagrolab.com.ar\/"},{"@type":"ListItem","position":2,"name":"La relaci\u00f3n insumo\/producto sigue empeorando."}]},{"@type":"WebSite","@id":"https:\/\/proagrolab.com.ar\/#website","url":"https:\/\/proagrolab.com.ar\/","name":"Proagro Laboratorio Veterinario","description":"Veterinary laboratory","publisher":{"@id":"https:\/\/proagrolab.com.ar\/#organization"},"potentialAction":[{"@type":"SearchAction","target":{"@type":"EntryPoint","urlTemplate":"https:\/\/proagrolab.com.ar\/?s={search_term_string}"},"query-input":{"@type":"PropertyValueSpecification","valueRequired":true,"valueName":"search_term_string"}}],"inLanguage":"en-US"},{"@type":"Organization","@id":"https:\/\/proagrolab.com.ar\/#organization","name":"Proagro","url":"https:\/\/proagrolab.com.ar\/","logo":{"@type":"ImageObject","inLanguage":"en-US","@id":"https:\/\/proagrolab.com.ar\/#\/schema\/logo\/image\/","url":"https:\/\/proagrolab.com.ar\/wp-content\/uploads\/2020\/04\/logo-retina.png","contentUrl":"https:\/\/proagrolab.com.ar\/wp-content\/uploads\/2020\/04\/logo-retina.png","width":478,"height":120,"caption":"Proagro"},"image":{"@id":"https:\/\/proagrolab.com.ar\/#\/schema\/logo\/image\/"},"sameAs":["http:\/\/www.facebook.com\/proagrolab","https:\/\/www.instagram.com\/proagrolab\/","https:\/\/www.linkedin.com\/company\/laboratorio-proagro-s-a\/"]},{"@type":"Person","@id":"https:\/\/proagrolab.com.ar\/#\/schema\/person\/38003ff90bf80381f71c7d922d207444","name":"proagrolab"}]}},"_links":{"self":[{"href":"https:\/\/proagrolab.com.ar\/en\/wp-json\/wp\/v2\/posts\/5696","targetHints":{"allow":["GET"]}}],"collection":[{"href":"https:\/\/proagrolab.com.ar\/en\/wp-json\/wp\/v2\/posts"}],"about":[{"href":"https:\/\/proagrolab.com.ar\/en\/wp-json\/wp\/v2\/types\/post"}],"author":[{"embeddable":true,"href":"https:\/\/proagrolab.com.ar\/en\/wp-json\/wp\/v2\/users\/2"}],"replies":[{"embeddable":true,"href":"https:\/\/proagrolab.com.ar\/en\/wp-json\/wp\/v2\/comments?post=5696"}],"version-history":[{"count":0,"href":"https:\/\/proagrolab.com.ar\/en\/wp-json\/wp\/v2\/posts\/5696\/revisions"}],"wp:featuredmedia":[{"embeddable":true,"href":"https:\/\/proagrolab.com.ar\/en\/wp-json\/wp\/v2\/media\/2185"}],"wp:attachment":[{"href":"https:\/\/proagrolab.com.ar\/en\/wp-json\/wp\/v2\/media?parent=5696"}],"wp:term":[{"taxonomy":"category","embeddable":true,"href":"https:\/\/proagrolab.com.ar\/en\/wp-json\/wp\/v2\/categories?post=5696"},{"taxonomy":"post_tag","embeddable":true,"href":"https:\/\/proagrolab.com.ar\/en\/wp-json\/wp\/v2\/tags?post=5696"}],"curies":[{"name":"wp","href":"https:\/\/api.w.org\/{rel}","templated":true}]}}