{"id":5695,"date":"2013-09-20T00:00:01","date_gmt":"2013-09-20T00:00:01","guid":{"rendered":"https:\/\/proagrolab.com.ar\/la-primavera-comienza-con-escasas-lluvias\/"},"modified":"2013-09-20T00:00:01","modified_gmt":"2013-09-20T00:00:01","slug":"la-primavera-comienza-con-escasas-lluvias","status":"publish","type":"post","link":"https:\/\/proagrolab.com.ar\/en\/la-primavera-comienza-con-escasas-lluvias\/","title":{"rendered":"La primavera comienza con escasas lluvias."},"content":{"rendered":"<p class=\"qtranxs-available-languages-message qtranxs-available-languages-message-en\"> <\/p><p>La Bolsa de Cereales de Buenos Aires dio a conocer el pronostico del tiempo para el periodo comprendido entre el 19 y el 25 de setiembre. Al comienzo de la primera etapa de la perspectiva, el norte del \u00e1rea agr\u00edcola recibir\u00e1 vientos provenientes del tr\u00f3pico que provocar\u00e1n temperaturas m\u00e1ximas superiores a lo normal, mientras que el sur seguir\u00e1 bajo la influencia de los vientos cordilleranos, experimentando valores normales a inferiores a lo normal.<\/p>\n<p>El comienzo astron\u00f3mico de la primavera tendr\u00e1 lugar el domingo 22 de Septiembre, y coincidir\u00e1 con el paso de un frente de Pampero que recorrer\u00e1 la mayor parte del \u00e1rea agr\u00edcola, provocando a su paso precipitaciones de diversa intensidad.<\/p>\n<p>Los valores significativos se concentrar\u00e1n sobre el nordeste de la Regi\u00f3n, siendo escasas sobre el resto. Detr\u00e1s del frente se producir\u00e1 la entrada de una masa de aire polar que provocar\u00e1 un fuerte descenso t\u00e9rmico en la mayor parte del \u00e1rea agr\u00edcola, con riesgo de heladas en sus porciones centro y sur.<\/p>\n<p>Al comienzo de la primera etapa de la perspectiva, el norte del \u00e1rea agr\u00edcola recibir\u00e1 vientos provenientes del tr\u00f3pico que provocar\u00e1n temperaturas m\u00e1ximas superiores a lo normal, mientras que el sur seguir\u00e1 bajo la influencia de los vientos cordilleranos, experimentando valores normales a inferiores a lo normal.<\/p>\n<p>\u0095 El norte del sur del Brasil, el nordeste de Salta, el norte de Formosa, la mayor parte del Paraguay, observar\u00e1n temperaturas m\u00e1ximas<br \/>superiores a 30\u00baC. Observ\u00e1ndose sobre la misma focos de temperaturas superiores a 35\u00baC.<\/p>\n<p>\u0095 El este del NOA, la mayor parte de la Regi\u00f3n del Chaco, el norte de Misiones, el norte de Santa Fe y el sudeste del la mayor parte de<br \/>Misiones, el norte de C\u00f3rdoba, el noroeste de Santa Fe, el noroeste y el nordeste del Paraguay, el noroeste de R\u00edo Grande do Sul, el oeste y el nordeste de Santa Catarina, la mayor parte de Paran\u00e1, y el este de Sao Paulo, observar\u00e1n temperaturas m\u00e1ximas entre 25 y 30\u00b0C.<\/p>\n<p>\u0095 La mayor parte del \u00e1rea agr\u00edcola, registrar\u00e1 temperaturas m\u00e1ximas entre 20 y 25\u00baC.<\/p>\n<p>\u0095 El sudeste de R\u00edo Grande do Sul, el este del Uruguay, la mayor parte de Buenos Aires, el centro-este del NOA y el centro de Cuyo,<br \/>observar\u00e1 temperaturas m\u00e1ximas entre 15 y 20\u00baC.<\/p>\n<p>\u0095 El centro-oeste del NOA y el centro-oeste de Cuyo, observar\u00e1 temperaturas m\u00e1ximas entre 10 y 15\u00baC.<\/p>\n<p>\u0095 El oeste del NOA y el oeste de Cuyo, observar\u00e1 temperaturas m\u00e1ximas inferiores a 10\u00baC.<\/p>\n<p>El comienzo astron\u00f3mico de la primavera tendr\u00e1 lugar el domingo 22 de Septiembre, y coincidir\u00e1 con el paso de un frente de Pampero que recorrer\u00e1 la mayor parte del \u00e1rea agr\u00edcola, provocando a su paso precipitaciones de diversa intensidad. Los valores significativos se concentrar\u00e1n sobre el nordeste de la Regi\u00f3n, siendo escasas sobre el resto.<\/p>\n<p>\u0095 La mayor parte del Paraguay, Misiones, el norte de Corrientes y la mayor parte del sur del Brasil, observar\u00e1 precipitaciones moderadas<br \/>a muy abundantes (10 a 75 mm). Un n\u00facleo de tormenta con precipitaciones superiores a 150 mm, se ubicar\u00e1 sobre la mayor<br \/>parte de Santa Catarina y el sur de Paran\u00e1.<\/p>\n<p>\u0095 El resto del \u00e1rea agr\u00edcola experimentar\u00e1 valores escasos (menos de 10 mm). Detr\u00e1s del frente se producir\u00e1 la entrada de una masa de aire polar que provocar\u00e1 un fuerte descenso t\u00e9rmico en la mayor parte del \u00e1rea agr\u00edcola, con riesgo de heladas en sus porciones centro y sur:<\/p>\n<p>\u0095 El norte del sur del Brasil, observar\u00e1 temperaturas m\u00ednimas superiores a 15\u00baC.<\/p>\n<p>\u0095 El noroeste del Paraguay, el sur de Mato Grosso do Sul, la mayor parte de Sao Paulo y el norte de Paran\u00e1, observar\u00e1n temperaturas<br \/>m\u00ednimas entre 10 y 15\u00b0C.<\/p>\n<p>\u0095 El este del NOA, la Regi\u00f3n del Chaco, el norte de Misiones, la mayor parte de Corrientes, el norte de C\u00f3rdoba, el norte de Santa Fe, el<br \/>este de Cuyo, el centro de La Pampa, el sur de Paran\u00e1, la mayor parte de Santa Catarina y el oeste R\u00edo Grande do Sul, observar\u00e1n<br \/>temperaturas m\u00ednimas entre 5 y 10\u00b0C con escaso riesgo de heladas.<\/p>\n<p>\u0095 El centro-oeste del NOA, el centro de Cuyo, la mayor parte de la Regi\u00f3n Pampeana, la mayor parte del Uruguay, y el Planalto,<br \/>registrar\u00e1n temperaturas m\u00ednimas entre 0 y 5\u00baC.<\/p>\n<p>\u0095 El oeste del NOA, el oeste de Cuyo, el nordeste de San Luis y las serran\u00edas de Buenos Aires, observar\u00e1n temperaturas m\u00ednimas bajo<br \/>cero \u00baC, con riesgo de heladas generales.<\/p>\n<p>\u0095 El extremo oeste del NOA y el extremo oeste de Cuyo, observar\u00e1n temperaturas m\u00ednimas de -5\u00baC.<\/p>\n<p>Fuente: On24 agro, 20 de septiembre.<br \/><\/p>","protected":false},"excerpt":{"rendered":"<p>La Bolsa de Cereales de Buenos Aires dio a conocer el pronostico del tiempo para el periodo comprendido entre el 19 y el 25 de setiembre. Al comienzo de la primera etapa de la perspectiva, el norte del \u00e1rea agr\u00edcola recibir\u00e1 vientos provenientes del tr\u00f3pico que provocar\u00e1n temperaturas m\u00e1ximas superiores a lo normal, mientras que el sur seguir\u00e1 bajo la influencia de los vientos cordilleranos, experimentando valores normales a inferiores a lo normal. El comienzo astron\u00f3mico de la primavera tendr\u00e1 lugar el domingo 22 de Septiembre, y coincidir\u00e1 con el paso de un frente de Pampero que recorrer\u00e1 la mayor parte del \u00e1rea agr\u00edcola, provocando a su paso precipitaciones de diversa intensidad. Los valores significativos se concentrar\u00e1n sobre el nordeste de la Regi\u00f3n, siendo escasas sobre el resto. Detr\u00e1s del frente se producir\u00e1 la entrada de una masa de aire polar que provocar\u00e1 un fuerte descenso t\u00e9rmico en la mayor parte del \u00e1rea agr\u00edcola, con riesgo de heladas en sus porciones centro y sur. Al comienzo de la primera etapa de la perspectiva, el norte del \u00e1rea agr\u00edcola recibir\u00e1 vientos provenientes del tr\u00f3pico que provocar\u00e1n temperaturas m\u00e1ximas superiores a lo normal, mientras que el sur seguir\u00e1 bajo la influencia de [&hellip;]<\/p>\n","protected":false},"author":2,"featured_media":2184,"comment_status":"closed","ping_status":"open","sticky":false,"template":"","format":"standard","meta":{"_acf_changed":false,"footnotes":""},"categories":[56],"tags":[],"class_list":["post-5695","post","type-post","status-publish","format-standard","has-post-thumbnail","hentry","category-infoganadero"],"acf":[],"yoast_head":"<!-- This site is optimized with the Yoast SEO plugin v27.5 - https:\/\/yoast.com\/product\/yoast-seo-wordpress\/ -->\n<title>La primavera comienza con escasas lluvias. | Proagro<\/title>\n<meta name=\"robots\" content=\"index, follow, max-snippet:-1, max-image-preview:large, max-video-preview:-1\" \/>\n<link rel=\"canonical\" href=\"https:\/\/proagrolab.com.ar\/en\/la-primavera-comienza-con-escasas-lluvias\/\" \/>\n<meta property=\"og:locale\" content=\"en_US\" \/>\n<meta property=\"og:type\" content=\"article\" \/>\n<meta property=\"og:title\" content=\"La primavera comienza con escasas lluvias. | Proagro\" \/>\n<meta property=\"og:description\" content=\"La Bolsa de Cereales de Buenos Aires dio a conocer el pronostico del tiempo para el periodo comprendido entre el 19 y el 25 de setiembre. Al comienzo de la primera etapa de la perspectiva, el norte del \u00e1rea agr\u00edcola recibir\u00e1 vientos provenientes del tr\u00f3pico que provocar\u00e1n temperaturas m\u00e1ximas superiores a lo normal, mientras que el sur seguir\u00e1 bajo la influencia de los vientos cordilleranos, experimentando valores normales a inferiores a lo normal. El comienzo astron\u00f3mico de la primavera tendr\u00e1 lugar el domingo 22 de Septiembre, y coincidir\u00e1 con el paso de un frente de Pampero que recorrer\u00e1 la mayor parte del \u00e1rea agr\u00edcola, provocando a su paso precipitaciones de diversa intensidad. Los valores significativos se concentrar\u00e1n sobre el nordeste de la Regi\u00f3n, siendo escasas sobre el resto. Detr\u00e1s del frente se producir\u00e1 la entrada de una masa de aire polar que provocar\u00e1 un fuerte descenso t\u00e9rmico en la mayor parte del \u00e1rea agr\u00edcola, con riesgo de heladas en sus porciones centro y sur. Al comienzo de la primera etapa de la perspectiva, el norte del \u00e1rea agr\u00edcola recibir\u00e1 vientos provenientes del tr\u00f3pico que provocar\u00e1n temperaturas m\u00e1ximas superiores a lo normal, mientras que el sur seguir\u00e1 bajo la influencia de [&hellip;]\" \/>\n<meta property=\"og:url\" content=\"https:\/\/proagrolab.com.ar\/la-primavera-comienza-con-escasas-lluvias\/\" \/>\n<meta property=\"og:site_name\" content=\"Proagro\" \/>\n<meta property=\"article:publisher\" content=\"http:\/\/www.facebook.com\/proagrolab\" \/>\n<meta property=\"article:published_time\" content=\"2013-09-20T00:00:01+00:00\" \/>\n<meta property=\"og:image\" content=\"https:\/\/proagrolab.com.ar\/wp-content\/uploads\/2015\/01\/g_6dfuhhrqh__Lluvia-en-el-campo-con-animales.jpg\" \/>\n\t<meta property=\"og:image:width\" content=\"450\" \/>\n\t<meta property=\"og:image:height\" content=\"208\" \/>\n\t<meta property=\"og:image:type\" content=\"image\/jpeg\" \/>\n<meta name=\"author\" content=\"proagrolab\" \/>\n<meta name=\"twitter:card\" content=\"summary_large_image\" \/>\n<meta name=\"twitter:label1\" content=\"Written by\" \/>\n\t<meta name=\"twitter:data1\" content=\"proagrolab\" \/>\n\t<meta name=\"twitter:label2\" content=\"Est. reading time\" \/>\n\t<meta name=\"twitter:data2\" content=\"4 minutes\" \/>\n<script type=\"application\/ld+json\" class=\"yoast-schema-graph\">{\"@context\":\"https:\\\/\\\/schema.org\",\"@graph\":[{\"@type\":\"Article\",\"@id\":\"https:\\\/\\\/proagrolab.com.ar\\\/la-primavera-comienza-con-escasas-lluvias\\\/#article\",\"isPartOf\":{\"@id\":\"https:\\\/\\\/proagrolab.com.ar\\\/la-primavera-comienza-con-escasas-lluvias\\\/\"},\"author\":{\"name\":\"proagrolab\",\"@id\":\"https:\\\/\\\/proagrolab.com.ar\\\/#\\\/schema\\\/person\\\/38003ff90bf80381f71c7d922d207444\"},\"headline\":\"La primavera comienza con escasas lluvias.\",\"datePublished\":\"2013-09-20T00:00:01+00:00\",\"mainEntityOfPage\":{\"@id\":\"https:\\\/\\\/proagrolab.com.ar\\\/la-primavera-comienza-con-escasas-lluvias\\\/\"},\"wordCount\":781,\"publisher\":{\"@id\":\"https:\\\/\\\/proagrolab.com.ar\\\/#organization\"},\"image\":{\"@id\":\"https:\\\/\\\/proagrolab.com.ar\\\/la-primavera-comienza-con-escasas-lluvias\\\/#primaryimage\"},\"thumbnailUrl\":\"https:\\\/\\\/proagrolab.com.ar\\\/wp-content\\\/uploads\\\/2015\\\/01\\\/g_6dfuhhrqh__Lluvia-en-el-campo-con-animales.jpg\",\"articleSection\":[\"News\"],\"inLanguage\":\"en-US\"},{\"@type\":\"WebPage\",\"@id\":\"https:\\\/\\\/proagrolab.com.ar\\\/la-primavera-comienza-con-escasas-lluvias\\\/\",\"url\":\"https:\\\/\\\/proagrolab.com.ar\\\/la-primavera-comienza-con-escasas-lluvias\\\/\",\"name\":\"La primavera comienza con escasas lluvias. | Proagro\",\"isPartOf\":{\"@id\":\"https:\\\/\\\/proagrolab.com.ar\\\/#website\"},\"primaryImageOfPage\":{\"@id\":\"https:\\\/\\\/proagrolab.com.ar\\\/la-primavera-comienza-con-escasas-lluvias\\\/#primaryimage\"},\"image\":{\"@id\":\"https:\\\/\\\/proagrolab.com.ar\\\/la-primavera-comienza-con-escasas-lluvias\\\/#primaryimage\"},\"thumbnailUrl\":\"https:\\\/\\\/proagrolab.com.ar\\\/wp-content\\\/uploads\\\/2015\\\/01\\\/g_6dfuhhrqh__Lluvia-en-el-campo-con-animales.jpg\",\"datePublished\":\"2013-09-20T00:00:01+00:00\",\"breadcrumb\":{\"@id\":\"https:\\\/\\\/proagrolab.com.ar\\\/la-primavera-comienza-con-escasas-lluvias\\\/#breadcrumb\"},\"inLanguage\":\"en-US\",\"potentialAction\":[{\"@type\":\"ReadAction\",\"target\":[\"https:\\\/\\\/proagrolab.com.ar\\\/la-primavera-comienza-con-escasas-lluvias\\\/\"]}]},{\"@type\":\"ImageObject\",\"inLanguage\":\"en-US\",\"@id\":\"https:\\\/\\\/proagrolab.com.ar\\\/la-primavera-comienza-con-escasas-lluvias\\\/#primaryimage\",\"url\":\"https:\\\/\\\/proagrolab.com.ar\\\/wp-content\\\/uploads\\\/2015\\\/01\\\/g_6dfuhhrqh__Lluvia-en-el-campo-con-animales.jpg\",\"contentUrl\":\"https:\\\/\\\/proagrolab.com.ar\\\/wp-content\\\/uploads\\\/2015\\\/01\\\/g_6dfuhhrqh__Lluvia-en-el-campo-con-animales.jpg\",\"width\":450,\"height\":208},{\"@type\":\"BreadcrumbList\",\"@id\":\"https:\\\/\\\/proagrolab.com.ar\\\/la-primavera-comienza-con-escasas-lluvias\\\/#breadcrumb\",\"itemListElement\":[{\"@type\":\"ListItem\",\"position\":1,\"name\":\"Portada\",\"item\":\"https:\\\/\\\/proagrolab.com.ar\\\/\"},{\"@type\":\"ListItem\",\"position\":2,\"name\":\"La primavera comienza con escasas lluvias.\"}]},{\"@type\":\"WebSite\",\"@id\":\"https:\\\/\\\/proagrolab.com.ar\\\/#website\",\"url\":\"https:\\\/\\\/proagrolab.com.ar\\\/\",\"name\":\"Proagro Laboratorio Veterinario\",\"description\":\"Veterinary laboratory\",\"publisher\":{\"@id\":\"https:\\\/\\\/proagrolab.com.ar\\\/#organization\"},\"potentialAction\":[{\"@type\":\"SearchAction\",\"target\":{\"@type\":\"EntryPoint\",\"urlTemplate\":\"https:\\\/\\\/proagrolab.com.ar\\\/?s={search_term_string}\"},\"query-input\":{\"@type\":\"PropertyValueSpecification\",\"valueRequired\":true,\"valueName\":\"search_term_string\"}}],\"inLanguage\":\"en-US\"},{\"@type\":\"Organization\",\"@id\":\"https:\\\/\\\/proagrolab.com.ar\\\/#organization\",\"name\":\"Proagro\",\"url\":\"https:\\\/\\\/proagrolab.com.ar\\\/\",\"logo\":{\"@type\":\"ImageObject\",\"inLanguage\":\"en-US\",\"@id\":\"https:\\\/\\\/proagrolab.com.ar\\\/#\\\/schema\\\/logo\\\/image\\\/\",\"url\":\"https:\\\/\\\/proagrolab.com.ar\\\/wp-content\\\/uploads\\\/2020\\\/04\\\/logo-retina.png\",\"contentUrl\":\"https:\\\/\\\/proagrolab.com.ar\\\/wp-content\\\/uploads\\\/2020\\\/04\\\/logo-retina.png\",\"width\":478,\"height\":120,\"caption\":\"Proagro\"},\"image\":{\"@id\":\"https:\\\/\\\/proagrolab.com.ar\\\/#\\\/schema\\\/logo\\\/image\\\/\"},\"sameAs\":[\"http:\\\/\\\/www.facebook.com\\\/proagrolab\",\"https:\\\/\\\/www.instagram.com\\\/proagrolab\\\/\",\"https:\\\/\\\/www.linkedin.com\\\/company\\\/laboratorio-proagro-s-a\\\/\"]},{\"@type\":\"Person\",\"@id\":\"https:\\\/\\\/proagrolab.com.ar\\\/#\\\/schema\\\/person\\\/38003ff90bf80381f71c7d922d207444\",\"name\":\"proagrolab\"}]}<\/script>\n<!-- \/ Yoast SEO plugin. -->","yoast_head_json":{"title":"La primavera comienza con escasas lluvias. | Proagro","robots":{"index":"index","follow":"follow","max-snippet":"max-snippet:-1","max-image-preview":"max-image-preview:large","max-video-preview":"max-video-preview:-1"},"canonical":"https:\/\/proagrolab.com.ar\/en\/la-primavera-comienza-con-escasas-lluvias\/","og_locale":"en_US","og_type":"article","og_title":"La primavera comienza con escasas lluvias. | Proagro","og_description":"La Bolsa de Cereales de Buenos Aires dio a conocer el pronostico del tiempo para el periodo comprendido entre el 19 y el 25 de setiembre. Al comienzo de la primera etapa de la perspectiva, el norte del \u00e1rea agr\u00edcola recibir\u00e1 vientos provenientes del tr\u00f3pico que provocar\u00e1n temperaturas m\u00e1ximas superiores a lo normal, mientras que el sur seguir\u00e1 bajo la influencia de los vientos cordilleranos, experimentando valores normales a inferiores a lo normal. El comienzo astron\u00f3mico de la primavera tendr\u00e1 lugar el domingo 22 de Septiembre, y coincidir\u00e1 con el paso de un frente de Pampero que recorrer\u00e1 la mayor parte del \u00e1rea agr\u00edcola, provocando a su paso precipitaciones de diversa intensidad. Los valores significativos se concentrar\u00e1n sobre el nordeste de la Regi\u00f3n, siendo escasas sobre el resto. Detr\u00e1s del frente se producir\u00e1 la entrada de una masa de aire polar que provocar\u00e1 un fuerte descenso t\u00e9rmico en la mayor parte del \u00e1rea agr\u00edcola, con riesgo de heladas en sus porciones centro y sur. Al comienzo de la primera etapa de la perspectiva, el norte del \u00e1rea agr\u00edcola recibir\u00e1 vientos provenientes del tr\u00f3pico que provocar\u00e1n temperaturas m\u00e1ximas superiores a lo normal, mientras que el sur seguir\u00e1 bajo la influencia de [&hellip;]","og_url":"https:\/\/proagrolab.com.ar\/la-primavera-comienza-con-escasas-lluvias\/","og_site_name":"Proagro","article_publisher":"http:\/\/www.facebook.com\/proagrolab","article_published_time":"2013-09-20T00:00:01+00:00","og_image":[{"width":450,"height":208,"url":"https:\/\/proagrolab.com.ar\/wp-content\/uploads\/2015\/01\/g_6dfuhhrqh__Lluvia-en-el-campo-con-animales.jpg","type":"image\/jpeg"}],"author":"proagrolab","twitter_card":"summary_large_image","twitter_misc":{"Written by":"proagrolab","Est. reading time":"4 minutes"},"schema":{"@context":"https:\/\/schema.org","@graph":[{"@type":"Article","@id":"https:\/\/proagrolab.com.ar\/la-primavera-comienza-con-escasas-lluvias\/#article","isPartOf":{"@id":"https:\/\/proagrolab.com.ar\/la-primavera-comienza-con-escasas-lluvias\/"},"author":{"name":"proagrolab","@id":"https:\/\/proagrolab.com.ar\/#\/schema\/person\/38003ff90bf80381f71c7d922d207444"},"headline":"La primavera comienza con escasas lluvias.","datePublished":"2013-09-20T00:00:01+00:00","mainEntityOfPage":{"@id":"https:\/\/proagrolab.com.ar\/la-primavera-comienza-con-escasas-lluvias\/"},"wordCount":781,"publisher":{"@id":"https:\/\/proagrolab.com.ar\/#organization"},"image":{"@id":"https:\/\/proagrolab.com.ar\/la-primavera-comienza-con-escasas-lluvias\/#primaryimage"},"thumbnailUrl":"https:\/\/proagrolab.com.ar\/wp-content\/uploads\/2015\/01\/g_6dfuhhrqh__Lluvia-en-el-campo-con-animales.jpg","articleSection":["News"],"inLanguage":"en-US"},{"@type":"WebPage","@id":"https:\/\/proagrolab.com.ar\/la-primavera-comienza-con-escasas-lluvias\/","url":"https:\/\/proagrolab.com.ar\/la-primavera-comienza-con-escasas-lluvias\/","name":"La primavera comienza con escasas lluvias. | Proagro","isPartOf":{"@id":"https:\/\/proagrolab.com.ar\/#website"},"primaryImageOfPage":{"@id":"https:\/\/proagrolab.com.ar\/la-primavera-comienza-con-escasas-lluvias\/#primaryimage"},"image":{"@id":"https:\/\/proagrolab.com.ar\/la-primavera-comienza-con-escasas-lluvias\/#primaryimage"},"thumbnailUrl":"https:\/\/proagrolab.com.ar\/wp-content\/uploads\/2015\/01\/g_6dfuhhrqh__Lluvia-en-el-campo-con-animales.jpg","datePublished":"2013-09-20T00:00:01+00:00","breadcrumb":{"@id":"https:\/\/proagrolab.com.ar\/la-primavera-comienza-con-escasas-lluvias\/#breadcrumb"},"inLanguage":"en-US","potentialAction":[{"@type":"ReadAction","target":["https:\/\/proagrolab.com.ar\/la-primavera-comienza-con-escasas-lluvias\/"]}]},{"@type":"ImageObject","inLanguage":"en-US","@id":"https:\/\/proagrolab.com.ar\/la-primavera-comienza-con-escasas-lluvias\/#primaryimage","url":"https:\/\/proagrolab.com.ar\/wp-content\/uploads\/2015\/01\/g_6dfuhhrqh__Lluvia-en-el-campo-con-animales.jpg","contentUrl":"https:\/\/proagrolab.com.ar\/wp-content\/uploads\/2015\/01\/g_6dfuhhrqh__Lluvia-en-el-campo-con-animales.jpg","width":450,"height":208},{"@type":"BreadcrumbList","@id":"https:\/\/proagrolab.com.ar\/la-primavera-comienza-con-escasas-lluvias\/#breadcrumb","itemListElement":[{"@type":"ListItem","position":1,"name":"Portada","item":"https:\/\/proagrolab.com.ar\/"},{"@type":"ListItem","position":2,"name":"La primavera comienza con escasas lluvias."}]},{"@type":"WebSite","@id":"https:\/\/proagrolab.com.ar\/#website","url":"https:\/\/proagrolab.com.ar\/","name":"Proagro Laboratorio Veterinario","description":"Veterinary laboratory","publisher":{"@id":"https:\/\/proagrolab.com.ar\/#organization"},"potentialAction":[{"@type":"SearchAction","target":{"@type":"EntryPoint","urlTemplate":"https:\/\/proagrolab.com.ar\/?s={search_term_string}"},"query-input":{"@type":"PropertyValueSpecification","valueRequired":true,"valueName":"search_term_string"}}],"inLanguage":"en-US"},{"@type":"Organization","@id":"https:\/\/proagrolab.com.ar\/#organization","name":"Proagro","url":"https:\/\/proagrolab.com.ar\/","logo":{"@type":"ImageObject","inLanguage":"en-US","@id":"https:\/\/proagrolab.com.ar\/#\/schema\/logo\/image\/","url":"https:\/\/proagrolab.com.ar\/wp-content\/uploads\/2020\/04\/logo-retina.png","contentUrl":"https:\/\/proagrolab.com.ar\/wp-content\/uploads\/2020\/04\/logo-retina.png","width":478,"height":120,"caption":"Proagro"},"image":{"@id":"https:\/\/proagrolab.com.ar\/#\/schema\/logo\/image\/"},"sameAs":["http:\/\/www.facebook.com\/proagrolab","https:\/\/www.instagram.com\/proagrolab\/","https:\/\/www.linkedin.com\/company\/laboratorio-proagro-s-a\/"]},{"@type":"Person","@id":"https:\/\/proagrolab.com.ar\/#\/schema\/person\/38003ff90bf80381f71c7d922d207444","name":"proagrolab"}]}},"_links":{"self":[{"href":"https:\/\/proagrolab.com.ar\/en\/wp-json\/wp\/v2\/posts\/5695","targetHints":{"allow":["GET"]}}],"collection":[{"href":"https:\/\/proagrolab.com.ar\/en\/wp-json\/wp\/v2\/posts"}],"about":[{"href":"https:\/\/proagrolab.com.ar\/en\/wp-json\/wp\/v2\/types\/post"}],"author":[{"embeddable":true,"href":"https:\/\/proagrolab.com.ar\/en\/wp-json\/wp\/v2\/users\/2"}],"replies":[{"embeddable":true,"href":"https:\/\/proagrolab.com.ar\/en\/wp-json\/wp\/v2\/comments?post=5695"}],"version-history":[{"count":0,"href":"https:\/\/proagrolab.com.ar\/en\/wp-json\/wp\/v2\/posts\/5695\/revisions"}],"wp:featuredmedia":[{"embeddable":true,"href":"https:\/\/proagrolab.com.ar\/en\/wp-json\/wp\/v2\/media\/2184"}],"wp:attachment":[{"href":"https:\/\/proagrolab.com.ar\/en\/wp-json\/wp\/v2\/media?parent=5695"}],"wp:term":[{"taxonomy":"category","embeddable":true,"href":"https:\/\/proagrolab.com.ar\/en\/wp-json\/wp\/v2\/categories?post=5695"},{"taxonomy":"post_tag","embeddable":true,"href":"https:\/\/proagrolab.com.ar\/en\/wp-json\/wp\/v2\/tags?post=5695"}],"curies":[{"name":"wp","href":"https:\/\/api.w.org\/{rel}","templated":true}]}}