{"id":5686,"date":"2013-09-19T00:00:01","date_gmt":"2013-09-19T00:00:01","guid":{"rendered":"https:\/\/proagrolab.com.ar\/piden-que-el-pais-aproveche-las-oportunidades-del-mercado-de-carne\/"},"modified":"2013-09-19T00:00:01","modified_gmt":"2013-09-19T00:00:01","slug":"piden-que-el-pais-aproveche-las-oportunidades-del-mercado-de-carne","status":"publish","type":"post","link":"https:\/\/proagrolab.com.ar\/en\/piden-que-el-pais-aproveche-las-oportunidades-del-mercado-de-carne\/","title":{"rendered":"Piden que el pa\u00eds aproveche las oportunidades del mercado de carne."},"content":{"rendered":"<p class=\"qtranxs-available-languages-message qtranxs-available-languages-message-en\"> <\/p><p>Lo solicitaron criadores que participan de Expobra, que comenz\u00f3 ayer en Santiago del Estero; destacan la importancia del trabajo p\u00fablico-privado para la actividad.<\/p>\n<p>LA BANDA, Santiago del Estero.- Ayer comenz\u00f3 en esta ciudad Expobra, muestra organizada por LA NACION y el Ministerio de la Producci\u00f3n de esta provincia, en alianza con las asociaciones de criadores de las razas Brahman, Brangus y Braford.<\/p>\n<p>El gobernador, Gerardo Zamora; el vicegobernador, \u00c1ngel Hugo Niccolai, y el ministro de Producci\u00f3n, Luis Gelid, participaron del corte de cintas junto con autoridades de LA NACION, entre otros, Jos\u00e9 Claudio Escribano, integrante del directorio, y Norberto Frigerio, director de Relaciones Institucionales. Adem\u00e1s, en representaci\u00f3n de las asociaciones de criadores estuvo Santiago Gilotaux, presidente de Brangus.<\/p>\n<p>En la muestra se destac\u00f3 el potencial de la ganader\u00eda en la regi\u00f3n, pero tambi\u00e9n se llam\u00f3 la atenci\u00f3n sobre las dificultades que enfrenta el sector en general por las pol\u00edticas que aplica el gobierno nacional.<\/p>\n<p>En rigor, seg\u00fan Escribano, el productor ganadero se encuentra con grandes obst\u00e1culos, como &#8220;una fuerte presi\u00f3n impositiva y elevados costos generales&#8221;. Esto, aclar\u00f3, en un contexto en el que &#8220;los precios son los mismos desde hace dos a\u00f1os&#8221;.<\/p>\n<p>El integrante del directorio de LA NACION pidi\u00f3 que el pa\u00eds no pierda las oportunidades que ofrece el mercado internacional. Es que el contexto mundial est\u00e1 requiriendo la duplicaci\u00f3n de la producci\u00f3n de carne para atender el consumo de los pr\u00f3ximos 40 a\u00f1os. &#8220;La oportunidad para una Argentina abastecedora de la demanda mundial de prote\u00edna sigue abierta, no la desperdiciemos&#8221;, subray\u00f3.<\/p>\n<p>Escribano se refiri\u00f3 tambi\u00e9n a la sequ\u00eda que afecta la regi\u00f3n, pero insisti\u00f3 en que &#8220;la naturaleza no es el \u00fanico elemento que desaf\u00eda la entereza del productor agropecuario&#8221;, ya que, seg\u00fan dijo, &#8220;las pol\u00edticas err\u00f3neas nos est\u00e1n dejando testimonios de la magnitud de los desaciertos que pueden cometerse&#8221;.<\/p>\n<p>Por otra parte, destac\u00f3 &#8220;la labor del gobierno de Santiago del Estero&#8221;, a trav\u00e9s de la cual se est\u00e1 logrando &#8220;concretar el camino que va de la cr\u00eda al ciclo completo, que se cierra con la venta de novillos gordos&#8221;.<\/p>\n<p>Por su parte, Santiago Gilotaux, presidente de Brangus, se\u00f1al\u00f3: &#8220;El mercado de carne mundial est\u00e1 sumamente demandado y hoy no estamos exportando m\u00e1s que el 6 o 7 por ciento de la producci\u00f3n vacuna&#8221;.<\/p>\n<p>Y agreg\u00f3 que hay que insistir &#8220;en la apertura de los mercados, as\u00ed recuperamos los niveles que el pa\u00eds ha tenido y siempre deber\u00eda tener&#8221;.<\/p>\n<p>Luego, el gobernador Zamora agradeci\u00f3 la apuesta de las tres razas e indic\u00f3 que &#8220;desde el Ministerio de la Producci\u00f3n nos comprometemos a seguir desarrollando pol\u00edticas provinciales para fomentar el potencial ganadero.&#8221; Para Zamora, &#8220;Expobra demuestra que a trav\u00e9s de la uni\u00f3n y la sinergia entre el sector p\u00fablico y el privado se puede llegar a un punto de encuentro&#8221;.<\/p>\n<p>Ayer, en la primera jornada, se realizaron las juras de hembras de las tres razas y un remate televisado de 5000 cabezas a cargo de la firma consignataria Colombo y Magliano. Hoy ser\u00e1n las juras de machos y se har\u00e1 una exhibici\u00f3n de caballos criollos. Por otra parte, las asociaciones entregaron premios a sus criadores.<\/p>\n<p>Fuente: La Naci\u00f3n, 19 de septiembre.<br \/><\/p>","protected":false},"excerpt":{"rendered":"<p>Lo solicitaron criadores que participan de Expobra, que comenz\u00f3 ayer en Santiago del Estero; destacan la importancia del trabajo p\u00fablico-privado para la actividad. LA BANDA, Santiago del Estero.- Ayer comenz\u00f3 en esta ciudad Expobra, muestra organizada por LA NACION y el Ministerio de la Producci\u00f3n de esta provincia, en alianza con las asociaciones de criadores de las razas Brahman, Brangus y Braford. El gobernador, Gerardo Zamora; el vicegobernador, \u00c1ngel Hugo Niccolai, y el ministro de Producci\u00f3n, Luis Gelid, participaron del corte de cintas junto con autoridades de LA NACION, entre otros, Jos\u00e9 Claudio Escribano, integrante del directorio, y Norberto Frigerio, director de Relaciones Institucionales. Adem\u00e1s, en representaci\u00f3n de las asociaciones de criadores estuvo Santiago Gilotaux, presidente de Brangus. En la muestra se destac\u00f3 el potencial de la ganader\u00eda en la regi\u00f3n, pero tambi\u00e9n se llam\u00f3 la atenci\u00f3n sobre las dificultades que enfrenta el sector en general por las pol\u00edticas que aplica el gobierno nacional. En rigor, seg\u00fan Escribano, el productor ganadero se encuentra con grandes obst\u00e1culos, como &#8220;una fuerte presi\u00f3n impositiva y elevados costos generales&#8221;. Esto, aclar\u00f3, en un contexto en el que &#8220;los precios son los mismos desde hace dos a\u00f1os&#8221;. El integrante del directorio de LA NACION pidi\u00f3 [&hellip;]<\/p>\n","protected":false},"author":2,"featured_media":2175,"comment_status":"closed","ping_status":"open","sticky":false,"template":"","format":"standard","meta":{"_acf_changed":false,"footnotes":""},"categories":[56],"tags":[],"class_list":["post-5686","post","type-post","status-publish","format-standard","has-post-thumbnail","hentry","category-infoganadero"],"acf":[],"yoast_head":"<!-- This site is optimized with the Yoast SEO plugin v27.5 - https:\/\/yoast.com\/product\/yoast-seo-wordpress\/ -->\n<title>Piden que el pa\u00eds aproveche las oportunidades del mercado de carne. | Proagro<\/title>\n<meta name=\"robots\" content=\"index, follow, max-snippet:-1, max-image-preview:large, max-video-preview:-1\" \/>\n<link rel=\"canonical\" href=\"https:\/\/proagrolab.com.ar\/en\/piden-que-el-pais-aproveche-las-oportunidades-del-mercado-de-carne\/\" \/>\n<meta property=\"og:locale\" content=\"en_US\" \/>\n<meta property=\"og:type\" content=\"article\" \/>\n<meta property=\"og:title\" content=\"Piden que el pa\u00eds aproveche las oportunidades del mercado de carne. | Proagro\" \/>\n<meta property=\"og:description\" content=\"Lo solicitaron criadores que participan de Expobra, que comenz\u00f3 ayer en Santiago del Estero; destacan la importancia del trabajo p\u00fablico-privado para la actividad. LA BANDA, Santiago del Estero.- Ayer comenz\u00f3 en esta ciudad Expobra, muestra organizada por LA NACION y el Ministerio de la Producci\u00f3n de esta provincia, en alianza con las asociaciones de criadores de las razas Brahman, Brangus y Braford. El gobernador, Gerardo Zamora; el vicegobernador, \u00c1ngel Hugo Niccolai, y el ministro de Producci\u00f3n, Luis Gelid, participaron del corte de cintas junto con autoridades de LA NACION, entre otros, Jos\u00e9 Claudio Escribano, integrante del directorio, y Norberto Frigerio, director de Relaciones Institucionales. Adem\u00e1s, en representaci\u00f3n de las asociaciones de criadores estuvo Santiago Gilotaux, presidente de Brangus. En la muestra se destac\u00f3 el potencial de la ganader\u00eda en la regi\u00f3n, pero tambi\u00e9n se llam\u00f3 la atenci\u00f3n sobre las dificultades que enfrenta el sector en general por las pol\u00edticas que aplica el gobierno nacional. En rigor, seg\u00fan Escribano, el productor ganadero se encuentra con grandes obst\u00e1culos, como &#8220;una fuerte presi\u00f3n impositiva y elevados costos generales&#8221;. Esto, aclar\u00f3, en un contexto en el que &#8220;los precios son los mismos desde hace dos a\u00f1os&#8221;. El integrante del directorio de LA NACION pidi\u00f3 [&hellip;]\" \/>\n<meta property=\"og:url\" content=\"https:\/\/proagrolab.com.ar\/piden-que-el-pais-aproveche-las-oportunidades-del-mercado-de-carne\/\" \/>\n<meta property=\"og:site_name\" content=\"Proagro\" \/>\n<meta property=\"article:publisher\" content=\"http:\/\/www.facebook.com\/proagrolab\" \/>\n<meta property=\"article:published_time\" content=\"2013-09-19T00:00:01+00:00\" \/>\n<meta property=\"og:image\" content=\"https:\/\/proagrolab.com.ar\/wp-content\/uploads\/2015\/01\/g_jz37a3311__Braford-hembra-campeona.jpg\" \/>\n\t<meta property=\"og:image:width\" content=\"450\" \/>\n\t<meta property=\"og:image:height\" content=\"208\" \/>\n\t<meta property=\"og:image:type\" content=\"image\/jpeg\" \/>\n<meta name=\"author\" content=\"proagrolab\" \/>\n<meta name=\"twitter:card\" content=\"summary_large_image\" \/>\n<meta name=\"twitter:label1\" content=\"Written by\" \/>\n\t<meta name=\"twitter:data1\" content=\"proagrolab\" \/>\n\t<meta name=\"twitter:label2\" content=\"Est. reading time\" \/>\n\t<meta name=\"twitter:data2\" content=\"3 minutes\" \/>\n<script type=\"application\/ld+json\" class=\"yoast-schema-graph\">{\"@context\":\"https:\\\/\\\/schema.org\",\"@graph\":[{\"@type\":\"Article\",\"@id\":\"https:\\\/\\\/proagrolab.com.ar\\\/piden-que-el-pais-aproveche-las-oportunidades-del-mercado-de-carne\\\/#article\",\"isPartOf\":{\"@id\":\"https:\\\/\\\/proagrolab.com.ar\\\/piden-que-el-pais-aproveche-las-oportunidades-del-mercado-de-carne\\\/\"},\"author\":{\"name\":\"proagrolab\",\"@id\":\"https:\\\/\\\/proagrolab.com.ar\\\/#\\\/schema\\\/person\\\/38003ff90bf80381f71c7d922d207444\"},\"headline\":\"Piden que el pa\u00eds aproveche las oportunidades del mercado de carne.\",\"datePublished\":\"2013-09-19T00:00:01+00:00\",\"mainEntityOfPage\":{\"@id\":\"https:\\\/\\\/proagrolab.com.ar\\\/piden-que-el-pais-aproveche-las-oportunidades-del-mercado-de-carne\\\/\"},\"wordCount\":573,\"publisher\":{\"@id\":\"https:\\\/\\\/proagrolab.com.ar\\\/#organization\"},\"image\":{\"@id\":\"https:\\\/\\\/proagrolab.com.ar\\\/piden-que-el-pais-aproveche-las-oportunidades-del-mercado-de-carne\\\/#primaryimage\"},\"thumbnailUrl\":\"https:\\\/\\\/proagrolab.com.ar\\\/wp-content\\\/uploads\\\/2015\\\/01\\\/g_jz37a3311__Braford-hembra-campeona.jpg\",\"articleSection\":[\"News\"],\"inLanguage\":\"en-US\"},{\"@type\":\"WebPage\",\"@id\":\"https:\\\/\\\/proagrolab.com.ar\\\/piden-que-el-pais-aproveche-las-oportunidades-del-mercado-de-carne\\\/\",\"url\":\"https:\\\/\\\/proagrolab.com.ar\\\/piden-que-el-pais-aproveche-las-oportunidades-del-mercado-de-carne\\\/\",\"name\":\"Piden que el pa\u00eds aproveche las oportunidades del mercado de carne. | Proagro\",\"isPartOf\":{\"@id\":\"https:\\\/\\\/proagrolab.com.ar\\\/#website\"},\"primaryImageOfPage\":{\"@id\":\"https:\\\/\\\/proagrolab.com.ar\\\/piden-que-el-pais-aproveche-las-oportunidades-del-mercado-de-carne\\\/#primaryimage\"},\"image\":{\"@id\":\"https:\\\/\\\/proagrolab.com.ar\\\/piden-que-el-pais-aproveche-las-oportunidades-del-mercado-de-carne\\\/#primaryimage\"},\"thumbnailUrl\":\"https:\\\/\\\/proagrolab.com.ar\\\/wp-content\\\/uploads\\\/2015\\\/01\\\/g_jz37a3311__Braford-hembra-campeona.jpg\",\"datePublished\":\"2013-09-19T00:00:01+00:00\",\"breadcrumb\":{\"@id\":\"https:\\\/\\\/proagrolab.com.ar\\\/piden-que-el-pais-aproveche-las-oportunidades-del-mercado-de-carne\\\/#breadcrumb\"},\"inLanguage\":\"en-US\",\"potentialAction\":[{\"@type\":\"ReadAction\",\"target\":[\"https:\\\/\\\/proagrolab.com.ar\\\/piden-que-el-pais-aproveche-las-oportunidades-del-mercado-de-carne\\\/\"]}]},{\"@type\":\"ImageObject\",\"inLanguage\":\"en-US\",\"@id\":\"https:\\\/\\\/proagrolab.com.ar\\\/piden-que-el-pais-aproveche-las-oportunidades-del-mercado-de-carne\\\/#primaryimage\",\"url\":\"https:\\\/\\\/proagrolab.com.ar\\\/wp-content\\\/uploads\\\/2015\\\/01\\\/g_jz37a3311__Braford-hembra-campeona.jpg\",\"contentUrl\":\"https:\\\/\\\/proagrolab.com.ar\\\/wp-content\\\/uploads\\\/2015\\\/01\\\/g_jz37a3311__Braford-hembra-campeona.jpg\",\"width\":450,\"height\":208},{\"@type\":\"BreadcrumbList\",\"@id\":\"https:\\\/\\\/proagrolab.com.ar\\\/piden-que-el-pais-aproveche-las-oportunidades-del-mercado-de-carne\\\/#breadcrumb\",\"itemListElement\":[{\"@type\":\"ListItem\",\"position\":1,\"name\":\"Portada\",\"item\":\"https:\\\/\\\/proagrolab.com.ar\\\/\"},{\"@type\":\"ListItem\",\"position\":2,\"name\":\"Piden que el pa\u00eds aproveche las oportunidades del mercado de carne.\"}]},{\"@type\":\"WebSite\",\"@id\":\"https:\\\/\\\/proagrolab.com.ar\\\/#website\",\"url\":\"https:\\\/\\\/proagrolab.com.ar\\\/\",\"name\":\"Proagro Laboratorio Veterinario\",\"description\":\"Veterinary laboratory\",\"publisher\":{\"@id\":\"https:\\\/\\\/proagrolab.com.ar\\\/#organization\"},\"potentialAction\":[{\"@type\":\"SearchAction\",\"target\":{\"@type\":\"EntryPoint\",\"urlTemplate\":\"https:\\\/\\\/proagrolab.com.ar\\\/?s={search_term_string}\"},\"query-input\":{\"@type\":\"PropertyValueSpecification\",\"valueRequired\":true,\"valueName\":\"search_term_string\"}}],\"inLanguage\":\"en-US\"},{\"@type\":\"Organization\",\"@id\":\"https:\\\/\\\/proagrolab.com.ar\\\/#organization\",\"name\":\"Proagro\",\"url\":\"https:\\\/\\\/proagrolab.com.ar\\\/\",\"logo\":{\"@type\":\"ImageObject\",\"inLanguage\":\"en-US\",\"@id\":\"https:\\\/\\\/proagrolab.com.ar\\\/#\\\/schema\\\/logo\\\/image\\\/\",\"url\":\"https:\\\/\\\/proagrolab.com.ar\\\/wp-content\\\/uploads\\\/2020\\\/04\\\/logo-retina.png\",\"contentUrl\":\"https:\\\/\\\/proagrolab.com.ar\\\/wp-content\\\/uploads\\\/2020\\\/04\\\/logo-retina.png\",\"width\":478,\"height\":120,\"caption\":\"Proagro\"},\"image\":{\"@id\":\"https:\\\/\\\/proagrolab.com.ar\\\/#\\\/schema\\\/logo\\\/image\\\/\"},\"sameAs\":[\"http:\\\/\\\/www.facebook.com\\\/proagrolab\",\"https:\\\/\\\/www.instagram.com\\\/proagrolab\\\/\",\"https:\\\/\\\/www.linkedin.com\\\/company\\\/laboratorio-proagro-s-a\\\/\"]},{\"@type\":\"Person\",\"@id\":\"https:\\\/\\\/proagrolab.com.ar\\\/#\\\/schema\\\/person\\\/38003ff90bf80381f71c7d922d207444\",\"name\":\"proagrolab\"}]}<\/script>\n<!-- \/ Yoast SEO plugin. -->","yoast_head_json":{"title":"Piden que el pa\u00eds aproveche las oportunidades del mercado de carne. | Proagro","robots":{"index":"index","follow":"follow","max-snippet":"max-snippet:-1","max-image-preview":"max-image-preview:large","max-video-preview":"max-video-preview:-1"},"canonical":"https:\/\/proagrolab.com.ar\/en\/piden-que-el-pais-aproveche-las-oportunidades-del-mercado-de-carne\/","og_locale":"en_US","og_type":"article","og_title":"Piden que el pa\u00eds aproveche las oportunidades del mercado de carne. | Proagro","og_description":"Lo solicitaron criadores que participan de Expobra, que comenz\u00f3 ayer en Santiago del Estero; destacan la importancia del trabajo p\u00fablico-privado para la actividad. LA BANDA, Santiago del Estero.- Ayer comenz\u00f3 en esta ciudad Expobra, muestra organizada por LA NACION y el Ministerio de la Producci\u00f3n de esta provincia, en alianza con las asociaciones de criadores de las razas Brahman, Brangus y Braford. El gobernador, Gerardo Zamora; el vicegobernador, \u00c1ngel Hugo Niccolai, y el ministro de Producci\u00f3n, Luis Gelid, participaron del corte de cintas junto con autoridades de LA NACION, entre otros, Jos\u00e9 Claudio Escribano, integrante del directorio, y Norberto Frigerio, director de Relaciones Institucionales. Adem\u00e1s, en representaci\u00f3n de las asociaciones de criadores estuvo Santiago Gilotaux, presidente de Brangus. En la muestra se destac\u00f3 el potencial de la ganader\u00eda en la regi\u00f3n, pero tambi\u00e9n se llam\u00f3 la atenci\u00f3n sobre las dificultades que enfrenta el sector en general por las pol\u00edticas que aplica el gobierno nacional. En rigor, seg\u00fan Escribano, el productor ganadero se encuentra con grandes obst\u00e1culos, como &#8220;una fuerte presi\u00f3n impositiva y elevados costos generales&#8221;. Esto, aclar\u00f3, en un contexto en el que &#8220;los precios son los mismos desde hace dos a\u00f1os&#8221;. El integrante del directorio de LA NACION pidi\u00f3 [&hellip;]","og_url":"https:\/\/proagrolab.com.ar\/piden-que-el-pais-aproveche-las-oportunidades-del-mercado-de-carne\/","og_site_name":"Proagro","article_publisher":"http:\/\/www.facebook.com\/proagrolab","article_published_time":"2013-09-19T00:00:01+00:00","og_image":[{"width":450,"height":208,"url":"https:\/\/proagrolab.com.ar\/wp-content\/uploads\/2015\/01\/g_jz37a3311__Braford-hembra-campeona.jpg","type":"image\/jpeg"}],"author":"proagrolab","twitter_card":"summary_large_image","twitter_misc":{"Written by":"proagrolab","Est. reading time":"3 minutes"},"schema":{"@context":"https:\/\/schema.org","@graph":[{"@type":"Article","@id":"https:\/\/proagrolab.com.ar\/piden-que-el-pais-aproveche-las-oportunidades-del-mercado-de-carne\/#article","isPartOf":{"@id":"https:\/\/proagrolab.com.ar\/piden-que-el-pais-aproveche-las-oportunidades-del-mercado-de-carne\/"},"author":{"name":"proagrolab","@id":"https:\/\/proagrolab.com.ar\/#\/schema\/person\/38003ff90bf80381f71c7d922d207444"},"headline":"Piden que el pa\u00eds aproveche las oportunidades del mercado de carne.","datePublished":"2013-09-19T00:00:01+00:00","mainEntityOfPage":{"@id":"https:\/\/proagrolab.com.ar\/piden-que-el-pais-aproveche-las-oportunidades-del-mercado-de-carne\/"},"wordCount":573,"publisher":{"@id":"https:\/\/proagrolab.com.ar\/#organization"},"image":{"@id":"https:\/\/proagrolab.com.ar\/piden-que-el-pais-aproveche-las-oportunidades-del-mercado-de-carne\/#primaryimage"},"thumbnailUrl":"https:\/\/proagrolab.com.ar\/wp-content\/uploads\/2015\/01\/g_jz37a3311__Braford-hembra-campeona.jpg","articleSection":["News"],"inLanguage":"en-US"},{"@type":"WebPage","@id":"https:\/\/proagrolab.com.ar\/piden-que-el-pais-aproveche-las-oportunidades-del-mercado-de-carne\/","url":"https:\/\/proagrolab.com.ar\/piden-que-el-pais-aproveche-las-oportunidades-del-mercado-de-carne\/","name":"Piden que el pa\u00eds aproveche las oportunidades del mercado de carne. | Proagro","isPartOf":{"@id":"https:\/\/proagrolab.com.ar\/#website"},"primaryImageOfPage":{"@id":"https:\/\/proagrolab.com.ar\/piden-que-el-pais-aproveche-las-oportunidades-del-mercado-de-carne\/#primaryimage"},"image":{"@id":"https:\/\/proagrolab.com.ar\/piden-que-el-pais-aproveche-las-oportunidades-del-mercado-de-carne\/#primaryimage"},"thumbnailUrl":"https:\/\/proagrolab.com.ar\/wp-content\/uploads\/2015\/01\/g_jz37a3311__Braford-hembra-campeona.jpg","datePublished":"2013-09-19T00:00:01+00:00","breadcrumb":{"@id":"https:\/\/proagrolab.com.ar\/piden-que-el-pais-aproveche-las-oportunidades-del-mercado-de-carne\/#breadcrumb"},"inLanguage":"en-US","potentialAction":[{"@type":"ReadAction","target":["https:\/\/proagrolab.com.ar\/piden-que-el-pais-aproveche-las-oportunidades-del-mercado-de-carne\/"]}]},{"@type":"ImageObject","inLanguage":"en-US","@id":"https:\/\/proagrolab.com.ar\/piden-que-el-pais-aproveche-las-oportunidades-del-mercado-de-carne\/#primaryimage","url":"https:\/\/proagrolab.com.ar\/wp-content\/uploads\/2015\/01\/g_jz37a3311__Braford-hembra-campeona.jpg","contentUrl":"https:\/\/proagrolab.com.ar\/wp-content\/uploads\/2015\/01\/g_jz37a3311__Braford-hembra-campeona.jpg","width":450,"height":208},{"@type":"BreadcrumbList","@id":"https:\/\/proagrolab.com.ar\/piden-que-el-pais-aproveche-las-oportunidades-del-mercado-de-carne\/#breadcrumb","itemListElement":[{"@type":"ListItem","position":1,"name":"Portada","item":"https:\/\/proagrolab.com.ar\/"},{"@type":"ListItem","position":2,"name":"Piden que el pa\u00eds aproveche las oportunidades del mercado de carne."}]},{"@type":"WebSite","@id":"https:\/\/proagrolab.com.ar\/#website","url":"https:\/\/proagrolab.com.ar\/","name":"Proagro Laboratorio Veterinario","description":"Veterinary laboratory","publisher":{"@id":"https:\/\/proagrolab.com.ar\/#organization"},"potentialAction":[{"@type":"SearchAction","target":{"@type":"EntryPoint","urlTemplate":"https:\/\/proagrolab.com.ar\/?s={search_term_string}"},"query-input":{"@type":"PropertyValueSpecification","valueRequired":true,"valueName":"search_term_string"}}],"inLanguage":"en-US"},{"@type":"Organization","@id":"https:\/\/proagrolab.com.ar\/#organization","name":"Proagro","url":"https:\/\/proagrolab.com.ar\/","logo":{"@type":"ImageObject","inLanguage":"en-US","@id":"https:\/\/proagrolab.com.ar\/#\/schema\/logo\/image\/","url":"https:\/\/proagrolab.com.ar\/wp-content\/uploads\/2020\/04\/logo-retina.png","contentUrl":"https:\/\/proagrolab.com.ar\/wp-content\/uploads\/2020\/04\/logo-retina.png","width":478,"height":120,"caption":"Proagro"},"image":{"@id":"https:\/\/proagrolab.com.ar\/#\/schema\/logo\/image\/"},"sameAs":["http:\/\/www.facebook.com\/proagrolab","https:\/\/www.instagram.com\/proagrolab\/","https:\/\/www.linkedin.com\/company\/laboratorio-proagro-s-a\/"]},{"@type":"Person","@id":"https:\/\/proagrolab.com.ar\/#\/schema\/person\/38003ff90bf80381f71c7d922d207444","name":"proagrolab"}]}},"_links":{"self":[{"href":"https:\/\/proagrolab.com.ar\/en\/wp-json\/wp\/v2\/posts\/5686","targetHints":{"allow":["GET"]}}],"collection":[{"href":"https:\/\/proagrolab.com.ar\/en\/wp-json\/wp\/v2\/posts"}],"about":[{"href":"https:\/\/proagrolab.com.ar\/en\/wp-json\/wp\/v2\/types\/post"}],"author":[{"embeddable":true,"href":"https:\/\/proagrolab.com.ar\/en\/wp-json\/wp\/v2\/users\/2"}],"replies":[{"embeddable":true,"href":"https:\/\/proagrolab.com.ar\/en\/wp-json\/wp\/v2\/comments?post=5686"}],"version-history":[{"count":0,"href":"https:\/\/proagrolab.com.ar\/en\/wp-json\/wp\/v2\/posts\/5686\/revisions"}],"wp:featuredmedia":[{"embeddable":true,"href":"https:\/\/proagrolab.com.ar\/en\/wp-json\/wp\/v2\/media\/2175"}],"wp:attachment":[{"href":"https:\/\/proagrolab.com.ar\/en\/wp-json\/wp\/v2\/media?parent=5686"}],"wp:term":[{"taxonomy":"category","embeddable":true,"href":"https:\/\/proagrolab.com.ar\/en\/wp-json\/wp\/v2\/categories?post=5686"},{"taxonomy":"post_tag","embeddable":true,"href":"https:\/\/proagrolab.com.ar\/en\/wp-json\/wp\/v2\/tags?post=5686"}],"curies":[{"name":"wp","href":"https:\/\/api.w.org\/{rel}","templated":true}]}}