{"id":5685,"date":"2013-09-18T00:00:01","date_gmt":"2013-09-18T00:00:01","guid":{"rendered":"https:\/\/proagrolab.com.ar\/eduardo-buzzi-el-litro-de-leche-en-rosario-es-mas-caro-que-en-paris\/"},"modified":"2013-09-18T00:00:01","modified_gmt":"2013-09-18T00:00:01","slug":"eduardo-buzzi-el-litro-de-leche-en-rosario-es-mas-caro-que-en-paris","status":"publish","type":"post","link":"https:\/\/proagrolab.com.ar\/en\/eduardo-buzzi-el-litro-de-leche-en-rosario-es-mas-caro-que-en-paris\/","title":{"rendered":"Eduardo Buzzi: El litro de leche en Rosario es m\u00e1s caro que en Par\u00eds"},"content":{"rendered":"<p class=\"qtranxs-available-languages-message qtranxs-available-languages-message-en\"> <\/p><p>El titular de la Federaci\u00f3n Agraria apunt\u00f3 contra el Gobierno; dijo que 7000 productores lecheros &#8220;tuvieron que abandonar sus tambos&#8221; desde que Cristina Kirchner est\u00e1 en el poder<\/p>\n<p>Por Jos\u00e9 E. Bord\u00f3n <\/p>\n<p>SANTA FE.- &#8220;El litro de leche en Rosario es m\u00e1s caro que en Par\u00eds&#8221;. El titular de la Federaci\u00f3n Agraria Argentina (FAA), Eduardo Buzzi, apunt\u00f3 esta ma\u00f1ana contra el Gobierno.<\/p>\n<p>El dirigente, quien integra la Mesa de Enlace, critic\u00f3 con dureza el modelo econ\u00f3mico del kirchnerismo y sostuvo que en los seis a\u00f1os que lleva Cristina Kirchner al frente del Ejecutivo, 7000 productores lecheros &#8220;tuvieron que abandonar sus tambos&#8221;.<\/p>\n<p>Buzzi remarc\u00f3, en declaracciones radiales, que &#8220;las vacas se concentraron&#8221; en los grandes productores. &#8220;Esa es la pol\u00edtica del gobierno&#8221;, subray\u00f3. E ironiz\u00f3: &#8220;Y si son sus amigos, mejor&#8221;.<\/p>\n<p>Adem\u00e1s, precis\u00f3 que cuando la mandataria asumi\u00f3 su primer mandato -en 2007- exist\u00edan cerca de 16.000 productores tamberos dispersos por el pa\u00eds. &#8220;En cambio, hoy quedan 9 mil&#8221;, puntualiz\u00f3.<\/p>\n<p>Ante una consulta sobre el precio que paga el consumidor por el litro de leche en g\u00f3ndola, que actualmente es de unos $ 8, cuando el productor recibe apenas $ 2, Buzzi fue categ\u00f3rico: &#8220;La leche en Rosario es m\u00e1s cara que en Par\u00eds&#8221;.<\/p>\n<p><i>Qu\u00e9 pas\u00f3<\/i><br \/>Ayer, la presidenta Cristina Kirchner inaugur\u00f3 una planta de SanCor en Chivilcoy, provincia de Buenos Aires, y anunci\u00f3 un nuevo r\u00e9cord de producci\u00f3n lechera. Acompa\u00f1ada por su candidato para las legislativas de octubre, Mart\u00edn Insaurralde, elogi\u00f3 su gesti\u00f3n: dijo que el Gobierno cre\u00f3 &#8220;las condiciones macroecon\u00f3micas para la recuperaci\u00f3n de todos los actores de la cadena l\u00e1ctea&#8221;.<\/p>\n<p>Fuente: La Naci\u00f3n, 18 de septiembre.<br \/><\/p>","protected":false},"excerpt":{"rendered":"<p>El titular de la Federaci\u00f3n Agraria apunt\u00f3 contra el Gobierno; dijo que 7000 productores lecheros &#8220;tuvieron que abandonar sus tambos&#8221; desde que Cristina Kirchner est\u00e1 en el poder Por Jos\u00e9 E. Bord\u00f3n SANTA FE.- &#8220;El litro de leche en Rosario es m\u00e1s caro que en Par\u00eds&#8221;. El titular de la Federaci\u00f3n Agraria Argentina (FAA), Eduardo Buzzi, apunt\u00f3 esta ma\u00f1ana contra el Gobierno. El dirigente, quien integra la Mesa de Enlace, critic\u00f3 con dureza el modelo econ\u00f3mico del kirchnerismo y sostuvo que en los seis a\u00f1os que lleva Cristina Kirchner al frente del Ejecutivo, 7000 productores lecheros &#8220;tuvieron que abandonar sus tambos&#8221;. Buzzi remarc\u00f3, en declaracciones radiales, que &#8220;las vacas se concentraron&#8221; en los grandes productores. &#8220;Esa es la pol\u00edtica del gobierno&#8221;, subray\u00f3. E ironiz\u00f3: &#8220;Y si son sus amigos, mejor&#8221;. Adem\u00e1s, precis\u00f3 que cuando la mandataria asumi\u00f3 su primer mandato -en 2007- exist\u00edan cerca de 16.000 productores tamberos dispersos por el pa\u00eds. &#8220;En cambio, hoy quedan 9 mil&#8221;, puntualiz\u00f3. Ante una consulta sobre el precio que paga el consumidor por el litro de leche en g\u00f3ndola, que actualmente es de unos $ 8, cuando el productor recibe apenas $ 2, Buzzi fue categ\u00f3rico: &#8220;La leche en Rosario es m\u00e1s cara [&hellip;]<\/p>\n","protected":false},"author":2,"featured_media":2174,"comment_status":"closed","ping_status":"open","sticky":false,"template":"","format":"standard","meta":{"_acf_changed":false,"footnotes":""},"categories":[56],"tags":[],"class_list":["post-5685","post","type-post","status-publish","format-standard","has-post-thumbnail","hentry","category-infoganadero"],"acf":[],"yoast_head":"<!-- This site is optimized with the Yoast SEO plugin v27.5 - https:\/\/yoast.com\/product\/yoast-seo-wordpress\/ -->\n<title>Eduardo Buzzi: El litro de leche en Rosario es m\u00e1s caro que en Par\u00eds | Proagro<\/title>\n<meta name=\"robots\" content=\"index, follow, max-snippet:-1, max-image-preview:large, max-video-preview:-1\" \/>\n<link rel=\"canonical\" href=\"https:\/\/proagrolab.com.ar\/en\/eduardo-buzzi-el-litro-de-leche-en-rosario-es-mas-caro-que-en-paris\/\" \/>\n<meta property=\"og:locale\" content=\"en_US\" \/>\n<meta property=\"og:type\" content=\"article\" \/>\n<meta property=\"og:title\" content=\"Eduardo Buzzi: El litro de leche en Rosario es m\u00e1s caro que en Par\u00eds | Proagro\" \/>\n<meta property=\"og:description\" content=\"El titular de la Federaci\u00f3n Agraria apunt\u00f3 contra el Gobierno; dijo que 7000 productores lecheros &#8220;tuvieron que abandonar sus tambos&#8221; desde que Cristina Kirchner est\u00e1 en el poder Por Jos\u00e9 E. Bord\u00f3n SANTA FE.- &#8220;El litro de leche en Rosario es m\u00e1s caro que en Par\u00eds&#8221;. El titular de la Federaci\u00f3n Agraria Argentina (FAA), Eduardo Buzzi, apunt\u00f3 esta ma\u00f1ana contra el Gobierno. El dirigente, quien integra la Mesa de Enlace, critic\u00f3 con dureza el modelo econ\u00f3mico del kirchnerismo y sostuvo que en los seis a\u00f1os que lleva Cristina Kirchner al frente del Ejecutivo, 7000 productores lecheros &#8220;tuvieron que abandonar sus tambos&#8221;. Buzzi remarc\u00f3, en declaracciones radiales, que &#8220;las vacas se concentraron&#8221; en los grandes productores. &#8220;Esa es la pol\u00edtica del gobierno&#8221;, subray\u00f3. E ironiz\u00f3: &#8220;Y si son sus amigos, mejor&#8221;. Adem\u00e1s, precis\u00f3 que cuando la mandataria asumi\u00f3 su primer mandato -en 2007- exist\u00edan cerca de 16.000 productores tamberos dispersos por el pa\u00eds. &#8220;En cambio, hoy quedan 9 mil&#8221;, puntualiz\u00f3. Ante una consulta sobre el precio que paga el consumidor por el litro de leche en g\u00f3ndola, que actualmente es de unos $ 8, cuando el productor recibe apenas $ 2, Buzzi fue categ\u00f3rico: &#8220;La leche en Rosario es m\u00e1s cara [&hellip;]\" \/>\n<meta property=\"og:url\" content=\"https:\/\/proagrolab.com.ar\/eduardo-buzzi-el-litro-de-leche-en-rosario-es-mas-caro-que-en-paris\/\" \/>\n<meta property=\"og:site_name\" content=\"Proagro\" \/>\n<meta property=\"article:publisher\" content=\"http:\/\/www.facebook.com\/proagrolab\" \/>\n<meta property=\"article:published_time\" content=\"2013-09-18T00:00:01+00:00\" \/>\n<meta property=\"og:image\" content=\"https:\/\/proagrolab.com.ar\/wp-content\/uploads\/2015\/01\/g_07dsrzbzi__Lecheras-32.jpg\" \/>\n\t<meta property=\"og:image:width\" content=\"450\" \/>\n\t<meta property=\"og:image:height\" content=\"208\" \/>\n\t<meta property=\"og:image:type\" content=\"image\/jpeg\" \/>\n<meta name=\"author\" content=\"proagrolab\" \/>\n<meta name=\"twitter:card\" content=\"summary_large_image\" \/>\n<meta name=\"twitter:label1\" content=\"Written by\" \/>\n\t<meta name=\"twitter:data1\" content=\"proagrolab\" \/>\n\t<meta name=\"twitter:label2\" content=\"Est. reading time\" \/>\n\t<meta name=\"twitter:data2\" content=\"1 minute\" \/>\n<script type=\"application\/ld+json\" class=\"yoast-schema-graph\">{\"@context\":\"https:\\\/\\\/schema.org\",\"@graph\":[{\"@type\":\"Article\",\"@id\":\"https:\\\/\\\/proagrolab.com.ar\\\/eduardo-buzzi-el-litro-de-leche-en-rosario-es-mas-caro-que-en-paris\\\/#article\",\"isPartOf\":{\"@id\":\"https:\\\/\\\/proagrolab.com.ar\\\/eduardo-buzzi-el-litro-de-leche-en-rosario-es-mas-caro-que-en-paris\\\/\"},\"author\":{\"name\":\"proagrolab\",\"@id\":\"https:\\\/\\\/proagrolab.com.ar\\\/#\\\/schema\\\/person\\\/38003ff90bf80381f71c7d922d207444\"},\"headline\":\"Eduardo Buzzi: El litro de leche en Rosario es m\u00e1s caro que en Par\u00eds\",\"datePublished\":\"2013-09-18T00:00:01+00:00\",\"mainEntityOfPage\":{\"@id\":\"https:\\\/\\\/proagrolab.com.ar\\\/eduardo-buzzi-el-litro-de-leche-en-rosario-es-mas-caro-que-en-paris\\\/\"},\"wordCount\":301,\"publisher\":{\"@id\":\"https:\\\/\\\/proagrolab.com.ar\\\/#organization\"},\"image\":{\"@id\":\"https:\\\/\\\/proagrolab.com.ar\\\/eduardo-buzzi-el-litro-de-leche-en-rosario-es-mas-caro-que-en-paris\\\/#primaryimage\"},\"thumbnailUrl\":\"https:\\\/\\\/proagrolab.com.ar\\\/wp-content\\\/uploads\\\/2015\\\/01\\\/g_07dsrzbzi__Lecheras-32.jpg\",\"articleSection\":[\"News\"],\"inLanguage\":\"en-US\"},{\"@type\":\"WebPage\",\"@id\":\"https:\\\/\\\/proagrolab.com.ar\\\/eduardo-buzzi-el-litro-de-leche-en-rosario-es-mas-caro-que-en-paris\\\/\",\"url\":\"https:\\\/\\\/proagrolab.com.ar\\\/eduardo-buzzi-el-litro-de-leche-en-rosario-es-mas-caro-que-en-paris\\\/\",\"name\":\"Eduardo Buzzi: El litro de leche en Rosario es m\u00e1s caro que en Par\u00eds | Proagro\",\"isPartOf\":{\"@id\":\"https:\\\/\\\/proagrolab.com.ar\\\/#website\"},\"primaryImageOfPage\":{\"@id\":\"https:\\\/\\\/proagrolab.com.ar\\\/eduardo-buzzi-el-litro-de-leche-en-rosario-es-mas-caro-que-en-paris\\\/#primaryimage\"},\"image\":{\"@id\":\"https:\\\/\\\/proagrolab.com.ar\\\/eduardo-buzzi-el-litro-de-leche-en-rosario-es-mas-caro-que-en-paris\\\/#primaryimage\"},\"thumbnailUrl\":\"https:\\\/\\\/proagrolab.com.ar\\\/wp-content\\\/uploads\\\/2015\\\/01\\\/g_07dsrzbzi__Lecheras-32.jpg\",\"datePublished\":\"2013-09-18T00:00:01+00:00\",\"breadcrumb\":{\"@id\":\"https:\\\/\\\/proagrolab.com.ar\\\/eduardo-buzzi-el-litro-de-leche-en-rosario-es-mas-caro-que-en-paris\\\/#breadcrumb\"},\"inLanguage\":\"en-US\",\"potentialAction\":[{\"@type\":\"ReadAction\",\"target\":[\"https:\\\/\\\/proagrolab.com.ar\\\/eduardo-buzzi-el-litro-de-leche-en-rosario-es-mas-caro-que-en-paris\\\/\"]}]},{\"@type\":\"ImageObject\",\"inLanguage\":\"en-US\",\"@id\":\"https:\\\/\\\/proagrolab.com.ar\\\/eduardo-buzzi-el-litro-de-leche-en-rosario-es-mas-caro-que-en-paris\\\/#primaryimage\",\"url\":\"https:\\\/\\\/proagrolab.com.ar\\\/wp-content\\\/uploads\\\/2015\\\/01\\\/g_07dsrzbzi__Lecheras-32.jpg\",\"contentUrl\":\"https:\\\/\\\/proagrolab.com.ar\\\/wp-content\\\/uploads\\\/2015\\\/01\\\/g_07dsrzbzi__Lecheras-32.jpg\",\"width\":450,\"height\":208},{\"@type\":\"BreadcrumbList\",\"@id\":\"https:\\\/\\\/proagrolab.com.ar\\\/eduardo-buzzi-el-litro-de-leche-en-rosario-es-mas-caro-que-en-paris\\\/#breadcrumb\",\"itemListElement\":[{\"@type\":\"ListItem\",\"position\":1,\"name\":\"Portada\",\"item\":\"https:\\\/\\\/proagrolab.com.ar\\\/\"},{\"@type\":\"ListItem\",\"position\":2,\"name\":\"Eduardo Buzzi: El litro de leche en Rosario es m\u00e1s caro que en Par\u00eds\"}]},{\"@type\":\"WebSite\",\"@id\":\"https:\\\/\\\/proagrolab.com.ar\\\/#website\",\"url\":\"https:\\\/\\\/proagrolab.com.ar\\\/\",\"name\":\"Proagro Laboratorio Veterinario\",\"description\":\"Veterinary laboratory\",\"publisher\":{\"@id\":\"https:\\\/\\\/proagrolab.com.ar\\\/#organization\"},\"potentialAction\":[{\"@type\":\"SearchAction\",\"target\":{\"@type\":\"EntryPoint\",\"urlTemplate\":\"https:\\\/\\\/proagrolab.com.ar\\\/?s={search_term_string}\"},\"query-input\":{\"@type\":\"PropertyValueSpecification\",\"valueRequired\":true,\"valueName\":\"search_term_string\"}}],\"inLanguage\":\"en-US\"},{\"@type\":\"Organization\",\"@id\":\"https:\\\/\\\/proagrolab.com.ar\\\/#organization\",\"name\":\"Proagro\",\"url\":\"https:\\\/\\\/proagrolab.com.ar\\\/\",\"logo\":{\"@type\":\"ImageObject\",\"inLanguage\":\"en-US\",\"@id\":\"https:\\\/\\\/proagrolab.com.ar\\\/#\\\/schema\\\/logo\\\/image\\\/\",\"url\":\"https:\\\/\\\/proagrolab.com.ar\\\/wp-content\\\/uploads\\\/2020\\\/04\\\/logo-retina.png\",\"contentUrl\":\"https:\\\/\\\/proagrolab.com.ar\\\/wp-content\\\/uploads\\\/2020\\\/04\\\/logo-retina.png\",\"width\":478,\"height\":120,\"caption\":\"Proagro\"},\"image\":{\"@id\":\"https:\\\/\\\/proagrolab.com.ar\\\/#\\\/schema\\\/logo\\\/image\\\/\"},\"sameAs\":[\"http:\\\/\\\/www.facebook.com\\\/proagrolab\",\"https:\\\/\\\/www.instagram.com\\\/proagrolab\\\/\",\"https:\\\/\\\/www.linkedin.com\\\/company\\\/laboratorio-proagro-s-a\\\/\"]},{\"@type\":\"Person\",\"@id\":\"https:\\\/\\\/proagrolab.com.ar\\\/#\\\/schema\\\/person\\\/38003ff90bf80381f71c7d922d207444\",\"name\":\"proagrolab\"}]}<\/script>\n<!-- \/ Yoast SEO plugin. -->","yoast_head_json":{"title":"Eduardo Buzzi: El litro de leche en Rosario es m\u00e1s caro que en Par\u00eds | Proagro","robots":{"index":"index","follow":"follow","max-snippet":"max-snippet:-1","max-image-preview":"max-image-preview:large","max-video-preview":"max-video-preview:-1"},"canonical":"https:\/\/proagrolab.com.ar\/en\/eduardo-buzzi-el-litro-de-leche-en-rosario-es-mas-caro-que-en-paris\/","og_locale":"en_US","og_type":"article","og_title":"Eduardo Buzzi: El litro de leche en Rosario es m\u00e1s caro que en Par\u00eds | Proagro","og_description":"El titular de la Federaci\u00f3n Agraria apunt\u00f3 contra el Gobierno; dijo que 7000 productores lecheros &#8220;tuvieron que abandonar sus tambos&#8221; desde que Cristina Kirchner est\u00e1 en el poder Por Jos\u00e9 E. Bord\u00f3n SANTA FE.- &#8220;El litro de leche en Rosario es m\u00e1s caro que en Par\u00eds&#8221;. El titular de la Federaci\u00f3n Agraria Argentina (FAA), Eduardo Buzzi, apunt\u00f3 esta ma\u00f1ana contra el Gobierno. El dirigente, quien integra la Mesa de Enlace, critic\u00f3 con dureza el modelo econ\u00f3mico del kirchnerismo y sostuvo que en los seis a\u00f1os que lleva Cristina Kirchner al frente del Ejecutivo, 7000 productores lecheros &#8220;tuvieron que abandonar sus tambos&#8221;. Buzzi remarc\u00f3, en declaracciones radiales, que &#8220;las vacas se concentraron&#8221; en los grandes productores. &#8220;Esa es la pol\u00edtica del gobierno&#8221;, subray\u00f3. E ironiz\u00f3: &#8220;Y si son sus amigos, mejor&#8221;. Adem\u00e1s, precis\u00f3 que cuando la mandataria asumi\u00f3 su primer mandato -en 2007- exist\u00edan cerca de 16.000 productores tamberos dispersos por el pa\u00eds. &#8220;En cambio, hoy quedan 9 mil&#8221;, puntualiz\u00f3. Ante una consulta sobre el precio que paga el consumidor por el litro de leche en g\u00f3ndola, que actualmente es de unos $ 8, cuando el productor recibe apenas $ 2, Buzzi fue categ\u00f3rico: &#8220;La leche en Rosario es m\u00e1s cara [&hellip;]","og_url":"https:\/\/proagrolab.com.ar\/eduardo-buzzi-el-litro-de-leche-en-rosario-es-mas-caro-que-en-paris\/","og_site_name":"Proagro","article_publisher":"http:\/\/www.facebook.com\/proagrolab","article_published_time":"2013-09-18T00:00:01+00:00","og_image":[{"width":450,"height":208,"url":"https:\/\/proagrolab.com.ar\/wp-content\/uploads\/2015\/01\/g_07dsrzbzi__Lecheras-32.jpg","type":"image\/jpeg"}],"author":"proagrolab","twitter_card":"summary_large_image","twitter_misc":{"Written by":"proagrolab","Est. reading time":"1 minute"},"schema":{"@context":"https:\/\/schema.org","@graph":[{"@type":"Article","@id":"https:\/\/proagrolab.com.ar\/eduardo-buzzi-el-litro-de-leche-en-rosario-es-mas-caro-que-en-paris\/#article","isPartOf":{"@id":"https:\/\/proagrolab.com.ar\/eduardo-buzzi-el-litro-de-leche-en-rosario-es-mas-caro-que-en-paris\/"},"author":{"name":"proagrolab","@id":"https:\/\/proagrolab.com.ar\/#\/schema\/person\/38003ff90bf80381f71c7d922d207444"},"headline":"Eduardo Buzzi: El litro de leche en Rosario es m\u00e1s caro que en Par\u00eds","datePublished":"2013-09-18T00:00:01+00:00","mainEntityOfPage":{"@id":"https:\/\/proagrolab.com.ar\/eduardo-buzzi-el-litro-de-leche-en-rosario-es-mas-caro-que-en-paris\/"},"wordCount":301,"publisher":{"@id":"https:\/\/proagrolab.com.ar\/#organization"},"image":{"@id":"https:\/\/proagrolab.com.ar\/eduardo-buzzi-el-litro-de-leche-en-rosario-es-mas-caro-que-en-paris\/#primaryimage"},"thumbnailUrl":"https:\/\/proagrolab.com.ar\/wp-content\/uploads\/2015\/01\/g_07dsrzbzi__Lecheras-32.jpg","articleSection":["News"],"inLanguage":"en-US"},{"@type":"WebPage","@id":"https:\/\/proagrolab.com.ar\/eduardo-buzzi-el-litro-de-leche-en-rosario-es-mas-caro-que-en-paris\/","url":"https:\/\/proagrolab.com.ar\/eduardo-buzzi-el-litro-de-leche-en-rosario-es-mas-caro-que-en-paris\/","name":"Eduardo Buzzi: El litro de leche en Rosario es m\u00e1s caro que en Par\u00eds | Proagro","isPartOf":{"@id":"https:\/\/proagrolab.com.ar\/#website"},"primaryImageOfPage":{"@id":"https:\/\/proagrolab.com.ar\/eduardo-buzzi-el-litro-de-leche-en-rosario-es-mas-caro-que-en-paris\/#primaryimage"},"image":{"@id":"https:\/\/proagrolab.com.ar\/eduardo-buzzi-el-litro-de-leche-en-rosario-es-mas-caro-que-en-paris\/#primaryimage"},"thumbnailUrl":"https:\/\/proagrolab.com.ar\/wp-content\/uploads\/2015\/01\/g_07dsrzbzi__Lecheras-32.jpg","datePublished":"2013-09-18T00:00:01+00:00","breadcrumb":{"@id":"https:\/\/proagrolab.com.ar\/eduardo-buzzi-el-litro-de-leche-en-rosario-es-mas-caro-que-en-paris\/#breadcrumb"},"inLanguage":"en-US","potentialAction":[{"@type":"ReadAction","target":["https:\/\/proagrolab.com.ar\/eduardo-buzzi-el-litro-de-leche-en-rosario-es-mas-caro-que-en-paris\/"]}]},{"@type":"ImageObject","inLanguage":"en-US","@id":"https:\/\/proagrolab.com.ar\/eduardo-buzzi-el-litro-de-leche-en-rosario-es-mas-caro-que-en-paris\/#primaryimage","url":"https:\/\/proagrolab.com.ar\/wp-content\/uploads\/2015\/01\/g_07dsrzbzi__Lecheras-32.jpg","contentUrl":"https:\/\/proagrolab.com.ar\/wp-content\/uploads\/2015\/01\/g_07dsrzbzi__Lecheras-32.jpg","width":450,"height":208},{"@type":"BreadcrumbList","@id":"https:\/\/proagrolab.com.ar\/eduardo-buzzi-el-litro-de-leche-en-rosario-es-mas-caro-que-en-paris\/#breadcrumb","itemListElement":[{"@type":"ListItem","position":1,"name":"Portada","item":"https:\/\/proagrolab.com.ar\/"},{"@type":"ListItem","position":2,"name":"Eduardo Buzzi: El litro de leche en Rosario es m\u00e1s caro que en Par\u00eds"}]},{"@type":"WebSite","@id":"https:\/\/proagrolab.com.ar\/#website","url":"https:\/\/proagrolab.com.ar\/","name":"Proagro Laboratorio Veterinario","description":"Veterinary laboratory","publisher":{"@id":"https:\/\/proagrolab.com.ar\/#organization"},"potentialAction":[{"@type":"SearchAction","target":{"@type":"EntryPoint","urlTemplate":"https:\/\/proagrolab.com.ar\/?s={search_term_string}"},"query-input":{"@type":"PropertyValueSpecification","valueRequired":true,"valueName":"search_term_string"}}],"inLanguage":"en-US"},{"@type":"Organization","@id":"https:\/\/proagrolab.com.ar\/#organization","name":"Proagro","url":"https:\/\/proagrolab.com.ar\/","logo":{"@type":"ImageObject","inLanguage":"en-US","@id":"https:\/\/proagrolab.com.ar\/#\/schema\/logo\/image\/","url":"https:\/\/proagrolab.com.ar\/wp-content\/uploads\/2020\/04\/logo-retina.png","contentUrl":"https:\/\/proagrolab.com.ar\/wp-content\/uploads\/2020\/04\/logo-retina.png","width":478,"height":120,"caption":"Proagro"},"image":{"@id":"https:\/\/proagrolab.com.ar\/#\/schema\/logo\/image\/"},"sameAs":["http:\/\/www.facebook.com\/proagrolab","https:\/\/www.instagram.com\/proagrolab\/","https:\/\/www.linkedin.com\/company\/laboratorio-proagro-s-a\/"]},{"@type":"Person","@id":"https:\/\/proagrolab.com.ar\/#\/schema\/person\/38003ff90bf80381f71c7d922d207444","name":"proagrolab"}]}},"_links":{"self":[{"href":"https:\/\/proagrolab.com.ar\/en\/wp-json\/wp\/v2\/posts\/5685","targetHints":{"allow":["GET"]}}],"collection":[{"href":"https:\/\/proagrolab.com.ar\/en\/wp-json\/wp\/v2\/posts"}],"about":[{"href":"https:\/\/proagrolab.com.ar\/en\/wp-json\/wp\/v2\/types\/post"}],"author":[{"embeddable":true,"href":"https:\/\/proagrolab.com.ar\/en\/wp-json\/wp\/v2\/users\/2"}],"replies":[{"embeddable":true,"href":"https:\/\/proagrolab.com.ar\/en\/wp-json\/wp\/v2\/comments?post=5685"}],"version-history":[{"count":0,"href":"https:\/\/proagrolab.com.ar\/en\/wp-json\/wp\/v2\/posts\/5685\/revisions"}],"wp:featuredmedia":[{"embeddable":true,"href":"https:\/\/proagrolab.com.ar\/en\/wp-json\/wp\/v2\/media\/2174"}],"wp:attachment":[{"href":"https:\/\/proagrolab.com.ar\/en\/wp-json\/wp\/v2\/media?parent=5685"}],"wp:term":[{"taxonomy":"category","embeddable":true,"href":"https:\/\/proagrolab.com.ar\/en\/wp-json\/wp\/v2\/categories?post=5685"},{"taxonomy":"post_tag","embeddable":true,"href":"https:\/\/proagrolab.com.ar\/en\/wp-json\/wp\/v2\/tags?post=5685"}],"curies":[{"name":"wp","href":"https:\/\/api.w.org\/{rel}","templated":true}]}}