{"id":5683,"date":"2013-09-18T00:00:01","date_gmt":"2013-09-18T00:00:01","guid":{"rendered":"https:\/\/proagrolab.com.ar\/chile-consigue-reabrir-la-union-europea-para-exportaciones-de-carne-bovina\/"},"modified":"2013-09-18T00:00:01","modified_gmt":"2013-09-18T00:00:01","slug":"chile-consigue-reabrir-la-union-europea-para-exportaciones-de-carne-bovina","status":"publish","type":"post","link":"https:\/\/proagrolab.com.ar\/en\/chile-consigue-reabrir-la-union-europea-para-exportaciones-de-carne-bovina\/","title":{"rendered":"Chile consigue reabrir la Uni\u00f3n Europea para exportaciones de carne bovina."},"content":{"rendered":"<p class=\"qtranxs-available-languages-message qtranxs-available-languages-message-en\"> <\/p><p>Tras casi 5 meses en que la Uni\u00f3n Europea se mantuvo cerrada para la exportaci\u00f3n de carne bovina chilena, el ministro de Agricultura, Luis Mayol, junto al Embajador y el Agregado Agr\u00edcola de Chile en la Uni\u00f3n Europea, Carlos Appelgren y Cristi\u00e1n Jara, respectivamente, obtuvieron la recertificaci\u00f3n que permitir\u00e1 recuperar ese mercado para la producci\u00f3n ganadera bovina nacional. As\u00ed inform\u00f3 el portal de noticias LaTercera.com.<\/p>\n<p>Asimismo, a la brevedad posible la DG Sanco indicar\u00e1 la fecha en que debiera quedar fijada la visita t\u00e9cnica de reinspecci\u00f3n del sistema de trazabilidad.<\/p>\n<p>&#8220;Estamos muy satisfechos de haber recuperado este importante mercado para las exportaciones bovinas chilenas porque demuestra la seriedad y el compromiso con que [Chile] asume el cumplimiento de los compromisos que asume con sus mercados compradores, todo en l\u00ednea con la excelente imagen y reputaci\u00f3n que Chile tiene en el mundo&#8221;, enfatiz\u00f3.<\/p>\n<p>As\u00ed, Mayol avanz\u00f3 en el acceso a la cuota especial de carnes para dicho bloque.<\/p>\n<p>Esta medida se traduce en que Chile pueda acceder a una cuota especial de 40 mil toneladas abierta para carne de calidad especial y que el pa\u00eds estar\u00eda en condiciones de cumplir.<\/p>\n<p>Fuente: Carnetec, 16 de septiembre.<br \/><\/p>","protected":false},"excerpt":{"rendered":"<p>Tras casi 5 meses en que la Uni\u00f3n Europea se mantuvo cerrada para la exportaci\u00f3n de carne bovina chilena, el ministro de Agricultura, Luis Mayol, junto al Embajador y el Agregado Agr\u00edcola de Chile en la Uni\u00f3n Europea, Carlos Appelgren y Cristi\u00e1n Jara, respectivamente, obtuvieron la recertificaci\u00f3n que permitir\u00e1 recuperar ese mercado para la producci\u00f3n ganadera bovina nacional. As\u00ed inform\u00f3 el portal de noticias LaTercera.com. Asimismo, a la brevedad posible la DG Sanco indicar\u00e1 la fecha en que debiera quedar fijada la visita t\u00e9cnica de reinspecci\u00f3n del sistema de trazabilidad. &#8220;Estamos muy satisfechos de haber recuperado este importante mercado para las exportaciones bovinas chilenas porque demuestra la seriedad y el compromiso con que [Chile] asume el cumplimiento de los compromisos que asume con sus mercados compradores, todo en l\u00ednea con la excelente imagen y reputaci\u00f3n que Chile tiene en el mundo&#8221;, enfatiz\u00f3. As\u00ed, Mayol avanz\u00f3 en el acceso a la cuota especial de carnes para dicho bloque. Esta medida se traduce en que Chile pueda acceder a una cuota especial de 40 mil toneladas abierta para carne de calidad especial y que el pa\u00eds estar\u00eda en condiciones de cumplir. Fuente: Carnetec, 16 de septiembre.<\/p>\n","protected":false},"author":2,"featured_media":2172,"comment_status":"closed","ping_status":"open","sticky":false,"template":"","format":"standard","meta":{"_acf_changed":false,"footnotes":""},"categories":[56],"tags":[],"class_list":["post-5683","post","type-post","status-publish","format-standard","has-post-thumbnail","hentry","category-infoganadero"],"acf":[],"yoast_head":"<!-- This site is optimized with the Yoast SEO plugin v27.5 - https:\/\/yoast.com\/product\/yoast-seo-wordpress\/ -->\n<title>Chile consigue reabrir la Uni\u00f3n Europea para exportaciones de carne bovina. | Proagro<\/title>\n<meta name=\"robots\" content=\"index, follow, max-snippet:-1, max-image-preview:large, max-video-preview:-1\" \/>\n<link rel=\"canonical\" href=\"https:\/\/proagrolab.com.ar\/en\/chile-consigue-reabrir-la-union-europea-para-exportaciones-de-carne-bovina\/\" \/>\n<meta property=\"og:locale\" content=\"en_US\" \/>\n<meta property=\"og:type\" content=\"article\" \/>\n<meta property=\"og:title\" content=\"Chile consigue reabrir la Uni\u00f3n Europea para exportaciones de carne bovina. | Proagro\" \/>\n<meta property=\"og:description\" content=\"Tras casi 5 meses en que la Uni\u00f3n Europea se mantuvo cerrada para la exportaci\u00f3n de carne bovina chilena, el ministro de Agricultura, Luis Mayol, junto al Embajador y el Agregado Agr\u00edcola de Chile en la Uni\u00f3n Europea, Carlos Appelgren y Cristi\u00e1n Jara, respectivamente, obtuvieron la recertificaci\u00f3n que permitir\u00e1 recuperar ese mercado para la producci\u00f3n ganadera bovina nacional. As\u00ed inform\u00f3 el portal de noticias LaTercera.com. Asimismo, a la brevedad posible la DG Sanco indicar\u00e1 la fecha en que debiera quedar fijada la visita t\u00e9cnica de reinspecci\u00f3n del sistema de trazabilidad. &#8220;Estamos muy satisfechos de haber recuperado este importante mercado para las exportaciones bovinas chilenas porque demuestra la seriedad y el compromiso con que [Chile] asume el cumplimiento de los compromisos que asume con sus mercados compradores, todo en l\u00ednea con la excelente imagen y reputaci\u00f3n que Chile tiene en el mundo&#8221;, enfatiz\u00f3. As\u00ed, Mayol avanz\u00f3 en el acceso a la cuota especial de carnes para dicho bloque. Esta medida se traduce en que Chile pueda acceder a una cuota especial de 40 mil toneladas abierta para carne de calidad especial y que el pa\u00eds estar\u00eda en condiciones de cumplir. Fuente: Carnetec, 16 de septiembre.\" \/>\n<meta property=\"og:url\" content=\"https:\/\/proagrolab.com.ar\/chile-consigue-reabrir-la-union-europea-para-exportaciones-de-carne-bovina\/\" \/>\n<meta property=\"og:site_name\" content=\"Proagro\" \/>\n<meta property=\"article:publisher\" content=\"http:\/\/www.facebook.com\/proagrolab\" \/>\n<meta property=\"article:published_time\" content=\"2013-09-18T00:00:01+00:00\" \/>\n<meta property=\"og:image\" content=\"https:\/\/proagrolab.com.ar\/wp-content\/uploads\/2015\/01\/g_d4he4bbhz__Frigor\u00edfico-2.jpg\" \/>\n\t<meta property=\"og:image:width\" content=\"1\" \/>\n\t<meta property=\"og:image:height\" content=\"1\" \/>\n\t<meta property=\"og:image:type\" content=\"image\/jpeg\" \/>\n<meta name=\"author\" content=\"proagrolab\" \/>\n<meta name=\"twitter:card\" content=\"summary_large_image\" \/>\n<meta name=\"twitter:label1\" content=\"Written by\" \/>\n\t<meta name=\"twitter:data1\" content=\"proagrolab\" \/>\n\t<meta name=\"twitter:label2\" content=\"Est. reading time\" \/>\n\t<meta name=\"twitter:data2\" content=\"1 minute\" \/>\n<script type=\"application\/ld+json\" class=\"yoast-schema-graph\">{\"@context\":\"https:\\\/\\\/schema.org\",\"@graph\":[{\"@type\":\"Article\",\"@id\":\"https:\\\/\\\/proagrolab.com.ar\\\/chile-consigue-reabrir-la-union-europea-para-exportaciones-de-carne-bovina\\\/#article\",\"isPartOf\":{\"@id\":\"https:\\\/\\\/proagrolab.com.ar\\\/chile-consigue-reabrir-la-union-europea-para-exportaciones-de-carne-bovina\\\/\"},\"author\":{\"name\":\"proagrolab\",\"@id\":\"https:\\\/\\\/proagrolab.com.ar\\\/#\\\/schema\\\/person\\\/38003ff90bf80381f71c7d922d207444\"},\"headline\":\"Chile consigue reabrir la Uni\u00f3n Europea para exportaciones de carne bovina.\",\"datePublished\":\"2013-09-18T00:00:01+00:00\",\"mainEntityOfPage\":{\"@id\":\"https:\\\/\\\/proagrolab.com.ar\\\/chile-consigue-reabrir-la-union-europea-para-exportaciones-de-carne-bovina\\\/\"},\"wordCount\":217,\"publisher\":{\"@id\":\"https:\\\/\\\/proagrolab.com.ar\\\/#organization\"},\"image\":{\"@id\":\"https:\\\/\\\/proagrolab.com.ar\\\/chile-consigue-reabrir-la-union-europea-para-exportaciones-de-carne-bovina\\\/#primaryimage\"},\"thumbnailUrl\":\"https:\\\/\\\/proagrolab.com.ar\\\/wp-content\\\/uploads\\\/2015\\\/01\\\/g_d4he4bbhz__Frigor\u00edfico-2.jpg\",\"articleSection\":[\"News\"],\"inLanguage\":\"en-US\"},{\"@type\":\"WebPage\",\"@id\":\"https:\\\/\\\/proagrolab.com.ar\\\/chile-consigue-reabrir-la-union-europea-para-exportaciones-de-carne-bovina\\\/\",\"url\":\"https:\\\/\\\/proagrolab.com.ar\\\/chile-consigue-reabrir-la-union-europea-para-exportaciones-de-carne-bovina\\\/\",\"name\":\"Chile consigue reabrir la Uni\u00f3n Europea para exportaciones de carne bovina. | Proagro\",\"isPartOf\":{\"@id\":\"https:\\\/\\\/proagrolab.com.ar\\\/#website\"},\"primaryImageOfPage\":{\"@id\":\"https:\\\/\\\/proagrolab.com.ar\\\/chile-consigue-reabrir-la-union-europea-para-exportaciones-de-carne-bovina\\\/#primaryimage\"},\"image\":{\"@id\":\"https:\\\/\\\/proagrolab.com.ar\\\/chile-consigue-reabrir-la-union-europea-para-exportaciones-de-carne-bovina\\\/#primaryimage\"},\"thumbnailUrl\":\"https:\\\/\\\/proagrolab.com.ar\\\/wp-content\\\/uploads\\\/2015\\\/01\\\/g_d4he4bbhz__Frigor\u00edfico-2.jpg\",\"datePublished\":\"2013-09-18T00:00:01+00:00\",\"breadcrumb\":{\"@id\":\"https:\\\/\\\/proagrolab.com.ar\\\/chile-consigue-reabrir-la-union-europea-para-exportaciones-de-carne-bovina\\\/#breadcrumb\"},\"inLanguage\":\"en-US\",\"potentialAction\":[{\"@type\":\"ReadAction\",\"target\":[\"https:\\\/\\\/proagrolab.com.ar\\\/chile-consigue-reabrir-la-union-europea-para-exportaciones-de-carne-bovina\\\/\"]}]},{\"@type\":\"ImageObject\",\"inLanguage\":\"en-US\",\"@id\":\"https:\\\/\\\/proagrolab.com.ar\\\/chile-consigue-reabrir-la-union-europea-para-exportaciones-de-carne-bovina\\\/#primaryimage\",\"url\":\"https:\\\/\\\/proagrolab.com.ar\\\/wp-content\\\/uploads\\\/2015\\\/01\\\/g_d4he4bbhz__Frigor\u00edfico-2.jpg\",\"contentUrl\":\"https:\\\/\\\/proagrolab.com.ar\\\/wp-content\\\/uploads\\\/2015\\\/01\\\/g_d4he4bbhz__Frigor\u00edfico-2.jpg\"},{\"@type\":\"BreadcrumbList\",\"@id\":\"https:\\\/\\\/proagrolab.com.ar\\\/chile-consigue-reabrir-la-union-europea-para-exportaciones-de-carne-bovina\\\/#breadcrumb\",\"itemListElement\":[{\"@type\":\"ListItem\",\"position\":1,\"name\":\"Portada\",\"item\":\"https:\\\/\\\/proagrolab.com.ar\\\/\"},{\"@type\":\"ListItem\",\"position\":2,\"name\":\"Chile consigue reabrir la Uni\u00f3n Europea para exportaciones de carne bovina.\"}]},{\"@type\":\"WebSite\",\"@id\":\"https:\\\/\\\/proagrolab.com.ar\\\/#website\",\"url\":\"https:\\\/\\\/proagrolab.com.ar\\\/\",\"name\":\"Proagro Laboratorio Veterinario\",\"description\":\"Veterinary laboratory\",\"publisher\":{\"@id\":\"https:\\\/\\\/proagrolab.com.ar\\\/#organization\"},\"potentialAction\":[{\"@type\":\"SearchAction\",\"target\":{\"@type\":\"EntryPoint\",\"urlTemplate\":\"https:\\\/\\\/proagrolab.com.ar\\\/?s={search_term_string}\"},\"query-input\":{\"@type\":\"PropertyValueSpecification\",\"valueRequired\":true,\"valueName\":\"search_term_string\"}}],\"inLanguage\":\"en-US\"},{\"@type\":\"Organization\",\"@id\":\"https:\\\/\\\/proagrolab.com.ar\\\/#organization\",\"name\":\"Proagro\",\"url\":\"https:\\\/\\\/proagrolab.com.ar\\\/\",\"logo\":{\"@type\":\"ImageObject\",\"inLanguage\":\"en-US\",\"@id\":\"https:\\\/\\\/proagrolab.com.ar\\\/#\\\/schema\\\/logo\\\/image\\\/\",\"url\":\"https:\\\/\\\/proagrolab.com.ar\\\/wp-content\\\/uploads\\\/2020\\\/04\\\/logo-retina.png\",\"contentUrl\":\"https:\\\/\\\/proagrolab.com.ar\\\/wp-content\\\/uploads\\\/2020\\\/04\\\/logo-retina.png\",\"width\":478,\"height\":120,\"caption\":\"Proagro\"},\"image\":{\"@id\":\"https:\\\/\\\/proagrolab.com.ar\\\/#\\\/schema\\\/logo\\\/image\\\/\"},\"sameAs\":[\"http:\\\/\\\/www.facebook.com\\\/proagrolab\",\"https:\\\/\\\/www.instagram.com\\\/proagrolab\\\/\",\"https:\\\/\\\/www.linkedin.com\\\/company\\\/laboratorio-proagro-s-a\\\/\"]},{\"@type\":\"Person\",\"@id\":\"https:\\\/\\\/proagrolab.com.ar\\\/#\\\/schema\\\/person\\\/38003ff90bf80381f71c7d922d207444\",\"name\":\"proagrolab\"}]}<\/script>\n<!-- \/ Yoast SEO plugin. -->","yoast_head_json":{"title":"Chile consigue reabrir la Uni\u00f3n Europea para exportaciones de carne bovina. | Proagro","robots":{"index":"index","follow":"follow","max-snippet":"max-snippet:-1","max-image-preview":"max-image-preview:large","max-video-preview":"max-video-preview:-1"},"canonical":"https:\/\/proagrolab.com.ar\/en\/chile-consigue-reabrir-la-union-europea-para-exportaciones-de-carne-bovina\/","og_locale":"en_US","og_type":"article","og_title":"Chile consigue reabrir la Uni\u00f3n Europea para exportaciones de carne bovina. | Proagro","og_description":"Tras casi 5 meses en que la Uni\u00f3n Europea se mantuvo cerrada para la exportaci\u00f3n de carne bovina chilena, el ministro de Agricultura, Luis Mayol, junto al Embajador y el Agregado Agr\u00edcola de Chile en la Uni\u00f3n Europea, Carlos Appelgren y Cristi\u00e1n Jara, respectivamente, obtuvieron la recertificaci\u00f3n que permitir\u00e1 recuperar ese mercado para la producci\u00f3n ganadera bovina nacional. As\u00ed inform\u00f3 el portal de noticias LaTercera.com. Asimismo, a la brevedad posible la DG Sanco indicar\u00e1 la fecha en que debiera quedar fijada la visita t\u00e9cnica de reinspecci\u00f3n del sistema de trazabilidad. &#8220;Estamos muy satisfechos de haber recuperado este importante mercado para las exportaciones bovinas chilenas porque demuestra la seriedad y el compromiso con que [Chile] asume el cumplimiento de los compromisos que asume con sus mercados compradores, todo en l\u00ednea con la excelente imagen y reputaci\u00f3n que Chile tiene en el mundo&#8221;, enfatiz\u00f3. As\u00ed, Mayol avanz\u00f3 en el acceso a la cuota especial de carnes para dicho bloque. Esta medida se traduce en que Chile pueda acceder a una cuota especial de 40 mil toneladas abierta para carne de calidad especial y que el pa\u00eds estar\u00eda en condiciones de cumplir. Fuente: Carnetec, 16 de septiembre.","og_url":"https:\/\/proagrolab.com.ar\/chile-consigue-reabrir-la-union-europea-para-exportaciones-de-carne-bovina\/","og_site_name":"Proagro","article_publisher":"http:\/\/www.facebook.com\/proagrolab","article_published_time":"2013-09-18T00:00:01+00:00","og_image":[{"url":"https:\/\/proagrolab.com.ar\/wp-content\/uploads\/2015\/01\/g_d4he4bbhz__Frigor\u00edfico-2.jpg","width":1,"height":1,"type":"image\/jpeg"}],"author":"proagrolab","twitter_card":"summary_large_image","twitter_misc":{"Written by":"proagrolab","Est. reading time":"1 minute"},"schema":{"@context":"https:\/\/schema.org","@graph":[{"@type":"Article","@id":"https:\/\/proagrolab.com.ar\/chile-consigue-reabrir-la-union-europea-para-exportaciones-de-carne-bovina\/#article","isPartOf":{"@id":"https:\/\/proagrolab.com.ar\/chile-consigue-reabrir-la-union-europea-para-exportaciones-de-carne-bovina\/"},"author":{"name":"proagrolab","@id":"https:\/\/proagrolab.com.ar\/#\/schema\/person\/38003ff90bf80381f71c7d922d207444"},"headline":"Chile consigue reabrir la Uni\u00f3n Europea para exportaciones de carne bovina.","datePublished":"2013-09-18T00:00:01+00:00","mainEntityOfPage":{"@id":"https:\/\/proagrolab.com.ar\/chile-consigue-reabrir-la-union-europea-para-exportaciones-de-carne-bovina\/"},"wordCount":217,"publisher":{"@id":"https:\/\/proagrolab.com.ar\/#organization"},"image":{"@id":"https:\/\/proagrolab.com.ar\/chile-consigue-reabrir-la-union-europea-para-exportaciones-de-carne-bovina\/#primaryimage"},"thumbnailUrl":"https:\/\/proagrolab.com.ar\/wp-content\/uploads\/2015\/01\/g_d4he4bbhz__Frigor\u00edfico-2.jpg","articleSection":["News"],"inLanguage":"en-US"},{"@type":"WebPage","@id":"https:\/\/proagrolab.com.ar\/chile-consigue-reabrir-la-union-europea-para-exportaciones-de-carne-bovina\/","url":"https:\/\/proagrolab.com.ar\/chile-consigue-reabrir-la-union-europea-para-exportaciones-de-carne-bovina\/","name":"Chile consigue reabrir la Uni\u00f3n Europea para exportaciones de carne bovina. | Proagro","isPartOf":{"@id":"https:\/\/proagrolab.com.ar\/#website"},"primaryImageOfPage":{"@id":"https:\/\/proagrolab.com.ar\/chile-consigue-reabrir-la-union-europea-para-exportaciones-de-carne-bovina\/#primaryimage"},"image":{"@id":"https:\/\/proagrolab.com.ar\/chile-consigue-reabrir-la-union-europea-para-exportaciones-de-carne-bovina\/#primaryimage"},"thumbnailUrl":"https:\/\/proagrolab.com.ar\/wp-content\/uploads\/2015\/01\/g_d4he4bbhz__Frigor\u00edfico-2.jpg","datePublished":"2013-09-18T00:00:01+00:00","breadcrumb":{"@id":"https:\/\/proagrolab.com.ar\/chile-consigue-reabrir-la-union-europea-para-exportaciones-de-carne-bovina\/#breadcrumb"},"inLanguage":"en-US","potentialAction":[{"@type":"ReadAction","target":["https:\/\/proagrolab.com.ar\/chile-consigue-reabrir-la-union-europea-para-exportaciones-de-carne-bovina\/"]}]},{"@type":"ImageObject","inLanguage":"en-US","@id":"https:\/\/proagrolab.com.ar\/chile-consigue-reabrir-la-union-europea-para-exportaciones-de-carne-bovina\/#primaryimage","url":"https:\/\/proagrolab.com.ar\/wp-content\/uploads\/2015\/01\/g_d4he4bbhz__Frigor\u00edfico-2.jpg","contentUrl":"https:\/\/proagrolab.com.ar\/wp-content\/uploads\/2015\/01\/g_d4he4bbhz__Frigor\u00edfico-2.jpg"},{"@type":"BreadcrumbList","@id":"https:\/\/proagrolab.com.ar\/chile-consigue-reabrir-la-union-europea-para-exportaciones-de-carne-bovina\/#breadcrumb","itemListElement":[{"@type":"ListItem","position":1,"name":"Portada","item":"https:\/\/proagrolab.com.ar\/"},{"@type":"ListItem","position":2,"name":"Chile consigue reabrir la Uni\u00f3n Europea para exportaciones de carne bovina."}]},{"@type":"WebSite","@id":"https:\/\/proagrolab.com.ar\/#website","url":"https:\/\/proagrolab.com.ar\/","name":"Proagro Laboratorio Veterinario","description":"Veterinary laboratory","publisher":{"@id":"https:\/\/proagrolab.com.ar\/#organization"},"potentialAction":[{"@type":"SearchAction","target":{"@type":"EntryPoint","urlTemplate":"https:\/\/proagrolab.com.ar\/?s={search_term_string}"},"query-input":{"@type":"PropertyValueSpecification","valueRequired":true,"valueName":"search_term_string"}}],"inLanguage":"en-US"},{"@type":"Organization","@id":"https:\/\/proagrolab.com.ar\/#organization","name":"Proagro","url":"https:\/\/proagrolab.com.ar\/","logo":{"@type":"ImageObject","inLanguage":"en-US","@id":"https:\/\/proagrolab.com.ar\/#\/schema\/logo\/image\/","url":"https:\/\/proagrolab.com.ar\/wp-content\/uploads\/2020\/04\/logo-retina.png","contentUrl":"https:\/\/proagrolab.com.ar\/wp-content\/uploads\/2020\/04\/logo-retina.png","width":478,"height":120,"caption":"Proagro"},"image":{"@id":"https:\/\/proagrolab.com.ar\/#\/schema\/logo\/image\/"},"sameAs":["http:\/\/www.facebook.com\/proagrolab","https:\/\/www.instagram.com\/proagrolab\/","https:\/\/www.linkedin.com\/company\/laboratorio-proagro-s-a\/"]},{"@type":"Person","@id":"https:\/\/proagrolab.com.ar\/#\/schema\/person\/38003ff90bf80381f71c7d922d207444","name":"proagrolab"}]}},"_links":{"self":[{"href":"https:\/\/proagrolab.com.ar\/en\/wp-json\/wp\/v2\/posts\/5683","targetHints":{"allow":["GET"]}}],"collection":[{"href":"https:\/\/proagrolab.com.ar\/en\/wp-json\/wp\/v2\/posts"}],"about":[{"href":"https:\/\/proagrolab.com.ar\/en\/wp-json\/wp\/v2\/types\/post"}],"author":[{"embeddable":true,"href":"https:\/\/proagrolab.com.ar\/en\/wp-json\/wp\/v2\/users\/2"}],"replies":[{"embeddable":true,"href":"https:\/\/proagrolab.com.ar\/en\/wp-json\/wp\/v2\/comments?post=5683"}],"version-history":[{"count":0,"href":"https:\/\/proagrolab.com.ar\/en\/wp-json\/wp\/v2\/posts\/5683\/revisions"}],"wp:featuredmedia":[{"embeddable":true,"href":"https:\/\/proagrolab.com.ar\/en\/wp-json\/wp\/v2\/media\/2172"}],"wp:attachment":[{"href":"https:\/\/proagrolab.com.ar\/en\/wp-json\/wp\/v2\/media?parent=5683"}],"wp:term":[{"taxonomy":"category","embeddable":true,"href":"https:\/\/proagrolab.com.ar\/en\/wp-json\/wp\/v2\/categories?post=5683"},{"taxonomy":"post_tag","embeddable":true,"href":"https:\/\/proagrolab.com.ar\/en\/wp-json\/wp\/v2\/tags?post=5683"}],"curies":[{"name":"wp","href":"https:\/\/api.w.org\/{rel}","templated":true}]}}