{"id":5681,"date":"2013-09-18T00:00:01","date_gmt":"2013-09-18T00:00:01","guid":{"rendered":"https:\/\/proagrolab.com.ar\/union-europea-realiza-evaluacion-de-cadena-de-produccion-avicola-en-brasil\/"},"modified":"2013-09-18T00:00:01","modified_gmt":"2013-09-18T00:00:01","slug":"union-europea-realiza-evaluacion-de-cadena-de-produccion-avicola-en-brasil","status":"publish","type":"post","link":"https:\/\/proagrolab.com.ar\/en\/union-europea-realiza-evaluacion-de-cadena-de-produccion-avicola-en-brasil\/","title":{"rendered":"Uni\u00f3n Europea realiza evaluaci\u00f3n de cadena de producci\u00f3n av\u00edcola en Brasil."},"content":{"rendered":"<p class=\"qtranxs-available-languages-message qtranxs-available-languages-message-en\"> <\/p><p>Entre el 9 y 20 de septiembre, seg\u00fan inform\u00f3 el Ministerio de Agricultura de Brasil (MAPA, por sus siglas en portugu\u00e9s), un grupo de especialistas de la Uni\u00f3n Europea evaluar\u00e1 en Brasil el cumplimiento de requisitos relativos a la exportaciones av\u00edcolas a ese continente.<\/p>\n<p>Las autoridades realizar\u00e1n dicha auditor\u00eda para evaluar los procedimientos del Departamento de Inspecci\u00f3n Animal y Productos del MAPA para certificar toda la producci\u00f3n exportada.<\/p>\n<p>La entidad adem\u00e1s visitar\u00e1 un laboratorio dedicado a an\u00e1lisis microbiol\u00f3gico y la sede central del Departamento de Inspecci\u00f3n de Productos de Origen Animal, ubicados en los estados brasile\u00f1os de Rio Grande do Sul y Goi\u00e1s, respectivamente.<\/p>\n<p>Las evaluaciones tambi\u00e9n se realizar\u00e1n en nueve mataderos y granjas de aves, ubicados en los estados de Goi\u00e1s, Paran\u00e1, Santa Catarina y Rio Grande do Sul<\/p>\n<p>&#8220;La llegada de esta misi\u00f3n es muy importante para la agroindustria brasile\u00f1a&#8221;, dijo el secretario de Defensa Agropecuaria, Rodrigo Figueiredo. &#8220;Adem\u00e1s de ser una oportunidad para que Brasil mantenga las relaciones comerciales con la Uni\u00f3n Europea, esto abre la posibilidad de aumentarlas porque tambien habr\u00e1 visitas a otras unidades&#8221;.<\/p>\n<p>Fuente: Carnetec, 16 de septiembre.<br \/><\/p>","protected":false},"excerpt":{"rendered":"<p>Entre el 9 y 20 de septiembre, seg\u00fan inform\u00f3 el Ministerio de Agricultura de Brasil (MAPA, por sus siglas en portugu\u00e9s), un grupo de especialistas de la Uni\u00f3n Europea evaluar\u00e1 en Brasil el cumplimiento de requisitos relativos a la exportaciones av\u00edcolas a ese continente. Las autoridades realizar\u00e1n dicha auditor\u00eda para evaluar los procedimientos del Departamento de Inspecci\u00f3n Animal y Productos del MAPA para certificar toda la producci\u00f3n exportada. La entidad adem\u00e1s visitar\u00e1 un laboratorio dedicado a an\u00e1lisis microbiol\u00f3gico y la sede central del Departamento de Inspecci\u00f3n de Productos de Origen Animal, ubicados en los estados brasile\u00f1os de Rio Grande do Sul y Goi\u00e1s, respectivamente. Las evaluaciones tambi\u00e9n se realizar\u00e1n en nueve mataderos y granjas de aves, ubicados en los estados de Goi\u00e1s, Paran\u00e1, Santa Catarina y Rio Grande do Sul &#8220;La llegada de esta misi\u00f3n es muy importante para la agroindustria brasile\u00f1a&#8221;, dijo el secretario de Defensa Agropecuaria, Rodrigo Figueiredo. &#8220;Adem\u00e1s de ser una oportunidad para que Brasil mantenga las relaciones comerciales con la Uni\u00f3n Europea, esto abre la posibilidad de aumentarlas porque tambien habr\u00e1 visitas a otras unidades&#8221;. Fuente: Carnetec, 16 de septiembre.<\/p>\n","protected":false},"author":2,"featured_media":2170,"comment_status":"closed","ping_status":"open","sticky":false,"template":"","format":"standard","meta":{"_acf_changed":false,"footnotes":""},"categories":[56],"tags":[],"class_list":["post-5681","post","type-post","status-publish","format-standard","has-post-thumbnail","hentry","category-infoganadero"],"acf":[],"yoast_head":"<!-- This site is optimized with the Yoast SEO plugin v27.5 - https:\/\/yoast.com\/product\/yoast-seo-wordpress\/ -->\n<title>Uni\u00f3n Europea realiza evaluaci\u00f3n de cadena de producci\u00f3n av\u00edcola en Brasil. | Proagro<\/title>\n<meta name=\"robots\" content=\"index, follow, max-snippet:-1, max-image-preview:large, max-video-preview:-1\" \/>\n<link rel=\"canonical\" href=\"https:\/\/proagrolab.com.ar\/en\/union-europea-realiza-evaluacion-de-cadena-de-produccion-avicola-en-brasil\/\" \/>\n<meta property=\"og:locale\" content=\"en_US\" \/>\n<meta property=\"og:type\" content=\"article\" \/>\n<meta property=\"og:title\" content=\"Uni\u00f3n Europea realiza evaluaci\u00f3n de cadena de producci\u00f3n av\u00edcola en Brasil. | Proagro\" \/>\n<meta property=\"og:description\" content=\"Entre el 9 y 20 de septiembre, seg\u00fan inform\u00f3 el Ministerio de Agricultura de Brasil (MAPA, por sus siglas en portugu\u00e9s), un grupo de especialistas de la Uni\u00f3n Europea evaluar\u00e1 en Brasil el cumplimiento de requisitos relativos a la exportaciones av\u00edcolas a ese continente. Las autoridades realizar\u00e1n dicha auditor\u00eda para evaluar los procedimientos del Departamento de Inspecci\u00f3n Animal y Productos del MAPA para certificar toda la producci\u00f3n exportada. La entidad adem\u00e1s visitar\u00e1 un laboratorio dedicado a an\u00e1lisis microbiol\u00f3gico y la sede central del Departamento de Inspecci\u00f3n de Productos de Origen Animal, ubicados en los estados brasile\u00f1os de Rio Grande do Sul y Goi\u00e1s, respectivamente. Las evaluaciones tambi\u00e9n se realizar\u00e1n en nueve mataderos y granjas de aves, ubicados en los estados de Goi\u00e1s, Paran\u00e1, Santa Catarina y Rio Grande do Sul &#8220;La llegada de esta misi\u00f3n es muy importante para la agroindustria brasile\u00f1a&#8221;, dijo el secretario de Defensa Agropecuaria, Rodrigo Figueiredo. &#8220;Adem\u00e1s de ser una oportunidad para que Brasil mantenga las relaciones comerciales con la Uni\u00f3n Europea, esto abre la posibilidad de aumentarlas porque tambien habr\u00e1 visitas a otras unidades&#8221;. Fuente: Carnetec, 16 de septiembre.\" \/>\n<meta property=\"og:url\" content=\"https:\/\/proagrolab.com.ar\/union-europea-realiza-evaluacion-de-cadena-de-produccion-avicola-en-brasil\/\" \/>\n<meta property=\"og:site_name\" content=\"Proagro\" \/>\n<meta property=\"article:publisher\" content=\"http:\/\/www.facebook.com\/proagrolab\" \/>\n<meta property=\"article:published_time\" content=\"2013-09-18T00:00:01+00:00\" \/>\n<meta property=\"og:image\" content=\"https:\/\/proagrolab.com.ar\/wp-content\/uploads\/2015\/01\/g_a5mzwk1gn__Aviar-4.jpg\" \/>\n\t<meta property=\"og:image:width\" content=\"450\" \/>\n\t<meta property=\"og:image:height\" content=\"208\" \/>\n\t<meta property=\"og:image:type\" content=\"image\/jpeg\" \/>\n<meta name=\"author\" content=\"proagrolab\" \/>\n<meta name=\"twitter:card\" content=\"summary_large_image\" \/>\n<meta name=\"twitter:label1\" content=\"Written by\" \/>\n\t<meta name=\"twitter:data1\" content=\"proagrolab\" \/>\n\t<meta name=\"twitter:label2\" content=\"Est. reading time\" \/>\n\t<meta name=\"twitter:data2\" content=\"1 minute\" \/>\n<script type=\"application\/ld+json\" class=\"yoast-schema-graph\">{\"@context\":\"https:\\\/\\\/schema.org\",\"@graph\":[{\"@type\":\"Article\",\"@id\":\"https:\\\/\\\/proagrolab.com.ar\\\/union-europea-realiza-evaluacion-de-cadena-de-produccion-avicola-en-brasil\\\/#article\",\"isPartOf\":{\"@id\":\"https:\\\/\\\/proagrolab.com.ar\\\/union-europea-realiza-evaluacion-de-cadena-de-produccion-avicola-en-brasil\\\/\"},\"author\":{\"name\":\"proagrolab\",\"@id\":\"https:\\\/\\\/proagrolab.com.ar\\\/#\\\/schema\\\/person\\\/38003ff90bf80381f71c7d922d207444\"},\"headline\":\"Uni\u00f3n Europea realiza evaluaci\u00f3n de cadena de producci\u00f3n av\u00edcola en Brasil.\",\"datePublished\":\"2013-09-18T00:00:01+00:00\",\"mainEntityOfPage\":{\"@id\":\"https:\\\/\\\/proagrolab.com.ar\\\/union-europea-realiza-evaluacion-de-cadena-de-produccion-avicola-en-brasil\\\/\"},\"wordCount\":217,\"publisher\":{\"@id\":\"https:\\\/\\\/proagrolab.com.ar\\\/#organization\"},\"image\":{\"@id\":\"https:\\\/\\\/proagrolab.com.ar\\\/union-europea-realiza-evaluacion-de-cadena-de-produccion-avicola-en-brasil\\\/#primaryimage\"},\"thumbnailUrl\":\"https:\\\/\\\/proagrolab.com.ar\\\/wp-content\\\/uploads\\\/2015\\\/01\\\/g_a5mzwk1gn__Aviar-4.jpg\",\"articleSection\":[\"News\"],\"inLanguage\":\"en-US\"},{\"@type\":\"WebPage\",\"@id\":\"https:\\\/\\\/proagrolab.com.ar\\\/union-europea-realiza-evaluacion-de-cadena-de-produccion-avicola-en-brasil\\\/\",\"url\":\"https:\\\/\\\/proagrolab.com.ar\\\/union-europea-realiza-evaluacion-de-cadena-de-produccion-avicola-en-brasil\\\/\",\"name\":\"Uni\u00f3n Europea realiza evaluaci\u00f3n de cadena de producci\u00f3n av\u00edcola en Brasil. | Proagro\",\"isPartOf\":{\"@id\":\"https:\\\/\\\/proagrolab.com.ar\\\/#website\"},\"primaryImageOfPage\":{\"@id\":\"https:\\\/\\\/proagrolab.com.ar\\\/union-europea-realiza-evaluacion-de-cadena-de-produccion-avicola-en-brasil\\\/#primaryimage\"},\"image\":{\"@id\":\"https:\\\/\\\/proagrolab.com.ar\\\/union-europea-realiza-evaluacion-de-cadena-de-produccion-avicola-en-brasil\\\/#primaryimage\"},\"thumbnailUrl\":\"https:\\\/\\\/proagrolab.com.ar\\\/wp-content\\\/uploads\\\/2015\\\/01\\\/g_a5mzwk1gn__Aviar-4.jpg\",\"datePublished\":\"2013-09-18T00:00:01+00:00\",\"breadcrumb\":{\"@id\":\"https:\\\/\\\/proagrolab.com.ar\\\/union-europea-realiza-evaluacion-de-cadena-de-produccion-avicola-en-brasil\\\/#breadcrumb\"},\"inLanguage\":\"en-US\",\"potentialAction\":[{\"@type\":\"ReadAction\",\"target\":[\"https:\\\/\\\/proagrolab.com.ar\\\/union-europea-realiza-evaluacion-de-cadena-de-produccion-avicola-en-brasil\\\/\"]}]},{\"@type\":\"ImageObject\",\"inLanguage\":\"en-US\",\"@id\":\"https:\\\/\\\/proagrolab.com.ar\\\/union-europea-realiza-evaluacion-de-cadena-de-produccion-avicola-en-brasil\\\/#primaryimage\",\"url\":\"https:\\\/\\\/proagrolab.com.ar\\\/wp-content\\\/uploads\\\/2015\\\/01\\\/g_a5mzwk1gn__Aviar-4.jpg\",\"contentUrl\":\"https:\\\/\\\/proagrolab.com.ar\\\/wp-content\\\/uploads\\\/2015\\\/01\\\/g_a5mzwk1gn__Aviar-4.jpg\",\"width\":450,\"height\":208},{\"@type\":\"BreadcrumbList\",\"@id\":\"https:\\\/\\\/proagrolab.com.ar\\\/union-europea-realiza-evaluacion-de-cadena-de-produccion-avicola-en-brasil\\\/#breadcrumb\",\"itemListElement\":[{\"@type\":\"ListItem\",\"position\":1,\"name\":\"Portada\",\"item\":\"https:\\\/\\\/proagrolab.com.ar\\\/\"},{\"@type\":\"ListItem\",\"position\":2,\"name\":\"Uni\u00f3n Europea realiza evaluaci\u00f3n de cadena de producci\u00f3n av\u00edcola en Brasil.\"}]},{\"@type\":\"WebSite\",\"@id\":\"https:\\\/\\\/proagrolab.com.ar\\\/#website\",\"url\":\"https:\\\/\\\/proagrolab.com.ar\\\/\",\"name\":\"Proagro Laboratorio Veterinario\",\"description\":\"Veterinary laboratory\",\"publisher\":{\"@id\":\"https:\\\/\\\/proagrolab.com.ar\\\/#organization\"},\"potentialAction\":[{\"@type\":\"SearchAction\",\"target\":{\"@type\":\"EntryPoint\",\"urlTemplate\":\"https:\\\/\\\/proagrolab.com.ar\\\/?s={search_term_string}\"},\"query-input\":{\"@type\":\"PropertyValueSpecification\",\"valueRequired\":true,\"valueName\":\"search_term_string\"}}],\"inLanguage\":\"en-US\"},{\"@type\":\"Organization\",\"@id\":\"https:\\\/\\\/proagrolab.com.ar\\\/#organization\",\"name\":\"Proagro\",\"url\":\"https:\\\/\\\/proagrolab.com.ar\\\/\",\"logo\":{\"@type\":\"ImageObject\",\"inLanguage\":\"en-US\",\"@id\":\"https:\\\/\\\/proagrolab.com.ar\\\/#\\\/schema\\\/logo\\\/image\\\/\",\"url\":\"https:\\\/\\\/proagrolab.com.ar\\\/wp-content\\\/uploads\\\/2020\\\/04\\\/logo-retina.png\",\"contentUrl\":\"https:\\\/\\\/proagrolab.com.ar\\\/wp-content\\\/uploads\\\/2020\\\/04\\\/logo-retina.png\",\"width\":478,\"height\":120,\"caption\":\"Proagro\"},\"image\":{\"@id\":\"https:\\\/\\\/proagrolab.com.ar\\\/#\\\/schema\\\/logo\\\/image\\\/\"},\"sameAs\":[\"http:\\\/\\\/www.facebook.com\\\/proagrolab\",\"https:\\\/\\\/www.instagram.com\\\/proagrolab\\\/\",\"https:\\\/\\\/www.linkedin.com\\\/company\\\/laboratorio-proagro-s-a\\\/\"]},{\"@type\":\"Person\",\"@id\":\"https:\\\/\\\/proagrolab.com.ar\\\/#\\\/schema\\\/person\\\/38003ff90bf80381f71c7d922d207444\",\"name\":\"proagrolab\"}]}<\/script>\n<!-- \/ Yoast SEO plugin. -->","yoast_head_json":{"title":"Uni\u00f3n Europea realiza evaluaci\u00f3n de cadena de producci\u00f3n av\u00edcola en Brasil. | Proagro","robots":{"index":"index","follow":"follow","max-snippet":"max-snippet:-1","max-image-preview":"max-image-preview:large","max-video-preview":"max-video-preview:-1"},"canonical":"https:\/\/proagrolab.com.ar\/en\/union-europea-realiza-evaluacion-de-cadena-de-produccion-avicola-en-brasil\/","og_locale":"en_US","og_type":"article","og_title":"Uni\u00f3n Europea realiza evaluaci\u00f3n de cadena de producci\u00f3n av\u00edcola en Brasil. | Proagro","og_description":"Entre el 9 y 20 de septiembre, seg\u00fan inform\u00f3 el Ministerio de Agricultura de Brasil (MAPA, por sus siglas en portugu\u00e9s), un grupo de especialistas de la Uni\u00f3n Europea evaluar\u00e1 en Brasil el cumplimiento de requisitos relativos a la exportaciones av\u00edcolas a ese continente. Las autoridades realizar\u00e1n dicha auditor\u00eda para evaluar los procedimientos del Departamento de Inspecci\u00f3n Animal y Productos del MAPA para certificar toda la producci\u00f3n exportada. La entidad adem\u00e1s visitar\u00e1 un laboratorio dedicado a an\u00e1lisis microbiol\u00f3gico y la sede central del Departamento de Inspecci\u00f3n de Productos de Origen Animal, ubicados en los estados brasile\u00f1os de Rio Grande do Sul y Goi\u00e1s, respectivamente. Las evaluaciones tambi\u00e9n se realizar\u00e1n en nueve mataderos y granjas de aves, ubicados en los estados de Goi\u00e1s, Paran\u00e1, Santa Catarina y Rio Grande do Sul &#8220;La llegada de esta misi\u00f3n es muy importante para la agroindustria brasile\u00f1a&#8221;, dijo el secretario de Defensa Agropecuaria, Rodrigo Figueiredo. &#8220;Adem\u00e1s de ser una oportunidad para que Brasil mantenga las relaciones comerciales con la Uni\u00f3n Europea, esto abre la posibilidad de aumentarlas porque tambien habr\u00e1 visitas a otras unidades&#8221;. Fuente: Carnetec, 16 de septiembre.","og_url":"https:\/\/proagrolab.com.ar\/union-europea-realiza-evaluacion-de-cadena-de-produccion-avicola-en-brasil\/","og_site_name":"Proagro","article_publisher":"http:\/\/www.facebook.com\/proagrolab","article_published_time":"2013-09-18T00:00:01+00:00","og_image":[{"width":450,"height":208,"url":"https:\/\/proagrolab.com.ar\/wp-content\/uploads\/2015\/01\/g_a5mzwk1gn__Aviar-4.jpg","type":"image\/jpeg"}],"author":"proagrolab","twitter_card":"summary_large_image","twitter_misc":{"Written by":"proagrolab","Est. reading time":"1 minute"},"schema":{"@context":"https:\/\/schema.org","@graph":[{"@type":"Article","@id":"https:\/\/proagrolab.com.ar\/union-europea-realiza-evaluacion-de-cadena-de-produccion-avicola-en-brasil\/#article","isPartOf":{"@id":"https:\/\/proagrolab.com.ar\/union-europea-realiza-evaluacion-de-cadena-de-produccion-avicola-en-brasil\/"},"author":{"name":"proagrolab","@id":"https:\/\/proagrolab.com.ar\/#\/schema\/person\/38003ff90bf80381f71c7d922d207444"},"headline":"Uni\u00f3n Europea realiza evaluaci\u00f3n de cadena de producci\u00f3n av\u00edcola en Brasil.","datePublished":"2013-09-18T00:00:01+00:00","mainEntityOfPage":{"@id":"https:\/\/proagrolab.com.ar\/union-europea-realiza-evaluacion-de-cadena-de-produccion-avicola-en-brasil\/"},"wordCount":217,"publisher":{"@id":"https:\/\/proagrolab.com.ar\/#organization"},"image":{"@id":"https:\/\/proagrolab.com.ar\/union-europea-realiza-evaluacion-de-cadena-de-produccion-avicola-en-brasil\/#primaryimage"},"thumbnailUrl":"https:\/\/proagrolab.com.ar\/wp-content\/uploads\/2015\/01\/g_a5mzwk1gn__Aviar-4.jpg","articleSection":["News"],"inLanguage":"en-US"},{"@type":"WebPage","@id":"https:\/\/proagrolab.com.ar\/union-europea-realiza-evaluacion-de-cadena-de-produccion-avicola-en-brasil\/","url":"https:\/\/proagrolab.com.ar\/union-europea-realiza-evaluacion-de-cadena-de-produccion-avicola-en-brasil\/","name":"Uni\u00f3n Europea realiza evaluaci\u00f3n de cadena de producci\u00f3n av\u00edcola en Brasil. | Proagro","isPartOf":{"@id":"https:\/\/proagrolab.com.ar\/#website"},"primaryImageOfPage":{"@id":"https:\/\/proagrolab.com.ar\/union-europea-realiza-evaluacion-de-cadena-de-produccion-avicola-en-brasil\/#primaryimage"},"image":{"@id":"https:\/\/proagrolab.com.ar\/union-europea-realiza-evaluacion-de-cadena-de-produccion-avicola-en-brasil\/#primaryimage"},"thumbnailUrl":"https:\/\/proagrolab.com.ar\/wp-content\/uploads\/2015\/01\/g_a5mzwk1gn__Aviar-4.jpg","datePublished":"2013-09-18T00:00:01+00:00","breadcrumb":{"@id":"https:\/\/proagrolab.com.ar\/union-europea-realiza-evaluacion-de-cadena-de-produccion-avicola-en-brasil\/#breadcrumb"},"inLanguage":"en-US","potentialAction":[{"@type":"ReadAction","target":["https:\/\/proagrolab.com.ar\/union-europea-realiza-evaluacion-de-cadena-de-produccion-avicola-en-brasil\/"]}]},{"@type":"ImageObject","inLanguage":"en-US","@id":"https:\/\/proagrolab.com.ar\/union-europea-realiza-evaluacion-de-cadena-de-produccion-avicola-en-brasil\/#primaryimage","url":"https:\/\/proagrolab.com.ar\/wp-content\/uploads\/2015\/01\/g_a5mzwk1gn__Aviar-4.jpg","contentUrl":"https:\/\/proagrolab.com.ar\/wp-content\/uploads\/2015\/01\/g_a5mzwk1gn__Aviar-4.jpg","width":450,"height":208},{"@type":"BreadcrumbList","@id":"https:\/\/proagrolab.com.ar\/union-europea-realiza-evaluacion-de-cadena-de-produccion-avicola-en-brasil\/#breadcrumb","itemListElement":[{"@type":"ListItem","position":1,"name":"Portada","item":"https:\/\/proagrolab.com.ar\/"},{"@type":"ListItem","position":2,"name":"Uni\u00f3n Europea realiza evaluaci\u00f3n de cadena de producci\u00f3n av\u00edcola en Brasil."}]},{"@type":"WebSite","@id":"https:\/\/proagrolab.com.ar\/#website","url":"https:\/\/proagrolab.com.ar\/","name":"Proagro Laboratorio Veterinario","description":"Veterinary laboratory","publisher":{"@id":"https:\/\/proagrolab.com.ar\/#organization"},"potentialAction":[{"@type":"SearchAction","target":{"@type":"EntryPoint","urlTemplate":"https:\/\/proagrolab.com.ar\/?s={search_term_string}"},"query-input":{"@type":"PropertyValueSpecification","valueRequired":true,"valueName":"search_term_string"}}],"inLanguage":"en-US"},{"@type":"Organization","@id":"https:\/\/proagrolab.com.ar\/#organization","name":"Proagro","url":"https:\/\/proagrolab.com.ar\/","logo":{"@type":"ImageObject","inLanguage":"en-US","@id":"https:\/\/proagrolab.com.ar\/#\/schema\/logo\/image\/","url":"https:\/\/proagrolab.com.ar\/wp-content\/uploads\/2020\/04\/logo-retina.png","contentUrl":"https:\/\/proagrolab.com.ar\/wp-content\/uploads\/2020\/04\/logo-retina.png","width":478,"height":120,"caption":"Proagro"},"image":{"@id":"https:\/\/proagrolab.com.ar\/#\/schema\/logo\/image\/"},"sameAs":["http:\/\/www.facebook.com\/proagrolab","https:\/\/www.instagram.com\/proagrolab\/","https:\/\/www.linkedin.com\/company\/laboratorio-proagro-s-a\/"]},{"@type":"Person","@id":"https:\/\/proagrolab.com.ar\/#\/schema\/person\/38003ff90bf80381f71c7d922d207444","name":"proagrolab"}]}},"_links":{"self":[{"href":"https:\/\/proagrolab.com.ar\/en\/wp-json\/wp\/v2\/posts\/5681","targetHints":{"allow":["GET"]}}],"collection":[{"href":"https:\/\/proagrolab.com.ar\/en\/wp-json\/wp\/v2\/posts"}],"about":[{"href":"https:\/\/proagrolab.com.ar\/en\/wp-json\/wp\/v2\/types\/post"}],"author":[{"embeddable":true,"href":"https:\/\/proagrolab.com.ar\/en\/wp-json\/wp\/v2\/users\/2"}],"replies":[{"embeddable":true,"href":"https:\/\/proagrolab.com.ar\/en\/wp-json\/wp\/v2\/comments?post=5681"}],"version-history":[{"count":0,"href":"https:\/\/proagrolab.com.ar\/en\/wp-json\/wp\/v2\/posts\/5681\/revisions"}],"wp:featuredmedia":[{"embeddable":true,"href":"https:\/\/proagrolab.com.ar\/en\/wp-json\/wp\/v2\/media\/2170"}],"wp:attachment":[{"href":"https:\/\/proagrolab.com.ar\/en\/wp-json\/wp\/v2\/media?parent=5681"}],"wp:term":[{"taxonomy":"category","embeddable":true,"href":"https:\/\/proagrolab.com.ar\/en\/wp-json\/wp\/v2\/categories?post=5681"},{"taxonomy":"post_tag","embeddable":true,"href":"https:\/\/proagrolab.com.ar\/en\/wp-json\/wp\/v2\/tags?post=5681"}],"curies":[{"name":"wp","href":"https:\/\/api.w.org\/{rel}","templated":true}]}}