{"id":5676,"date":"2013-09-16T00:00:01","date_gmt":"2013-09-16T00:00:01","guid":{"rendered":"https:\/\/proagrolab.com.ar\/yauhar-mas-preocupado-por-el-relato-que-por-la-realidad\/"},"modified":"2013-09-16T00:00:01","modified_gmt":"2013-09-16T00:00:01","slug":"yauhar-mas-preocupado-por-el-relato-que-por-la-realidad","status":"publish","type":"post","link":"https:\/\/proagrolab.com.ar\/en\/yauhar-mas-preocupado-por-el-relato-que-por-la-realidad\/","title":{"rendered":"Yauhar, m\u00e1s preocupado por el relato que por la realidad."},"content":{"rendered":"<p class=\"qtranxs-available-languages-message qtranxs-available-languages-message-en\"> <\/p><p>Por Cristian Mira.<\/p>\n<p>El s\u00fabito reconocimiento de los problemas del pa\u00eds que comenz\u00f3 a experimentar el Gobierno tras el resultado de las elecciones primarias de agosto pasado no incluye por ahora a la actividad agropecuaria.<\/p>\n<p>Si ahora hay funcionarios y candidatos del oficialismo que reconocen la existencia de la inflaci\u00f3n, la inseguridad y la presi\u00f3n impositiva sobre los trabajadores, para el campo parece no haber cambiado nada. Esto pudo comprobarse en la protesta que realizaron el mi\u00e9rcoles pasado la Comisi\u00f3n de Enlace y la Mesa Nacional de Productores de Leche frente al Ministerio de Agricultura. Los ruralistas pretendieron llamar la atenci\u00f3n sobre la falta de rentabilidad que afrontan los tamberos, en especial los de menor escala, que trabajan por debajo de los costos de producci\u00f3n.<\/p>\n<p>El titular de la cartera agr\u00edcola, Norberto Yauhar, descalific\u00f3 la protesta al decir que ten\u00eda prop\u00f3sitos &#8220;pol\u00edticos&#8221; y que apenas eran 25 personas las que protestaban frente al edificio de Paseo Col\u00f3n. Para certificarlo mand\u00f3 a un empleado del Estado a tomar im\u00e1genes de la protesta, como si eso sirviera para algo. \u00bfSi hubieran sido 300 o 1000 personas hubiera cambiado la decisi\u00f3n del Gobierno de hacer poco y nada para devolver la competitividad del primer eslab\u00f3n de la cadena l\u00e1ctea? Casi seguro que no, porque las pol\u00edticas fundamentales de la actividad se deciden en los despachos de la Secretar\u00eda de Comercio Interior. Reunirse con los amigos de siempre para entregar subsidios no devuelve la competitividad perdida.<\/p>\n<p>Con la sequ\u00eda que castiga al NOA, y que se extiende al norte de Santa Fe y de C\u00f3rdoba, tuvo una respuesta similar. Se preocup\u00f3 m\u00e1s por intentar desmentir al presidente de la Sociedad Rural Argentina (SRA), Luis Miguel Etchevehere, quien hab\u00eda dicho que todav\u00eda no hab\u00eda sido decretada la emergencia agropecuaria nacional para Salta, que por reconocer la debilidad estructural de la pol\u00edtica del Gobierno frente a las crisis clim\u00e1ticas. Fue el propio Yauhar quien el a\u00f1o pasado prometi\u00f3 una ley de seguro agr\u00edcola que nunca lleg\u00f3 a debatirse.<\/p>\n<p>En rigor, cuando Etchevehere formul\u00f3 esa cr\u00edtica, el decreto respectivo no estaba vigente porque no se hab\u00eda publicado en el Bolet\u00edn Oficial, lo que sucedi\u00f3 24 horas despu\u00e9s del comunicado de Yauhar. La declaraci\u00f3n de emergencia, que tambi\u00e9n incluy\u00f3 a algunos departamentos de Formosa, no alcanz\u00f3 a los departamentos del sur de Salta, que tambi\u00e9n padecen las consecuencias de una sequ\u00eda que va ya por su segundo a\u00f1o. Y, adem\u00e1s, llega muchos meses m\u00e1s tarde que lo solicitado por los productores salte\u00f1os. Acaso el ministro, con esas cr\u00edticas, necesite levantar su alica\u00eddo perfil en Olivos tras la pobre performance electoral que tuvo en su provincia, Chubut. Si no logra remontar esa cuesta podr\u00eda quedarse afuera del Congreso.<\/p>\n<p>Mientras el Gobierno se dedica a las r\u00e9plicas pasa por alto los problemas reales. &#8220;El endeudamiento de los productores est\u00e1 en aumento por la suba de costos y ya se est\u00e1n viendo incumplimientos y reprogramaci\u00f3n de las deudas que afectan al circuito comercial&#8221;, se\u00f1ala Daniel Asseff, gerente de Coninagro. Y aporta un dato: &#8220;el crecimiento de entre el 25 y el 27% de la inversi\u00f3n del agro que se reflej\u00f3 en el \u00faltimo informe &#8220;De la tierra al pa\u00eds&#8221; se explica por la suba de costos&#8221;. No hay un c\u00edrculo virtuoso en marcha sino un peligroso c\u00edrculo vicioso.<\/p>\n<p><i>La frase<\/i><br \/>Alejandro Blacker &#8211; presidente del MOV. crea<br \/>&#8220;Como comunidad agroalimentaria tenemos un papel que jugar&#8221;<\/p>\n<p>Fuente: La Naci\u00f3n, suple campo, 14 de septiembre.<br \/><\/p>","protected":false},"excerpt":{"rendered":"<p>Por Cristian Mira. El s\u00fabito reconocimiento de los problemas del pa\u00eds que comenz\u00f3 a experimentar el Gobierno tras el resultado de las elecciones primarias de agosto pasado no incluye por ahora a la actividad agropecuaria. Si ahora hay funcionarios y candidatos del oficialismo que reconocen la existencia de la inflaci\u00f3n, la inseguridad y la presi\u00f3n impositiva sobre los trabajadores, para el campo parece no haber cambiado nada. Esto pudo comprobarse en la protesta que realizaron el mi\u00e9rcoles pasado la Comisi\u00f3n de Enlace y la Mesa Nacional de Productores de Leche frente al Ministerio de Agricultura. Los ruralistas pretendieron llamar la atenci\u00f3n sobre la falta de rentabilidad que afrontan los tamberos, en especial los de menor escala, que trabajan por debajo de los costos de producci\u00f3n. El titular de la cartera agr\u00edcola, Norberto Yauhar, descalific\u00f3 la protesta al decir que ten\u00eda prop\u00f3sitos &#8220;pol\u00edticos&#8221; y que apenas eran 25 personas las que protestaban frente al edificio de Paseo Col\u00f3n. Para certificarlo mand\u00f3 a un empleado del Estado a tomar im\u00e1genes de la protesta, como si eso sirviera para algo. \u00bfSi hubieran sido 300 o 1000 personas hubiera cambiado la decisi\u00f3n del Gobierno de hacer poco y nada para devolver la competitividad del [&hellip;]<\/p>\n","protected":false},"author":2,"featured_media":2165,"comment_status":"closed","ping_status":"open","sticky":false,"template":"","format":"standard","meta":{"_acf_changed":false,"footnotes":""},"categories":[56],"tags":[],"class_list":["post-5676","post","type-post","status-publish","format-standard","has-post-thumbnail","hentry","category-infoganadero"],"acf":[],"yoast_head":"<!-- This site is optimized with the Yoast SEO plugin v27.5 - https:\/\/yoast.com\/product\/yoast-seo-wordpress\/ -->\n<title>Yauhar, m\u00e1s preocupado por el relato que por la realidad. | Proagro<\/title>\n<meta name=\"robots\" content=\"index, follow, max-snippet:-1, max-image-preview:large, max-video-preview:-1\" \/>\n<link rel=\"canonical\" href=\"https:\/\/proagrolab.com.ar\/en\/yauhar-mas-preocupado-por-el-relato-que-por-la-realidad\/\" \/>\n<meta property=\"og:locale\" content=\"en_US\" \/>\n<meta property=\"og:type\" content=\"article\" \/>\n<meta property=\"og:title\" content=\"Yauhar, m\u00e1s preocupado por el relato que por la realidad. | Proagro\" \/>\n<meta property=\"og:description\" content=\"Por Cristian Mira. El s\u00fabito reconocimiento de los problemas del pa\u00eds que comenz\u00f3 a experimentar el Gobierno tras el resultado de las elecciones primarias de agosto pasado no incluye por ahora a la actividad agropecuaria. Si ahora hay funcionarios y candidatos del oficialismo que reconocen la existencia de la inflaci\u00f3n, la inseguridad y la presi\u00f3n impositiva sobre los trabajadores, para el campo parece no haber cambiado nada. Esto pudo comprobarse en la protesta que realizaron el mi\u00e9rcoles pasado la Comisi\u00f3n de Enlace y la Mesa Nacional de Productores de Leche frente al Ministerio de Agricultura. Los ruralistas pretendieron llamar la atenci\u00f3n sobre la falta de rentabilidad que afrontan los tamberos, en especial los de menor escala, que trabajan por debajo de los costos de producci\u00f3n. El titular de la cartera agr\u00edcola, Norberto Yauhar, descalific\u00f3 la protesta al decir que ten\u00eda prop\u00f3sitos &#8220;pol\u00edticos&#8221; y que apenas eran 25 personas las que protestaban frente al edificio de Paseo Col\u00f3n. Para certificarlo mand\u00f3 a un empleado del Estado a tomar im\u00e1genes de la protesta, como si eso sirviera para algo. \u00bfSi hubieran sido 300 o 1000 personas hubiera cambiado la decisi\u00f3n del Gobierno de hacer poco y nada para devolver la competitividad del [&hellip;]\" \/>\n<meta property=\"og:url\" content=\"https:\/\/proagrolab.com.ar\/yauhar-mas-preocupado-por-el-relato-que-por-la-realidad\/\" \/>\n<meta property=\"og:site_name\" content=\"Proagro\" \/>\n<meta property=\"article:publisher\" content=\"http:\/\/www.facebook.com\/proagrolab\" \/>\n<meta property=\"article:published_time\" content=\"2013-09-16T00:00:01+00:00\" \/>\n<meta property=\"og:image\" content=\"https:\/\/proagrolab.com.ar\/wp-content\/uploads\/2015\/01\/g_flid2qgd4__Comiendo.jpg\" \/>\n\t<meta property=\"og:image:width\" content=\"450\" \/>\n\t<meta property=\"og:image:height\" content=\"208\" \/>\n\t<meta property=\"og:image:type\" content=\"image\/jpeg\" \/>\n<meta name=\"author\" content=\"proagrolab\" \/>\n<meta name=\"twitter:card\" content=\"summary_large_image\" \/>\n<meta name=\"twitter:label1\" content=\"Written by\" \/>\n\t<meta name=\"twitter:data1\" content=\"proagrolab\" \/>\n\t<meta name=\"twitter:label2\" content=\"Est. reading time\" \/>\n\t<meta name=\"twitter:data2\" content=\"3 minutes\" \/>\n<script type=\"application\/ld+json\" class=\"yoast-schema-graph\">{\"@context\":\"https:\\\/\\\/schema.org\",\"@graph\":[{\"@type\":\"Article\",\"@id\":\"https:\\\/\\\/proagrolab.com.ar\\\/yauhar-mas-preocupado-por-el-relato-que-por-la-realidad\\\/#article\",\"isPartOf\":{\"@id\":\"https:\\\/\\\/proagrolab.com.ar\\\/yauhar-mas-preocupado-por-el-relato-que-por-la-realidad\\\/\"},\"author\":{\"name\":\"proagrolab\",\"@id\":\"https:\\\/\\\/proagrolab.com.ar\\\/#\\\/schema\\\/person\\\/38003ff90bf80381f71c7d922d207444\"},\"headline\":\"Yauhar, m\u00e1s preocupado por el relato que por la realidad.\",\"datePublished\":\"2013-09-16T00:00:01+00:00\",\"mainEntityOfPage\":{\"@id\":\"https:\\\/\\\/proagrolab.com.ar\\\/yauhar-mas-preocupado-por-el-relato-que-por-la-realidad\\\/\"},\"wordCount\":629,\"publisher\":{\"@id\":\"https:\\\/\\\/proagrolab.com.ar\\\/#organization\"},\"image\":{\"@id\":\"https:\\\/\\\/proagrolab.com.ar\\\/yauhar-mas-preocupado-por-el-relato-que-por-la-realidad\\\/#primaryimage\"},\"thumbnailUrl\":\"https:\\\/\\\/proagrolab.com.ar\\\/wp-content\\\/uploads\\\/2015\\\/01\\\/g_flid2qgd4__Comiendo.jpg\",\"articleSection\":[\"News\"],\"inLanguage\":\"en-US\"},{\"@type\":\"WebPage\",\"@id\":\"https:\\\/\\\/proagrolab.com.ar\\\/yauhar-mas-preocupado-por-el-relato-que-por-la-realidad\\\/\",\"url\":\"https:\\\/\\\/proagrolab.com.ar\\\/yauhar-mas-preocupado-por-el-relato-que-por-la-realidad\\\/\",\"name\":\"Yauhar, m\u00e1s preocupado por el relato que por la realidad. | Proagro\",\"isPartOf\":{\"@id\":\"https:\\\/\\\/proagrolab.com.ar\\\/#website\"},\"primaryImageOfPage\":{\"@id\":\"https:\\\/\\\/proagrolab.com.ar\\\/yauhar-mas-preocupado-por-el-relato-que-por-la-realidad\\\/#primaryimage\"},\"image\":{\"@id\":\"https:\\\/\\\/proagrolab.com.ar\\\/yauhar-mas-preocupado-por-el-relato-que-por-la-realidad\\\/#primaryimage\"},\"thumbnailUrl\":\"https:\\\/\\\/proagrolab.com.ar\\\/wp-content\\\/uploads\\\/2015\\\/01\\\/g_flid2qgd4__Comiendo.jpg\",\"datePublished\":\"2013-09-16T00:00:01+00:00\",\"breadcrumb\":{\"@id\":\"https:\\\/\\\/proagrolab.com.ar\\\/yauhar-mas-preocupado-por-el-relato-que-por-la-realidad\\\/#breadcrumb\"},\"inLanguage\":\"en-US\",\"potentialAction\":[{\"@type\":\"ReadAction\",\"target\":[\"https:\\\/\\\/proagrolab.com.ar\\\/yauhar-mas-preocupado-por-el-relato-que-por-la-realidad\\\/\"]}]},{\"@type\":\"ImageObject\",\"inLanguage\":\"en-US\",\"@id\":\"https:\\\/\\\/proagrolab.com.ar\\\/yauhar-mas-preocupado-por-el-relato-que-por-la-realidad\\\/#primaryimage\",\"url\":\"https:\\\/\\\/proagrolab.com.ar\\\/wp-content\\\/uploads\\\/2015\\\/01\\\/g_flid2qgd4__Comiendo.jpg\",\"contentUrl\":\"https:\\\/\\\/proagrolab.com.ar\\\/wp-content\\\/uploads\\\/2015\\\/01\\\/g_flid2qgd4__Comiendo.jpg\",\"width\":450,\"height\":208},{\"@type\":\"BreadcrumbList\",\"@id\":\"https:\\\/\\\/proagrolab.com.ar\\\/yauhar-mas-preocupado-por-el-relato-que-por-la-realidad\\\/#breadcrumb\",\"itemListElement\":[{\"@type\":\"ListItem\",\"position\":1,\"name\":\"Portada\",\"item\":\"https:\\\/\\\/proagrolab.com.ar\\\/\"},{\"@type\":\"ListItem\",\"position\":2,\"name\":\"Yauhar, m\u00e1s preocupado por el relato que por la realidad.\"}]},{\"@type\":\"WebSite\",\"@id\":\"https:\\\/\\\/proagrolab.com.ar\\\/#website\",\"url\":\"https:\\\/\\\/proagrolab.com.ar\\\/\",\"name\":\"Proagro Laboratorio Veterinario\",\"description\":\"Veterinary laboratory\",\"publisher\":{\"@id\":\"https:\\\/\\\/proagrolab.com.ar\\\/#organization\"},\"potentialAction\":[{\"@type\":\"SearchAction\",\"target\":{\"@type\":\"EntryPoint\",\"urlTemplate\":\"https:\\\/\\\/proagrolab.com.ar\\\/?s={search_term_string}\"},\"query-input\":{\"@type\":\"PropertyValueSpecification\",\"valueRequired\":true,\"valueName\":\"search_term_string\"}}],\"inLanguage\":\"en-US\"},{\"@type\":\"Organization\",\"@id\":\"https:\\\/\\\/proagrolab.com.ar\\\/#organization\",\"name\":\"Proagro\",\"url\":\"https:\\\/\\\/proagrolab.com.ar\\\/\",\"logo\":{\"@type\":\"ImageObject\",\"inLanguage\":\"en-US\",\"@id\":\"https:\\\/\\\/proagrolab.com.ar\\\/#\\\/schema\\\/logo\\\/image\\\/\",\"url\":\"https:\\\/\\\/proagrolab.com.ar\\\/wp-content\\\/uploads\\\/2020\\\/04\\\/logo-retina.png\",\"contentUrl\":\"https:\\\/\\\/proagrolab.com.ar\\\/wp-content\\\/uploads\\\/2020\\\/04\\\/logo-retina.png\",\"width\":478,\"height\":120,\"caption\":\"Proagro\"},\"image\":{\"@id\":\"https:\\\/\\\/proagrolab.com.ar\\\/#\\\/schema\\\/logo\\\/image\\\/\"},\"sameAs\":[\"http:\\\/\\\/www.facebook.com\\\/proagrolab\",\"https:\\\/\\\/www.instagram.com\\\/proagrolab\\\/\",\"https:\\\/\\\/www.linkedin.com\\\/company\\\/laboratorio-proagro-s-a\\\/\"]},{\"@type\":\"Person\",\"@id\":\"https:\\\/\\\/proagrolab.com.ar\\\/#\\\/schema\\\/person\\\/38003ff90bf80381f71c7d922d207444\",\"name\":\"proagrolab\"}]}<\/script>\n<!-- \/ Yoast SEO plugin. -->","yoast_head_json":{"title":"Yauhar, m\u00e1s preocupado por el relato que por la realidad. | Proagro","robots":{"index":"index","follow":"follow","max-snippet":"max-snippet:-1","max-image-preview":"max-image-preview:large","max-video-preview":"max-video-preview:-1"},"canonical":"https:\/\/proagrolab.com.ar\/en\/yauhar-mas-preocupado-por-el-relato-que-por-la-realidad\/","og_locale":"en_US","og_type":"article","og_title":"Yauhar, m\u00e1s preocupado por el relato que por la realidad. | Proagro","og_description":"Por Cristian Mira. El s\u00fabito reconocimiento de los problemas del pa\u00eds que comenz\u00f3 a experimentar el Gobierno tras el resultado de las elecciones primarias de agosto pasado no incluye por ahora a la actividad agropecuaria. Si ahora hay funcionarios y candidatos del oficialismo que reconocen la existencia de la inflaci\u00f3n, la inseguridad y la presi\u00f3n impositiva sobre los trabajadores, para el campo parece no haber cambiado nada. Esto pudo comprobarse en la protesta que realizaron el mi\u00e9rcoles pasado la Comisi\u00f3n de Enlace y la Mesa Nacional de Productores de Leche frente al Ministerio de Agricultura. Los ruralistas pretendieron llamar la atenci\u00f3n sobre la falta de rentabilidad que afrontan los tamberos, en especial los de menor escala, que trabajan por debajo de los costos de producci\u00f3n. El titular de la cartera agr\u00edcola, Norberto Yauhar, descalific\u00f3 la protesta al decir que ten\u00eda prop\u00f3sitos &#8220;pol\u00edticos&#8221; y que apenas eran 25 personas las que protestaban frente al edificio de Paseo Col\u00f3n. Para certificarlo mand\u00f3 a un empleado del Estado a tomar im\u00e1genes de la protesta, como si eso sirviera para algo. \u00bfSi hubieran sido 300 o 1000 personas hubiera cambiado la decisi\u00f3n del Gobierno de hacer poco y nada para devolver la competitividad del [&hellip;]","og_url":"https:\/\/proagrolab.com.ar\/yauhar-mas-preocupado-por-el-relato-que-por-la-realidad\/","og_site_name":"Proagro","article_publisher":"http:\/\/www.facebook.com\/proagrolab","article_published_time":"2013-09-16T00:00:01+00:00","og_image":[{"width":450,"height":208,"url":"https:\/\/proagrolab.com.ar\/wp-content\/uploads\/2015\/01\/g_flid2qgd4__Comiendo.jpg","type":"image\/jpeg"}],"author":"proagrolab","twitter_card":"summary_large_image","twitter_misc":{"Written by":"proagrolab","Est. reading time":"3 minutes"},"schema":{"@context":"https:\/\/schema.org","@graph":[{"@type":"Article","@id":"https:\/\/proagrolab.com.ar\/yauhar-mas-preocupado-por-el-relato-que-por-la-realidad\/#article","isPartOf":{"@id":"https:\/\/proagrolab.com.ar\/yauhar-mas-preocupado-por-el-relato-que-por-la-realidad\/"},"author":{"name":"proagrolab","@id":"https:\/\/proagrolab.com.ar\/#\/schema\/person\/38003ff90bf80381f71c7d922d207444"},"headline":"Yauhar, m\u00e1s preocupado por el relato que por la realidad.","datePublished":"2013-09-16T00:00:01+00:00","mainEntityOfPage":{"@id":"https:\/\/proagrolab.com.ar\/yauhar-mas-preocupado-por-el-relato-que-por-la-realidad\/"},"wordCount":629,"publisher":{"@id":"https:\/\/proagrolab.com.ar\/#organization"},"image":{"@id":"https:\/\/proagrolab.com.ar\/yauhar-mas-preocupado-por-el-relato-que-por-la-realidad\/#primaryimage"},"thumbnailUrl":"https:\/\/proagrolab.com.ar\/wp-content\/uploads\/2015\/01\/g_flid2qgd4__Comiendo.jpg","articleSection":["News"],"inLanguage":"en-US"},{"@type":"WebPage","@id":"https:\/\/proagrolab.com.ar\/yauhar-mas-preocupado-por-el-relato-que-por-la-realidad\/","url":"https:\/\/proagrolab.com.ar\/yauhar-mas-preocupado-por-el-relato-que-por-la-realidad\/","name":"Yauhar, m\u00e1s preocupado por el relato que por la realidad. | Proagro","isPartOf":{"@id":"https:\/\/proagrolab.com.ar\/#website"},"primaryImageOfPage":{"@id":"https:\/\/proagrolab.com.ar\/yauhar-mas-preocupado-por-el-relato-que-por-la-realidad\/#primaryimage"},"image":{"@id":"https:\/\/proagrolab.com.ar\/yauhar-mas-preocupado-por-el-relato-que-por-la-realidad\/#primaryimage"},"thumbnailUrl":"https:\/\/proagrolab.com.ar\/wp-content\/uploads\/2015\/01\/g_flid2qgd4__Comiendo.jpg","datePublished":"2013-09-16T00:00:01+00:00","breadcrumb":{"@id":"https:\/\/proagrolab.com.ar\/yauhar-mas-preocupado-por-el-relato-que-por-la-realidad\/#breadcrumb"},"inLanguage":"en-US","potentialAction":[{"@type":"ReadAction","target":["https:\/\/proagrolab.com.ar\/yauhar-mas-preocupado-por-el-relato-que-por-la-realidad\/"]}]},{"@type":"ImageObject","inLanguage":"en-US","@id":"https:\/\/proagrolab.com.ar\/yauhar-mas-preocupado-por-el-relato-que-por-la-realidad\/#primaryimage","url":"https:\/\/proagrolab.com.ar\/wp-content\/uploads\/2015\/01\/g_flid2qgd4__Comiendo.jpg","contentUrl":"https:\/\/proagrolab.com.ar\/wp-content\/uploads\/2015\/01\/g_flid2qgd4__Comiendo.jpg","width":450,"height":208},{"@type":"BreadcrumbList","@id":"https:\/\/proagrolab.com.ar\/yauhar-mas-preocupado-por-el-relato-que-por-la-realidad\/#breadcrumb","itemListElement":[{"@type":"ListItem","position":1,"name":"Portada","item":"https:\/\/proagrolab.com.ar\/"},{"@type":"ListItem","position":2,"name":"Yauhar, m\u00e1s preocupado por el relato que por la realidad."}]},{"@type":"WebSite","@id":"https:\/\/proagrolab.com.ar\/#website","url":"https:\/\/proagrolab.com.ar\/","name":"Proagro Laboratorio Veterinario","description":"Veterinary laboratory","publisher":{"@id":"https:\/\/proagrolab.com.ar\/#organization"},"potentialAction":[{"@type":"SearchAction","target":{"@type":"EntryPoint","urlTemplate":"https:\/\/proagrolab.com.ar\/?s={search_term_string}"},"query-input":{"@type":"PropertyValueSpecification","valueRequired":true,"valueName":"search_term_string"}}],"inLanguage":"en-US"},{"@type":"Organization","@id":"https:\/\/proagrolab.com.ar\/#organization","name":"Proagro","url":"https:\/\/proagrolab.com.ar\/","logo":{"@type":"ImageObject","inLanguage":"en-US","@id":"https:\/\/proagrolab.com.ar\/#\/schema\/logo\/image\/","url":"https:\/\/proagrolab.com.ar\/wp-content\/uploads\/2020\/04\/logo-retina.png","contentUrl":"https:\/\/proagrolab.com.ar\/wp-content\/uploads\/2020\/04\/logo-retina.png","width":478,"height":120,"caption":"Proagro"},"image":{"@id":"https:\/\/proagrolab.com.ar\/#\/schema\/logo\/image\/"},"sameAs":["http:\/\/www.facebook.com\/proagrolab","https:\/\/www.instagram.com\/proagrolab\/","https:\/\/www.linkedin.com\/company\/laboratorio-proagro-s-a\/"]},{"@type":"Person","@id":"https:\/\/proagrolab.com.ar\/#\/schema\/person\/38003ff90bf80381f71c7d922d207444","name":"proagrolab"}]}},"_links":{"self":[{"href":"https:\/\/proagrolab.com.ar\/en\/wp-json\/wp\/v2\/posts\/5676","targetHints":{"allow":["GET"]}}],"collection":[{"href":"https:\/\/proagrolab.com.ar\/en\/wp-json\/wp\/v2\/posts"}],"about":[{"href":"https:\/\/proagrolab.com.ar\/en\/wp-json\/wp\/v2\/types\/post"}],"author":[{"embeddable":true,"href":"https:\/\/proagrolab.com.ar\/en\/wp-json\/wp\/v2\/users\/2"}],"replies":[{"embeddable":true,"href":"https:\/\/proagrolab.com.ar\/en\/wp-json\/wp\/v2\/comments?post=5676"}],"version-history":[{"count":0,"href":"https:\/\/proagrolab.com.ar\/en\/wp-json\/wp\/v2\/posts\/5676\/revisions"}],"wp:featuredmedia":[{"embeddable":true,"href":"https:\/\/proagrolab.com.ar\/en\/wp-json\/wp\/v2\/media\/2165"}],"wp:attachment":[{"href":"https:\/\/proagrolab.com.ar\/en\/wp-json\/wp\/v2\/media?parent=5676"}],"wp:term":[{"taxonomy":"category","embeddable":true,"href":"https:\/\/proagrolab.com.ar\/en\/wp-json\/wp\/v2\/categories?post=5676"},{"taxonomy":"post_tag","embeddable":true,"href":"https:\/\/proagrolab.com.ar\/en\/wp-json\/wp\/v2\/tags?post=5676"}],"curies":[{"name":"wp","href":"https:\/\/api.w.org\/{rel}","templated":true}]}}