{"id":5672,"date":"2013-09-12T00:00:01","date_gmt":"2013-09-12T00:00:01","guid":{"rendered":"https:\/\/proagrolab.com.ar\/el-ganadero-jaqueado-por-la-inflacion-y-la-presion-impositiva\/"},"modified":"2013-09-12T00:00:01","modified_gmt":"2013-09-12T00:00:01","slug":"el-ganadero-jaqueado-por-la-inflacion-y-la-presion-impositiva","status":"publish","type":"post","link":"https:\/\/proagrolab.com.ar\/en\/el-ganadero-jaqueado-por-la-inflacion-y-la-presion-impositiva\/","title":{"rendered":"El ganadero, jaqueado por la inflaci\u00f3n y la presi\u00f3n impositiva."},"content":{"rendered":"<p class=\"qtranxs-available-languages-message qtranxs-available-languages-message-en\"> <\/p><p>Hoy y ma\u00f1ana se realizar\u00e1 el remate de septiembre de Rosgan donde se pondr\u00e1n a la venta 19.770 cabezas. Esta subasta encuentra a la cadena de ganados y carnes en un momento donde se debate \u0093entre una coyuntura signada por la sequ\u00eda y los precios amesetados en la cr\u00eda, pero con una t\u00f3nica m\u00e1s sostenida en el consumo, con peque\u00f1os avances en los tonelajes exportados pero con la sensaci\u00f3n de que un futuro mejor estar\u00e1 llegando\u0094, analiza el director Ejecutivo de Rosgan, Ra\u00fal Milano.<br \/>&nbsp;<br \/>La subasta se realizar\u00e1 en vivo desde la Bolsa de Comercio de Rosario y se transmitir\u00e1 por Canal Rural el d\u00eda jueves de 10:00 a 12:30 y de 13:30 a 20:00 hs y el viernes de 10:00 a 12:30 y de 13:30 hasta finalizar oferta. En lo que se refiere a la clasificaci\u00f3n de la hacienda, se pondr\u00e1n a la venta los siguientes vol\u00famenes: terneros 3.916, terneras 3.671, terneros y terneras 3.724, novillitos de invernada 997, novillos de invernada 542, novillos gordos 114, terneros y novillitos Holando 1357, vaquillonas de invernada 864, vaquillonas pre\u00f1adas 494, vaquillonas para cr\u00eda 264, vaquillonas para entorar 312, vacas de invernada 1.028, vacas con garant\u00edas de pre\u00f1ez 1.142, vacas con cr\u00eda al pie 1.275 y 70 toros.&nbsp; Quienes quieran participar de la subasta pueden comunicarse al tel\u00e9fono 0810 444 4262.<br \/>&nbsp;<br \/><i>M\u00e1s consumo per c\u00e1pita<\/i><br \/>Pensando en la coyuntura actual, el director Ejecutivo de Rosgan asegura que quienes viven de la ganader\u00eda disfrutan del incremento del consumo de carne per c\u00e1pita que se registr\u00f3 en el primer semestre del a\u00f1o \u0093siendo la carne la m\u00e1s solicitada en comparaci\u00f3n con cualquiera de los sustitutos, consolidando su preeminencia cultural en la dieta de los argentinos pero demostrando su conveniencia en el bolsillo\u0094.<br \/>&nbsp;<br \/>La p\u00e9rdida de rentabilidad resultado de la inflaci\u00f3n y la presi\u00f3n impositiva muestran la peor cara del presente ganadero, pero atr\u00e1s quedaron los graves problemas de la industria frigor\u00edfica la cual parecer\u00eda haber tocado piso y est\u00e1 agazapada para florecer cuando se abra la tranquera de la exportaci\u00f3n.<br \/>&nbsp;<br \/>Con esta coyuntura y pensando en el futuro la Bolsa de Comercio de Rosario por intermedio de Rosgan puso en marcha el Forward Ganadero, un contrato de futuro con entrega de hacienda diferido en el tiempo. Esta herramienta permite dar previsi\u00f3n en el aprovisionamiento y acerca nuevas modalidades financieras a un sector carente de financiamiento, la construcci\u00f3n institucional de un mercado junto al desarrollo de un \u00edndice de precios son la base sobre la cual debemos construir el encuentro de nuevos actores que den fluidez a la cadena de ganados y carnes.<\/p>\n<p>Fuente: On 24 agro, 12 de septiembre.<br \/><\/p>","protected":false},"excerpt":{"rendered":"<p>Hoy y ma\u00f1ana se realizar\u00e1 el remate de septiembre de Rosgan donde se pondr\u00e1n a la venta 19.770 cabezas. Esta subasta encuentra a la cadena de ganados y carnes en un momento donde se debate \u0093entre una coyuntura signada por la sequ\u00eda y los precios amesetados en la cr\u00eda, pero con una t\u00f3nica m\u00e1s sostenida en el consumo, con peque\u00f1os avances en los tonelajes exportados pero con la sensaci\u00f3n de que un futuro mejor estar\u00e1 llegando\u0094, analiza el director Ejecutivo de Rosgan, Ra\u00fal Milano.&nbsp;La subasta se realizar\u00e1 en vivo desde la Bolsa de Comercio de Rosario y se transmitir\u00e1 por Canal Rural el d\u00eda jueves de 10:00 a 12:30 y de 13:30 a 20:00 hs y el viernes de 10:00 a 12:30 y de 13:30 hasta finalizar oferta. En lo que se refiere a la clasificaci\u00f3n de la hacienda, se pondr\u00e1n a la venta los siguientes vol\u00famenes: terneros 3.916, terneras 3.671, terneros y terneras 3.724, novillitos de invernada 997, novillos de invernada 542, novillos gordos 114, terneros y novillitos Holando 1357, vaquillonas de invernada 864, vaquillonas pre\u00f1adas 494, vaquillonas para cr\u00eda 264, vaquillonas para entorar 312, vacas de invernada 1.028, vacas con garant\u00edas de pre\u00f1ez 1.142, vacas con cr\u00eda al [&hellip;]<\/p>\n","protected":false},"author":2,"featured_media":2161,"comment_status":"closed","ping_status":"open","sticky":false,"template":"","format":"standard","meta":{"_acf_changed":false,"footnotes":""},"categories":[56],"tags":[],"class_list":["post-5672","post","type-post","status-publish","format-standard","has-post-thumbnail","hentry","category-infoganadero"],"acf":[],"yoast_head":"<!-- This site is optimized with the Yoast SEO plugin v27.5 - https:\/\/yoast.com\/product\/yoast-seo-wordpress\/ -->\n<title>El ganadero, jaqueado por la inflaci\u00f3n y la presi\u00f3n impositiva. | Proagro<\/title>\n<meta name=\"robots\" content=\"index, follow, max-snippet:-1, max-image-preview:large, max-video-preview:-1\" \/>\n<link rel=\"canonical\" href=\"https:\/\/proagrolab.com.ar\/en\/el-ganadero-jaqueado-por-la-inflacion-y-la-presion-impositiva\/\" \/>\n<meta property=\"og:locale\" content=\"en_US\" \/>\n<meta property=\"og:type\" content=\"article\" \/>\n<meta property=\"og:title\" content=\"El ganadero, jaqueado por la inflaci\u00f3n y la presi\u00f3n impositiva. | Proagro\" \/>\n<meta property=\"og:description\" content=\"Hoy y ma\u00f1ana se realizar\u00e1 el remate de septiembre de Rosgan donde se pondr\u00e1n a la venta 19.770 cabezas. Esta subasta encuentra a la cadena de ganados y carnes en un momento donde se debate \u0093entre una coyuntura signada por la sequ\u00eda y los precios amesetados en la cr\u00eda, pero con una t\u00f3nica m\u00e1s sostenida en el consumo, con peque\u00f1os avances en los tonelajes exportados pero con la sensaci\u00f3n de que un futuro mejor estar\u00e1 llegando\u0094, analiza el director Ejecutivo de Rosgan, Ra\u00fal Milano.&nbsp;La subasta se realizar\u00e1 en vivo desde la Bolsa de Comercio de Rosario y se transmitir\u00e1 por Canal Rural el d\u00eda jueves de 10:00 a 12:30 y de 13:30 a 20:00 hs y el viernes de 10:00 a 12:30 y de 13:30 hasta finalizar oferta. En lo que se refiere a la clasificaci\u00f3n de la hacienda, se pondr\u00e1n a la venta los siguientes vol\u00famenes: terneros 3.916, terneras 3.671, terneros y terneras 3.724, novillitos de invernada 997, novillos de invernada 542, novillos gordos 114, terneros y novillitos Holando 1357, vaquillonas de invernada 864, vaquillonas pre\u00f1adas 494, vaquillonas para cr\u00eda 264, vaquillonas para entorar 312, vacas de invernada 1.028, vacas con garant\u00edas de pre\u00f1ez 1.142, vacas con cr\u00eda al [&hellip;]\" \/>\n<meta property=\"og:url\" content=\"https:\/\/proagrolab.com.ar\/el-ganadero-jaqueado-por-la-inflacion-y-la-presion-impositiva\/\" \/>\n<meta property=\"og:site_name\" content=\"Proagro\" \/>\n<meta property=\"article:publisher\" content=\"http:\/\/www.facebook.com\/proagrolab\" \/>\n<meta property=\"article:published_time\" content=\"2013-09-12T00:00:01+00:00\" \/>\n<meta property=\"og:image\" content=\"https:\/\/proagrolab.com.ar\/wp-content\/uploads\/2015\/01\/g_glrdgirau__Vacas-7.jpg\" \/>\n\t<meta property=\"og:image:width\" content=\"450\" \/>\n\t<meta property=\"og:image:height\" content=\"208\" \/>\n\t<meta property=\"og:image:type\" content=\"image\/jpeg\" \/>\n<meta name=\"author\" content=\"proagrolab\" \/>\n<meta name=\"twitter:card\" content=\"summary_large_image\" \/>\n<meta name=\"twitter:label1\" content=\"Written by\" \/>\n\t<meta name=\"twitter:data1\" content=\"proagrolab\" \/>\n\t<meta name=\"twitter:label2\" content=\"Est. reading time\" \/>\n\t<meta name=\"twitter:data2\" content=\"2 minutes\" \/>\n<script type=\"application\/ld+json\" class=\"yoast-schema-graph\">{\"@context\":\"https:\\\/\\\/schema.org\",\"@graph\":[{\"@type\":\"Article\",\"@id\":\"https:\\\/\\\/proagrolab.com.ar\\\/el-ganadero-jaqueado-por-la-inflacion-y-la-presion-impositiva\\\/#article\",\"isPartOf\":{\"@id\":\"https:\\\/\\\/proagrolab.com.ar\\\/el-ganadero-jaqueado-por-la-inflacion-y-la-presion-impositiva\\\/\"},\"author\":{\"name\":\"proagrolab\",\"@id\":\"https:\\\/\\\/proagrolab.com.ar\\\/#\\\/schema\\\/person\\\/38003ff90bf80381f71c7d922d207444\"},\"headline\":\"El ganadero, jaqueado por la inflaci\u00f3n y la presi\u00f3n impositiva.\",\"datePublished\":\"2013-09-12T00:00:01+00:00\",\"mainEntityOfPage\":{\"@id\":\"https:\\\/\\\/proagrolab.com.ar\\\/el-ganadero-jaqueado-por-la-inflacion-y-la-presion-impositiva\\\/\"},\"wordCount\":459,\"publisher\":{\"@id\":\"https:\\\/\\\/proagrolab.com.ar\\\/#organization\"},\"image\":{\"@id\":\"https:\\\/\\\/proagrolab.com.ar\\\/el-ganadero-jaqueado-por-la-inflacion-y-la-presion-impositiva\\\/#primaryimage\"},\"thumbnailUrl\":\"https:\\\/\\\/proagrolab.com.ar\\\/wp-content\\\/uploads\\\/2015\\\/01\\\/g_glrdgirau__Vacas-7.jpg\",\"articleSection\":[\"News\"],\"inLanguage\":\"en-US\"},{\"@type\":\"WebPage\",\"@id\":\"https:\\\/\\\/proagrolab.com.ar\\\/el-ganadero-jaqueado-por-la-inflacion-y-la-presion-impositiva\\\/\",\"url\":\"https:\\\/\\\/proagrolab.com.ar\\\/el-ganadero-jaqueado-por-la-inflacion-y-la-presion-impositiva\\\/\",\"name\":\"El ganadero, jaqueado por la inflaci\u00f3n y la presi\u00f3n impositiva. | Proagro\",\"isPartOf\":{\"@id\":\"https:\\\/\\\/proagrolab.com.ar\\\/#website\"},\"primaryImageOfPage\":{\"@id\":\"https:\\\/\\\/proagrolab.com.ar\\\/el-ganadero-jaqueado-por-la-inflacion-y-la-presion-impositiva\\\/#primaryimage\"},\"image\":{\"@id\":\"https:\\\/\\\/proagrolab.com.ar\\\/el-ganadero-jaqueado-por-la-inflacion-y-la-presion-impositiva\\\/#primaryimage\"},\"thumbnailUrl\":\"https:\\\/\\\/proagrolab.com.ar\\\/wp-content\\\/uploads\\\/2015\\\/01\\\/g_glrdgirau__Vacas-7.jpg\",\"datePublished\":\"2013-09-12T00:00:01+00:00\",\"breadcrumb\":{\"@id\":\"https:\\\/\\\/proagrolab.com.ar\\\/el-ganadero-jaqueado-por-la-inflacion-y-la-presion-impositiva\\\/#breadcrumb\"},\"inLanguage\":\"en-US\",\"potentialAction\":[{\"@type\":\"ReadAction\",\"target\":[\"https:\\\/\\\/proagrolab.com.ar\\\/el-ganadero-jaqueado-por-la-inflacion-y-la-presion-impositiva\\\/\"]}]},{\"@type\":\"ImageObject\",\"inLanguage\":\"en-US\",\"@id\":\"https:\\\/\\\/proagrolab.com.ar\\\/el-ganadero-jaqueado-por-la-inflacion-y-la-presion-impositiva\\\/#primaryimage\",\"url\":\"https:\\\/\\\/proagrolab.com.ar\\\/wp-content\\\/uploads\\\/2015\\\/01\\\/g_glrdgirau__Vacas-7.jpg\",\"contentUrl\":\"https:\\\/\\\/proagrolab.com.ar\\\/wp-content\\\/uploads\\\/2015\\\/01\\\/g_glrdgirau__Vacas-7.jpg\",\"width\":450,\"height\":208},{\"@type\":\"BreadcrumbList\",\"@id\":\"https:\\\/\\\/proagrolab.com.ar\\\/el-ganadero-jaqueado-por-la-inflacion-y-la-presion-impositiva\\\/#breadcrumb\",\"itemListElement\":[{\"@type\":\"ListItem\",\"position\":1,\"name\":\"Portada\",\"item\":\"https:\\\/\\\/proagrolab.com.ar\\\/\"},{\"@type\":\"ListItem\",\"position\":2,\"name\":\"El ganadero, jaqueado por la inflaci\u00f3n y la presi\u00f3n impositiva.\"}]},{\"@type\":\"WebSite\",\"@id\":\"https:\\\/\\\/proagrolab.com.ar\\\/#website\",\"url\":\"https:\\\/\\\/proagrolab.com.ar\\\/\",\"name\":\"Proagro Laboratorio Veterinario\",\"description\":\"Veterinary laboratory\",\"publisher\":{\"@id\":\"https:\\\/\\\/proagrolab.com.ar\\\/#organization\"},\"potentialAction\":[{\"@type\":\"SearchAction\",\"target\":{\"@type\":\"EntryPoint\",\"urlTemplate\":\"https:\\\/\\\/proagrolab.com.ar\\\/?s={search_term_string}\"},\"query-input\":{\"@type\":\"PropertyValueSpecification\",\"valueRequired\":true,\"valueName\":\"search_term_string\"}}],\"inLanguage\":\"en-US\"},{\"@type\":\"Organization\",\"@id\":\"https:\\\/\\\/proagrolab.com.ar\\\/#organization\",\"name\":\"Proagro\",\"url\":\"https:\\\/\\\/proagrolab.com.ar\\\/\",\"logo\":{\"@type\":\"ImageObject\",\"inLanguage\":\"en-US\",\"@id\":\"https:\\\/\\\/proagrolab.com.ar\\\/#\\\/schema\\\/logo\\\/image\\\/\",\"url\":\"https:\\\/\\\/proagrolab.com.ar\\\/wp-content\\\/uploads\\\/2020\\\/04\\\/logo-retina.png\",\"contentUrl\":\"https:\\\/\\\/proagrolab.com.ar\\\/wp-content\\\/uploads\\\/2020\\\/04\\\/logo-retina.png\",\"width\":478,\"height\":120,\"caption\":\"Proagro\"},\"image\":{\"@id\":\"https:\\\/\\\/proagrolab.com.ar\\\/#\\\/schema\\\/logo\\\/image\\\/\"},\"sameAs\":[\"http:\\\/\\\/www.facebook.com\\\/proagrolab\",\"https:\\\/\\\/www.instagram.com\\\/proagrolab\\\/\",\"https:\\\/\\\/www.linkedin.com\\\/company\\\/laboratorio-proagro-s-a\\\/\"]},{\"@type\":\"Person\",\"@id\":\"https:\\\/\\\/proagrolab.com.ar\\\/#\\\/schema\\\/person\\\/38003ff90bf80381f71c7d922d207444\",\"name\":\"proagrolab\"}]}<\/script>\n<!-- \/ Yoast SEO plugin. -->","yoast_head_json":{"title":"El ganadero, jaqueado por la inflaci\u00f3n y la presi\u00f3n impositiva. | Proagro","robots":{"index":"index","follow":"follow","max-snippet":"max-snippet:-1","max-image-preview":"max-image-preview:large","max-video-preview":"max-video-preview:-1"},"canonical":"https:\/\/proagrolab.com.ar\/en\/el-ganadero-jaqueado-por-la-inflacion-y-la-presion-impositiva\/","og_locale":"en_US","og_type":"article","og_title":"El ganadero, jaqueado por la inflaci\u00f3n y la presi\u00f3n impositiva. | Proagro","og_description":"Hoy y ma\u00f1ana se realizar\u00e1 el remate de septiembre de Rosgan donde se pondr\u00e1n a la venta 19.770 cabezas. Esta subasta encuentra a la cadena de ganados y carnes en un momento donde se debate \u0093entre una coyuntura signada por la sequ\u00eda y los precios amesetados en la cr\u00eda, pero con una t\u00f3nica m\u00e1s sostenida en el consumo, con peque\u00f1os avances en los tonelajes exportados pero con la sensaci\u00f3n de que un futuro mejor estar\u00e1 llegando\u0094, analiza el director Ejecutivo de Rosgan, Ra\u00fal Milano.&nbsp;La subasta se realizar\u00e1 en vivo desde la Bolsa de Comercio de Rosario y se transmitir\u00e1 por Canal Rural el d\u00eda jueves de 10:00 a 12:30 y de 13:30 a 20:00 hs y el viernes de 10:00 a 12:30 y de 13:30 hasta finalizar oferta. En lo que se refiere a la clasificaci\u00f3n de la hacienda, se pondr\u00e1n a la venta los siguientes vol\u00famenes: terneros 3.916, terneras 3.671, terneros y terneras 3.724, novillitos de invernada 997, novillos de invernada 542, novillos gordos 114, terneros y novillitos Holando 1357, vaquillonas de invernada 864, vaquillonas pre\u00f1adas 494, vaquillonas para cr\u00eda 264, vaquillonas para entorar 312, vacas de invernada 1.028, vacas con garant\u00edas de pre\u00f1ez 1.142, vacas con cr\u00eda al [&hellip;]","og_url":"https:\/\/proagrolab.com.ar\/el-ganadero-jaqueado-por-la-inflacion-y-la-presion-impositiva\/","og_site_name":"Proagro","article_publisher":"http:\/\/www.facebook.com\/proagrolab","article_published_time":"2013-09-12T00:00:01+00:00","og_image":[{"width":450,"height":208,"url":"https:\/\/proagrolab.com.ar\/wp-content\/uploads\/2015\/01\/g_glrdgirau__Vacas-7.jpg","type":"image\/jpeg"}],"author":"proagrolab","twitter_card":"summary_large_image","twitter_misc":{"Written by":"proagrolab","Est. reading time":"2 minutes"},"schema":{"@context":"https:\/\/schema.org","@graph":[{"@type":"Article","@id":"https:\/\/proagrolab.com.ar\/el-ganadero-jaqueado-por-la-inflacion-y-la-presion-impositiva\/#article","isPartOf":{"@id":"https:\/\/proagrolab.com.ar\/el-ganadero-jaqueado-por-la-inflacion-y-la-presion-impositiva\/"},"author":{"name":"proagrolab","@id":"https:\/\/proagrolab.com.ar\/#\/schema\/person\/38003ff90bf80381f71c7d922d207444"},"headline":"El ganadero, jaqueado por la inflaci\u00f3n y la presi\u00f3n impositiva.","datePublished":"2013-09-12T00:00:01+00:00","mainEntityOfPage":{"@id":"https:\/\/proagrolab.com.ar\/el-ganadero-jaqueado-por-la-inflacion-y-la-presion-impositiva\/"},"wordCount":459,"publisher":{"@id":"https:\/\/proagrolab.com.ar\/#organization"},"image":{"@id":"https:\/\/proagrolab.com.ar\/el-ganadero-jaqueado-por-la-inflacion-y-la-presion-impositiva\/#primaryimage"},"thumbnailUrl":"https:\/\/proagrolab.com.ar\/wp-content\/uploads\/2015\/01\/g_glrdgirau__Vacas-7.jpg","articleSection":["News"],"inLanguage":"en-US"},{"@type":"WebPage","@id":"https:\/\/proagrolab.com.ar\/el-ganadero-jaqueado-por-la-inflacion-y-la-presion-impositiva\/","url":"https:\/\/proagrolab.com.ar\/el-ganadero-jaqueado-por-la-inflacion-y-la-presion-impositiva\/","name":"El ganadero, jaqueado por la inflaci\u00f3n y la presi\u00f3n impositiva. | Proagro","isPartOf":{"@id":"https:\/\/proagrolab.com.ar\/#website"},"primaryImageOfPage":{"@id":"https:\/\/proagrolab.com.ar\/el-ganadero-jaqueado-por-la-inflacion-y-la-presion-impositiva\/#primaryimage"},"image":{"@id":"https:\/\/proagrolab.com.ar\/el-ganadero-jaqueado-por-la-inflacion-y-la-presion-impositiva\/#primaryimage"},"thumbnailUrl":"https:\/\/proagrolab.com.ar\/wp-content\/uploads\/2015\/01\/g_glrdgirau__Vacas-7.jpg","datePublished":"2013-09-12T00:00:01+00:00","breadcrumb":{"@id":"https:\/\/proagrolab.com.ar\/el-ganadero-jaqueado-por-la-inflacion-y-la-presion-impositiva\/#breadcrumb"},"inLanguage":"en-US","potentialAction":[{"@type":"ReadAction","target":["https:\/\/proagrolab.com.ar\/el-ganadero-jaqueado-por-la-inflacion-y-la-presion-impositiva\/"]}]},{"@type":"ImageObject","inLanguage":"en-US","@id":"https:\/\/proagrolab.com.ar\/el-ganadero-jaqueado-por-la-inflacion-y-la-presion-impositiva\/#primaryimage","url":"https:\/\/proagrolab.com.ar\/wp-content\/uploads\/2015\/01\/g_glrdgirau__Vacas-7.jpg","contentUrl":"https:\/\/proagrolab.com.ar\/wp-content\/uploads\/2015\/01\/g_glrdgirau__Vacas-7.jpg","width":450,"height":208},{"@type":"BreadcrumbList","@id":"https:\/\/proagrolab.com.ar\/el-ganadero-jaqueado-por-la-inflacion-y-la-presion-impositiva\/#breadcrumb","itemListElement":[{"@type":"ListItem","position":1,"name":"Portada","item":"https:\/\/proagrolab.com.ar\/"},{"@type":"ListItem","position":2,"name":"El ganadero, jaqueado por la inflaci\u00f3n y la presi\u00f3n impositiva."}]},{"@type":"WebSite","@id":"https:\/\/proagrolab.com.ar\/#website","url":"https:\/\/proagrolab.com.ar\/","name":"Proagro Laboratorio Veterinario","description":"Veterinary laboratory","publisher":{"@id":"https:\/\/proagrolab.com.ar\/#organization"},"potentialAction":[{"@type":"SearchAction","target":{"@type":"EntryPoint","urlTemplate":"https:\/\/proagrolab.com.ar\/?s={search_term_string}"},"query-input":{"@type":"PropertyValueSpecification","valueRequired":true,"valueName":"search_term_string"}}],"inLanguage":"en-US"},{"@type":"Organization","@id":"https:\/\/proagrolab.com.ar\/#organization","name":"Proagro","url":"https:\/\/proagrolab.com.ar\/","logo":{"@type":"ImageObject","inLanguage":"en-US","@id":"https:\/\/proagrolab.com.ar\/#\/schema\/logo\/image\/","url":"https:\/\/proagrolab.com.ar\/wp-content\/uploads\/2020\/04\/logo-retina.png","contentUrl":"https:\/\/proagrolab.com.ar\/wp-content\/uploads\/2020\/04\/logo-retina.png","width":478,"height":120,"caption":"Proagro"},"image":{"@id":"https:\/\/proagrolab.com.ar\/#\/schema\/logo\/image\/"},"sameAs":["http:\/\/www.facebook.com\/proagrolab","https:\/\/www.instagram.com\/proagrolab\/","https:\/\/www.linkedin.com\/company\/laboratorio-proagro-s-a\/"]},{"@type":"Person","@id":"https:\/\/proagrolab.com.ar\/#\/schema\/person\/38003ff90bf80381f71c7d922d207444","name":"proagrolab"}]}},"_links":{"self":[{"href":"https:\/\/proagrolab.com.ar\/en\/wp-json\/wp\/v2\/posts\/5672","targetHints":{"allow":["GET"]}}],"collection":[{"href":"https:\/\/proagrolab.com.ar\/en\/wp-json\/wp\/v2\/posts"}],"about":[{"href":"https:\/\/proagrolab.com.ar\/en\/wp-json\/wp\/v2\/types\/post"}],"author":[{"embeddable":true,"href":"https:\/\/proagrolab.com.ar\/en\/wp-json\/wp\/v2\/users\/2"}],"replies":[{"embeddable":true,"href":"https:\/\/proagrolab.com.ar\/en\/wp-json\/wp\/v2\/comments?post=5672"}],"version-history":[{"count":0,"href":"https:\/\/proagrolab.com.ar\/en\/wp-json\/wp\/v2\/posts\/5672\/revisions"}],"wp:featuredmedia":[{"embeddable":true,"href":"https:\/\/proagrolab.com.ar\/en\/wp-json\/wp\/v2\/media\/2161"}],"wp:attachment":[{"href":"https:\/\/proagrolab.com.ar\/en\/wp-json\/wp\/v2\/media?parent=5672"}],"wp:term":[{"taxonomy":"category","embeddable":true,"href":"https:\/\/proagrolab.com.ar\/en\/wp-json\/wp\/v2\/categories?post=5672"},{"taxonomy":"post_tag","embeddable":true,"href":"https:\/\/proagrolab.com.ar\/en\/wp-json\/wp\/v2\/tags?post=5672"}],"curies":[{"name":"wp","href":"https:\/\/api.w.org\/{rel}","templated":true}]}}