{"id":5667,"date":"2013-09-03T00:00:01","date_gmt":"2013-09-03T00:00:01","guid":{"rendered":"https:\/\/proagrolab.com.ar\/paraguay-preve-iniciar-exportaciones-de-carne-a-peru-y-emiratos-arabes-unidos\/"},"modified":"2013-09-03T00:00:01","modified_gmt":"2013-09-03T00:00:01","slug":"paraguay-preve-iniciar-exportaciones-de-carne-a-peru-y-emiratos-arabes-unidos","status":"publish","type":"post","link":"https:\/\/proagrolab.com.ar\/en\/paraguay-preve-iniciar-exportaciones-de-carne-a-peru-y-emiratos-arabes-unidos\/","title":{"rendered":"Paraguay prev\u00e9 iniciar exportaciones de carne a Per\u00fa y Emiratos \u00c1rabes Unidos."},"content":{"rendered":"<p class=\"qtranxs-available-languages-message qtranxs-available-languages-message-en\"> <\/p><p>La delegaci\u00f3n p\u00fablico-privada de Paraguay que organiz\u00f3 la Semana de la Carne Paraguaya en Chile tiene ahora como pr\u00f3ximos posibles destinos a Per\u00fa y Emiratos \u00c1rabes Unidos, seg\u00fan inform\u00f3 el presidente de la Asociaci\u00f3n Rural del Paraguay (ARP), Dr. Germ\u00e1n Ruiz.<\/p>\n<p>Se\u00f1al\u00f3 que se est\u00e1 estudiando la propuesta de cargar el costo de un d\u00f3lar por animal faenado para establecer desarrollar promociones direccionadas a grandes mercados. As\u00ed, agreg\u00f3, el prestigio de carne paraguaya se elever\u00e1 al mismo nivel que su alta calidad, desde el punto de vista de los consumidores.<\/p>\n<p>Por su parte, el empresario Jair Lima, titular de Frigor\u00edfico Concepci\u00f3n, felicit\u00f3 el emprendimiento realizado en Chile.<\/p>\n<p>&#8220;Nuestros clientes quedaron muy impresionados por la importancia que se dio al encuentro con la presencia de ministros y altas autoridades agropecuarias del Paraguay y presidentes de todas las industrias frigor\u00edficas&#8221;, dijo. &#8220;Todos hablaron muy bien y se\u00f1alaron que Paraguay est\u00e1 muy bien posicionado en la ganader\u00eda, y estamos seguros que esto tendr\u00e1 un gran retorno en aumento de las exportaciones&#8221;.<\/p>\n<p>El estim\u00f3 que Paraguay volver\u00e1 a cubrir f\u00e1cilmente el 35% del mercado de la carne en Chile, durante los pr\u00f3ximos meses.<\/p>\n<p>Fuente: Carnetec, 2 de septiembre.<br \/><\/p>","protected":false},"excerpt":{"rendered":"<p>La delegaci\u00f3n p\u00fablico-privada de Paraguay que organiz\u00f3 la Semana de la Carne Paraguaya en Chile tiene ahora como pr\u00f3ximos posibles destinos a Per\u00fa y Emiratos \u00c1rabes Unidos, seg\u00fan inform\u00f3 el presidente de la Asociaci\u00f3n Rural del Paraguay (ARP), Dr. Germ\u00e1n Ruiz. Se\u00f1al\u00f3 que se est\u00e1 estudiando la propuesta de cargar el costo de un d\u00f3lar por animal faenado para establecer desarrollar promociones direccionadas a grandes mercados. As\u00ed, agreg\u00f3, el prestigio de carne paraguaya se elever\u00e1 al mismo nivel que su alta calidad, desde el punto de vista de los consumidores. Por su parte, el empresario Jair Lima, titular de Frigor\u00edfico Concepci\u00f3n, felicit\u00f3 el emprendimiento realizado en Chile. &#8220;Nuestros clientes quedaron muy impresionados por la importancia que se dio al encuentro con la presencia de ministros y altas autoridades agropecuarias del Paraguay y presidentes de todas las industrias frigor\u00edficas&#8221;, dijo. &#8220;Todos hablaron muy bien y se\u00f1alaron que Paraguay est\u00e1 muy bien posicionado en la ganader\u00eda, y estamos seguros que esto tendr\u00e1 un gran retorno en aumento de las exportaciones&#8221;. El estim\u00f3 que Paraguay volver\u00e1 a cubrir f\u00e1cilmente el 35% del mercado de la carne en Chile, durante los pr\u00f3ximos meses. Fuente: Carnetec, 2 de septiembre.<\/p>\n","protected":false},"author":2,"featured_media":2157,"comment_status":"closed","ping_status":"open","sticky":false,"template":"","format":"standard","meta":{"_acf_changed":false,"footnotes":""},"categories":[56],"tags":[],"class_list":["post-5667","post","type-post","status-publish","format-standard","has-post-thumbnail","hentry","category-infoganadero"],"acf":[],"yoast_head":"<!-- This site is optimized with the Yoast SEO plugin v27.5 - https:\/\/yoast.com\/product\/yoast-seo-wordpress\/ -->\n<title>Paraguay prev\u00e9 iniciar exportaciones de carne a Per\u00fa y Emiratos \u00c1rabes Unidos. | Proagro<\/title>\n<meta name=\"robots\" content=\"index, follow, max-snippet:-1, max-image-preview:large, max-video-preview:-1\" \/>\n<link rel=\"canonical\" href=\"https:\/\/proagrolab.com.ar\/en\/paraguay-preve-iniciar-exportaciones-de-carne-a-peru-y-emiratos-arabes-unidos\/\" \/>\n<meta property=\"og:locale\" content=\"en_US\" \/>\n<meta property=\"og:type\" content=\"article\" \/>\n<meta property=\"og:title\" content=\"Paraguay prev\u00e9 iniciar exportaciones de carne a Per\u00fa y Emiratos \u00c1rabes Unidos. | Proagro\" \/>\n<meta property=\"og:description\" content=\"La delegaci\u00f3n p\u00fablico-privada de Paraguay que organiz\u00f3 la Semana de la Carne Paraguaya en Chile tiene ahora como pr\u00f3ximos posibles destinos a Per\u00fa y Emiratos \u00c1rabes Unidos, seg\u00fan inform\u00f3 el presidente de la Asociaci\u00f3n Rural del Paraguay (ARP), Dr. Germ\u00e1n Ruiz. Se\u00f1al\u00f3 que se est\u00e1 estudiando la propuesta de cargar el costo de un d\u00f3lar por animal faenado para establecer desarrollar promociones direccionadas a grandes mercados. As\u00ed, agreg\u00f3, el prestigio de carne paraguaya se elever\u00e1 al mismo nivel que su alta calidad, desde el punto de vista de los consumidores. Por su parte, el empresario Jair Lima, titular de Frigor\u00edfico Concepci\u00f3n, felicit\u00f3 el emprendimiento realizado en Chile. &#8220;Nuestros clientes quedaron muy impresionados por la importancia que se dio al encuentro con la presencia de ministros y altas autoridades agropecuarias del Paraguay y presidentes de todas las industrias frigor\u00edficas&#8221;, dijo. &#8220;Todos hablaron muy bien y se\u00f1alaron que Paraguay est\u00e1 muy bien posicionado en la ganader\u00eda, y estamos seguros que esto tendr\u00e1 un gran retorno en aumento de las exportaciones&#8221;. El estim\u00f3 que Paraguay volver\u00e1 a cubrir f\u00e1cilmente el 35% del mercado de la carne en Chile, durante los pr\u00f3ximos meses. Fuente: Carnetec, 2 de septiembre.\" \/>\n<meta property=\"og:url\" content=\"https:\/\/proagrolab.com.ar\/paraguay-preve-iniciar-exportaciones-de-carne-a-peru-y-emiratos-arabes-unidos\/\" \/>\n<meta property=\"og:site_name\" content=\"Proagro\" \/>\n<meta property=\"article:publisher\" content=\"http:\/\/www.facebook.com\/proagrolab\" \/>\n<meta property=\"article:published_time\" content=\"2013-09-03T00:00:01+00:00\" \/>\n<meta property=\"og:image\" content=\"https:\/\/proagrolab.com.ar\/wp-content\/uploads\/2015\/01\/g_0wo18q69a__Frigor\u00edfico-2.jpg\" \/>\n\t<meta property=\"og:image:width\" content=\"1\" \/>\n\t<meta property=\"og:image:height\" content=\"1\" \/>\n\t<meta property=\"og:image:type\" content=\"image\/jpeg\" \/>\n<meta name=\"author\" content=\"proagrolab\" \/>\n<meta name=\"twitter:card\" content=\"summary_large_image\" \/>\n<meta name=\"twitter:label1\" content=\"Written by\" \/>\n\t<meta name=\"twitter:data1\" content=\"proagrolab\" \/>\n\t<meta name=\"twitter:label2\" content=\"Est. reading time\" \/>\n\t<meta name=\"twitter:data2\" content=\"1 minute\" \/>\n<script type=\"application\/ld+json\" class=\"yoast-schema-graph\">{\"@context\":\"https:\\\/\\\/schema.org\",\"@graph\":[{\"@type\":\"Article\",\"@id\":\"https:\\\/\\\/proagrolab.com.ar\\\/paraguay-preve-iniciar-exportaciones-de-carne-a-peru-y-emiratos-arabes-unidos\\\/#article\",\"isPartOf\":{\"@id\":\"https:\\\/\\\/proagrolab.com.ar\\\/paraguay-preve-iniciar-exportaciones-de-carne-a-peru-y-emiratos-arabes-unidos\\\/\"},\"author\":{\"name\":\"proagrolab\",\"@id\":\"https:\\\/\\\/proagrolab.com.ar\\\/#\\\/schema\\\/person\\\/38003ff90bf80381f71c7d922d207444\"},\"headline\":\"Paraguay prev\u00e9 iniciar exportaciones de carne a Per\u00fa y Emiratos \u00c1rabes Unidos.\",\"datePublished\":\"2013-09-03T00:00:01+00:00\",\"mainEntityOfPage\":{\"@id\":\"https:\\\/\\\/proagrolab.com.ar\\\/paraguay-preve-iniciar-exportaciones-de-carne-a-peru-y-emiratos-arabes-unidos\\\/\"},\"wordCount\":219,\"publisher\":{\"@id\":\"https:\\\/\\\/proagrolab.com.ar\\\/#organization\"},\"image\":{\"@id\":\"https:\\\/\\\/proagrolab.com.ar\\\/paraguay-preve-iniciar-exportaciones-de-carne-a-peru-y-emiratos-arabes-unidos\\\/#primaryimage\"},\"thumbnailUrl\":\"https:\\\/\\\/proagrolab.com.ar\\\/wp-content\\\/uploads\\\/2015\\\/01\\\/g_0wo18q69a__Frigor\u00edfico-2.jpg\",\"articleSection\":[\"News\"],\"inLanguage\":\"en-US\"},{\"@type\":\"WebPage\",\"@id\":\"https:\\\/\\\/proagrolab.com.ar\\\/paraguay-preve-iniciar-exportaciones-de-carne-a-peru-y-emiratos-arabes-unidos\\\/\",\"url\":\"https:\\\/\\\/proagrolab.com.ar\\\/paraguay-preve-iniciar-exportaciones-de-carne-a-peru-y-emiratos-arabes-unidos\\\/\",\"name\":\"Paraguay prev\u00e9 iniciar exportaciones de carne a Per\u00fa y Emiratos \u00c1rabes Unidos. | Proagro\",\"isPartOf\":{\"@id\":\"https:\\\/\\\/proagrolab.com.ar\\\/#website\"},\"primaryImageOfPage\":{\"@id\":\"https:\\\/\\\/proagrolab.com.ar\\\/paraguay-preve-iniciar-exportaciones-de-carne-a-peru-y-emiratos-arabes-unidos\\\/#primaryimage\"},\"image\":{\"@id\":\"https:\\\/\\\/proagrolab.com.ar\\\/paraguay-preve-iniciar-exportaciones-de-carne-a-peru-y-emiratos-arabes-unidos\\\/#primaryimage\"},\"thumbnailUrl\":\"https:\\\/\\\/proagrolab.com.ar\\\/wp-content\\\/uploads\\\/2015\\\/01\\\/g_0wo18q69a__Frigor\u00edfico-2.jpg\",\"datePublished\":\"2013-09-03T00:00:01+00:00\",\"breadcrumb\":{\"@id\":\"https:\\\/\\\/proagrolab.com.ar\\\/paraguay-preve-iniciar-exportaciones-de-carne-a-peru-y-emiratos-arabes-unidos\\\/#breadcrumb\"},\"inLanguage\":\"en-US\",\"potentialAction\":[{\"@type\":\"ReadAction\",\"target\":[\"https:\\\/\\\/proagrolab.com.ar\\\/paraguay-preve-iniciar-exportaciones-de-carne-a-peru-y-emiratos-arabes-unidos\\\/\"]}]},{\"@type\":\"ImageObject\",\"inLanguage\":\"en-US\",\"@id\":\"https:\\\/\\\/proagrolab.com.ar\\\/paraguay-preve-iniciar-exportaciones-de-carne-a-peru-y-emiratos-arabes-unidos\\\/#primaryimage\",\"url\":\"https:\\\/\\\/proagrolab.com.ar\\\/wp-content\\\/uploads\\\/2015\\\/01\\\/g_0wo18q69a__Frigor\u00edfico-2.jpg\",\"contentUrl\":\"https:\\\/\\\/proagrolab.com.ar\\\/wp-content\\\/uploads\\\/2015\\\/01\\\/g_0wo18q69a__Frigor\u00edfico-2.jpg\"},{\"@type\":\"BreadcrumbList\",\"@id\":\"https:\\\/\\\/proagrolab.com.ar\\\/paraguay-preve-iniciar-exportaciones-de-carne-a-peru-y-emiratos-arabes-unidos\\\/#breadcrumb\",\"itemListElement\":[{\"@type\":\"ListItem\",\"position\":1,\"name\":\"Portada\",\"item\":\"https:\\\/\\\/proagrolab.com.ar\\\/\"},{\"@type\":\"ListItem\",\"position\":2,\"name\":\"Paraguay prev\u00e9 iniciar exportaciones de carne a Per\u00fa y Emiratos \u00c1rabes Unidos.\"}]},{\"@type\":\"WebSite\",\"@id\":\"https:\\\/\\\/proagrolab.com.ar\\\/#website\",\"url\":\"https:\\\/\\\/proagrolab.com.ar\\\/\",\"name\":\"Proagro Laboratorio Veterinario\",\"description\":\"Veterinary laboratory\",\"publisher\":{\"@id\":\"https:\\\/\\\/proagrolab.com.ar\\\/#organization\"},\"potentialAction\":[{\"@type\":\"SearchAction\",\"target\":{\"@type\":\"EntryPoint\",\"urlTemplate\":\"https:\\\/\\\/proagrolab.com.ar\\\/?s={search_term_string}\"},\"query-input\":{\"@type\":\"PropertyValueSpecification\",\"valueRequired\":true,\"valueName\":\"search_term_string\"}}],\"inLanguage\":\"en-US\"},{\"@type\":\"Organization\",\"@id\":\"https:\\\/\\\/proagrolab.com.ar\\\/#organization\",\"name\":\"Proagro\",\"url\":\"https:\\\/\\\/proagrolab.com.ar\\\/\",\"logo\":{\"@type\":\"ImageObject\",\"inLanguage\":\"en-US\",\"@id\":\"https:\\\/\\\/proagrolab.com.ar\\\/#\\\/schema\\\/logo\\\/image\\\/\",\"url\":\"https:\\\/\\\/proagrolab.com.ar\\\/wp-content\\\/uploads\\\/2020\\\/04\\\/logo-retina.png\",\"contentUrl\":\"https:\\\/\\\/proagrolab.com.ar\\\/wp-content\\\/uploads\\\/2020\\\/04\\\/logo-retina.png\",\"width\":478,\"height\":120,\"caption\":\"Proagro\"},\"image\":{\"@id\":\"https:\\\/\\\/proagrolab.com.ar\\\/#\\\/schema\\\/logo\\\/image\\\/\"},\"sameAs\":[\"http:\\\/\\\/www.facebook.com\\\/proagrolab\",\"https:\\\/\\\/www.instagram.com\\\/proagrolab\\\/\",\"https:\\\/\\\/www.linkedin.com\\\/company\\\/laboratorio-proagro-s-a\\\/\"]},{\"@type\":\"Person\",\"@id\":\"https:\\\/\\\/proagrolab.com.ar\\\/#\\\/schema\\\/person\\\/38003ff90bf80381f71c7d922d207444\",\"name\":\"proagrolab\"}]}<\/script>\n<!-- \/ Yoast SEO plugin. -->","yoast_head_json":{"title":"Paraguay prev\u00e9 iniciar exportaciones de carne a Per\u00fa y Emiratos \u00c1rabes Unidos. | Proagro","robots":{"index":"index","follow":"follow","max-snippet":"max-snippet:-1","max-image-preview":"max-image-preview:large","max-video-preview":"max-video-preview:-1"},"canonical":"https:\/\/proagrolab.com.ar\/en\/paraguay-preve-iniciar-exportaciones-de-carne-a-peru-y-emiratos-arabes-unidos\/","og_locale":"en_US","og_type":"article","og_title":"Paraguay prev\u00e9 iniciar exportaciones de carne a Per\u00fa y Emiratos \u00c1rabes Unidos. | Proagro","og_description":"La delegaci\u00f3n p\u00fablico-privada de Paraguay que organiz\u00f3 la Semana de la Carne Paraguaya en Chile tiene ahora como pr\u00f3ximos posibles destinos a Per\u00fa y Emiratos \u00c1rabes Unidos, seg\u00fan inform\u00f3 el presidente de la Asociaci\u00f3n Rural del Paraguay (ARP), Dr. Germ\u00e1n Ruiz. Se\u00f1al\u00f3 que se est\u00e1 estudiando la propuesta de cargar el costo de un d\u00f3lar por animal faenado para establecer desarrollar promociones direccionadas a grandes mercados. As\u00ed, agreg\u00f3, el prestigio de carne paraguaya se elever\u00e1 al mismo nivel que su alta calidad, desde el punto de vista de los consumidores. Por su parte, el empresario Jair Lima, titular de Frigor\u00edfico Concepci\u00f3n, felicit\u00f3 el emprendimiento realizado en Chile. &#8220;Nuestros clientes quedaron muy impresionados por la importancia que se dio al encuentro con la presencia de ministros y altas autoridades agropecuarias del Paraguay y presidentes de todas las industrias frigor\u00edficas&#8221;, dijo. &#8220;Todos hablaron muy bien y se\u00f1alaron que Paraguay est\u00e1 muy bien posicionado en la ganader\u00eda, y estamos seguros que esto tendr\u00e1 un gran retorno en aumento de las exportaciones&#8221;. El estim\u00f3 que Paraguay volver\u00e1 a cubrir f\u00e1cilmente el 35% del mercado de la carne en Chile, durante los pr\u00f3ximos meses. Fuente: Carnetec, 2 de septiembre.","og_url":"https:\/\/proagrolab.com.ar\/paraguay-preve-iniciar-exportaciones-de-carne-a-peru-y-emiratos-arabes-unidos\/","og_site_name":"Proagro","article_publisher":"http:\/\/www.facebook.com\/proagrolab","article_published_time":"2013-09-03T00:00:01+00:00","og_image":[{"url":"https:\/\/proagrolab.com.ar\/wp-content\/uploads\/2015\/01\/g_0wo18q69a__Frigor\u00edfico-2.jpg","width":1,"height":1,"type":"image\/jpeg"}],"author":"proagrolab","twitter_card":"summary_large_image","twitter_misc":{"Written by":"proagrolab","Est. reading time":"1 minute"},"schema":{"@context":"https:\/\/schema.org","@graph":[{"@type":"Article","@id":"https:\/\/proagrolab.com.ar\/paraguay-preve-iniciar-exportaciones-de-carne-a-peru-y-emiratos-arabes-unidos\/#article","isPartOf":{"@id":"https:\/\/proagrolab.com.ar\/paraguay-preve-iniciar-exportaciones-de-carne-a-peru-y-emiratos-arabes-unidos\/"},"author":{"name":"proagrolab","@id":"https:\/\/proagrolab.com.ar\/#\/schema\/person\/38003ff90bf80381f71c7d922d207444"},"headline":"Paraguay prev\u00e9 iniciar exportaciones de carne a Per\u00fa y Emiratos \u00c1rabes Unidos.","datePublished":"2013-09-03T00:00:01+00:00","mainEntityOfPage":{"@id":"https:\/\/proagrolab.com.ar\/paraguay-preve-iniciar-exportaciones-de-carne-a-peru-y-emiratos-arabes-unidos\/"},"wordCount":219,"publisher":{"@id":"https:\/\/proagrolab.com.ar\/#organization"},"image":{"@id":"https:\/\/proagrolab.com.ar\/paraguay-preve-iniciar-exportaciones-de-carne-a-peru-y-emiratos-arabes-unidos\/#primaryimage"},"thumbnailUrl":"https:\/\/proagrolab.com.ar\/wp-content\/uploads\/2015\/01\/g_0wo18q69a__Frigor\u00edfico-2.jpg","articleSection":["News"],"inLanguage":"en-US"},{"@type":"WebPage","@id":"https:\/\/proagrolab.com.ar\/paraguay-preve-iniciar-exportaciones-de-carne-a-peru-y-emiratos-arabes-unidos\/","url":"https:\/\/proagrolab.com.ar\/paraguay-preve-iniciar-exportaciones-de-carne-a-peru-y-emiratos-arabes-unidos\/","name":"Paraguay prev\u00e9 iniciar exportaciones de carne a Per\u00fa y Emiratos \u00c1rabes Unidos. | Proagro","isPartOf":{"@id":"https:\/\/proagrolab.com.ar\/#website"},"primaryImageOfPage":{"@id":"https:\/\/proagrolab.com.ar\/paraguay-preve-iniciar-exportaciones-de-carne-a-peru-y-emiratos-arabes-unidos\/#primaryimage"},"image":{"@id":"https:\/\/proagrolab.com.ar\/paraguay-preve-iniciar-exportaciones-de-carne-a-peru-y-emiratos-arabes-unidos\/#primaryimage"},"thumbnailUrl":"https:\/\/proagrolab.com.ar\/wp-content\/uploads\/2015\/01\/g_0wo18q69a__Frigor\u00edfico-2.jpg","datePublished":"2013-09-03T00:00:01+00:00","breadcrumb":{"@id":"https:\/\/proagrolab.com.ar\/paraguay-preve-iniciar-exportaciones-de-carne-a-peru-y-emiratos-arabes-unidos\/#breadcrumb"},"inLanguage":"en-US","potentialAction":[{"@type":"ReadAction","target":["https:\/\/proagrolab.com.ar\/paraguay-preve-iniciar-exportaciones-de-carne-a-peru-y-emiratos-arabes-unidos\/"]}]},{"@type":"ImageObject","inLanguage":"en-US","@id":"https:\/\/proagrolab.com.ar\/paraguay-preve-iniciar-exportaciones-de-carne-a-peru-y-emiratos-arabes-unidos\/#primaryimage","url":"https:\/\/proagrolab.com.ar\/wp-content\/uploads\/2015\/01\/g_0wo18q69a__Frigor\u00edfico-2.jpg","contentUrl":"https:\/\/proagrolab.com.ar\/wp-content\/uploads\/2015\/01\/g_0wo18q69a__Frigor\u00edfico-2.jpg"},{"@type":"BreadcrumbList","@id":"https:\/\/proagrolab.com.ar\/paraguay-preve-iniciar-exportaciones-de-carne-a-peru-y-emiratos-arabes-unidos\/#breadcrumb","itemListElement":[{"@type":"ListItem","position":1,"name":"Portada","item":"https:\/\/proagrolab.com.ar\/"},{"@type":"ListItem","position":2,"name":"Paraguay prev\u00e9 iniciar exportaciones de carne a Per\u00fa y Emiratos \u00c1rabes Unidos."}]},{"@type":"WebSite","@id":"https:\/\/proagrolab.com.ar\/#website","url":"https:\/\/proagrolab.com.ar\/","name":"Proagro Laboratorio Veterinario","description":"Veterinary laboratory","publisher":{"@id":"https:\/\/proagrolab.com.ar\/#organization"},"potentialAction":[{"@type":"SearchAction","target":{"@type":"EntryPoint","urlTemplate":"https:\/\/proagrolab.com.ar\/?s={search_term_string}"},"query-input":{"@type":"PropertyValueSpecification","valueRequired":true,"valueName":"search_term_string"}}],"inLanguage":"en-US"},{"@type":"Organization","@id":"https:\/\/proagrolab.com.ar\/#organization","name":"Proagro","url":"https:\/\/proagrolab.com.ar\/","logo":{"@type":"ImageObject","inLanguage":"en-US","@id":"https:\/\/proagrolab.com.ar\/#\/schema\/logo\/image\/","url":"https:\/\/proagrolab.com.ar\/wp-content\/uploads\/2020\/04\/logo-retina.png","contentUrl":"https:\/\/proagrolab.com.ar\/wp-content\/uploads\/2020\/04\/logo-retina.png","width":478,"height":120,"caption":"Proagro"},"image":{"@id":"https:\/\/proagrolab.com.ar\/#\/schema\/logo\/image\/"},"sameAs":["http:\/\/www.facebook.com\/proagrolab","https:\/\/www.instagram.com\/proagrolab\/","https:\/\/www.linkedin.com\/company\/laboratorio-proagro-s-a\/"]},{"@type":"Person","@id":"https:\/\/proagrolab.com.ar\/#\/schema\/person\/38003ff90bf80381f71c7d922d207444","name":"proagrolab"}]}},"_links":{"self":[{"href":"https:\/\/proagrolab.com.ar\/en\/wp-json\/wp\/v2\/posts\/5667","targetHints":{"allow":["GET"]}}],"collection":[{"href":"https:\/\/proagrolab.com.ar\/en\/wp-json\/wp\/v2\/posts"}],"about":[{"href":"https:\/\/proagrolab.com.ar\/en\/wp-json\/wp\/v2\/types\/post"}],"author":[{"embeddable":true,"href":"https:\/\/proagrolab.com.ar\/en\/wp-json\/wp\/v2\/users\/2"}],"replies":[{"embeddable":true,"href":"https:\/\/proagrolab.com.ar\/en\/wp-json\/wp\/v2\/comments?post=5667"}],"version-history":[{"count":0,"href":"https:\/\/proagrolab.com.ar\/en\/wp-json\/wp\/v2\/posts\/5667\/revisions"}],"wp:featuredmedia":[{"embeddable":true,"href":"https:\/\/proagrolab.com.ar\/en\/wp-json\/wp\/v2\/media\/2157"}],"wp:attachment":[{"href":"https:\/\/proagrolab.com.ar\/en\/wp-json\/wp\/v2\/media?parent=5667"}],"wp:term":[{"taxonomy":"category","embeddable":true,"href":"https:\/\/proagrolab.com.ar\/en\/wp-json\/wp\/v2\/categories?post=5667"},{"taxonomy":"post_tag","embeddable":true,"href":"https:\/\/proagrolab.com.ar\/en\/wp-json\/wp\/v2\/tags?post=5667"}],"curies":[{"name":"wp","href":"https:\/\/api.w.org\/{rel}","templated":true}]}}