{"id":5665,"date":"2013-09-03T00:00:01","date_gmt":"2013-09-03T00:00:01","guid":{"rendered":"https:\/\/proagrolab.com.ar\/levantarian-una-planta-de-secado-de-leche\/"},"modified":"2013-09-03T00:00:01","modified_gmt":"2013-09-03T00:00:01","slug":"levantarian-una-planta-de-secado-de-leche","status":"publish","type":"post","link":"https:\/\/proagrolab.com.ar\/en\/levantarian-una-planta-de-secado-de-leche\/","title":{"rendered":"Levantar\u00edan una planta de secado de leche."},"content":{"rendered":"<p class=\"qtranxs-available-languages-message qtranxs-available-languages-message-en\"> <\/p><p>El ministro de la Producci\u00f3n, Carlos Fascendini, presidi\u00f3 una reuni\u00f3n con representantes de productores lecheros y pymes del rubro, con el objetivo de darles a conocer los avances del Plan Lechero Provincial.<\/p>\n<p>Del encuentro participaron adem\u00e1s el presidente de Carsfe, Francisco Mayor\u00e1z; el presidente de la Asociaci\u00f3n de Peque\u00f1as y Medianas Industrias L\u00e1cteas, Mariano Viroglio; el titular de la Federaci\u00f3n Centro de Tamberos de Santa Fe, Gustavo Colombero; la directora del Distrito XII de Federaci\u00f3n Agraria, Ester Faggiano; y Daniel Oggero, tambi\u00e9n de Federaci\u00f3n Agraria; junto a representantes de Productores de Leche de Santa Fe.<\/p>\n<p>Durante el encuentro, se interioriz\u00f3 a los presentes sobre los progresos que en este tiempo se han venido realizando en los distintos ejes que hacen al plan para el desarrollo de la actividad. Al respecto el ministro expres\u00f3 que \u0093nuestro objetivo com\u00fan es mejorar el sistema productivo lechero en toda su cadena; hacer que funcione lo mejor posible, asegurando la rentabilidad a todos sus eslabones.\u0094<\/p>\n<p><i>Avances<\/i><br \/>Uno de los puntos que se trataron fue la optimizaci\u00f3n del sistema de comercializaci\u00f3n entre productores primarios e industriales, a trav\u00e9s de normas complementarias del Decreto N\u00b0 1532\/09 -tendiente a contribuir al desarrollo sostenible y equitativo de la actividad lechera. En este marco se present\u00f3 un proyecto de Resoluci\u00f3n ministerial tendiente a mejorar el sistema de informaci\u00f3n sobre los valores de referencia de la leche.<\/p>\n<p>Otro de los puntos vers\u00f3 sobre la implementaci\u00f3n de una red de laboratorios para el an\u00e1lisis de materia prima, que brindar\u00e1 servicios a productores e industriales a trav\u00e9s de la firma de acuerdos.<\/p>\n<p>Tambi\u00e9n se expusieron los adelantos realizados junto con el INTA, el INTI y la UNL para la firma de un convenio marco que permitir\u00e1 la incorporaci\u00f3n de innovaci\u00f3n tecnol\u00f3gica en Leches de Alto Contenido (CLA), tambi\u00e9n conocidas como Leches Funcionales.<br \/>Por otro lado, y en referencia a la formalizaci\u00f3n de contratos para la compra y venta de materia prima, se inform\u00f3 que se encuentra a disposici\u00f3n, en la cartera productiva, un modelo de contrato realizado por la Bolsa de Comercio de Rosario; siendo el mismo de adhesi\u00f3n voluntaria.<\/p>\n<p>Cerrando el encuentro, los presentes debatieron sobre un acuerdo para la construcci\u00f3n de una planta de secado de leche (para producir leche en polvo) entre representantes de la producci\u00f3n primara y el sector de las pymes l\u00e1cteas. Dicha planta estar\u00eda exclusivamente dedicada a la exportaci\u00f3n, con una capacidad de procesamiento de 800 mil litros diarios; y tendr\u00eda el objetivo de utilizar la capacidad ociosa del mercando en referencia a esta materia prima. Al respecto, los presentes decidieron analizar la propuesta durante el mes de septiembre, para luego realizar una reuni\u00f3n que determine los pasos a seguir.<\/p>\n<p>Finalmente, el ministro tambi\u00e9n se refiri\u00f3 a los distintos pedidos que el Ministerio santafesino viene realizando al gobierno nacional para fijar una pol\u00edtica econ\u00f3mica de incentivo de la lecher\u00eda. En este sentido hizo hincapi\u00e9 en el Estudio de Competitividad de la Cadena L\u00e1ctea que \u00e9ste deb\u00eda realizar, y que a\u00fan no se encuentra disponible.<\/p>\n<p>Fuente: On24 agro, 3 de septiembre.<br \/><\/p>","protected":false},"excerpt":{"rendered":"<p>El ministro de la Producci\u00f3n, Carlos Fascendini, presidi\u00f3 una reuni\u00f3n con representantes de productores lecheros y pymes del rubro, con el objetivo de darles a conocer los avances del Plan Lechero Provincial. Del encuentro participaron adem\u00e1s el presidente de Carsfe, Francisco Mayor\u00e1z; el presidente de la Asociaci\u00f3n de Peque\u00f1as y Medianas Industrias L\u00e1cteas, Mariano Viroglio; el titular de la Federaci\u00f3n Centro de Tamberos de Santa Fe, Gustavo Colombero; la directora del Distrito XII de Federaci\u00f3n Agraria, Ester Faggiano; y Daniel Oggero, tambi\u00e9n de Federaci\u00f3n Agraria; junto a representantes de Productores de Leche de Santa Fe. Durante el encuentro, se interioriz\u00f3 a los presentes sobre los progresos que en este tiempo se han venido realizando en los distintos ejes que hacen al plan para el desarrollo de la actividad. Al respecto el ministro expres\u00f3 que \u0093nuestro objetivo com\u00fan es mejorar el sistema productivo lechero en toda su cadena; hacer que funcione lo mejor posible, asegurando la rentabilidad a todos sus eslabones.\u0094 AvancesUno de los puntos que se trataron fue la optimizaci\u00f3n del sistema de comercializaci\u00f3n entre productores primarios e industriales, a trav\u00e9s de normas complementarias del Decreto N\u00b0 1532\/09 -tendiente a contribuir al desarrollo sostenible y equitativo de la actividad lechera. [&hellip;]<\/p>\n","protected":false},"author":2,"featured_media":2155,"comment_status":"closed","ping_status":"open","sticky":false,"template":"","format":"standard","meta":{"_acf_changed":false,"footnotes":""},"categories":[56],"tags":[],"class_list":["post-5665","post","type-post","status-publish","format-standard","has-post-thumbnail","hentry","category-infoganadero"],"acf":[],"yoast_head":"<!-- This site is optimized with the Yoast SEO plugin v27.5 - https:\/\/yoast.com\/product\/yoast-seo-wordpress\/ -->\n<title>Levantar\u00edan una planta de secado de leche. | Proagro<\/title>\n<meta name=\"robots\" content=\"index, follow, max-snippet:-1, max-image-preview:large, max-video-preview:-1\" \/>\n<link rel=\"canonical\" href=\"https:\/\/proagrolab.com.ar\/en\/levantarian-una-planta-de-secado-de-leche\/\" \/>\n<meta property=\"og:locale\" content=\"en_US\" \/>\n<meta property=\"og:type\" content=\"article\" \/>\n<meta property=\"og:title\" content=\"Levantar\u00edan una planta de secado de leche. | Proagro\" \/>\n<meta property=\"og:description\" content=\"El ministro de la Producci\u00f3n, Carlos Fascendini, presidi\u00f3 una reuni\u00f3n con representantes de productores lecheros y pymes del rubro, con el objetivo de darles a conocer los avances del Plan Lechero Provincial. Del encuentro participaron adem\u00e1s el presidente de Carsfe, Francisco Mayor\u00e1z; el presidente de la Asociaci\u00f3n de Peque\u00f1as y Medianas Industrias L\u00e1cteas, Mariano Viroglio; el titular de la Federaci\u00f3n Centro de Tamberos de Santa Fe, Gustavo Colombero; la directora del Distrito XII de Federaci\u00f3n Agraria, Ester Faggiano; y Daniel Oggero, tambi\u00e9n de Federaci\u00f3n Agraria; junto a representantes de Productores de Leche de Santa Fe. Durante el encuentro, se interioriz\u00f3 a los presentes sobre los progresos que en este tiempo se han venido realizando en los distintos ejes que hacen al plan para el desarrollo de la actividad. Al respecto el ministro expres\u00f3 que \u0093nuestro objetivo com\u00fan es mejorar el sistema productivo lechero en toda su cadena; hacer que funcione lo mejor posible, asegurando la rentabilidad a todos sus eslabones.\u0094 AvancesUno de los puntos que se trataron fue la optimizaci\u00f3n del sistema de comercializaci\u00f3n entre productores primarios e industriales, a trav\u00e9s de normas complementarias del Decreto N\u00b0 1532\/09 -tendiente a contribuir al desarrollo sostenible y equitativo de la actividad lechera. [&hellip;]\" \/>\n<meta property=\"og:url\" content=\"https:\/\/proagrolab.com.ar\/levantarian-una-planta-de-secado-de-leche\/\" \/>\n<meta property=\"og:site_name\" content=\"Proagro\" \/>\n<meta property=\"article:publisher\" content=\"http:\/\/www.facebook.com\/proagrolab\" \/>\n<meta property=\"article:published_time\" content=\"2013-09-03T00:00:01+00:00\" \/>\n<meta property=\"og:image\" content=\"https:\/\/proagrolab.com.ar\/wp-content\/uploads\/2015\/01\/g_1msqaa5yx__Industria-Lechera.jpg\" \/>\n\t<meta property=\"og:image:width\" content=\"450\" \/>\n\t<meta property=\"og:image:height\" content=\"208\" \/>\n\t<meta property=\"og:image:type\" content=\"image\/jpeg\" \/>\n<meta name=\"author\" content=\"proagrolab\" \/>\n<meta name=\"twitter:card\" content=\"summary_large_image\" \/>\n<meta name=\"twitter:label1\" content=\"Written by\" \/>\n\t<meta name=\"twitter:data1\" content=\"proagrolab\" \/>\n\t<meta name=\"twitter:label2\" content=\"Est. reading time\" \/>\n\t<meta name=\"twitter:data2\" content=\"3 minutes\" \/>\n<script type=\"application\/ld+json\" class=\"yoast-schema-graph\">{\"@context\":\"https:\\\/\\\/schema.org\",\"@graph\":[{\"@type\":\"Article\",\"@id\":\"https:\\\/\\\/proagrolab.com.ar\\\/levantarian-una-planta-de-secado-de-leche\\\/#article\",\"isPartOf\":{\"@id\":\"https:\\\/\\\/proagrolab.com.ar\\\/levantarian-una-planta-de-secado-de-leche\\\/\"},\"author\":{\"name\":\"proagrolab\",\"@id\":\"https:\\\/\\\/proagrolab.com.ar\\\/#\\\/schema\\\/person\\\/38003ff90bf80381f71c7d922d207444\"},\"headline\":\"Levantar\u00edan una planta de secado de leche.\",\"datePublished\":\"2013-09-03T00:00:01+00:00\",\"mainEntityOfPage\":{\"@id\":\"https:\\\/\\\/proagrolab.com.ar\\\/levantarian-una-planta-de-secado-de-leche\\\/\"},\"wordCount\":550,\"publisher\":{\"@id\":\"https:\\\/\\\/proagrolab.com.ar\\\/#organization\"},\"image\":{\"@id\":\"https:\\\/\\\/proagrolab.com.ar\\\/levantarian-una-planta-de-secado-de-leche\\\/#primaryimage\"},\"thumbnailUrl\":\"https:\\\/\\\/proagrolab.com.ar\\\/wp-content\\\/uploads\\\/2015\\\/01\\\/g_1msqaa5yx__Industria-Lechera.jpg\",\"articleSection\":[\"News\"],\"inLanguage\":\"en-US\"},{\"@type\":\"WebPage\",\"@id\":\"https:\\\/\\\/proagrolab.com.ar\\\/levantarian-una-planta-de-secado-de-leche\\\/\",\"url\":\"https:\\\/\\\/proagrolab.com.ar\\\/levantarian-una-planta-de-secado-de-leche\\\/\",\"name\":\"Levantar\u00edan una planta de secado de leche. | Proagro\",\"isPartOf\":{\"@id\":\"https:\\\/\\\/proagrolab.com.ar\\\/#website\"},\"primaryImageOfPage\":{\"@id\":\"https:\\\/\\\/proagrolab.com.ar\\\/levantarian-una-planta-de-secado-de-leche\\\/#primaryimage\"},\"image\":{\"@id\":\"https:\\\/\\\/proagrolab.com.ar\\\/levantarian-una-planta-de-secado-de-leche\\\/#primaryimage\"},\"thumbnailUrl\":\"https:\\\/\\\/proagrolab.com.ar\\\/wp-content\\\/uploads\\\/2015\\\/01\\\/g_1msqaa5yx__Industria-Lechera.jpg\",\"datePublished\":\"2013-09-03T00:00:01+00:00\",\"breadcrumb\":{\"@id\":\"https:\\\/\\\/proagrolab.com.ar\\\/levantarian-una-planta-de-secado-de-leche\\\/#breadcrumb\"},\"inLanguage\":\"en-US\",\"potentialAction\":[{\"@type\":\"ReadAction\",\"target\":[\"https:\\\/\\\/proagrolab.com.ar\\\/levantarian-una-planta-de-secado-de-leche\\\/\"]}]},{\"@type\":\"ImageObject\",\"inLanguage\":\"en-US\",\"@id\":\"https:\\\/\\\/proagrolab.com.ar\\\/levantarian-una-planta-de-secado-de-leche\\\/#primaryimage\",\"url\":\"https:\\\/\\\/proagrolab.com.ar\\\/wp-content\\\/uploads\\\/2015\\\/01\\\/g_1msqaa5yx__Industria-Lechera.jpg\",\"contentUrl\":\"https:\\\/\\\/proagrolab.com.ar\\\/wp-content\\\/uploads\\\/2015\\\/01\\\/g_1msqaa5yx__Industria-Lechera.jpg\",\"width\":450,\"height\":208},{\"@type\":\"BreadcrumbList\",\"@id\":\"https:\\\/\\\/proagrolab.com.ar\\\/levantarian-una-planta-de-secado-de-leche\\\/#breadcrumb\",\"itemListElement\":[{\"@type\":\"ListItem\",\"position\":1,\"name\":\"Portada\",\"item\":\"https:\\\/\\\/proagrolab.com.ar\\\/\"},{\"@type\":\"ListItem\",\"position\":2,\"name\":\"Levantar\u00edan una planta de secado de leche.\"}]},{\"@type\":\"WebSite\",\"@id\":\"https:\\\/\\\/proagrolab.com.ar\\\/#website\",\"url\":\"https:\\\/\\\/proagrolab.com.ar\\\/\",\"name\":\"Proagro Laboratorio Veterinario\",\"description\":\"Veterinary laboratory\",\"publisher\":{\"@id\":\"https:\\\/\\\/proagrolab.com.ar\\\/#organization\"},\"potentialAction\":[{\"@type\":\"SearchAction\",\"target\":{\"@type\":\"EntryPoint\",\"urlTemplate\":\"https:\\\/\\\/proagrolab.com.ar\\\/?s={search_term_string}\"},\"query-input\":{\"@type\":\"PropertyValueSpecification\",\"valueRequired\":true,\"valueName\":\"search_term_string\"}}],\"inLanguage\":\"en-US\"},{\"@type\":\"Organization\",\"@id\":\"https:\\\/\\\/proagrolab.com.ar\\\/#organization\",\"name\":\"Proagro\",\"url\":\"https:\\\/\\\/proagrolab.com.ar\\\/\",\"logo\":{\"@type\":\"ImageObject\",\"inLanguage\":\"en-US\",\"@id\":\"https:\\\/\\\/proagrolab.com.ar\\\/#\\\/schema\\\/logo\\\/image\\\/\",\"url\":\"https:\\\/\\\/proagrolab.com.ar\\\/wp-content\\\/uploads\\\/2020\\\/04\\\/logo-retina.png\",\"contentUrl\":\"https:\\\/\\\/proagrolab.com.ar\\\/wp-content\\\/uploads\\\/2020\\\/04\\\/logo-retina.png\",\"width\":478,\"height\":120,\"caption\":\"Proagro\"},\"image\":{\"@id\":\"https:\\\/\\\/proagrolab.com.ar\\\/#\\\/schema\\\/logo\\\/image\\\/\"},\"sameAs\":[\"http:\\\/\\\/www.facebook.com\\\/proagrolab\",\"https:\\\/\\\/www.instagram.com\\\/proagrolab\\\/\",\"https:\\\/\\\/www.linkedin.com\\\/company\\\/laboratorio-proagro-s-a\\\/\"]},{\"@type\":\"Person\",\"@id\":\"https:\\\/\\\/proagrolab.com.ar\\\/#\\\/schema\\\/person\\\/38003ff90bf80381f71c7d922d207444\",\"name\":\"proagrolab\"}]}<\/script>\n<!-- \/ Yoast SEO plugin. -->","yoast_head_json":{"title":"Levantar\u00edan una planta de secado de leche. | Proagro","robots":{"index":"index","follow":"follow","max-snippet":"max-snippet:-1","max-image-preview":"max-image-preview:large","max-video-preview":"max-video-preview:-1"},"canonical":"https:\/\/proagrolab.com.ar\/en\/levantarian-una-planta-de-secado-de-leche\/","og_locale":"en_US","og_type":"article","og_title":"Levantar\u00edan una planta de secado de leche. | Proagro","og_description":"El ministro de la Producci\u00f3n, Carlos Fascendini, presidi\u00f3 una reuni\u00f3n con representantes de productores lecheros y pymes del rubro, con el objetivo de darles a conocer los avances del Plan Lechero Provincial. Del encuentro participaron adem\u00e1s el presidente de Carsfe, Francisco Mayor\u00e1z; el presidente de la Asociaci\u00f3n de Peque\u00f1as y Medianas Industrias L\u00e1cteas, Mariano Viroglio; el titular de la Federaci\u00f3n Centro de Tamberos de Santa Fe, Gustavo Colombero; la directora del Distrito XII de Federaci\u00f3n Agraria, Ester Faggiano; y Daniel Oggero, tambi\u00e9n de Federaci\u00f3n Agraria; junto a representantes de Productores de Leche de Santa Fe. Durante el encuentro, se interioriz\u00f3 a los presentes sobre los progresos que en este tiempo se han venido realizando en los distintos ejes que hacen al plan para el desarrollo de la actividad. Al respecto el ministro expres\u00f3 que \u0093nuestro objetivo com\u00fan es mejorar el sistema productivo lechero en toda su cadena; hacer que funcione lo mejor posible, asegurando la rentabilidad a todos sus eslabones.\u0094 AvancesUno de los puntos que se trataron fue la optimizaci\u00f3n del sistema de comercializaci\u00f3n entre productores primarios e industriales, a trav\u00e9s de normas complementarias del Decreto N\u00b0 1532\/09 -tendiente a contribuir al desarrollo sostenible y equitativo de la actividad lechera. [&hellip;]","og_url":"https:\/\/proagrolab.com.ar\/levantarian-una-planta-de-secado-de-leche\/","og_site_name":"Proagro","article_publisher":"http:\/\/www.facebook.com\/proagrolab","article_published_time":"2013-09-03T00:00:01+00:00","og_image":[{"width":450,"height":208,"url":"https:\/\/proagrolab.com.ar\/wp-content\/uploads\/2015\/01\/g_1msqaa5yx__Industria-Lechera.jpg","type":"image\/jpeg"}],"author":"proagrolab","twitter_card":"summary_large_image","twitter_misc":{"Written by":"proagrolab","Est. reading time":"3 minutes"},"schema":{"@context":"https:\/\/schema.org","@graph":[{"@type":"Article","@id":"https:\/\/proagrolab.com.ar\/levantarian-una-planta-de-secado-de-leche\/#article","isPartOf":{"@id":"https:\/\/proagrolab.com.ar\/levantarian-una-planta-de-secado-de-leche\/"},"author":{"name":"proagrolab","@id":"https:\/\/proagrolab.com.ar\/#\/schema\/person\/38003ff90bf80381f71c7d922d207444"},"headline":"Levantar\u00edan una planta de secado de leche.","datePublished":"2013-09-03T00:00:01+00:00","mainEntityOfPage":{"@id":"https:\/\/proagrolab.com.ar\/levantarian-una-planta-de-secado-de-leche\/"},"wordCount":550,"publisher":{"@id":"https:\/\/proagrolab.com.ar\/#organization"},"image":{"@id":"https:\/\/proagrolab.com.ar\/levantarian-una-planta-de-secado-de-leche\/#primaryimage"},"thumbnailUrl":"https:\/\/proagrolab.com.ar\/wp-content\/uploads\/2015\/01\/g_1msqaa5yx__Industria-Lechera.jpg","articleSection":["News"],"inLanguage":"en-US"},{"@type":"WebPage","@id":"https:\/\/proagrolab.com.ar\/levantarian-una-planta-de-secado-de-leche\/","url":"https:\/\/proagrolab.com.ar\/levantarian-una-planta-de-secado-de-leche\/","name":"Levantar\u00edan una planta de secado de leche. | Proagro","isPartOf":{"@id":"https:\/\/proagrolab.com.ar\/#website"},"primaryImageOfPage":{"@id":"https:\/\/proagrolab.com.ar\/levantarian-una-planta-de-secado-de-leche\/#primaryimage"},"image":{"@id":"https:\/\/proagrolab.com.ar\/levantarian-una-planta-de-secado-de-leche\/#primaryimage"},"thumbnailUrl":"https:\/\/proagrolab.com.ar\/wp-content\/uploads\/2015\/01\/g_1msqaa5yx__Industria-Lechera.jpg","datePublished":"2013-09-03T00:00:01+00:00","breadcrumb":{"@id":"https:\/\/proagrolab.com.ar\/levantarian-una-planta-de-secado-de-leche\/#breadcrumb"},"inLanguage":"en-US","potentialAction":[{"@type":"ReadAction","target":["https:\/\/proagrolab.com.ar\/levantarian-una-planta-de-secado-de-leche\/"]}]},{"@type":"ImageObject","inLanguage":"en-US","@id":"https:\/\/proagrolab.com.ar\/levantarian-una-planta-de-secado-de-leche\/#primaryimage","url":"https:\/\/proagrolab.com.ar\/wp-content\/uploads\/2015\/01\/g_1msqaa5yx__Industria-Lechera.jpg","contentUrl":"https:\/\/proagrolab.com.ar\/wp-content\/uploads\/2015\/01\/g_1msqaa5yx__Industria-Lechera.jpg","width":450,"height":208},{"@type":"BreadcrumbList","@id":"https:\/\/proagrolab.com.ar\/levantarian-una-planta-de-secado-de-leche\/#breadcrumb","itemListElement":[{"@type":"ListItem","position":1,"name":"Portada","item":"https:\/\/proagrolab.com.ar\/"},{"@type":"ListItem","position":2,"name":"Levantar\u00edan una planta de secado de leche."}]},{"@type":"WebSite","@id":"https:\/\/proagrolab.com.ar\/#website","url":"https:\/\/proagrolab.com.ar\/","name":"Proagro Laboratorio Veterinario","description":"Veterinary laboratory","publisher":{"@id":"https:\/\/proagrolab.com.ar\/#organization"},"potentialAction":[{"@type":"SearchAction","target":{"@type":"EntryPoint","urlTemplate":"https:\/\/proagrolab.com.ar\/?s={search_term_string}"},"query-input":{"@type":"PropertyValueSpecification","valueRequired":true,"valueName":"search_term_string"}}],"inLanguage":"en-US"},{"@type":"Organization","@id":"https:\/\/proagrolab.com.ar\/#organization","name":"Proagro","url":"https:\/\/proagrolab.com.ar\/","logo":{"@type":"ImageObject","inLanguage":"en-US","@id":"https:\/\/proagrolab.com.ar\/#\/schema\/logo\/image\/","url":"https:\/\/proagrolab.com.ar\/wp-content\/uploads\/2020\/04\/logo-retina.png","contentUrl":"https:\/\/proagrolab.com.ar\/wp-content\/uploads\/2020\/04\/logo-retina.png","width":478,"height":120,"caption":"Proagro"},"image":{"@id":"https:\/\/proagrolab.com.ar\/#\/schema\/logo\/image\/"},"sameAs":["http:\/\/www.facebook.com\/proagrolab","https:\/\/www.instagram.com\/proagrolab\/","https:\/\/www.linkedin.com\/company\/laboratorio-proagro-s-a\/"]},{"@type":"Person","@id":"https:\/\/proagrolab.com.ar\/#\/schema\/person\/38003ff90bf80381f71c7d922d207444","name":"proagrolab"}]}},"_links":{"self":[{"href":"https:\/\/proagrolab.com.ar\/en\/wp-json\/wp\/v2\/posts\/5665","targetHints":{"allow":["GET"]}}],"collection":[{"href":"https:\/\/proagrolab.com.ar\/en\/wp-json\/wp\/v2\/posts"}],"about":[{"href":"https:\/\/proagrolab.com.ar\/en\/wp-json\/wp\/v2\/types\/post"}],"author":[{"embeddable":true,"href":"https:\/\/proagrolab.com.ar\/en\/wp-json\/wp\/v2\/users\/2"}],"replies":[{"embeddable":true,"href":"https:\/\/proagrolab.com.ar\/en\/wp-json\/wp\/v2\/comments?post=5665"}],"version-history":[{"count":0,"href":"https:\/\/proagrolab.com.ar\/en\/wp-json\/wp\/v2\/posts\/5665\/revisions"}],"wp:featuredmedia":[{"embeddable":true,"href":"https:\/\/proagrolab.com.ar\/en\/wp-json\/wp\/v2\/media\/2155"}],"wp:attachment":[{"href":"https:\/\/proagrolab.com.ar\/en\/wp-json\/wp\/v2\/media?parent=5665"}],"wp:term":[{"taxonomy":"category","embeddable":true,"href":"https:\/\/proagrolab.com.ar\/en\/wp-json\/wp\/v2\/categories?post=5665"},{"taxonomy":"post_tag","embeddable":true,"href":"https:\/\/proagrolab.com.ar\/en\/wp-json\/wp\/v2\/tags?post=5665"}],"curies":[{"name":"wp","href":"https:\/\/api.w.org\/{rel}","templated":true}]}}