{"id":5664,"date":"2013-09-03T00:00:01","date_gmt":"2013-09-03T00:00:01","guid":{"rendered":"https:\/\/proagrolab.com.ar\/la-imagen-de-la-carne-argentina-esta-intacta\/"},"modified":"2013-09-03T00:00:01","modified_gmt":"2013-09-03T00:00:01","slug":"la-imagen-de-la-carne-argentina-esta-intacta","status":"publish","type":"post","link":"https:\/\/proagrolab.com.ar\/en\/la-imagen-de-la-carne-argentina-esta-intacta\/","title":{"rendered":"La imagen de la carne argentina est\u00e1 intacta."},"content":{"rendered":"<p class=\"qtranxs-available-languages-message qtranxs-available-languages-message-en\"> <\/p><p>Para el especialista en temas ganaderos, Ignacio Iriarte, hubo tres pasos que sigui\u00f3 el sector en los \u00faltimos a\u00f1os, por un lado la euforia a fines de 2009 por la suba de precios, luego el escepticismo por el freno de esos valores y por \u00faltimo llegamos a esta etapa de pesimismo ante un mercado que no logra subir los precios de su producci\u00f3n. Sin embargo, el consultor se\u00f1al\u00f3 que \u0093el mundo nos est\u00e1 esperando, la imagen de la carne argentina est\u00e1 intacta, y cuando se puedan abrir las puertas de la exportaci\u00f3n comenzar\u00e1 un camino muy distinto\u0094.<br \/>&nbsp;<br \/>Durante la charla patrocinada por el RosGan, se detuvo a describir fundamentalmente el fen\u00f3meno de China. Con im\u00e1genes muy esclarecedoras mostr\u00f3 c\u00f3mo se divide el suelo chino destinado a la producci\u00f3n y c\u00f3mo est\u00e1 cayendo la producci\u00f3n de carne en ese pa\u00eds por la falta de territorio destinado para ese fin. Sumado a eso destac\u00f3 la importancia del agua en los pa\u00edses del primer mundo que ante la escases de este suministro b\u00e1sico lo primero que optan es por dejar sin agua al ganado que consume por lo menos entre 40 y 50 litros al d\u00eda. Adem\u00e1s, se\u00f1al\u00f3 que en China una buena parte de los terneros nacidos se utilizan para fines medicinales, por lo tanto ese factor tambi\u00e9n los limita a la hora de abastecer de carne no s\u00f3lo a la enorme poblaci\u00f3n de ese pa\u00eds sino tambi\u00e9n a la cantidad de turistas que reciben anualmente. Por lo tanto, Argentina estar\u00e1 en un lugar privilegiado para responder a esa demanda. Para Iriarte la gran noticia 2013 es que habr\u00e1 mucha carne este a\u00f1o que habr\u00e1 que colocar.<br \/>&nbsp;<br \/>Sin embargo, s\u00ed explic\u00f3 que estamos en un momento dif\u00edcil \u0093cercanos al precipicio, pero no ca\u00edmos, donde la inflaci\u00f3n es el factor clave que corroe los costos de la ganader\u00eda\u0094.&nbsp; Por el momento, sin exportaci\u00f3n Iriarte evalu\u00f3 que s\u00f3lo se pueden esperar incremento de precios en los remates de marzo, que coinciden con la zafra, pero que luego el precio seguir\u00e1 volviendo a caer como ha ocurrido en los \u00faltimos a\u00f1os.<\/p>\n<p>Fuente: On24 agro, 3 de septiembre.<br \/><\/p>","protected":false},"excerpt":{"rendered":"<p>Para el especialista en temas ganaderos, Ignacio Iriarte, hubo tres pasos que sigui\u00f3 el sector en los \u00faltimos a\u00f1os, por un lado la euforia a fines de 2009 por la suba de precios, luego el escepticismo por el freno de esos valores y por \u00faltimo llegamos a esta etapa de pesimismo ante un mercado que no logra subir los precios de su producci\u00f3n. Sin embargo, el consultor se\u00f1al\u00f3 que \u0093el mundo nos est\u00e1 esperando, la imagen de la carne argentina est\u00e1 intacta, y cuando se puedan abrir las puertas de la exportaci\u00f3n comenzar\u00e1 un camino muy distinto\u0094.&nbsp;Durante la charla patrocinada por el RosGan, se detuvo a describir fundamentalmente el fen\u00f3meno de China. Con im\u00e1genes muy esclarecedoras mostr\u00f3 c\u00f3mo se divide el suelo chino destinado a la producci\u00f3n y c\u00f3mo est\u00e1 cayendo la producci\u00f3n de carne en ese pa\u00eds por la falta de territorio destinado para ese fin. Sumado a eso destac\u00f3 la importancia del agua en los pa\u00edses del primer mundo que ante la escases de este suministro b\u00e1sico lo primero que optan es por dejar sin agua al ganado que consume por lo menos entre 40 y 50 litros al d\u00eda. Adem\u00e1s, se\u00f1al\u00f3 que en China una buena parte [&hellip;]<\/p>\n","protected":false},"author":2,"featured_media":2154,"comment_status":"closed","ping_status":"open","sticky":false,"template":"","format":"standard","meta":{"_acf_changed":false,"footnotes":""},"categories":[56],"tags":[],"class_list":["post-5664","post","type-post","status-publish","format-standard","has-post-thumbnail","hentry","category-infoganadero"],"acf":[],"yoast_head":"<!-- This site is optimized with the Yoast SEO plugin v27.5 - https:\/\/yoast.com\/product\/yoast-seo-wordpress\/ -->\n<title>La imagen de la carne argentina est\u00e1 intacta. | Proagro<\/title>\n<meta name=\"robots\" content=\"index, follow, max-snippet:-1, max-image-preview:large, max-video-preview:-1\" \/>\n<link rel=\"canonical\" href=\"https:\/\/proagrolab.com.ar\/en\/la-imagen-de-la-carne-argentina-esta-intacta\/\" \/>\n<meta property=\"og:locale\" content=\"en_US\" \/>\n<meta property=\"og:type\" content=\"article\" \/>\n<meta property=\"og:title\" content=\"La imagen de la carne argentina est\u00e1 intacta. | Proagro\" \/>\n<meta property=\"og:description\" content=\"Para el especialista en temas ganaderos, Ignacio Iriarte, hubo tres pasos que sigui\u00f3 el sector en los \u00faltimos a\u00f1os, por un lado la euforia a fines de 2009 por la suba de precios, luego el escepticismo por el freno de esos valores y por \u00faltimo llegamos a esta etapa de pesimismo ante un mercado que no logra subir los precios de su producci\u00f3n. Sin embargo, el consultor se\u00f1al\u00f3 que \u0093el mundo nos est\u00e1 esperando, la imagen de la carne argentina est\u00e1 intacta, y cuando se puedan abrir las puertas de la exportaci\u00f3n comenzar\u00e1 un camino muy distinto\u0094.&nbsp;Durante la charla patrocinada por el RosGan, se detuvo a describir fundamentalmente el fen\u00f3meno de China. Con im\u00e1genes muy esclarecedoras mostr\u00f3 c\u00f3mo se divide el suelo chino destinado a la producci\u00f3n y c\u00f3mo est\u00e1 cayendo la producci\u00f3n de carne en ese pa\u00eds por la falta de territorio destinado para ese fin. Sumado a eso destac\u00f3 la importancia del agua en los pa\u00edses del primer mundo que ante la escases de este suministro b\u00e1sico lo primero que optan es por dejar sin agua al ganado que consume por lo menos entre 40 y 50 litros al d\u00eda. Adem\u00e1s, se\u00f1al\u00f3 que en China una buena parte [&hellip;]\" \/>\n<meta property=\"og:url\" content=\"https:\/\/proagrolab.com.ar\/la-imagen-de-la-carne-argentina-esta-intacta\/\" \/>\n<meta property=\"og:site_name\" content=\"Proagro\" \/>\n<meta property=\"article:publisher\" content=\"http:\/\/www.facebook.com\/proagrolab\" \/>\n<meta property=\"article:published_time\" content=\"2013-09-03T00:00:01+00:00\" \/>\n<meta property=\"og:image\" content=\"https:\/\/proagrolab.com.ar\/wp-content\/uploads\/2015\/01\/g_jydxeh7sh__Bovinos-Angus.jpg\" \/>\n\t<meta property=\"og:image:width\" content=\"450\" \/>\n\t<meta property=\"og:image:height\" content=\"208\" \/>\n\t<meta property=\"og:image:type\" content=\"image\/jpeg\" \/>\n<meta name=\"author\" content=\"proagrolab\" \/>\n<meta name=\"twitter:card\" content=\"summary_large_image\" \/>\n<meta name=\"twitter:label1\" content=\"Written by\" \/>\n\t<meta name=\"twitter:data1\" content=\"proagrolab\" \/>\n\t<meta name=\"twitter:label2\" content=\"Est. reading time\" \/>\n\t<meta name=\"twitter:data2\" content=\"2 minutes\" \/>\n<script type=\"application\/ld+json\" class=\"yoast-schema-graph\">{\"@context\":\"https:\\\/\\\/schema.org\",\"@graph\":[{\"@type\":\"Article\",\"@id\":\"https:\\\/\\\/proagrolab.com.ar\\\/la-imagen-de-la-carne-argentina-esta-intacta\\\/#article\",\"isPartOf\":{\"@id\":\"https:\\\/\\\/proagrolab.com.ar\\\/la-imagen-de-la-carne-argentina-esta-intacta\\\/\"},\"author\":{\"name\":\"proagrolab\",\"@id\":\"https:\\\/\\\/proagrolab.com.ar\\\/#\\\/schema\\\/person\\\/38003ff90bf80381f71c7d922d207444\"},\"headline\":\"La imagen de la carne argentina est\u00e1 intacta.\",\"datePublished\":\"2013-09-03T00:00:01+00:00\",\"mainEntityOfPage\":{\"@id\":\"https:\\\/\\\/proagrolab.com.ar\\\/la-imagen-de-la-carne-argentina-esta-intacta\\\/\"},\"wordCount\":387,\"publisher\":{\"@id\":\"https:\\\/\\\/proagrolab.com.ar\\\/#organization\"},\"image\":{\"@id\":\"https:\\\/\\\/proagrolab.com.ar\\\/la-imagen-de-la-carne-argentina-esta-intacta\\\/#primaryimage\"},\"thumbnailUrl\":\"https:\\\/\\\/proagrolab.com.ar\\\/wp-content\\\/uploads\\\/2015\\\/01\\\/g_jydxeh7sh__Bovinos-Angus.jpg\",\"articleSection\":[\"News\"],\"inLanguage\":\"en-US\"},{\"@type\":\"WebPage\",\"@id\":\"https:\\\/\\\/proagrolab.com.ar\\\/la-imagen-de-la-carne-argentina-esta-intacta\\\/\",\"url\":\"https:\\\/\\\/proagrolab.com.ar\\\/la-imagen-de-la-carne-argentina-esta-intacta\\\/\",\"name\":\"La imagen de la carne argentina est\u00e1 intacta. | Proagro\",\"isPartOf\":{\"@id\":\"https:\\\/\\\/proagrolab.com.ar\\\/#website\"},\"primaryImageOfPage\":{\"@id\":\"https:\\\/\\\/proagrolab.com.ar\\\/la-imagen-de-la-carne-argentina-esta-intacta\\\/#primaryimage\"},\"image\":{\"@id\":\"https:\\\/\\\/proagrolab.com.ar\\\/la-imagen-de-la-carne-argentina-esta-intacta\\\/#primaryimage\"},\"thumbnailUrl\":\"https:\\\/\\\/proagrolab.com.ar\\\/wp-content\\\/uploads\\\/2015\\\/01\\\/g_jydxeh7sh__Bovinos-Angus.jpg\",\"datePublished\":\"2013-09-03T00:00:01+00:00\",\"breadcrumb\":{\"@id\":\"https:\\\/\\\/proagrolab.com.ar\\\/la-imagen-de-la-carne-argentina-esta-intacta\\\/#breadcrumb\"},\"inLanguage\":\"en-US\",\"potentialAction\":[{\"@type\":\"ReadAction\",\"target\":[\"https:\\\/\\\/proagrolab.com.ar\\\/la-imagen-de-la-carne-argentina-esta-intacta\\\/\"]}]},{\"@type\":\"ImageObject\",\"inLanguage\":\"en-US\",\"@id\":\"https:\\\/\\\/proagrolab.com.ar\\\/la-imagen-de-la-carne-argentina-esta-intacta\\\/#primaryimage\",\"url\":\"https:\\\/\\\/proagrolab.com.ar\\\/wp-content\\\/uploads\\\/2015\\\/01\\\/g_jydxeh7sh__Bovinos-Angus.jpg\",\"contentUrl\":\"https:\\\/\\\/proagrolab.com.ar\\\/wp-content\\\/uploads\\\/2015\\\/01\\\/g_jydxeh7sh__Bovinos-Angus.jpg\",\"width\":450,\"height\":208},{\"@type\":\"BreadcrumbList\",\"@id\":\"https:\\\/\\\/proagrolab.com.ar\\\/la-imagen-de-la-carne-argentina-esta-intacta\\\/#breadcrumb\",\"itemListElement\":[{\"@type\":\"ListItem\",\"position\":1,\"name\":\"Portada\",\"item\":\"https:\\\/\\\/proagrolab.com.ar\\\/\"},{\"@type\":\"ListItem\",\"position\":2,\"name\":\"La imagen de la carne argentina est\u00e1 intacta.\"}]},{\"@type\":\"WebSite\",\"@id\":\"https:\\\/\\\/proagrolab.com.ar\\\/#website\",\"url\":\"https:\\\/\\\/proagrolab.com.ar\\\/\",\"name\":\"Proagro Laboratorio Veterinario\",\"description\":\"Veterinary laboratory\",\"publisher\":{\"@id\":\"https:\\\/\\\/proagrolab.com.ar\\\/#organization\"},\"potentialAction\":[{\"@type\":\"SearchAction\",\"target\":{\"@type\":\"EntryPoint\",\"urlTemplate\":\"https:\\\/\\\/proagrolab.com.ar\\\/?s={search_term_string}\"},\"query-input\":{\"@type\":\"PropertyValueSpecification\",\"valueRequired\":true,\"valueName\":\"search_term_string\"}}],\"inLanguage\":\"en-US\"},{\"@type\":\"Organization\",\"@id\":\"https:\\\/\\\/proagrolab.com.ar\\\/#organization\",\"name\":\"Proagro\",\"url\":\"https:\\\/\\\/proagrolab.com.ar\\\/\",\"logo\":{\"@type\":\"ImageObject\",\"inLanguage\":\"en-US\",\"@id\":\"https:\\\/\\\/proagrolab.com.ar\\\/#\\\/schema\\\/logo\\\/image\\\/\",\"url\":\"https:\\\/\\\/proagrolab.com.ar\\\/wp-content\\\/uploads\\\/2020\\\/04\\\/logo-retina.png\",\"contentUrl\":\"https:\\\/\\\/proagrolab.com.ar\\\/wp-content\\\/uploads\\\/2020\\\/04\\\/logo-retina.png\",\"width\":478,\"height\":120,\"caption\":\"Proagro\"},\"image\":{\"@id\":\"https:\\\/\\\/proagrolab.com.ar\\\/#\\\/schema\\\/logo\\\/image\\\/\"},\"sameAs\":[\"http:\\\/\\\/www.facebook.com\\\/proagrolab\",\"https:\\\/\\\/www.instagram.com\\\/proagrolab\\\/\",\"https:\\\/\\\/www.linkedin.com\\\/company\\\/laboratorio-proagro-s-a\\\/\"]},{\"@type\":\"Person\",\"@id\":\"https:\\\/\\\/proagrolab.com.ar\\\/#\\\/schema\\\/person\\\/38003ff90bf80381f71c7d922d207444\",\"name\":\"proagrolab\"}]}<\/script>\n<!-- \/ Yoast SEO plugin. -->","yoast_head_json":{"title":"La imagen de la carne argentina est\u00e1 intacta. | Proagro","robots":{"index":"index","follow":"follow","max-snippet":"max-snippet:-1","max-image-preview":"max-image-preview:large","max-video-preview":"max-video-preview:-1"},"canonical":"https:\/\/proagrolab.com.ar\/en\/la-imagen-de-la-carne-argentina-esta-intacta\/","og_locale":"en_US","og_type":"article","og_title":"La imagen de la carne argentina est\u00e1 intacta. | Proagro","og_description":"Para el especialista en temas ganaderos, Ignacio Iriarte, hubo tres pasos que sigui\u00f3 el sector en los \u00faltimos a\u00f1os, por un lado la euforia a fines de 2009 por la suba de precios, luego el escepticismo por el freno de esos valores y por \u00faltimo llegamos a esta etapa de pesimismo ante un mercado que no logra subir los precios de su producci\u00f3n. Sin embargo, el consultor se\u00f1al\u00f3 que \u0093el mundo nos est\u00e1 esperando, la imagen de la carne argentina est\u00e1 intacta, y cuando se puedan abrir las puertas de la exportaci\u00f3n comenzar\u00e1 un camino muy distinto\u0094.&nbsp;Durante la charla patrocinada por el RosGan, se detuvo a describir fundamentalmente el fen\u00f3meno de China. Con im\u00e1genes muy esclarecedoras mostr\u00f3 c\u00f3mo se divide el suelo chino destinado a la producci\u00f3n y c\u00f3mo est\u00e1 cayendo la producci\u00f3n de carne en ese pa\u00eds por la falta de territorio destinado para ese fin. Sumado a eso destac\u00f3 la importancia del agua en los pa\u00edses del primer mundo que ante la escases de este suministro b\u00e1sico lo primero que optan es por dejar sin agua al ganado que consume por lo menos entre 40 y 50 litros al d\u00eda. Adem\u00e1s, se\u00f1al\u00f3 que en China una buena parte [&hellip;]","og_url":"https:\/\/proagrolab.com.ar\/la-imagen-de-la-carne-argentina-esta-intacta\/","og_site_name":"Proagro","article_publisher":"http:\/\/www.facebook.com\/proagrolab","article_published_time":"2013-09-03T00:00:01+00:00","og_image":[{"width":450,"height":208,"url":"https:\/\/proagrolab.com.ar\/wp-content\/uploads\/2015\/01\/g_jydxeh7sh__Bovinos-Angus.jpg","type":"image\/jpeg"}],"author":"proagrolab","twitter_card":"summary_large_image","twitter_misc":{"Written by":"proagrolab","Est. reading time":"2 minutes"},"schema":{"@context":"https:\/\/schema.org","@graph":[{"@type":"Article","@id":"https:\/\/proagrolab.com.ar\/la-imagen-de-la-carne-argentina-esta-intacta\/#article","isPartOf":{"@id":"https:\/\/proagrolab.com.ar\/la-imagen-de-la-carne-argentina-esta-intacta\/"},"author":{"name":"proagrolab","@id":"https:\/\/proagrolab.com.ar\/#\/schema\/person\/38003ff90bf80381f71c7d922d207444"},"headline":"La imagen de la carne argentina est\u00e1 intacta.","datePublished":"2013-09-03T00:00:01+00:00","mainEntityOfPage":{"@id":"https:\/\/proagrolab.com.ar\/la-imagen-de-la-carne-argentina-esta-intacta\/"},"wordCount":387,"publisher":{"@id":"https:\/\/proagrolab.com.ar\/#organization"},"image":{"@id":"https:\/\/proagrolab.com.ar\/la-imagen-de-la-carne-argentina-esta-intacta\/#primaryimage"},"thumbnailUrl":"https:\/\/proagrolab.com.ar\/wp-content\/uploads\/2015\/01\/g_jydxeh7sh__Bovinos-Angus.jpg","articleSection":["News"],"inLanguage":"en-US"},{"@type":"WebPage","@id":"https:\/\/proagrolab.com.ar\/la-imagen-de-la-carne-argentina-esta-intacta\/","url":"https:\/\/proagrolab.com.ar\/la-imagen-de-la-carne-argentina-esta-intacta\/","name":"La imagen de la carne argentina est\u00e1 intacta. | Proagro","isPartOf":{"@id":"https:\/\/proagrolab.com.ar\/#website"},"primaryImageOfPage":{"@id":"https:\/\/proagrolab.com.ar\/la-imagen-de-la-carne-argentina-esta-intacta\/#primaryimage"},"image":{"@id":"https:\/\/proagrolab.com.ar\/la-imagen-de-la-carne-argentina-esta-intacta\/#primaryimage"},"thumbnailUrl":"https:\/\/proagrolab.com.ar\/wp-content\/uploads\/2015\/01\/g_jydxeh7sh__Bovinos-Angus.jpg","datePublished":"2013-09-03T00:00:01+00:00","breadcrumb":{"@id":"https:\/\/proagrolab.com.ar\/la-imagen-de-la-carne-argentina-esta-intacta\/#breadcrumb"},"inLanguage":"en-US","potentialAction":[{"@type":"ReadAction","target":["https:\/\/proagrolab.com.ar\/la-imagen-de-la-carne-argentina-esta-intacta\/"]}]},{"@type":"ImageObject","inLanguage":"en-US","@id":"https:\/\/proagrolab.com.ar\/la-imagen-de-la-carne-argentina-esta-intacta\/#primaryimage","url":"https:\/\/proagrolab.com.ar\/wp-content\/uploads\/2015\/01\/g_jydxeh7sh__Bovinos-Angus.jpg","contentUrl":"https:\/\/proagrolab.com.ar\/wp-content\/uploads\/2015\/01\/g_jydxeh7sh__Bovinos-Angus.jpg","width":450,"height":208},{"@type":"BreadcrumbList","@id":"https:\/\/proagrolab.com.ar\/la-imagen-de-la-carne-argentina-esta-intacta\/#breadcrumb","itemListElement":[{"@type":"ListItem","position":1,"name":"Portada","item":"https:\/\/proagrolab.com.ar\/"},{"@type":"ListItem","position":2,"name":"La imagen de la carne argentina est\u00e1 intacta."}]},{"@type":"WebSite","@id":"https:\/\/proagrolab.com.ar\/#website","url":"https:\/\/proagrolab.com.ar\/","name":"Proagro Laboratorio Veterinario","description":"Veterinary laboratory","publisher":{"@id":"https:\/\/proagrolab.com.ar\/#organization"},"potentialAction":[{"@type":"SearchAction","target":{"@type":"EntryPoint","urlTemplate":"https:\/\/proagrolab.com.ar\/?s={search_term_string}"},"query-input":{"@type":"PropertyValueSpecification","valueRequired":true,"valueName":"search_term_string"}}],"inLanguage":"en-US"},{"@type":"Organization","@id":"https:\/\/proagrolab.com.ar\/#organization","name":"Proagro","url":"https:\/\/proagrolab.com.ar\/","logo":{"@type":"ImageObject","inLanguage":"en-US","@id":"https:\/\/proagrolab.com.ar\/#\/schema\/logo\/image\/","url":"https:\/\/proagrolab.com.ar\/wp-content\/uploads\/2020\/04\/logo-retina.png","contentUrl":"https:\/\/proagrolab.com.ar\/wp-content\/uploads\/2020\/04\/logo-retina.png","width":478,"height":120,"caption":"Proagro"},"image":{"@id":"https:\/\/proagrolab.com.ar\/#\/schema\/logo\/image\/"},"sameAs":["http:\/\/www.facebook.com\/proagrolab","https:\/\/www.instagram.com\/proagrolab\/","https:\/\/www.linkedin.com\/company\/laboratorio-proagro-s-a\/"]},{"@type":"Person","@id":"https:\/\/proagrolab.com.ar\/#\/schema\/person\/38003ff90bf80381f71c7d922d207444","name":"proagrolab"}]}},"_links":{"self":[{"href":"https:\/\/proagrolab.com.ar\/en\/wp-json\/wp\/v2\/posts\/5664","targetHints":{"allow":["GET"]}}],"collection":[{"href":"https:\/\/proagrolab.com.ar\/en\/wp-json\/wp\/v2\/posts"}],"about":[{"href":"https:\/\/proagrolab.com.ar\/en\/wp-json\/wp\/v2\/types\/post"}],"author":[{"embeddable":true,"href":"https:\/\/proagrolab.com.ar\/en\/wp-json\/wp\/v2\/users\/2"}],"replies":[{"embeddable":true,"href":"https:\/\/proagrolab.com.ar\/en\/wp-json\/wp\/v2\/comments?post=5664"}],"version-history":[{"count":0,"href":"https:\/\/proagrolab.com.ar\/en\/wp-json\/wp\/v2\/posts\/5664\/revisions"}],"wp:featuredmedia":[{"embeddable":true,"href":"https:\/\/proagrolab.com.ar\/en\/wp-json\/wp\/v2\/media\/2154"}],"wp:attachment":[{"href":"https:\/\/proagrolab.com.ar\/en\/wp-json\/wp\/v2\/media?parent=5664"}],"wp:term":[{"taxonomy":"category","embeddable":true,"href":"https:\/\/proagrolab.com.ar\/en\/wp-json\/wp\/v2\/categories?post=5664"},{"taxonomy":"post_tag","embeddable":true,"href":"https:\/\/proagrolab.com.ar\/en\/wp-json\/wp\/v2\/tags?post=5664"}],"curies":[{"name":"wp","href":"https:\/\/api.w.org\/{rel}","templated":true}]}}