{"id":5663,"date":"2013-08-26T00:00:01","date_gmt":"2013-08-26T00:00:01","guid":{"rendered":"https:\/\/proagrolab.com.ar\/el-norte-le-da-la-bienvenida-a-expobra\/"},"modified":"2013-08-26T00:00:01","modified_gmt":"2013-08-26T00:00:01","slug":"el-norte-le-da-la-bienvenida-a-expobra","status":"publish","type":"post","link":"https:\/\/proagrolab.com.ar\/en\/el-norte-le-da-la-bienvenida-a-expobra\/","title":{"rendered":"El Norte le da la bienvenida a ExpoBRA."},"content":{"rendered":"<p class=\"qtranxs-available-languages-message qtranxs-available-languages-message-en\"> <\/p><p>La muestra, de la que participar\u00e1n las razas Braford, Brahman y Brangus, se realizar\u00e1 del 18 al 20 del mes pr\u00f3ximo en La Banda, Santiago del Estero; habr\u00e1 exposici\u00f3n y remate de reproductores y stands comerciales.<\/p>\n<p>Del 18 al 20 del mes pr\u00f3ximo se realizar\u00e1 una nueva edici\u00f3n de ExpoBRA, exposici\u00f3n organizada por las asociaciones argentinas de criadores de las razas Braford, Brahman y Brangus, el Ministerio de la Producci\u00f3n de Santiago del Estero y LA NACION. El encuentro ser\u00e1 en el Predio Ferial Vivero San Carlos, ruta 51, entre las v\u00edas del ferrocarril y la ruta nacional 34, en La Banda, Santiago del Estero.<\/p>\n<p>&#8220;Es una exposici\u00f3n de elite, que muestra la mejor gen\u00e9tica del norte argentino; se ha posicionado en Santiago del Estero y consolida a nuestra provincia como referente en ganader\u00eda&#8221;, asegur\u00f3 el ingeniero Luis Gelid, ministro de Producci\u00f3n, Recursos Naturales, Forestaci\u00f3n y Tierras, durante la firma del convenio de lanzamiento de la muestra.<\/p>\n<p>En representaci\u00f3n de las asociaciones de criadores, el presidente de Brangus, Santiago Gilotaux, destac\u00f3: &#8220;Es la \u00fanica exposici\u00f3n en la que estamos las tres razas juntas; es un paso adelante en promover la gen\u00e9tica tanto en el NOA como en el NEA&#8221;.<\/p>\n<p><i>Gen\u00e9tica<\/i><br \/>Santiago del Estero cuenta con 1.700.000 cabezas bovinas, &#8220;y a pesar de la seca de los \u00faltimos a\u00f1os que ha golpeado el Norte, contin\u00faa el crecimiento; fundamentalmente hay que destacar dos cuestiones: primero, la mejora en la gen\u00e9tica que se visualiza en todos los planteles; y en segundo lugar, en la composici\u00f3n del rodeo, Santiago ha pasado de ser una provincia netamente de cr\u00eda a ser productora de novillo o de ciclo completo, con lo cual la participaci\u00f3n en el mercado de ganados y carnes ha ido creciendo; y aqu\u00ed intentamos acompa\u00f1ar a trav\u00e9s del Plan Ganadero Provincial que ya lleva m\u00e1s de ocho a\u00f1os implementado&#8221;, dijo Gelid.<\/p>\n<p>&#8220;El productor est\u00e1 implementando gen\u00e9tica, basta ver los remates y los valores de los reproductores incluso este a\u00f1o con los problemas de la seca para darse cuenta de que el productor est\u00e1 apostando a largo plazo, se nota un optimismo&#8221;, expres\u00f3 Gilotaux.<\/p>\n<p>En esta nueva edici\u00f3n de ExpoBRA se mostrar\u00e1 los mejores ejemplares de la ganader\u00eda de esa regi\u00f3n. &#8220;Lo importante es que el productor sepa que la gen\u00e9tica es lo m\u00e1s barato en inversi\u00f3n para alguien que tiene vacas. Se paga con mayor peso al destete, mayor pre\u00f1ez y mayor calidad del animal, y por lo tanto un novillo terminado antes y m\u00e1s blando en el engorde. La inversi\u00f3n en gen\u00e9tica es una inversi\u00f3n relativamente baja con respecto al valor de un rodeo general y las mejoras son inmediatas&#8221;, explic\u00f3 Gilotaux.<\/p>\n<p>&#8220;Para m\u00ed es un gusto que junto a las tres asociaciones, a LA NACION y a la firma consignataria Colombo y Magliano podamos llevar adelante esta nueva edici\u00f3n; por el esfuerzo del sector ganadero, de las caba\u00f1as y por el futuro de la ganader\u00eda&#8221;, finaliz\u00f3 Gelid.<\/p>\n<p><i>Las actividades<\/i><br \/>Entre las principales actividades que se desarrollar\u00e1n en esta edici\u00f3n estar\u00e1n la Exposici\u00f3n y Remate de reproductores de Brangus, Braford y Brahman; conferencias sobre actualidad pol\u00edtica-econ\u00f3mica y seminarios t\u00e9cnicos. &#8220;Tambi\u00e9n habr\u00e1 un espacio de stands de empresas productoras y comercializadoras de productos y servicios vinculados con la cadena agroganadera, y un remate televisado de invernada desde el Vivero San Carlos con m\u00e1s de 4000 cabezas del NOA&#8221;, expres\u00f3 Eduardo Acu\u00f1a, de LA NACION.<\/p>\n<p>Elvio Colombo, de la firma consignataria Colombo y Magliano SA, a cargo de los remates que se desarrollar\u00e1n en la muestra sostuvo: &#8220;Concurrir\u00e1n casi todas las caba\u00f1as m\u00e1s importantes del pa\u00eds. Es una muestra con gen\u00e9tica clase A de las tres razas, una experiencia que se repetir\u00e1 con mucho \u00e9xito, a pesar de que es un momento muy dif\u00edcil porque hace dos a\u00f1os que estamos con sequ\u00eda&#8221;.<\/p>\n<p><i>Gen\u00e9tica de alto nivel al servicio del ganadero<\/i><br \/>El norte productivo<br \/>En Santiago del Estero hay un rodeo de 1.700.000 cabezas de ganado bovinos<\/p>\n<p>Razas que pisan fuerte<br \/>Expondr\u00e1n caba\u00f1as de criadores de las razas Braford, Brahman y Brangus<\/p>\n<p>Oferta de insumos<br \/>En la muestra habr\u00e1 stands de empresas de productos y servicios vinculados a la ganader\u00eda<\/p>\n<p>Fuente: la Naci\u00f3n, suple campo, 24 de agosto.<br \/><\/p>","protected":false},"excerpt":{"rendered":"<p>La muestra, de la que participar\u00e1n las razas Braford, Brahman y Brangus, se realizar\u00e1 del 18 al 20 del mes pr\u00f3ximo en La Banda, Santiago del Estero; habr\u00e1 exposici\u00f3n y remate de reproductores y stands comerciales. Del 18 al 20 del mes pr\u00f3ximo se realizar\u00e1 una nueva edici\u00f3n de ExpoBRA, exposici\u00f3n organizada por las asociaciones argentinas de criadores de las razas Braford, Brahman y Brangus, el Ministerio de la Producci\u00f3n de Santiago del Estero y LA NACION. El encuentro ser\u00e1 en el Predio Ferial Vivero San Carlos, ruta 51, entre las v\u00edas del ferrocarril y la ruta nacional 34, en La Banda, Santiago del Estero. &#8220;Es una exposici\u00f3n de elite, que muestra la mejor gen\u00e9tica del norte argentino; se ha posicionado en Santiago del Estero y consolida a nuestra provincia como referente en ganader\u00eda&#8221;, asegur\u00f3 el ingeniero Luis Gelid, ministro de Producci\u00f3n, Recursos Naturales, Forestaci\u00f3n y Tierras, durante la firma del convenio de lanzamiento de la muestra. En representaci\u00f3n de las asociaciones de criadores, el presidente de Brangus, Santiago Gilotaux, destac\u00f3: &#8220;Es la \u00fanica exposici\u00f3n en la que estamos las tres razas juntas; es un paso adelante en promover la gen\u00e9tica tanto en el NOA como en el NEA&#8221;. Gen\u00e9ticaSantiago [&hellip;]<\/p>\n","protected":false},"author":2,"featured_media":2153,"comment_status":"closed","ping_status":"open","sticky":false,"template":"","format":"standard","meta":{"_acf_changed":false,"footnotes":""},"categories":[56],"tags":[],"class_list":["post-5663","post","type-post","status-publish","format-standard","has-post-thumbnail","hentry","category-infoganadero"],"acf":[],"yoast_head":"<!-- This site is optimized with the Yoast SEO plugin v27.5 - https:\/\/yoast.com\/product\/yoast-seo-wordpress\/ -->\n<title>El Norte le da la bienvenida a ExpoBRA. | Proagro<\/title>\n<meta name=\"robots\" content=\"index, follow, max-snippet:-1, max-image-preview:large, max-video-preview:-1\" \/>\n<link rel=\"canonical\" href=\"https:\/\/proagrolab.com.ar\/en\/el-norte-le-da-la-bienvenida-a-expobra\/\" \/>\n<meta property=\"og:locale\" content=\"en_US\" \/>\n<meta property=\"og:type\" content=\"article\" \/>\n<meta property=\"og:title\" content=\"El Norte le da la bienvenida a ExpoBRA. | Proagro\" \/>\n<meta property=\"og:description\" content=\"La muestra, de la que participar\u00e1n las razas Braford, Brahman y Brangus, se realizar\u00e1 del 18 al 20 del mes pr\u00f3ximo en La Banda, Santiago del Estero; habr\u00e1 exposici\u00f3n y remate de reproductores y stands comerciales. Del 18 al 20 del mes pr\u00f3ximo se realizar\u00e1 una nueva edici\u00f3n de ExpoBRA, exposici\u00f3n organizada por las asociaciones argentinas de criadores de las razas Braford, Brahman y Brangus, el Ministerio de la Producci\u00f3n de Santiago del Estero y LA NACION. El encuentro ser\u00e1 en el Predio Ferial Vivero San Carlos, ruta 51, entre las v\u00edas del ferrocarril y la ruta nacional 34, en La Banda, Santiago del Estero. &#8220;Es una exposici\u00f3n de elite, que muestra la mejor gen\u00e9tica del norte argentino; se ha posicionado en Santiago del Estero y consolida a nuestra provincia como referente en ganader\u00eda&#8221;, asegur\u00f3 el ingeniero Luis Gelid, ministro de Producci\u00f3n, Recursos Naturales, Forestaci\u00f3n y Tierras, durante la firma del convenio de lanzamiento de la muestra. En representaci\u00f3n de las asociaciones de criadores, el presidente de Brangus, Santiago Gilotaux, destac\u00f3: &#8220;Es la \u00fanica exposici\u00f3n en la que estamos las tres razas juntas; es un paso adelante en promover la gen\u00e9tica tanto en el NOA como en el NEA&#8221;. Gen\u00e9ticaSantiago [&hellip;]\" \/>\n<meta property=\"og:url\" content=\"https:\/\/proagrolab.com.ar\/el-norte-le-da-la-bienvenida-a-expobra\/\" \/>\n<meta property=\"og:site_name\" content=\"Proagro\" \/>\n<meta property=\"article:publisher\" content=\"http:\/\/www.facebook.com\/proagrolab\" \/>\n<meta property=\"article:published_time\" content=\"2013-08-26T00:00:01+00:00\" \/>\n<meta property=\"og:image\" content=\"https:\/\/proagrolab.com.ar\/wp-content\/uploads\/2015\/01\/g_yqjkn55kg__Braford-hembra-campeona-2.jpg\" \/>\n\t<meta property=\"og:image:width\" content=\"450\" \/>\n\t<meta property=\"og:image:height\" content=\"208\" \/>\n\t<meta property=\"og:image:type\" content=\"image\/jpeg\" \/>\n<meta name=\"author\" content=\"proagrolab\" \/>\n<meta name=\"twitter:card\" content=\"summary_large_image\" \/>\n<meta name=\"twitter:label1\" content=\"Written by\" \/>\n\t<meta name=\"twitter:data1\" content=\"proagrolab\" \/>\n\t<meta name=\"twitter:label2\" content=\"Est. reading time\" \/>\n\t<meta name=\"twitter:data2\" content=\"4 minutes\" \/>\n<script type=\"application\/ld+json\" class=\"yoast-schema-graph\">{\"@context\":\"https:\\\/\\\/schema.org\",\"@graph\":[{\"@type\":\"Article\",\"@id\":\"https:\\\/\\\/proagrolab.com.ar\\\/el-norte-le-da-la-bienvenida-a-expobra\\\/#article\",\"isPartOf\":{\"@id\":\"https:\\\/\\\/proagrolab.com.ar\\\/el-norte-le-da-la-bienvenida-a-expobra\\\/\"},\"author\":{\"name\":\"proagrolab\",\"@id\":\"https:\\\/\\\/proagrolab.com.ar\\\/#\\\/schema\\\/person\\\/38003ff90bf80381f71c7d922d207444\"},\"headline\":\"El Norte le da la bienvenida a ExpoBRA.\",\"datePublished\":\"2013-08-26T00:00:01+00:00\",\"mainEntityOfPage\":{\"@id\":\"https:\\\/\\\/proagrolab.com.ar\\\/el-norte-le-da-la-bienvenida-a-expobra\\\/\"},\"wordCount\":755,\"publisher\":{\"@id\":\"https:\\\/\\\/proagrolab.com.ar\\\/#organization\"},\"image\":{\"@id\":\"https:\\\/\\\/proagrolab.com.ar\\\/el-norte-le-da-la-bienvenida-a-expobra\\\/#primaryimage\"},\"thumbnailUrl\":\"https:\\\/\\\/proagrolab.com.ar\\\/wp-content\\\/uploads\\\/2015\\\/01\\\/g_yqjkn55kg__Braford-hembra-campeona-2.jpg\",\"articleSection\":[\"News\"],\"inLanguage\":\"en-US\"},{\"@type\":\"WebPage\",\"@id\":\"https:\\\/\\\/proagrolab.com.ar\\\/el-norte-le-da-la-bienvenida-a-expobra\\\/\",\"url\":\"https:\\\/\\\/proagrolab.com.ar\\\/el-norte-le-da-la-bienvenida-a-expobra\\\/\",\"name\":\"El Norte le da la bienvenida a ExpoBRA. | Proagro\",\"isPartOf\":{\"@id\":\"https:\\\/\\\/proagrolab.com.ar\\\/#website\"},\"primaryImageOfPage\":{\"@id\":\"https:\\\/\\\/proagrolab.com.ar\\\/el-norte-le-da-la-bienvenida-a-expobra\\\/#primaryimage\"},\"image\":{\"@id\":\"https:\\\/\\\/proagrolab.com.ar\\\/el-norte-le-da-la-bienvenida-a-expobra\\\/#primaryimage\"},\"thumbnailUrl\":\"https:\\\/\\\/proagrolab.com.ar\\\/wp-content\\\/uploads\\\/2015\\\/01\\\/g_yqjkn55kg__Braford-hembra-campeona-2.jpg\",\"datePublished\":\"2013-08-26T00:00:01+00:00\",\"breadcrumb\":{\"@id\":\"https:\\\/\\\/proagrolab.com.ar\\\/el-norte-le-da-la-bienvenida-a-expobra\\\/#breadcrumb\"},\"inLanguage\":\"en-US\",\"potentialAction\":[{\"@type\":\"ReadAction\",\"target\":[\"https:\\\/\\\/proagrolab.com.ar\\\/el-norte-le-da-la-bienvenida-a-expobra\\\/\"]}]},{\"@type\":\"ImageObject\",\"inLanguage\":\"en-US\",\"@id\":\"https:\\\/\\\/proagrolab.com.ar\\\/el-norte-le-da-la-bienvenida-a-expobra\\\/#primaryimage\",\"url\":\"https:\\\/\\\/proagrolab.com.ar\\\/wp-content\\\/uploads\\\/2015\\\/01\\\/g_yqjkn55kg__Braford-hembra-campeona-2.jpg\",\"contentUrl\":\"https:\\\/\\\/proagrolab.com.ar\\\/wp-content\\\/uploads\\\/2015\\\/01\\\/g_yqjkn55kg__Braford-hembra-campeona-2.jpg\",\"width\":450,\"height\":208},{\"@type\":\"BreadcrumbList\",\"@id\":\"https:\\\/\\\/proagrolab.com.ar\\\/el-norte-le-da-la-bienvenida-a-expobra\\\/#breadcrumb\",\"itemListElement\":[{\"@type\":\"ListItem\",\"position\":1,\"name\":\"Portada\",\"item\":\"https:\\\/\\\/proagrolab.com.ar\\\/\"},{\"@type\":\"ListItem\",\"position\":2,\"name\":\"El Norte le da la bienvenida a ExpoBRA.\"}]},{\"@type\":\"WebSite\",\"@id\":\"https:\\\/\\\/proagrolab.com.ar\\\/#website\",\"url\":\"https:\\\/\\\/proagrolab.com.ar\\\/\",\"name\":\"Proagro Laboratorio Veterinario\",\"description\":\"Veterinary laboratory\",\"publisher\":{\"@id\":\"https:\\\/\\\/proagrolab.com.ar\\\/#organization\"},\"potentialAction\":[{\"@type\":\"SearchAction\",\"target\":{\"@type\":\"EntryPoint\",\"urlTemplate\":\"https:\\\/\\\/proagrolab.com.ar\\\/?s={search_term_string}\"},\"query-input\":{\"@type\":\"PropertyValueSpecification\",\"valueRequired\":true,\"valueName\":\"search_term_string\"}}],\"inLanguage\":\"en-US\"},{\"@type\":\"Organization\",\"@id\":\"https:\\\/\\\/proagrolab.com.ar\\\/#organization\",\"name\":\"Proagro\",\"url\":\"https:\\\/\\\/proagrolab.com.ar\\\/\",\"logo\":{\"@type\":\"ImageObject\",\"inLanguage\":\"en-US\",\"@id\":\"https:\\\/\\\/proagrolab.com.ar\\\/#\\\/schema\\\/logo\\\/image\\\/\",\"url\":\"https:\\\/\\\/proagrolab.com.ar\\\/wp-content\\\/uploads\\\/2020\\\/04\\\/logo-retina.png\",\"contentUrl\":\"https:\\\/\\\/proagrolab.com.ar\\\/wp-content\\\/uploads\\\/2020\\\/04\\\/logo-retina.png\",\"width\":478,\"height\":120,\"caption\":\"Proagro\"},\"image\":{\"@id\":\"https:\\\/\\\/proagrolab.com.ar\\\/#\\\/schema\\\/logo\\\/image\\\/\"},\"sameAs\":[\"http:\\\/\\\/www.facebook.com\\\/proagrolab\",\"https:\\\/\\\/www.instagram.com\\\/proagrolab\\\/\",\"https:\\\/\\\/www.linkedin.com\\\/company\\\/laboratorio-proagro-s-a\\\/\"]},{\"@type\":\"Person\",\"@id\":\"https:\\\/\\\/proagrolab.com.ar\\\/#\\\/schema\\\/person\\\/38003ff90bf80381f71c7d922d207444\",\"name\":\"proagrolab\"}]}<\/script>\n<!-- \/ Yoast SEO plugin. -->","yoast_head_json":{"title":"El Norte le da la bienvenida a ExpoBRA. | Proagro","robots":{"index":"index","follow":"follow","max-snippet":"max-snippet:-1","max-image-preview":"max-image-preview:large","max-video-preview":"max-video-preview:-1"},"canonical":"https:\/\/proagrolab.com.ar\/en\/el-norte-le-da-la-bienvenida-a-expobra\/","og_locale":"en_US","og_type":"article","og_title":"El Norte le da la bienvenida a ExpoBRA. | Proagro","og_description":"La muestra, de la que participar\u00e1n las razas Braford, Brahman y Brangus, se realizar\u00e1 del 18 al 20 del mes pr\u00f3ximo en La Banda, Santiago del Estero; habr\u00e1 exposici\u00f3n y remate de reproductores y stands comerciales. Del 18 al 20 del mes pr\u00f3ximo se realizar\u00e1 una nueva edici\u00f3n de ExpoBRA, exposici\u00f3n organizada por las asociaciones argentinas de criadores de las razas Braford, Brahman y Brangus, el Ministerio de la Producci\u00f3n de Santiago del Estero y LA NACION. El encuentro ser\u00e1 en el Predio Ferial Vivero San Carlos, ruta 51, entre las v\u00edas del ferrocarril y la ruta nacional 34, en La Banda, Santiago del Estero. &#8220;Es una exposici\u00f3n de elite, que muestra la mejor gen\u00e9tica del norte argentino; se ha posicionado en Santiago del Estero y consolida a nuestra provincia como referente en ganader\u00eda&#8221;, asegur\u00f3 el ingeniero Luis Gelid, ministro de Producci\u00f3n, Recursos Naturales, Forestaci\u00f3n y Tierras, durante la firma del convenio de lanzamiento de la muestra. En representaci\u00f3n de las asociaciones de criadores, el presidente de Brangus, Santiago Gilotaux, destac\u00f3: &#8220;Es la \u00fanica exposici\u00f3n en la que estamos las tres razas juntas; es un paso adelante en promover la gen\u00e9tica tanto en el NOA como en el NEA&#8221;. Gen\u00e9ticaSantiago [&hellip;]","og_url":"https:\/\/proagrolab.com.ar\/el-norte-le-da-la-bienvenida-a-expobra\/","og_site_name":"Proagro","article_publisher":"http:\/\/www.facebook.com\/proagrolab","article_published_time":"2013-08-26T00:00:01+00:00","og_image":[{"width":450,"height":208,"url":"https:\/\/proagrolab.com.ar\/wp-content\/uploads\/2015\/01\/g_yqjkn55kg__Braford-hembra-campeona-2.jpg","type":"image\/jpeg"}],"author":"proagrolab","twitter_card":"summary_large_image","twitter_misc":{"Written by":"proagrolab","Est. reading time":"4 minutes"},"schema":{"@context":"https:\/\/schema.org","@graph":[{"@type":"Article","@id":"https:\/\/proagrolab.com.ar\/el-norte-le-da-la-bienvenida-a-expobra\/#article","isPartOf":{"@id":"https:\/\/proagrolab.com.ar\/el-norte-le-da-la-bienvenida-a-expobra\/"},"author":{"name":"proagrolab","@id":"https:\/\/proagrolab.com.ar\/#\/schema\/person\/38003ff90bf80381f71c7d922d207444"},"headline":"El Norte le da la bienvenida a ExpoBRA.","datePublished":"2013-08-26T00:00:01+00:00","mainEntityOfPage":{"@id":"https:\/\/proagrolab.com.ar\/el-norte-le-da-la-bienvenida-a-expobra\/"},"wordCount":755,"publisher":{"@id":"https:\/\/proagrolab.com.ar\/#organization"},"image":{"@id":"https:\/\/proagrolab.com.ar\/el-norte-le-da-la-bienvenida-a-expobra\/#primaryimage"},"thumbnailUrl":"https:\/\/proagrolab.com.ar\/wp-content\/uploads\/2015\/01\/g_yqjkn55kg__Braford-hembra-campeona-2.jpg","articleSection":["News"],"inLanguage":"en-US"},{"@type":"WebPage","@id":"https:\/\/proagrolab.com.ar\/el-norte-le-da-la-bienvenida-a-expobra\/","url":"https:\/\/proagrolab.com.ar\/el-norte-le-da-la-bienvenida-a-expobra\/","name":"El Norte le da la bienvenida a ExpoBRA. | Proagro","isPartOf":{"@id":"https:\/\/proagrolab.com.ar\/#website"},"primaryImageOfPage":{"@id":"https:\/\/proagrolab.com.ar\/el-norte-le-da-la-bienvenida-a-expobra\/#primaryimage"},"image":{"@id":"https:\/\/proagrolab.com.ar\/el-norte-le-da-la-bienvenida-a-expobra\/#primaryimage"},"thumbnailUrl":"https:\/\/proagrolab.com.ar\/wp-content\/uploads\/2015\/01\/g_yqjkn55kg__Braford-hembra-campeona-2.jpg","datePublished":"2013-08-26T00:00:01+00:00","breadcrumb":{"@id":"https:\/\/proagrolab.com.ar\/el-norte-le-da-la-bienvenida-a-expobra\/#breadcrumb"},"inLanguage":"en-US","potentialAction":[{"@type":"ReadAction","target":["https:\/\/proagrolab.com.ar\/el-norte-le-da-la-bienvenida-a-expobra\/"]}]},{"@type":"ImageObject","inLanguage":"en-US","@id":"https:\/\/proagrolab.com.ar\/el-norte-le-da-la-bienvenida-a-expobra\/#primaryimage","url":"https:\/\/proagrolab.com.ar\/wp-content\/uploads\/2015\/01\/g_yqjkn55kg__Braford-hembra-campeona-2.jpg","contentUrl":"https:\/\/proagrolab.com.ar\/wp-content\/uploads\/2015\/01\/g_yqjkn55kg__Braford-hembra-campeona-2.jpg","width":450,"height":208},{"@type":"BreadcrumbList","@id":"https:\/\/proagrolab.com.ar\/el-norte-le-da-la-bienvenida-a-expobra\/#breadcrumb","itemListElement":[{"@type":"ListItem","position":1,"name":"Portada","item":"https:\/\/proagrolab.com.ar\/"},{"@type":"ListItem","position":2,"name":"El Norte le da la bienvenida a ExpoBRA."}]},{"@type":"WebSite","@id":"https:\/\/proagrolab.com.ar\/#website","url":"https:\/\/proagrolab.com.ar\/","name":"Proagro Laboratorio Veterinario","description":"Veterinary laboratory","publisher":{"@id":"https:\/\/proagrolab.com.ar\/#organization"},"potentialAction":[{"@type":"SearchAction","target":{"@type":"EntryPoint","urlTemplate":"https:\/\/proagrolab.com.ar\/?s={search_term_string}"},"query-input":{"@type":"PropertyValueSpecification","valueRequired":true,"valueName":"search_term_string"}}],"inLanguage":"en-US"},{"@type":"Organization","@id":"https:\/\/proagrolab.com.ar\/#organization","name":"Proagro","url":"https:\/\/proagrolab.com.ar\/","logo":{"@type":"ImageObject","inLanguage":"en-US","@id":"https:\/\/proagrolab.com.ar\/#\/schema\/logo\/image\/","url":"https:\/\/proagrolab.com.ar\/wp-content\/uploads\/2020\/04\/logo-retina.png","contentUrl":"https:\/\/proagrolab.com.ar\/wp-content\/uploads\/2020\/04\/logo-retina.png","width":478,"height":120,"caption":"Proagro"},"image":{"@id":"https:\/\/proagrolab.com.ar\/#\/schema\/logo\/image\/"},"sameAs":["http:\/\/www.facebook.com\/proagrolab","https:\/\/www.instagram.com\/proagrolab\/","https:\/\/www.linkedin.com\/company\/laboratorio-proagro-s-a\/"]},{"@type":"Person","@id":"https:\/\/proagrolab.com.ar\/#\/schema\/person\/38003ff90bf80381f71c7d922d207444","name":"proagrolab"}]}},"_links":{"self":[{"href":"https:\/\/proagrolab.com.ar\/en\/wp-json\/wp\/v2\/posts\/5663","targetHints":{"allow":["GET"]}}],"collection":[{"href":"https:\/\/proagrolab.com.ar\/en\/wp-json\/wp\/v2\/posts"}],"about":[{"href":"https:\/\/proagrolab.com.ar\/en\/wp-json\/wp\/v2\/types\/post"}],"author":[{"embeddable":true,"href":"https:\/\/proagrolab.com.ar\/en\/wp-json\/wp\/v2\/users\/2"}],"replies":[{"embeddable":true,"href":"https:\/\/proagrolab.com.ar\/en\/wp-json\/wp\/v2\/comments?post=5663"}],"version-history":[{"count":0,"href":"https:\/\/proagrolab.com.ar\/en\/wp-json\/wp\/v2\/posts\/5663\/revisions"}],"wp:featuredmedia":[{"embeddable":true,"href":"https:\/\/proagrolab.com.ar\/en\/wp-json\/wp\/v2\/media\/2153"}],"wp:attachment":[{"href":"https:\/\/proagrolab.com.ar\/en\/wp-json\/wp\/v2\/media?parent=5663"}],"wp:term":[{"taxonomy":"category","embeddable":true,"href":"https:\/\/proagrolab.com.ar\/en\/wp-json\/wp\/v2\/categories?post=5663"},{"taxonomy":"post_tag","embeddable":true,"href":"https:\/\/proagrolab.com.ar\/en\/wp-json\/wp\/v2\/tags?post=5663"}],"curies":[{"name":"wp","href":"https:\/\/api.w.org\/{rel}","templated":true}]}}