{"id":5660,"date":"2013-08-23T00:00:01","date_gmt":"2013-08-23T00:00:01","guid":{"rendered":"https:\/\/proagrolab.com.ar\/cartez-presento-un-plan-lechero-cordobes-para-la-region-centro\/"},"modified":"2013-08-23T00:00:01","modified_gmt":"2013-08-23T00:00:01","slug":"cartez-presento-un-plan-lechero-cordobes-para-la-region-centro","status":"publish","type":"post","link":"https:\/\/proagrolab.com.ar\/en\/cartez-presento-un-plan-lechero-cordobes-para-la-region-centro\/","title":{"rendered":"CARTEZ present\u00f3 un Plan Lechero Cordob\u00e9s para la Regi\u00f3n Centro."},"content":{"rendered":"<p class=\"qtranxs-available-languages-message qtranxs-available-languages-message-en\"> <\/p><p>La entidad pidi\u00f3 ayuda al ministro de de Agricultura de la provincia de C\u00f3rdoba, N\u00e9stor Scalerandi, para ponerlo en marcha.<\/p>\n<p>La Comisi\u00f3n de Enlace de entidades Agropecuarias Regional C\u00f3rdoba (CARTEZ) present\u00f3 un Plan Lechero Cordob\u00e9s para la Regi\u00f3n Centro que tiene &#8220;la finalidad de de propiciar la formalizaci\u00f3n de la relaci\u00f3n comercial entre industria y producci\u00f3n y promover acciones para dotar de capacidad de exportaci\u00f3n a las empresas que hoy no la tienen o ampliar las que est\u00e1n con capacidad colmada&#8221;.<\/p>\n<p>A trav\u00e9s de una carta dirigida al ministro de de Agricultura de la provincia de C\u00f3rdoba, N\u00e9stor Scalerandi, pidi\u00f3 al Gobierno provincial que &#8220;sea el \u00f3rgano convocante y se convierta en coordinador de las acciones para desarrollar este emprendimiento, que sin duda, puede ser mejorado con su aporte para el desarrollo de la lecher\u00eda regional&#8221;.<\/p>\n<p>La entidad se\u00f1ala que para poder competir en el mercado internacional, los productos de exportaci\u00f3n deber\u00e1n ser logrados a costos internacionales, lo que requiere de plantas de gran porte (Con una capacidad de procesamiento de m\u00e1s de un mill\u00f3n de litros diarios), con una demanda de inversi\u00f3n muy dif\u00edcil de enfrentar individualmente.<\/p>\n<p>Fuente: Infortambo, 22 de agosto.<br \/><\/p>","protected":false},"excerpt":{"rendered":"<p>La entidad pidi\u00f3 ayuda al ministro de de Agricultura de la provincia de C\u00f3rdoba, N\u00e9stor Scalerandi, para ponerlo en marcha. La Comisi\u00f3n de Enlace de entidades Agropecuarias Regional C\u00f3rdoba (CARTEZ) present\u00f3 un Plan Lechero Cordob\u00e9s para la Regi\u00f3n Centro que tiene &#8220;la finalidad de de propiciar la formalizaci\u00f3n de la relaci\u00f3n comercial entre industria y producci\u00f3n y promover acciones para dotar de capacidad de exportaci\u00f3n a las empresas que hoy no la tienen o ampliar las que est\u00e1n con capacidad colmada&#8221;. A trav\u00e9s de una carta dirigida al ministro de de Agricultura de la provincia de C\u00f3rdoba, N\u00e9stor Scalerandi, pidi\u00f3 al Gobierno provincial que &#8220;sea el \u00f3rgano convocante y se convierta en coordinador de las acciones para desarrollar este emprendimiento, que sin duda, puede ser mejorado con su aporte para el desarrollo de la lecher\u00eda regional&#8221;. La entidad se\u00f1ala que para poder competir en el mercado internacional, los productos de exportaci\u00f3n deber\u00e1n ser logrados a costos internacionales, lo que requiere de plantas de gran porte (Con una capacidad de procesamiento de m\u00e1s de un mill\u00f3n de litros diarios), con una demanda de inversi\u00f3n muy dif\u00edcil de enfrentar individualmente. Fuente: Infortambo, 22 de agosto.<\/p>\n","protected":false},"author":2,"featured_media":2150,"comment_status":"closed","ping_status":"open","sticky":false,"template":"","format":"standard","meta":{"_acf_changed":false,"footnotes":""},"categories":[56],"tags":[],"class_list":["post-5660","post","type-post","status-publish","format-standard","has-post-thumbnail","hentry","category-infoganadero"],"acf":[],"yoast_head":"<!-- This site is optimized with the Yoast SEO plugin v27.5 - https:\/\/yoast.com\/product\/yoast-seo-wordpress\/ -->\n<title>CARTEZ present\u00f3 un Plan Lechero Cordob\u00e9s para la Regi\u00f3n Centro. | Proagro<\/title>\n<meta name=\"robots\" content=\"index, follow, max-snippet:-1, max-image-preview:large, max-video-preview:-1\" \/>\n<link rel=\"canonical\" href=\"https:\/\/proagrolab.com.ar\/en\/cartez-presento-un-plan-lechero-cordobes-para-la-region-centro\/\" \/>\n<meta property=\"og:locale\" content=\"en_US\" \/>\n<meta property=\"og:type\" content=\"article\" \/>\n<meta property=\"og:title\" content=\"CARTEZ present\u00f3 un Plan Lechero Cordob\u00e9s para la Regi\u00f3n Centro. | Proagro\" \/>\n<meta property=\"og:description\" content=\"La entidad pidi\u00f3 ayuda al ministro de de Agricultura de la provincia de C\u00f3rdoba, N\u00e9stor Scalerandi, para ponerlo en marcha. La Comisi\u00f3n de Enlace de entidades Agropecuarias Regional C\u00f3rdoba (CARTEZ) present\u00f3 un Plan Lechero Cordob\u00e9s para la Regi\u00f3n Centro que tiene &#8220;la finalidad de de propiciar la formalizaci\u00f3n de la relaci\u00f3n comercial entre industria y producci\u00f3n y promover acciones para dotar de capacidad de exportaci\u00f3n a las empresas que hoy no la tienen o ampliar las que est\u00e1n con capacidad colmada&#8221;. A trav\u00e9s de una carta dirigida al ministro de de Agricultura de la provincia de C\u00f3rdoba, N\u00e9stor Scalerandi, pidi\u00f3 al Gobierno provincial que &#8220;sea el \u00f3rgano convocante y se convierta en coordinador de las acciones para desarrollar este emprendimiento, que sin duda, puede ser mejorado con su aporte para el desarrollo de la lecher\u00eda regional&#8221;. La entidad se\u00f1ala que para poder competir en el mercado internacional, los productos de exportaci\u00f3n deber\u00e1n ser logrados a costos internacionales, lo que requiere de plantas de gran porte (Con una capacidad de procesamiento de m\u00e1s de un mill\u00f3n de litros diarios), con una demanda de inversi\u00f3n muy dif\u00edcil de enfrentar individualmente. Fuente: Infortambo, 22 de agosto.\" \/>\n<meta property=\"og:url\" content=\"https:\/\/proagrolab.com.ar\/cartez-presento-un-plan-lechero-cordobes-para-la-region-centro\/\" \/>\n<meta property=\"og:site_name\" content=\"Proagro\" \/>\n<meta property=\"article:publisher\" content=\"http:\/\/www.facebook.com\/proagrolab\" \/>\n<meta property=\"article:published_time\" content=\"2013-08-23T00:00:01+00:00\" \/>\n<meta property=\"og:image\" content=\"https:\/\/proagrolab.com.ar\/wp-content\/uploads\/2015\/01\/g_l9h4k14vi__Lecheras-14.jpg\" \/>\n\t<meta property=\"og:image:width\" content=\"450\" \/>\n\t<meta property=\"og:image:height\" content=\"208\" \/>\n\t<meta property=\"og:image:type\" content=\"image\/jpeg\" \/>\n<meta name=\"author\" content=\"proagrolab\" \/>\n<meta name=\"twitter:card\" content=\"summary_large_image\" \/>\n<meta name=\"twitter:label1\" content=\"Written by\" \/>\n\t<meta name=\"twitter:data1\" content=\"proagrolab\" \/>\n\t<meta name=\"twitter:label2\" content=\"Est. reading time\" \/>\n\t<meta name=\"twitter:data2\" content=\"1 minute\" \/>\n<script type=\"application\/ld+json\" class=\"yoast-schema-graph\">{\"@context\":\"https:\\\/\\\/schema.org\",\"@graph\":[{\"@type\":\"Article\",\"@id\":\"https:\\\/\\\/proagrolab.com.ar\\\/cartez-presento-un-plan-lechero-cordobes-para-la-region-centro\\\/#article\",\"isPartOf\":{\"@id\":\"https:\\\/\\\/proagrolab.com.ar\\\/cartez-presento-un-plan-lechero-cordobes-para-la-region-centro\\\/\"},\"author\":{\"name\":\"proagrolab\",\"@id\":\"https:\\\/\\\/proagrolab.com.ar\\\/#\\\/schema\\\/person\\\/38003ff90bf80381f71c7d922d207444\"},\"headline\":\"CARTEZ present\u00f3 un Plan Lechero Cordob\u00e9s para la Regi\u00f3n Centro.\",\"datePublished\":\"2013-08-23T00:00:01+00:00\",\"mainEntityOfPage\":{\"@id\":\"https:\\\/\\\/proagrolab.com.ar\\\/cartez-presento-un-plan-lechero-cordobes-para-la-region-centro\\\/\"},\"wordCount\":226,\"publisher\":{\"@id\":\"https:\\\/\\\/proagrolab.com.ar\\\/#organization\"},\"image\":{\"@id\":\"https:\\\/\\\/proagrolab.com.ar\\\/cartez-presento-un-plan-lechero-cordobes-para-la-region-centro\\\/#primaryimage\"},\"thumbnailUrl\":\"https:\\\/\\\/proagrolab.com.ar\\\/wp-content\\\/uploads\\\/2015\\\/01\\\/g_l9h4k14vi__Lecheras-14.jpg\",\"articleSection\":[\"News\"],\"inLanguage\":\"en-US\"},{\"@type\":\"WebPage\",\"@id\":\"https:\\\/\\\/proagrolab.com.ar\\\/cartez-presento-un-plan-lechero-cordobes-para-la-region-centro\\\/\",\"url\":\"https:\\\/\\\/proagrolab.com.ar\\\/cartez-presento-un-plan-lechero-cordobes-para-la-region-centro\\\/\",\"name\":\"CARTEZ present\u00f3 un Plan Lechero Cordob\u00e9s para la Regi\u00f3n Centro. | Proagro\",\"isPartOf\":{\"@id\":\"https:\\\/\\\/proagrolab.com.ar\\\/#website\"},\"primaryImageOfPage\":{\"@id\":\"https:\\\/\\\/proagrolab.com.ar\\\/cartez-presento-un-plan-lechero-cordobes-para-la-region-centro\\\/#primaryimage\"},\"image\":{\"@id\":\"https:\\\/\\\/proagrolab.com.ar\\\/cartez-presento-un-plan-lechero-cordobes-para-la-region-centro\\\/#primaryimage\"},\"thumbnailUrl\":\"https:\\\/\\\/proagrolab.com.ar\\\/wp-content\\\/uploads\\\/2015\\\/01\\\/g_l9h4k14vi__Lecheras-14.jpg\",\"datePublished\":\"2013-08-23T00:00:01+00:00\",\"breadcrumb\":{\"@id\":\"https:\\\/\\\/proagrolab.com.ar\\\/cartez-presento-un-plan-lechero-cordobes-para-la-region-centro\\\/#breadcrumb\"},\"inLanguage\":\"en-US\",\"potentialAction\":[{\"@type\":\"ReadAction\",\"target\":[\"https:\\\/\\\/proagrolab.com.ar\\\/cartez-presento-un-plan-lechero-cordobes-para-la-region-centro\\\/\"]}]},{\"@type\":\"ImageObject\",\"inLanguage\":\"en-US\",\"@id\":\"https:\\\/\\\/proagrolab.com.ar\\\/cartez-presento-un-plan-lechero-cordobes-para-la-region-centro\\\/#primaryimage\",\"url\":\"https:\\\/\\\/proagrolab.com.ar\\\/wp-content\\\/uploads\\\/2015\\\/01\\\/g_l9h4k14vi__Lecheras-14.jpg\",\"contentUrl\":\"https:\\\/\\\/proagrolab.com.ar\\\/wp-content\\\/uploads\\\/2015\\\/01\\\/g_l9h4k14vi__Lecheras-14.jpg\",\"width\":450,\"height\":208},{\"@type\":\"BreadcrumbList\",\"@id\":\"https:\\\/\\\/proagrolab.com.ar\\\/cartez-presento-un-plan-lechero-cordobes-para-la-region-centro\\\/#breadcrumb\",\"itemListElement\":[{\"@type\":\"ListItem\",\"position\":1,\"name\":\"Portada\",\"item\":\"https:\\\/\\\/proagrolab.com.ar\\\/\"},{\"@type\":\"ListItem\",\"position\":2,\"name\":\"CARTEZ present\u00f3 un Plan Lechero Cordob\u00e9s para la Regi\u00f3n Centro.\"}]},{\"@type\":\"WebSite\",\"@id\":\"https:\\\/\\\/proagrolab.com.ar\\\/#website\",\"url\":\"https:\\\/\\\/proagrolab.com.ar\\\/\",\"name\":\"Proagro Laboratorio Veterinario\",\"description\":\"Veterinary laboratory\",\"publisher\":{\"@id\":\"https:\\\/\\\/proagrolab.com.ar\\\/#organization\"},\"potentialAction\":[{\"@type\":\"SearchAction\",\"target\":{\"@type\":\"EntryPoint\",\"urlTemplate\":\"https:\\\/\\\/proagrolab.com.ar\\\/?s={search_term_string}\"},\"query-input\":{\"@type\":\"PropertyValueSpecification\",\"valueRequired\":true,\"valueName\":\"search_term_string\"}}],\"inLanguage\":\"en-US\"},{\"@type\":\"Organization\",\"@id\":\"https:\\\/\\\/proagrolab.com.ar\\\/#organization\",\"name\":\"Proagro\",\"url\":\"https:\\\/\\\/proagrolab.com.ar\\\/\",\"logo\":{\"@type\":\"ImageObject\",\"inLanguage\":\"en-US\",\"@id\":\"https:\\\/\\\/proagrolab.com.ar\\\/#\\\/schema\\\/logo\\\/image\\\/\",\"url\":\"https:\\\/\\\/proagrolab.com.ar\\\/wp-content\\\/uploads\\\/2020\\\/04\\\/logo-retina.png\",\"contentUrl\":\"https:\\\/\\\/proagrolab.com.ar\\\/wp-content\\\/uploads\\\/2020\\\/04\\\/logo-retina.png\",\"width\":478,\"height\":120,\"caption\":\"Proagro\"},\"image\":{\"@id\":\"https:\\\/\\\/proagrolab.com.ar\\\/#\\\/schema\\\/logo\\\/image\\\/\"},\"sameAs\":[\"http:\\\/\\\/www.facebook.com\\\/proagrolab\",\"https:\\\/\\\/www.instagram.com\\\/proagrolab\\\/\",\"https:\\\/\\\/www.linkedin.com\\\/company\\\/laboratorio-proagro-s-a\\\/\"]},{\"@type\":\"Person\",\"@id\":\"https:\\\/\\\/proagrolab.com.ar\\\/#\\\/schema\\\/person\\\/38003ff90bf80381f71c7d922d207444\",\"name\":\"proagrolab\"}]}<\/script>\n<!-- \/ Yoast SEO plugin. -->","yoast_head_json":{"title":"CARTEZ present\u00f3 un Plan Lechero Cordob\u00e9s para la Regi\u00f3n Centro. | Proagro","robots":{"index":"index","follow":"follow","max-snippet":"max-snippet:-1","max-image-preview":"max-image-preview:large","max-video-preview":"max-video-preview:-1"},"canonical":"https:\/\/proagrolab.com.ar\/en\/cartez-presento-un-plan-lechero-cordobes-para-la-region-centro\/","og_locale":"en_US","og_type":"article","og_title":"CARTEZ present\u00f3 un Plan Lechero Cordob\u00e9s para la Regi\u00f3n Centro. | Proagro","og_description":"La entidad pidi\u00f3 ayuda al ministro de de Agricultura de la provincia de C\u00f3rdoba, N\u00e9stor Scalerandi, para ponerlo en marcha. La Comisi\u00f3n de Enlace de entidades Agropecuarias Regional C\u00f3rdoba (CARTEZ) present\u00f3 un Plan Lechero Cordob\u00e9s para la Regi\u00f3n Centro que tiene &#8220;la finalidad de de propiciar la formalizaci\u00f3n de la relaci\u00f3n comercial entre industria y producci\u00f3n y promover acciones para dotar de capacidad de exportaci\u00f3n a las empresas que hoy no la tienen o ampliar las que est\u00e1n con capacidad colmada&#8221;. A trav\u00e9s de una carta dirigida al ministro de de Agricultura de la provincia de C\u00f3rdoba, N\u00e9stor Scalerandi, pidi\u00f3 al Gobierno provincial que &#8220;sea el \u00f3rgano convocante y se convierta en coordinador de las acciones para desarrollar este emprendimiento, que sin duda, puede ser mejorado con su aporte para el desarrollo de la lecher\u00eda regional&#8221;. La entidad se\u00f1ala que para poder competir en el mercado internacional, los productos de exportaci\u00f3n deber\u00e1n ser logrados a costos internacionales, lo que requiere de plantas de gran porte (Con una capacidad de procesamiento de m\u00e1s de un mill\u00f3n de litros diarios), con una demanda de inversi\u00f3n muy dif\u00edcil de enfrentar individualmente. Fuente: Infortambo, 22 de agosto.","og_url":"https:\/\/proagrolab.com.ar\/cartez-presento-un-plan-lechero-cordobes-para-la-region-centro\/","og_site_name":"Proagro","article_publisher":"http:\/\/www.facebook.com\/proagrolab","article_published_time":"2013-08-23T00:00:01+00:00","og_image":[{"width":450,"height":208,"url":"https:\/\/proagrolab.com.ar\/wp-content\/uploads\/2015\/01\/g_l9h4k14vi__Lecheras-14.jpg","type":"image\/jpeg"}],"author":"proagrolab","twitter_card":"summary_large_image","twitter_misc":{"Written by":"proagrolab","Est. reading time":"1 minute"},"schema":{"@context":"https:\/\/schema.org","@graph":[{"@type":"Article","@id":"https:\/\/proagrolab.com.ar\/cartez-presento-un-plan-lechero-cordobes-para-la-region-centro\/#article","isPartOf":{"@id":"https:\/\/proagrolab.com.ar\/cartez-presento-un-plan-lechero-cordobes-para-la-region-centro\/"},"author":{"name":"proagrolab","@id":"https:\/\/proagrolab.com.ar\/#\/schema\/person\/38003ff90bf80381f71c7d922d207444"},"headline":"CARTEZ present\u00f3 un Plan Lechero Cordob\u00e9s para la Regi\u00f3n Centro.","datePublished":"2013-08-23T00:00:01+00:00","mainEntityOfPage":{"@id":"https:\/\/proagrolab.com.ar\/cartez-presento-un-plan-lechero-cordobes-para-la-region-centro\/"},"wordCount":226,"publisher":{"@id":"https:\/\/proagrolab.com.ar\/#organization"},"image":{"@id":"https:\/\/proagrolab.com.ar\/cartez-presento-un-plan-lechero-cordobes-para-la-region-centro\/#primaryimage"},"thumbnailUrl":"https:\/\/proagrolab.com.ar\/wp-content\/uploads\/2015\/01\/g_l9h4k14vi__Lecheras-14.jpg","articleSection":["News"],"inLanguage":"en-US"},{"@type":"WebPage","@id":"https:\/\/proagrolab.com.ar\/cartez-presento-un-plan-lechero-cordobes-para-la-region-centro\/","url":"https:\/\/proagrolab.com.ar\/cartez-presento-un-plan-lechero-cordobes-para-la-region-centro\/","name":"CARTEZ present\u00f3 un Plan Lechero Cordob\u00e9s para la Regi\u00f3n Centro. | Proagro","isPartOf":{"@id":"https:\/\/proagrolab.com.ar\/#website"},"primaryImageOfPage":{"@id":"https:\/\/proagrolab.com.ar\/cartez-presento-un-plan-lechero-cordobes-para-la-region-centro\/#primaryimage"},"image":{"@id":"https:\/\/proagrolab.com.ar\/cartez-presento-un-plan-lechero-cordobes-para-la-region-centro\/#primaryimage"},"thumbnailUrl":"https:\/\/proagrolab.com.ar\/wp-content\/uploads\/2015\/01\/g_l9h4k14vi__Lecheras-14.jpg","datePublished":"2013-08-23T00:00:01+00:00","breadcrumb":{"@id":"https:\/\/proagrolab.com.ar\/cartez-presento-un-plan-lechero-cordobes-para-la-region-centro\/#breadcrumb"},"inLanguage":"en-US","potentialAction":[{"@type":"ReadAction","target":["https:\/\/proagrolab.com.ar\/cartez-presento-un-plan-lechero-cordobes-para-la-region-centro\/"]}]},{"@type":"ImageObject","inLanguage":"en-US","@id":"https:\/\/proagrolab.com.ar\/cartez-presento-un-plan-lechero-cordobes-para-la-region-centro\/#primaryimage","url":"https:\/\/proagrolab.com.ar\/wp-content\/uploads\/2015\/01\/g_l9h4k14vi__Lecheras-14.jpg","contentUrl":"https:\/\/proagrolab.com.ar\/wp-content\/uploads\/2015\/01\/g_l9h4k14vi__Lecheras-14.jpg","width":450,"height":208},{"@type":"BreadcrumbList","@id":"https:\/\/proagrolab.com.ar\/cartez-presento-un-plan-lechero-cordobes-para-la-region-centro\/#breadcrumb","itemListElement":[{"@type":"ListItem","position":1,"name":"Portada","item":"https:\/\/proagrolab.com.ar\/"},{"@type":"ListItem","position":2,"name":"CARTEZ present\u00f3 un Plan Lechero Cordob\u00e9s para la Regi\u00f3n Centro."}]},{"@type":"WebSite","@id":"https:\/\/proagrolab.com.ar\/#website","url":"https:\/\/proagrolab.com.ar\/","name":"Proagro Laboratorio Veterinario","description":"Veterinary laboratory","publisher":{"@id":"https:\/\/proagrolab.com.ar\/#organization"},"potentialAction":[{"@type":"SearchAction","target":{"@type":"EntryPoint","urlTemplate":"https:\/\/proagrolab.com.ar\/?s={search_term_string}"},"query-input":{"@type":"PropertyValueSpecification","valueRequired":true,"valueName":"search_term_string"}}],"inLanguage":"en-US"},{"@type":"Organization","@id":"https:\/\/proagrolab.com.ar\/#organization","name":"Proagro","url":"https:\/\/proagrolab.com.ar\/","logo":{"@type":"ImageObject","inLanguage":"en-US","@id":"https:\/\/proagrolab.com.ar\/#\/schema\/logo\/image\/","url":"https:\/\/proagrolab.com.ar\/wp-content\/uploads\/2020\/04\/logo-retina.png","contentUrl":"https:\/\/proagrolab.com.ar\/wp-content\/uploads\/2020\/04\/logo-retina.png","width":478,"height":120,"caption":"Proagro"},"image":{"@id":"https:\/\/proagrolab.com.ar\/#\/schema\/logo\/image\/"},"sameAs":["http:\/\/www.facebook.com\/proagrolab","https:\/\/www.instagram.com\/proagrolab\/","https:\/\/www.linkedin.com\/company\/laboratorio-proagro-s-a\/"]},{"@type":"Person","@id":"https:\/\/proagrolab.com.ar\/#\/schema\/person\/38003ff90bf80381f71c7d922d207444","name":"proagrolab"}]}},"_links":{"self":[{"href":"https:\/\/proagrolab.com.ar\/en\/wp-json\/wp\/v2\/posts\/5660","targetHints":{"allow":["GET"]}}],"collection":[{"href":"https:\/\/proagrolab.com.ar\/en\/wp-json\/wp\/v2\/posts"}],"about":[{"href":"https:\/\/proagrolab.com.ar\/en\/wp-json\/wp\/v2\/types\/post"}],"author":[{"embeddable":true,"href":"https:\/\/proagrolab.com.ar\/en\/wp-json\/wp\/v2\/users\/2"}],"replies":[{"embeddable":true,"href":"https:\/\/proagrolab.com.ar\/en\/wp-json\/wp\/v2\/comments?post=5660"}],"version-history":[{"count":0,"href":"https:\/\/proagrolab.com.ar\/en\/wp-json\/wp\/v2\/posts\/5660\/revisions"}],"wp:featuredmedia":[{"embeddable":true,"href":"https:\/\/proagrolab.com.ar\/en\/wp-json\/wp\/v2\/media\/2150"}],"wp:attachment":[{"href":"https:\/\/proagrolab.com.ar\/en\/wp-json\/wp\/v2\/media?parent=5660"}],"wp:term":[{"taxonomy":"category","embeddable":true,"href":"https:\/\/proagrolab.com.ar\/en\/wp-json\/wp\/v2\/categories?post=5660"},{"taxonomy":"post_tag","embeddable":true,"href":"https:\/\/proagrolab.com.ar\/en\/wp-json\/wp\/v2\/tags?post=5660"}],"curies":[{"name":"wp","href":"https:\/\/api.w.org\/{rel}","templated":true}]}}