{"id":5656,"date":"2013-08-23T00:00:01","date_gmt":"2013-08-23T00:00:01","guid":{"rendered":"https:\/\/proagrolab.com.ar\/sequia-en-salta-ya-se-perdieron-4-355-m-en-agricutltura-y-750-m-en-ganaderia\/"},"modified":"2013-08-23T00:00:01","modified_gmt":"2013-08-23T00:00:01","slug":"sequia-en-salta-ya-se-perdieron-4-355-m-en-agricutltura-y-750-m-en-ganaderia","status":"publish","type":"post","link":"https:\/\/proagrolab.com.ar\/en\/sequia-en-salta-ya-se-perdieron-4-355-m-en-agricutltura-y-750-m-en-ganaderia\/","title":{"rendered":"Sequ\u00eda en Salta: ya se perdieron $4.355 M en agricutltura y $750 M en ganader\u00eda."},"content":{"rendered":"<p class=\"qtranxs-available-languages-message qtranxs-available-languages-message-en\"> <\/p><p>Dos campa\u00f1as consecutivas con lluvias escasas provocaron n\u00fameros rojos en la cosecha de granos y en la ganader\u00eda. Ya se produjo una gran mortandad de animales.<\/p>\n<p>&#8220;Ya no hay comida y lo que damos es grano comprado. En octubre tiene que llover, si no, se nos va a acabar esta comida tambi\u00e9n.&#8221; La frase es de Ignacio Lupi\u00f3n, asesor de ganaderos y vicepresidente de la Sociedad Rural salte\u00f1a. Es un testimonio m\u00e1s, de los tantos que abundan aqu\u00ed, del dramatismo en esta provincia.<\/p>\n<p>Este campo est\u00e1 180 kil\u00f3metros al noroeste de la ciudad de Salta. Recibi\u00f3 de lleno el golpe de la sequ\u00eda: de un registro de lluvias anuales promedio -de julio a julio- de 600 mil\u00edmetros cay\u00f3 a poco m\u00e1s de 200 mil\u00edmetros. Y encima hasta octubre o noviembre no es \u00e9poca de lluvias. Una seguidilla de heladas que lleg\u00f3 a tocar 8 grados bajo cero en varios lugares (para muchos, las m\u00e1s graves en 25 a\u00f1os) termin\u00f3 de destruir el poco pasto que algunos ten\u00edan.<\/p>\n<p>Antes, en este establecimiento el rodeo com\u00eda una parte del pasto producido en verano y dejaba otra para tenerla disponible a esta altura del a\u00f1o. Sin embargo, por la sequ\u00eda el pasto ya se acab\u00f3 y hubo que comprar ma\u00edz y otros productos. Ese alimento cuesta 7 pesos por d\u00eda por animal. Por otra parte, en el campo el agua se saca de pozos cuyo caudal est\u00e1 bajando.<\/p>\n<p>&#8220;El que pudo comprar comida sobrevive, pero muchos otros no pudieron conseguir alimento por problemas financieros&#8221;, indic\u00f3 Lupi\u00f3n.<\/p>\n<p>Ya hay mortandad de hacienda en la regi\u00f3n, y los n\u00fameros hablan de una cat\u00e1strofe en marcha. &#8220;Se estima que baj\u00f3 de 30 a 35 por ciento el stock ganadero de Salta por ventas [forzadas], traslados [de hacienda] y el no ingreso de nuevos animales a la provincia. Esto pas\u00f3 en los \u00faltimos ocho meses. De 1.050.000 cabezas bajamos a unas 750.000&#8221;, ilustr\u00f3 Lupi\u00f3n.<\/p>\n<p>Seg\u00fan public\u00f3 La Naci\u00f3n, ese retroceso representa una descapitalizaci\u00f3n de $ 750 millones para la ganader\u00eda salte\u00f1a. Otro ejemplo: Salta sol\u00eda comprar unos 200.000 terneros para engordar, pero ahora ese movimiento baj\u00f3 a unos 50.000 animales.<\/p>\n<p>En tanto, Federico M\u00f3nico, t\u00e9cnico del INTA Joaqu\u00edn V. Gonz\u00e1lez, a pocos kil\u00f3metros de este lugar, dice que en departamentos del norte provincial, como San Mart\u00edn y Rivadavia, la p\u00e9rdida de hacienda podr\u00eda trepar al 35%, en muchos casos en establecimientos de peque\u00f1os productores, mientras que en esta zona la p\u00e9rdida podr\u00eda rondar el 15 por ciento.<\/p>\n<p>&#8220;Si llueve en septiembre, como dicen, esto se frena [por la mortandad] porque rebrotan las pasturas, pero si no llueve va a ser peor&#8221;, explic\u00f3.<\/p>\n<p>La agricultura salte\u00f1a tambi\u00e9n est\u00e1 en default. En zonas agr\u00edcolas donde llov\u00eda de 700 a 800 mil\u00edmetros, bajaron a 220\/250 mil\u00edmetros el \u00faltimo ciclo y, adem\u00e1s, la campa\u00f1a anterior las precipitaciones ya se hab\u00edan reducido un 50 por ciento. Hoy no hay trigo sembrado. Salta suele sembrar unas 250.000 hect\u00e1reas de este cereal que ahora no est\u00e1n, porque sin humedad no se pudo trabajar.<\/p>\n<p>En soja, un 30% se perdi\u00f3 antes de que finalice su ciclo y el 70% restante tuvo graves da\u00f1os. En resumen: de 650.000 hect\u00e1reas planificadas para la siembra de soja se cosecharon 432.250 y los rindes promedio cayeron de 2800 a 700 kilos, tres veces menos que lo normal.<\/p>\n<p>En ma\u00edz ocurri\u00f3 algo similar. De 150.000 hect\u00e1reas planificadas s\u00f3lo se cosecharon 99.750 y los rindes descendieron de 6000 a 2000 kilos. En el poroto, cultivo en el que Salta es la principal productora del pa\u00eds, las cosas no fueron mejor. De 220.000 hect\u00e1reas que se pensaban s\u00f3lo se cosecharon 35.200. Seg\u00fan la Asociaci\u00f3n de Productores de Granos del Norte (Prograno), las p\u00e9rdidas de la \u00faltima campa\u00f1a trepan a $ 4355 millones y adem\u00e1s el productor est\u00e1 con problemas para iniciar la pr\u00f3xima.<\/p>\n<p>&#8220;Hay muchos productores que quedan fuera del esquema productivo y no van a poder sembrar. Y la preocupaci\u00f3n es que con la actual carga impositiva el negocio est\u00e1 dejando de ser rentable&#8221;, apunt\u00f3 Lisandro de los R\u00edos, gerente de Prograno.<\/p>\n<p>Nadie sabe qu\u00e9 va a pasar con el 30% de las tierras que suelen alquilarse para producir. Lo que s\u00ed saben es que con presi\u00f3n fiscal en el alza y sin ayuda del gobierno nacional la sequ\u00eda agrava todo. Por retenciones, el Estado se lleva en un a\u00f1o clim\u00e1tico normal $ 2000 millones de la producci\u00f3n agr\u00edcola de Salta. <\/p>\n<p>Incluso la \u00faltima campa\u00f1a, cuando todos los productores perdieron, el gobierno nacional igual se llev\u00f3 $ 300 millones. &#8220;Con las retenciones y fletes que pagamos los n\u00fameros son muy ajustados&#8221;, concluy\u00f3 De los R\u00edos.<\/p>\n<p>Fuente: Infocampo, 23 de agosto.<br \/><\/p>","protected":false},"excerpt":{"rendered":"<p>Dos campa\u00f1as consecutivas con lluvias escasas provocaron n\u00fameros rojos en la cosecha de granos y en la ganader\u00eda. Ya se produjo una gran mortandad de animales. &#8220;Ya no hay comida y lo que damos es grano comprado. En octubre tiene que llover, si no, se nos va a acabar esta comida tambi\u00e9n.&#8221; La frase es de Ignacio Lupi\u00f3n, asesor de ganaderos y vicepresidente de la Sociedad Rural salte\u00f1a. Es un testimonio m\u00e1s, de los tantos que abundan aqu\u00ed, del dramatismo en esta provincia. Este campo est\u00e1 180 kil\u00f3metros al noroeste de la ciudad de Salta. Recibi\u00f3 de lleno el golpe de la sequ\u00eda: de un registro de lluvias anuales promedio -de julio a julio- de 600 mil\u00edmetros cay\u00f3 a poco m\u00e1s de 200 mil\u00edmetros. Y encima hasta octubre o noviembre no es \u00e9poca de lluvias. Una seguidilla de heladas que lleg\u00f3 a tocar 8 grados bajo cero en varios lugares (para muchos, las m\u00e1s graves en 25 a\u00f1os) termin\u00f3 de destruir el poco pasto que algunos ten\u00edan. Antes, en este establecimiento el rodeo com\u00eda una parte del pasto producido en verano y dejaba otra para tenerla disponible a esta altura del a\u00f1o. Sin embargo, por la sequ\u00eda el pasto ya [&hellip;]<\/p>\n","protected":false},"author":2,"featured_media":2147,"comment_status":"closed","ping_status":"open","sticky":false,"template":"","format":"standard","meta":{"_acf_changed":false,"footnotes":""},"categories":[56],"tags":[],"class_list":["post-5656","post","type-post","status-publish","format-standard","has-post-thumbnail","hentry","category-infoganadero"],"acf":[],"yoast_head":"<!-- This site is optimized with the Yoast SEO plugin v27.5 - https:\/\/yoast.com\/product\/yoast-seo-wordpress\/ -->\n<title>Sequ\u00eda en Salta: ya se perdieron $4.355 M en agricutltura y $750 M en ganader\u00eda. | Proagro<\/title>\n<meta name=\"robots\" content=\"index, follow, max-snippet:-1, max-image-preview:large, max-video-preview:-1\" \/>\n<link rel=\"canonical\" href=\"https:\/\/proagrolab.com.ar\/en\/sequia-en-salta-ya-se-perdieron-4-355-m-en-agricutltura-y-750-m-en-ganaderia\/\" \/>\n<meta property=\"og:locale\" content=\"en_US\" \/>\n<meta property=\"og:type\" content=\"article\" \/>\n<meta property=\"og:title\" content=\"Sequ\u00eda en Salta: ya se perdieron $4.355 M en agricutltura y $750 M en ganader\u00eda. | Proagro\" \/>\n<meta property=\"og:description\" content=\"Dos campa\u00f1as consecutivas con lluvias escasas provocaron n\u00fameros rojos en la cosecha de granos y en la ganader\u00eda. Ya se produjo una gran mortandad de animales. &#8220;Ya no hay comida y lo que damos es grano comprado. En octubre tiene que llover, si no, se nos va a acabar esta comida tambi\u00e9n.&#8221; La frase es de Ignacio Lupi\u00f3n, asesor de ganaderos y vicepresidente de la Sociedad Rural salte\u00f1a. Es un testimonio m\u00e1s, de los tantos que abundan aqu\u00ed, del dramatismo en esta provincia. Este campo est\u00e1 180 kil\u00f3metros al noroeste de la ciudad de Salta. Recibi\u00f3 de lleno el golpe de la sequ\u00eda: de un registro de lluvias anuales promedio -de julio a julio- de 600 mil\u00edmetros cay\u00f3 a poco m\u00e1s de 200 mil\u00edmetros. Y encima hasta octubre o noviembre no es \u00e9poca de lluvias. Una seguidilla de heladas que lleg\u00f3 a tocar 8 grados bajo cero en varios lugares (para muchos, las m\u00e1s graves en 25 a\u00f1os) termin\u00f3 de destruir el poco pasto que algunos ten\u00edan. Antes, en este establecimiento el rodeo com\u00eda una parte del pasto producido en verano y dejaba otra para tenerla disponible a esta altura del a\u00f1o. Sin embargo, por la sequ\u00eda el pasto ya [&hellip;]\" \/>\n<meta property=\"og:url\" content=\"https:\/\/proagrolab.com.ar\/sequia-en-salta-ya-se-perdieron-4-355-m-en-agricutltura-y-750-m-en-ganaderia\/\" \/>\n<meta property=\"og:site_name\" content=\"Proagro\" \/>\n<meta property=\"article:publisher\" content=\"http:\/\/www.facebook.com\/proagrolab\" \/>\n<meta property=\"article:published_time\" content=\"2013-08-23T00:00:01+00:00\" \/>\n<meta property=\"og:image\" content=\"https:\/\/proagrolab.com.ar\/wp-content\/uploads\/2015\/01\/g_w8h62sh3j__Vacas-13.jpg\" \/>\n\t<meta property=\"og:image:width\" content=\"450\" \/>\n\t<meta property=\"og:image:height\" content=\"208\" \/>\n\t<meta property=\"og:image:type\" content=\"image\/jpeg\" \/>\n<meta name=\"author\" content=\"proagrolab\" \/>\n<meta name=\"twitter:card\" content=\"summary_large_image\" \/>\n<meta name=\"twitter:label1\" content=\"Written by\" \/>\n\t<meta name=\"twitter:data1\" content=\"proagrolab\" \/>\n\t<meta name=\"twitter:label2\" content=\"Est. reading time\" \/>\n\t<meta name=\"twitter:data2\" content=\"4 minutes\" \/>\n<script type=\"application\/ld+json\" class=\"yoast-schema-graph\">{\"@context\":\"https:\\\/\\\/schema.org\",\"@graph\":[{\"@type\":\"Article\",\"@id\":\"https:\\\/\\\/proagrolab.com.ar\\\/sequia-en-salta-ya-se-perdieron-4-355-m-en-agricutltura-y-750-m-en-ganaderia\\\/#article\",\"isPartOf\":{\"@id\":\"https:\\\/\\\/proagrolab.com.ar\\\/sequia-en-salta-ya-se-perdieron-4-355-m-en-agricutltura-y-750-m-en-ganaderia\\\/\"},\"author\":{\"name\":\"proagrolab\",\"@id\":\"https:\\\/\\\/proagrolab.com.ar\\\/#\\\/schema\\\/person\\\/38003ff90bf80381f71c7d922d207444\"},\"headline\":\"Sequ\u00eda en Salta: ya se perdieron $4.355 M en agricutltura y $750 M en ganader\u00eda.\",\"datePublished\":\"2013-08-23T00:00:01+00:00\",\"mainEntityOfPage\":{\"@id\":\"https:\\\/\\\/proagrolab.com.ar\\\/sequia-en-salta-ya-se-perdieron-4-355-m-en-agricutltura-y-750-m-en-ganaderia\\\/\"},\"wordCount\":821,\"publisher\":{\"@id\":\"https:\\\/\\\/proagrolab.com.ar\\\/#organization\"},\"image\":{\"@id\":\"https:\\\/\\\/proagrolab.com.ar\\\/sequia-en-salta-ya-se-perdieron-4-355-m-en-agricutltura-y-750-m-en-ganaderia\\\/#primaryimage\"},\"thumbnailUrl\":\"https:\\\/\\\/proagrolab.com.ar\\\/wp-content\\\/uploads\\\/2015\\\/01\\\/g_w8h62sh3j__Vacas-13.jpg\",\"articleSection\":[\"News\"],\"inLanguage\":\"en-US\"},{\"@type\":\"WebPage\",\"@id\":\"https:\\\/\\\/proagrolab.com.ar\\\/sequia-en-salta-ya-se-perdieron-4-355-m-en-agricutltura-y-750-m-en-ganaderia\\\/\",\"url\":\"https:\\\/\\\/proagrolab.com.ar\\\/sequia-en-salta-ya-se-perdieron-4-355-m-en-agricutltura-y-750-m-en-ganaderia\\\/\",\"name\":\"Sequ\u00eda en Salta: ya se perdieron $4.355 M en agricutltura y $750 M en ganader\u00eda. | Proagro\",\"isPartOf\":{\"@id\":\"https:\\\/\\\/proagrolab.com.ar\\\/#website\"},\"primaryImageOfPage\":{\"@id\":\"https:\\\/\\\/proagrolab.com.ar\\\/sequia-en-salta-ya-se-perdieron-4-355-m-en-agricutltura-y-750-m-en-ganaderia\\\/#primaryimage\"},\"image\":{\"@id\":\"https:\\\/\\\/proagrolab.com.ar\\\/sequia-en-salta-ya-se-perdieron-4-355-m-en-agricutltura-y-750-m-en-ganaderia\\\/#primaryimage\"},\"thumbnailUrl\":\"https:\\\/\\\/proagrolab.com.ar\\\/wp-content\\\/uploads\\\/2015\\\/01\\\/g_w8h62sh3j__Vacas-13.jpg\",\"datePublished\":\"2013-08-23T00:00:01+00:00\",\"breadcrumb\":{\"@id\":\"https:\\\/\\\/proagrolab.com.ar\\\/sequia-en-salta-ya-se-perdieron-4-355-m-en-agricutltura-y-750-m-en-ganaderia\\\/#breadcrumb\"},\"inLanguage\":\"en-US\",\"potentialAction\":[{\"@type\":\"ReadAction\",\"target\":[\"https:\\\/\\\/proagrolab.com.ar\\\/sequia-en-salta-ya-se-perdieron-4-355-m-en-agricutltura-y-750-m-en-ganaderia\\\/\"]}]},{\"@type\":\"ImageObject\",\"inLanguage\":\"en-US\",\"@id\":\"https:\\\/\\\/proagrolab.com.ar\\\/sequia-en-salta-ya-se-perdieron-4-355-m-en-agricutltura-y-750-m-en-ganaderia\\\/#primaryimage\",\"url\":\"https:\\\/\\\/proagrolab.com.ar\\\/wp-content\\\/uploads\\\/2015\\\/01\\\/g_w8h62sh3j__Vacas-13.jpg\",\"contentUrl\":\"https:\\\/\\\/proagrolab.com.ar\\\/wp-content\\\/uploads\\\/2015\\\/01\\\/g_w8h62sh3j__Vacas-13.jpg\",\"width\":450,\"height\":208},{\"@type\":\"BreadcrumbList\",\"@id\":\"https:\\\/\\\/proagrolab.com.ar\\\/sequia-en-salta-ya-se-perdieron-4-355-m-en-agricutltura-y-750-m-en-ganaderia\\\/#breadcrumb\",\"itemListElement\":[{\"@type\":\"ListItem\",\"position\":1,\"name\":\"Portada\",\"item\":\"https:\\\/\\\/proagrolab.com.ar\\\/\"},{\"@type\":\"ListItem\",\"position\":2,\"name\":\"Sequ\u00eda en Salta: ya se perdieron $4.355 M en agricutltura y $750 M en ganader\u00eda.\"}]},{\"@type\":\"WebSite\",\"@id\":\"https:\\\/\\\/proagrolab.com.ar\\\/#website\",\"url\":\"https:\\\/\\\/proagrolab.com.ar\\\/\",\"name\":\"Proagro Laboratorio Veterinario\",\"description\":\"Veterinary laboratory\",\"publisher\":{\"@id\":\"https:\\\/\\\/proagrolab.com.ar\\\/#organization\"},\"potentialAction\":[{\"@type\":\"SearchAction\",\"target\":{\"@type\":\"EntryPoint\",\"urlTemplate\":\"https:\\\/\\\/proagrolab.com.ar\\\/?s={search_term_string}\"},\"query-input\":{\"@type\":\"PropertyValueSpecification\",\"valueRequired\":true,\"valueName\":\"search_term_string\"}}],\"inLanguage\":\"en-US\"},{\"@type\":\"Organization\",\"@id\":\"https:\\\/\\\/proagrolab.com.ar\\\/#organization\",\"name\":\"Proagro\",\"url\":\"https:\\\/\\\/proagrolab.com.ar\\\/\",\"logo\":{\"@type\":\"ImageObject\",\"inLanguage\":\"en-US\",\"@id\":\"https:\\\/\\\/proagrolab.com.ar\\\/#\\\/schema\\\/logo\\\/image\\\/\",\"url\":\"https:\\\/\\\/proagrolab.com.ar\\\/wp-content\\\/uploads\\\/2020\\\/04\\\/logo-retina.png\",\"contentUrl\":\"https:\\\/\\\/proagrolab.com.ar\\\/wp-content\\\/uploads\\\/2020\\\/04\\\/logo-retina.png\",\"width\":478,\"height\":120,\"caption\":\"Proagro\"},\"image\":{\"@id\":\"https:\\\/\\\/proagrolab.com.ar\\\/#\\\/schema\\\/logo\\\/image\\\/\"},\"sameAs\":[\"http:\\\/\\\/www.facebook.com\\\/proagrolab\",\"https:\\\/\\\/www.instagram.com\\\/proagrolab\\\/\",\"https:\\\/\\\/www.linkedin.com\\\/company\\\/laboratorio-proagro-s-a\\\/\"]},{\"@type\":\"Person\",\"@id\":\"https:\\\/\\\/proagrolab.com.ar\\\/#\\\/schema\\\/person\\\/38003ff90bf80381f71c7d922d207444\",\"name\":\"proagrolab\"}]}<\/script>\n<!-- \/ Yoast SEO plugin. -->","yoast_head_json":{"title":"Sequ\u00eda en Salta: ya se perdieron $4.355 M en agricutltura y $750 M en ganader\u00eda. | Proagro","robots":{"index":"index","follow":"follow","max-snippet":"max-snippet:-1","max-image-preview":"max-image-preview:large","max-video-preview":"max-video-preview:-1"},"canonical":"https:\/\/proagrolab.com.ar\/en\/sequia-en-salta-ya-se-perdieron-4-355-m-en-agricutltura-y-750-m-en-ganaderia\/","og_locale":"en_US","og_type":"article","og_title":"Sequ\u00eda en Salta: ya se perdieron $4.355 M en agricutltura y $750 M en ganader\u00eda. | Proagro","og_description":"Dos campa\u00f1as consecutivas con lluvias escasas provocaron n\u00fameros rojos en la cosecha de granos y en la ganader\u00eda. Ya se produjo una gran mortandad de animales. &#8220;Ya no hay comida y lo que damos es grano comprado. En octubre tiene que llover, si no, se nos va a acabar esta comida tambi\u00e9n.&#8221; La frase es de Ignacio Lupi\u00f3n, asesor de ganaderos y vicepresidente de la Sociedad Rural salte\u00f1a. Es un testimonio m\u00e1s, de los tantos que abundan aqu\u00ed, del dramatismo en esta provincia. Este campo est\u00e1 180 kil\u00f3metros al noroeste de la ciudad de Salta. Recibi\u00f3 de lleno el golpe de la sequ\u00eda: de un registro de lluvias anuales promedio -de julio a julio- de 600 mil\u00edmetros cay\u00f3 a poco m\u00e1s de 200 mil\u00edmetros. Y encima hasta octubre o noviembre no es \u00e9poca de lluvias. Una seguidilla de heladas que lleg\u00f3 a tocar 8 grados bajo cero en varios lugares (para muchos, las m\u00e1s graves en 25 a\u00f1os) termin\u00f3 de destruir el poco pasto que algunos ten\u00edan. Antes, en este establecimiento el rodeo com\u00eda una parte del pasto producido en verano y dejaba otra para tenerla disponible a esta altura del a\u00f1o. Sin embargo, por la sequ\u00eda el pasto ya [&hellip;]","og_url":"https:\/\/proagrolab.com.ar\/sequia-en-salta-ya-se-perdieron-4-355-m-en-agricutltura-y-750-m-en-ganaderia\/","og_site_name":"Proagro","article_publisher":"http:\/\/www.facebook.com\/proagrolab","article_published_time":"2013-08-23T00:00:01+00:00","og_image":[{"width":450,"height":208,"url":"https:\/\/proagrolab.com.ar\/wp-content\/uploads\/2015\/01\/g_w8h62sh3j__Vacas-13.jpg","type":"image\/jpeg"}],"author":"proagrolab","twitter_card":"summary_large_image","twitter_misc":{"Written by":"proagrolab","Est. reading time":"4 minutes"},"schema":{"@context":"https:\/\/schema.org","@graph":[{"@type":"Article","@id":"https:\/\/proagrolab.com.ar\/sequia-en-salta-ya-se-perdieron-4-355-m-en-agricutltura-y-750-m-en-ganaderia\/#article","isPartOf":{"@id":"https:\/\/proagrolab.com.ar\/sequia-en-salta-ya-se-perdieron-4-355-m-en-agricutltura-y-750-m-en-ganaderia\/"},"author":{"name":"proagrolab","@id":"https:\/\/proagrolab.com.ar\/#\/schema\/person\/38003ff90bf80381f71c7d922d207444"},"headline":"Sequ\u00eda en Salta: ya se perdieron $4.355 M en agricutltura y $750 M en ganader\u00eda.","datePublished":"2013-08-23T00:00:01+00:00","mainEntityOfPage":{"@id":"https:\/\/proagrolab.com.ar\/sequia-en-salta-ya-se-perdieron-4-355-m-en-agricutltura-y-750-m-en-ganaderia\/"},"wordCount":821,"publisher":{"@id":"https:\/\/proagrolab.com.ar\/#organization"},"image":{"@id":"https:\/\/proagrolab.com.ar\/sequia-en-salta-ya-se-perdieron-4-355-m-en-agricutltura-y-750-m-en-ganaderia\/#primaryimage"},"thumbnailUrl":"https:\/\/proagrolab.com.ar\/wp-content\/uploads\/2015\/01\/g_w8h62sh3j__Vacas-13.jpg","articleSection":["News"],"inLanguage":"en-US"},{"@type":"WebPage","@id":"https:\/\/proagrolab.com.ar\/sequia-en-salta-ya-se-perdieron-4-355-m-en-agricutltura-y-750-m-en-ganaderia\/","url":"https:\/\/proagrolab.com.ar\/sequia-en-salta-ya-se-perdieron-4-355-m-en-agricutltura-y-750-m-en-ganaderia\/","name":"Sequ\u00eda en Salta: ya se perdieron $4.355 M en agricutltura y $750 M en ganader\u00eda. | Proagro","isPartOf":{"@id":"https:\/\/proagrolab.com.ar\/#website"},"primaryImageOfPage":{"@id":"https:\/\/proagrolab.com.ar\/sequia-en-salta-ya-se-perdieron-4-355-m-en-agricutltura-y-750-m-en-ganaderia\/#primaryimage"},"image":{"@id":"https:\/\/proagrolab.com.ar\/sequia-en-salta-ya-se-perdieron-4-355-m-en-agricutltura-y-750-m-en-ganaderia\/#primaryimage"},"thumbnailUrl":"https:\/\/proagrolab.com.ar\/wp-content\/uploads\/2015\/01\/g_w8h62sh3j__Vacas-13.jpg","datePublished":"2013-08-23T00:00:01+00:00","breadcrumb":{"@id":"https:\/\/proagrolab.com.ar\/sequia-en-salta-ya-se-perdieron-4-355-m-en-agricutltura-y-750-m-en-ganaderia\/#breadcrumb"},"inLanguage":"en-US","potentialAction":[{"@type":"ReadAction","target":["https:\/\/proagrolab.com.ar\/sequia-en-salta-ya-se-perdieron-4-355-m-en-agricutltura-y-750-m-en-ganaderia\/"]}]},{"@type":"ImageObject","inLanguage":"en-US","@id":"https:\/\/proagrolab.com.ar\/sequia-en-salta-ya-se-perdieron-4-355-m-en-agricutltura-y-750-m-en-ganaderia\/#primaryimage","url":"https:\/\/proagrolab.com.ar\/wp-content\/uploads\/2015\/01\/g_w8h62sh3j__Vacas-13.jpg","contentUrl":"https:\/\/proagrolab.com.ar\/wp-content\/uploads\/2015\/01\/g_w8h62sh3j__Vacas-13.jpg","width":450,"height":208},{"@type":"BreadcrumbList","@id":"https:\/\/proagrolab.com.ar\/sequia-en-salta-ya-se-perdieron-4-355-m-en-agricutltura-y-750-m-en-ganaderia\/#breadcrumb","itemListElement":[{"@type":"ListItem","position":1,"name":"Portada","item":"https:\/\/proagrolab.com.ar\/"},{"@type":"ListItem","position":2,"name":"Sequ\u00eda en Salta: ya se perdieron $4.355 M en agricutltura y $750 M en ganader\u00eda."}]},{"@type":"WebSite","@id":"https:\/\/proagrolab.com.ar\/#website","url":"https:\/\/proagrolab.com.ar\/","name":"Proagro Laboratorio Veterinario","description":"Veterinary laboratory","publisher":{"@id":"https:\/\/proagrolab.com.ar\/#organization"},"potentialAction":[{"@type":"SearchAction","target":{"@type":"EntryPoint","urlTemplate":"https:\/\/proagrolab.com.ar\/?s={search_term_string}"},"query-input":{"@type":"PropertyValueSpecification","valueRequired":true,"valueName":"search_term_string"}}],"inLanguage":"en-US"},{"@type":"Organization","@id":"https:\/\/proagrolab.com.ar\/#organization","name":"Proagro","url":"https:\/\/proagrolab.com.ar\/","logo":{"@type":"ImageObject","inLanguage":"en-US","@id":"https:\/\/proagrolab.com.ar\/#\/schema\/logo\/image\/","url":"https:\/\/proagrolab.com.ar\/wp-content\/uploads\/2020\/04\/logo-retina.png","contentUrl":"https:\/\/proagrolab.com.ar\/wp-content\/uploads\/2020\/04\/logo-retina.png","width":478,"height":120,"caption":"Proagro"},"image":{"@id":"https:\/\/proagrolab.com.ar\/#\/schema\/logo\/image\/"},"sameAs":["http:\/\/www.facebook.com\/proagrolab","https:\/\/www.instagram.com\/proagrolab\/","https:\/\/www.linkedin.com\/company\/laboratorio-proagro-s-a\/"]},{"@type":"Person","@id":"https:\/\/proagrolab.com.ar\/#\/schema\/person\/38003ff90bf80381f71c7d922d207444","name":"proagrolab"}]}},"_links":{"self":[{"href":"https:\/\/proagrolab.com.ar\/en\/wp-json\/wp\/v2\/posts\/5656","targetHints":{"allow":["GET"]}}],"collection":[{"href":"https:\/\/proagrolab.com.ar\/en\/wp-json\/wp\/v2\/posts"}],"about":[{"href":"https:\/\/proagrolab.com.ar\/en\/wp-json\/wp\/v2\/types\/post"}],"author":[{"embeddable":true,"href":"https:\/\/proagrolab.com.ar\/en\/wp-json\/wp\/v2\/users\/2"}],"replies":[{"embeddable":true,"href":"https:\/\/proagrolab.com.ar\/en\/wp-json\/wp\/v2\/comments?post=5656"}],"version-history":[{"count":0,"href":"https:\/\/proagrolab.com.ar\/en\/wp-json\/wp\/v2\/posts\/5656\/revisions"}],"wp:featuredmedia":[{"embeddable":true,"href":"https:\/\/proagrolab.com.ar\/en\/wp-json\/wp\/v2\/media\/2147"}],"wp:attachment":[{"href":"https:\/\/proagrolab.com.ar\/en\/wp-json\/wp\/v2\/media?parent=5656"}],"wp:term":[{"taxonomy":"category","embeddable":true,"href":"https:\/\/proagrolab.com.ar\/en\/wp-json\/wp\/v2\/categories?post=5656"},{"taxonomy":"post_tag","embeddable":true,"href":"https:\/\/proagrolab.com.ar\/en\/wp-json\/wp\/v2\/tags?post=5656"}],"curies":[{"name":"wp","href":"https:\/\/api.w.org\/{rel}","templated":true}]}}