{"id":5655,"date":"2013-08-23T00:00:01","date_gmt":"2013-08-23T00:00:01","guid":{"rendered":"https:\/\/proagrolab.com.ar\/uruguay-sera-sede-del-60o-congreso-internacional-de-ciencia-y-tecnologia-de-la-carne\/"},"modified":"2013-08-23T00:00:01","modified_gmt":"2013-08-23T00:00:01","slug":"uruguay-sera-sede-del-60o-congreso-internacional-de-ciencia-y-tecnologia-de-la-carne","status":"publish","type":"post","link":"https:\/\/proagrolab.com.ar\/en\/uruguay-sera-sede-del-60o-congreso-internacional-de-ciencia-y-tecnologia-de-la-carne\/","title":{"rendered":"Uruguay ser\u00e1 sede del 60\u00ba Congreso Internacional de Ciencia y Tecnolog\u00eda de la Carne."},"content":{"rendered":"<p class=\"qtranxs-available-languages-message qtranxs-available-languages-message-en\"> <\/p><p>Uruguay ser\u00e1 sede en 2014 del 60\u00ba Congreso Internacional de Ciencia y Tecnolog\u00eda de la Carne. La postulaci\u00f3n se est\u00e1 presentando en Izmir, Turqu\u00eda, en la edici\u00f3n n\u00ba 59, donde INAC participa con dos representantes. As\u00ed inform\u00f3 el portal de noticias ElObservador.com.uy.<\/p>\n<p>Adem\u00e1s de la presentaci\u00f3n de Uruguay como sede del Congreso que tendr\u00e1 lugar entre el 17 y el 22 de Agosto de 2014 en Punta del Este, los dos t\u00e9cnicos de INAC participar\u00e1n de las jornadas dispuestas por ICoMST para este a\u00f1o centradas en &#8220;El Poder de la Carne en el s. XXI&#8221;.<\/p>\n<p>Entre los temas que se abordar\u00e1n hasta el 23 de agosto en Turqu\u00eda se encuentran las nuevas fuentes de prote\u00edna, carne y sostenibilidad, Bienestar Animal, faena, aspectos bioqu\u00edmicos y microbiol\u00f3gicos, Alimentaci\u00f3n y Carne, Ingenier\u00eda y Tecnolog\u00eda en la Industria C\u00e1rnica, entre otros.<\/p>\n<p>Fuente: Carnetec, 22 de agosto.<br \/><\/p>","protected":false},"excerpt":{"rendered":"<p>Uruguay ser\u00e1 sede en 2014 del 60\u00ba Congreso Internacional de Ciencia y Tecnolog\u00eda de la Carne. La postulaci\u00f3n se est\u00e1 presentando en Izmir, Turqu\u00eda, en la edici\u00f3n n\u00ba 59, donde INAC participa con dos representantes. As\u00ed inform\u00f3 el portal de noticias ElObservador.com.uy. Adem\u00e1s de la presentaci\u00f3n de Uruguay como sede del Congreso que tendr\u00e1 lugar entre el 17 y el 22 de Agosto de 2014 en Punta del Este, los dos t\u00e9cnicos de INAC participar\u00e1n de las jornadas dispuestas por ICoMST para este a\u00f1o centradas en &#8220;El Poder de la Carne en el s. XXI&#8221;. Entre los temas que se abordar\u00e1n hasta el 23 de agosto en Turqu\u00eda se encuentran las nuevas fuentes de prote\u00edna, carne y sostenibilidad, Bienestar Animal, faena, aspectos bioqu\u00edmicos y microbiol\u00f3gicos, Alimentaci\u00f3n y Carne, Ingenier\u00eda y Tecnolog\u00eda en la Industria C\u00e1rnica, entre otros. Fuente: Carnetec, 22 de agosto.<\/p>\n","protected":false},"author":2,"featured_media":2146,"comment_status":"closed","ping_status":"open","sticky":false,"template":"","format":"standard","meta":{"_acf_changed":false,"footnotes":""},"categories":[56],"tags":[],"class_list":["post-5655","post","type-post","status-publish","format-standard","has-post-thumbnail","hentry","category-infoganadero"],"acf":[],"yoast_head":"<!-- This site is optimized with the Yoast SEO plugin v27.5 - https:\/\/yoast.com\/product\/yoast-seo-wordpress\/ -->\n<title>Uruguay ser\u00e1 sede del 60\u00ba Congreso Internacional de Ciencia y Tecnolog\u00eda de la Carne. | Proagro<\/title>\n<meta name=\"robots\" content=\"index, follow, max-snippet:-1, max-image-preview:large, max-video-preview:-1\" \/>\n<link rel=\"canonical\" href=\"https:\/\/proagrolab.com.ar\/en\/uruguay-sera-sede-del-60o-congreso-internacional-de-ciencia-y-tecnologia-de-la-carne\/\" \/>\n<meta property=\"og:locale\" content=\"en_US\" \/>\n<meta property=\"og:type\" content=\"article\" \/>\n<meta property=\"og:title\" content=\"Uruguay ser\u00e1 sede del 60\u00ba Congreso Internacional de Ciencia y Tecnolog\u00eda de la Carne. | Proagro\" \/>\n<meta property=\"og:description\" content=\"Uruguay ser\u00e1 sede en 2014 del 60\u00ba Congreso Internacional de Ciencia y Tecnolog\u00eda de la Carne. La postulaci\u00f3n se est\u00e1 presentando en Izmir, Turqu\u00eda, en la edici\u00f3n n\u00ba 59, donde INAC participa con dos representantes. As\u00ed inform\u00f3 el portal de noticias ElObservador.com.uy. Adem\u00e1s de la presentaci\u00f3n de Uruguay como sede del Congreso que tendr\u00e1 lugar entre el 17 y el 22 de Agosto de 2014 en Punta del Este, los dos t\u00e9cnicos de INAC participar\u00e1n de las jornadas dispuestas por ICoMST para este a\u00f1o centradas en &#8220;El Poder de la Carne en el s. XXI&#8221;. Entre los temas que se abordar\u00e1n hasta el 23 de agosto en Turqu\u00eda se encuentran las nuevas fuentes de prote\u00edna, carne y sostenibilidad, Bienestar Animal, faena, aspectos bioqu\u00edmicos y microbiol\u00f3gicos, Alimentaci\u00f3n y Carne, Ingenier\u00eda y Tecnolog\u00eda en la Industria C\u00e1rnica, entre otros. Fuente: Carnetec, 22 de agosto.\" \/>\n<meta property=\"og:url\" content=\"https:\/\/proagrolab.com.ar\/uruguay-sera-sede-del-60o-congreso-internacional-de-ciencia-y-tecnologia-de-la-carne\/\" \/>\n<meta property=\"og:site_name\" content=\"Proagro\" \/>\n<meta property=\"article:publisher\" content=\"http:\/\/www.facebook.com\/proagrolab\" \/>\n<meta property=\"article:published_time\" content=\"2013-08-23T00:00:01+00:00\" \/>\n<meta property=\"og:image\" content=\"https:\/\/proagrolab.com.ar\/wp-content\/uploads\/2015\/01\/g_06th4zysj__Bovinos-pasturas.jpg\" \/>\n\t<meta property=\"og:image:width\" content=\"450\" \/>\n\t<meta property=\"og:image:height\" content=\"208\" \/>\n\t<meta property=\"og:image:type\" content=\"image\/jpeg\" \/>\n<meta name=\"author\" content=\"proagrolab\" \/>\n<meta name=\"twitter:card\" content=\"summary_large_image\" \/>\n<meta name=\"twitter:label1\" content=\"Written by\" \/>\n\t<meta name=\"twitter:data1\" content=\"proagrolab\" \/>\n\t<meta name=\"twitter:label2\" content=\"Est. reading time\" \/>\n\t<meta name=\"twitter:data2\" content=\"1 minute\" \/>\n<script type=\"application\/ld+json\" class=\"yoast-schema-graph\">{\"@context\":\"https:\\\/\\\/schema.org\",\"@graph\":[{\"@type\":\"Article\",\"@id\":\"https:\\\/\\\/proagrolab.com.ar\\\/uruguay-sera-sede-del-60o-congreso-internacional-de-ciencia-y-tecnologia-de-la-carne\\\/#article\",\"isPartOf\":{\"@id\":\"https:\\\/\\\/proagrolab.com.ar\\\/uruguay-sera-sede-del-60o-congreso-internacional-de-ciencia-y-tecnologia-de-la-carne\\\/\"},\"author\":{\"name\":\"proagrolab\",\"@id\":\"https:\\\/\\\/proagrolab.com.ar\\\/#\\\/schema\\\/person\\\/38003ff90bf80381f71c7d922d207444\"},\"headline\":\"Uruguay ser\u00e1 sede del 60\u00ba Congreso Internacional de Ciencia y Tecnolog\u00eda de la Carne.\",\"datePublished\":\"2013-08-23T00:00:01+00:00\",\"mainEntityOfPage\":{\"@id\":\"https:\\\/\\\/proagrolab.com.ar\\\/uruguay-sera-sede-del-60o-congreso-internacional-de-ciencia-y-tecnologia-de-la-carne\\\/\"},\"wordCount\":168,\"publisher\":{\"@id\":\"https:\\\/\\\/proagrolab.com.ar\\\/#organization\"},\"image\":{\"@id\":\"https:\\\/\\\/proagrolab.com.ar\\\/uruguay-sera-sede-del-60o-congreso-internacional-de-ciencia-y-tecnologia-de-la-carne\\\/#primaryimage\"},\"thumbnailUrl\":\"https:\\\/\\\/proagrolab.com.ar\\\/wp-content\\\/uploads\\\/2015\\\/01\\\/g_06th4zysj__Bovinos-pasturas.jpg\",\"articleSection\":[\"News\"],\"inLanguage\":\"en-US\"},{\"@type\":\"WebPage\",\"@id\":\"https:\\\/\\\/proagrolab.com.ar\\\/uruguay-sera-sede-del-60o-congreso-internacional-de-ciencia-y-tecnologia-de-la-carne\\\/\",\"url\":\"https:\\\/\\\/proagrolab.com.ar\\\/uruguay-sera-sede-del-60o-congreso-internacional-de-ciencia-y-tecnologia-de-la-carne\\\/\",\"name\":\"Uruguay ser\u00e1 sede del 60\u00ba Congreso Internacional de Ciencia y Tecnolog\u00eda de la Carne. | Proagro\",\"isPartOf\":{\"@id\":\"https:\\\/\\\/proagrolab.com.ar\\\/#website\"},\"primaryImageOfPage\":{\"@id\":\"https:\\\/\\\/proagrolab.com.ar\\\/uruguay-sera-sede-del-60o-congreso-internacional-de-ciencia-y-tecnologia-de-la-carne\\\/#primaryimage\"},\"image\":{\"@id\":\"https:\\\/\\\/proagrolab.com.ar\\\/uruguay-sera-sede-del-60o-congreso-internacional-de-ciencia-y-tecnologia-de-la-carne\\\/#primaryimage\"},\"thumbnailUrl\":\"https:\\\/\\\/proagrolab.com.ar\\\/wp-content\\\/uploads\\\/2015\\\/01\\\/g_06th4zysj__Bovinos-pasturas.jpg\",\"datePublished\":\"2013-08-23T00:00:01+00:00\",\"breadcrumb\":{\"@id\":\"https:\\\/\\\/proagrolab.com.ar\\\/uruguay-sera-sede-del-60o-congreso-internacional-de-ciencia-y-tecnologia-de-la-carne\\\/#breadcrumb\"},\"inLanguage\":\"en-US\",\"potentialAction\":[{\"@type\":\"ReadAction\",\"target\":[\"https:\\\/\\\/proagrolab.com.ar\\\/uruguay-sera-sede-del-60o-congreso-internacional-de-ciencia-y-tecnologia-de-la-carne\\\/\"]}]},{\"@type\":\"ImageObject\",\"inLanguage\":\"en-US\",\"@id\":\"https:\\\/\\\/proagrolab.com.ar\\\/uruguay-sera-sede-del-60o-congreso-internacional-de-ciencia-y-tecnologia-de-la-carne\\\/#primaryimage\",\"url\":\"https:\\\/\\\/proagrolab.com.ar\\\/wp-content\\\/uploads\\\/2015\\\/01\\\/g_06th4zysj__Bovinos-pasturas.jpg\",\"contentUrl\":\"https:\\\/\\\/proagrolab.com.ar\\\/wp-content\\\/uploads\\\/2015\\\/01\\\/g_06th4zysj__Bovinos-pasturas.jpg\",\"width\":450,\"height\":208},{\"@type\":\"BreadcrumbList\",\"@id\":\"https:\\\/\\\/proagrolab.com.ar\\\/uruguay-sera-sede-del-60o-congreso-internacional-de-ciencia-y-tecnologia-de-la-carne\\\/#breadcrumb\",\"itemListElement\":[{\"@type\":\"ListItem\",\"position\":1,\"name\":\"Portada\",\"item\":\"https:\\\/\\\/proagrolab.com.ar\\\/\"},{\"@type\":\"ListItem\",\"position\":2,\"name\":\"Uruguay ser\u00e1 sede del 60\u00ba Congreso Internacional de Ciencia y Tecnolog\u00eda de la Carne.\"}]},{\"@type\":\"WebSite\",\"@id\":\"https:\\\/\\\/proagrolab.com.ar\\\/#website\",\"url\":\"https:\\\/\\\/proagrolab.com.ar\\\/\",\"name\":\"Proagro Laboratorio Veterinario\",\"description\":\"Veterinary laboratory\",\"publisher\":{\"@id\":\"https:\\\/\\\/proagrolab.com.ar\\\/#organization\"},\"potentialAction\":[{\"@type\":\"SearchAction\",\"target\":{\"@type\":\"EntryPoint\",\"urlTemplate\":\"https:\\\/\\\/proagrolab.com.ar\\\/?s={search_term_string}\"},\"query-input\":{\"@type\":\"PropertyValueSpecification\",\"valueRequired\":true,\"valueName\":\"search_term_string\"}}],\"inLanguage\":\"en-US\"},{\"@type\":\"Organization\",\"@id\":\"https:\\\/\\\/proagrolab.com.ar\\\/#organization\",\"name\":\"Proagro\",\"url\":\"https:\\\/\\\/proagrolab.com.ar\\\/\",\"logo\":{\"@type\":\"ImageObject\",\"inLanguage\":\"en-US\",\"@id\":\"https:\\\/\\\/proagrolab.com.ar\\\/#\\\/schema\\\/logo\\\/image\\\/\",\"url\":\"https:\\\/\\\/proagrolab.com.ar\\\/wp-content\\\/uploads\\\/2020\\\/04\\\/logo-retina.png\",\"contentUrl\":\"https:\\\/\\\/proagrolab.com.ar\\\/wp-content\\\/uploads\\\/2020\\\/04\\\/logo-retina.png\",\"width\":478,\"height\":120,\"caption\":\"Proagro\"},\"image\":{\"@id\":\"https:\\\/\\\/proagrolab.com.ar\\\/#\\\/schema\\\/logo\\\/image\\\/\"},\"sameAs\":[\"http:\\\/\\\/www.facebook.com\\\/proagrolab\",\"https:\\\/\\\/www.instagram.com\\\/proagrolab\\\/\",\"https:\\\/\\\/www.linkedin.com\\\/company\\\/laboratorio-proagro-s-a\\\/\"]},{\"@type\":\"Person\",\"@id\":\"https:\\\/\\\/proagrolab.com.ar\\\/#\\\/schema\\\/person\\\/38003ff90bf80381f71c7d922d207444\",\"name\":\"proagrolab\"}]}<\/script>\n<!-- \/ Yoast SEO plugin. -->","yoast_head_json":{"title":"Uruguay ser\u00e1 sede del 60\u00ba Congreso Internacional de Ciencia y Tecnolog\u00eda de la Carne. | Proagro","robots":{"index":"index","follow":"follow","max-snippet":"max-snippet:-1","max-image-preview":"max-image-preview:large","max-video-preview":"max-video-preview:-1"},"canonical":"https:\/\/proagrolab.com.ar\/en\/uruguay-sera-sede-del-60o-congreso-internacional-de-ciencia-y-tecnologia-de-la-carne\/","og_locale":"en_US","og_type":"article","og_title":"Uruguay ser\u00e1 sede del 60\u00ba Congreso Internacional de Ciencia y Tecnolog\u00eda de la Carne. | Proagro","og_description":"Uruguay ser\u00e1 sede en 2014 del 60\u00ba Congreso Internacional de Ciencia y Tecnolog\u00eda de la Carne. La postulaci\u00f3n se est\u00e1 presentando en Izmir, Turqu\u00eda, en la edici\u00f3n n\u00ba 59, donde INAC participa con dos representantes. As\u00ed inform\u00f3 el portal de noticias ElObservador.com.uy. Adem\u00e1s de la presentaci\u00f3n de Uruguay como sede del Congreso que tendr\u00e1 lugar entre el 17 y el 22 de Agosto de 2014 en Punta del Este, los dos t\u00e9cnicos de INAC participar\u00e1n de las jornadas dispuestas por ICoMST para este a\u00f1o centradas en &#8220;El Poder de la Carne en el s. XXI&#8221;. Entre los temas que se abordar\u00e1n hasta el 23 de agosto en Turqu\u00eda se encuentran las nuevas fuentes de prote\u00edna, carne y sostenibilidad, Bienestar Animal, faena, aspectos bioqu\u00edmicos y microbiol\u00f3gicos, Alimentaci\u00f3n y Carne, Ingenier\u00eda y Tecnolog\u00eda en la Industria C\u00e1rnica, entre otros. Fuente: Carnetec, 22 de agosto.","og_url":"https:\/\/proagrolab.com.ar\/uruguay-sera-sede-del-60o-congreso-internacional-de-ciencia-y-tecnologia-de-la-carne\/","og_site_name":"Proagro","article_publisher":"http:\/\/www.facebook.com\/proagrolab","article_published_time":"2013-08-23T00:00:01+00:00","og_image":[{"width":450,"height":208,"url":"https:\/\/proagrolab.com.ar\/wp-content\/uploads\/2015\/01\/g_06th4zysj__Bovinos-pasturas.jpg","type":"image\/jpeg"}],"author":"proagrolab","twitter_card":"summary_large_image","twitter_misc":{"Written by":"proagrolab","Est. reading time":"1 minute"},"schema":{"@context":"https:\/\/schema.org","@graph":[{"@type":"Article","@id":"https:\/\/proagrolab.com.ar\/uruguay-sera-sede-del-60o-congreso-internacional-de-ciencia-y-tecnologia-de-la-carne\/#article","isPartOf":{"@id":"https:\/\/proagrolab.com.ar\/uruguay-sera-sede-del-60o-congreso-internacional-de-ciencia-y-tecnologia-de-la-carne\/"},"author":{"name":"proagrolab","@id":"https:\/\/proagrolab.com.ar\/#\/schema\/person\/38003ff90bf80381f71c7d922d207444"},"headline":"Uruguay ser\u00e1 sede del 60\u00ba Congreso Internacional de Ciencia y Tecnolog\u00eda de la Carne.","datePublished":"2013-08-23T00:00:01+00:00","mainEntityOfPage":{"@id":"https:\/\/proagrolab.com.ar\/uruguay-sera-sede-del-60o-congreso-internacional-de-ciencia-y-tecnologia-de-la-carne\/"},"wordCount":168,"publisher":{"@id":"https:\/\/proagrolab.com.ar\/#organization"},"image":{"@id":"https:\/\/proagrolab.com.ar\/uruguay-sera-sede-del-60o-congreso-internacional-de-ciencia-y-tecnologia-de-la-carne\/#primaryimage"},"thumbnailUrl":"https:\/\/proagrolab.com.ar\/wp-content\/uploads\/2015\/01\/g_06th4zysj__Bovinos-pasturas.jpg","articleSection":["News"],"inLanguage":"en-US"},{"@type":"WebPage","@id":"https:\/\/proagrolab.com.ar\/uruguay-sera-sede-del-60o-congreso-internacional-de-ciencia-y-tecnologia-de-la-carne\/","url":"https:\/\/proagrolab.com.ar\/uruguay-sera-sede-del-60o-congreso-internacional-de-ciencia-y-tecnologia-de-la-carne\/","name":"Uruguay ser\u00e1 sede del 60\u00ba Congreso Internacional de Ciencia y Tecnolog\u00eda de la Carne. | Proagro","isPartOf":{"@id":"https:\/\/proagrolab.com.ar\/#website"},"primaryImageOfPage":{"@id":"https:\/\/proagrolab.com.ar\/uruguay-sera-sede-del-60o-congreso-internacional-de-ciencia-y-tecnologia-de-la-carne\/#primaryimage"},"image":{"@id":"https:\/\/proagrolab.com.ar\/uruguay-sera-sede-del-60o-congreso-internacional-de-ciencia-y-tecnologia-de-la-carne\/#primaryimage"},"thumbnailUrl":"https:\/\/proagrolab.com.ar\/wp-content\/uploads\/2015\/01\/g_06th4zysj__Bovinos-pasturas.jpg","datePublished":"2013-08-23T00:00:01+00:00","breadcrumb":{"@id":"https:\/\/proagrolab.com.ar\/uruguay-sera-sede-del-60o-congreso-internacional-de-ciencia-y-tecnologia-de-la-carne\/#breadcrumb"},"inLanguage":"en-US","potentialAction":[{"@type":"ReadAction","target":["https:\/\/proagrolab.com.ar\/uruguay-sera-sede-del-60o-congreso-internacional-de-ciencia-y-tecnologia-de-la-carne\/"]}]},{"@type":"ImageObject","inLanguage":"en-US","@id":"https:\/\/proagrolab.com.ar\/uruguay-sera-sede-del-60o-congreso-internacional-de-ciencia-y-tecnologia-de-la-carne\/#primaryimage","url":"https:\/\/proagrolab.com.ar\/wp-content\/uploads\/2015\/01\/g_06th4zysj__Bovinos-pasturas.jpg","contentUrl":"https:\/\/proagrolab.com.ar\/wp-content\/uploads\/2015\/01\/g_06th4zysj__Bovinos-pasturas.jpg","width":450,"height":208},{"@type":"BreadcrumbList","@id":"https:\/\/proagrolab.com.ar\/uruguay-sera-sede-del-60o-congreso-internacional-de-ciencia-y-tecnologia-de-la-carne\/#breadcrumb","itemListElement":[{"@type":"ListItem","position":1,"name":"Portada","item":"https:\/\/proagrolab.com.ar\/"},{"@type":"ListItem","position":2,"name":"Uruguay ser\u00e1 sede del 60\u00ba Congreso Internacional de Ciencia y Tecnolog\u00eda de la Carne."}]},{"@type":"WebSite","@id":"https:\/\/proagrolab.com.ar\/#website","url":"https:\/\/proagrolab.com.ar\/","name":"Proagro Laboratorio Veterinario","description":"Veterinary laboratory","publisher":{"@id":"https:\/\/proagrolab.com.ar\/#organization"},"potentialAction":[{"@type":"SearchAction","target":{"@type":"EntryPoint","urlTemplate":"https:\/\/proagrolab.com.ar\/?s={search_term_string}"},"query-input":{"@type":"PropertyValueSpecification","valueRequired":true,"valueName":"search_term_string"}}],"inLanguage":"en-US"},{"@type":"Organization","@id":"https:\/\/proagrolab.com.ar\/#organization","name":"Proagro","url":"https:\/\/proagrolab.com.ar\/","logo":{"@type":"ImageObject","inLanguage":"en-US","@id":"https:\/\/proagrolab.com.ar\/#\/schema\/logo\/image\/","url":"https:\/\/proagrolab.com.ar\/wp-content\/uploads\/2020\/04\/logo-retina.png","contentUrl":"https:\/\/proagrolab.com.ar\/wp-content\/uploads\/2020\/04\/logo-retina.png","width":478,"height":120,"caption":"Proagro"},"image":{"@id":"https:\/\/proagrolab.com.ar\/#\/schema\/logo\/image\/"},"sameAs":["http:\/\/www.facebook.com\/proagrolab","https:\/\/www.instagram.com\/proagrolab\/","https:\/\/www.linkedin.com\/company\/laboratorio-proagro-s-a\/"]},{"@type":"Person","@id":"https:\/\/proagrolab.com.ar\/#\/schema\/person\/38003ff90bf80381f71c7d922d207444","name":"proagrolab"}]}},"_links":{"self":[{"href":"https:\/\/proagrolab.com.ar\/en\/wp-json\/wp\/v2\/posts\/5655","targetHints":{"allow":["GET"]}}],"collection":[{"href":"https:\/\/proagrolab.com.ar\/en\/wp-json\/wp\/v2\/posts"}],"about":[{"href":"https:\/\/proagrolab.com.ar\/en\/wp-json\/wp\/v2\/types\/post"}],"author":[{"embeddable":true,"href":"https:\/\/proagrolab.com.ar\/en\/wp-json\/wp\/v2\/users\/2"}],"replies":[{"embeddable":true,"href":"https:\/\/proagrolab.com.ar\/en\/wp-json\/wp\/v2\/comments?post=5655"}],"version-history":[{"count":0,"href":"https:\/\/proagrolab.com.ar\/en\/wp-json\/wp\/v2\/posts\/5655\/revisions"}],"wp:featuredmedia":[{"embeddable":true,"href":"https:\/\/proagrolab.com.ar\/en\/wp-json\/wp\/v2\/media\/2146"}],"wp:attachment":[{"href":"https:\/\/proagrolab.com.ar\/en\/wp-json\/wp\/v2\/media?parent=5655"}],"wp:term":[{"taxonomy":"category","embeddable":true,"href":"https:\/\/proagrolab.com.ar\/en\/wp-json\/wp\/v2\/categories?post=5655"},{"taxonomy":"post_tag","embeddable":true,"href":"https:\/\/proagrolab.com.ar\/en\/wp-json\/wp\/v2\/tags?post=5655"}],"curies":[{"name":"wp","href":"https:\/\/api.w.org\/{rel}","templated":true}]}}