{"id":5653,"date":"2013-08-22T00:00:01","date_gmt":"2013-08-22T00:00:01","guid":{"rendered":"https:\/\/proagrolab.com.ar\/nadie-puede-desconocer-la-importancia-del-campo-en-la-economia-del-pais\/"},"modified":"2013-08-22T00:00:01","modified_gmt":"2013-08-22T00:00:01","slug":"nadie-puede-desconocer-la-importancia-del-campo-en-la-economia-del-pais","status":"publish","type":"post","link":"https:\/\/proagrolab.com.ar\/en\/nadie-puede-desconocer-la-importancia-del-campo-en-la-economia-del-pais\/","title":{"rendered":"Nadie puede desconocer la importancia del campo en la economia del pais."},"content":{"rendered":"<p class=\"qtranxs-available-languages-message qtranxs-available-languages-message-en\"> <\/p><p>El presidente de la Sociedad Rural Argentina, Luis Etchevehere, se mostr\u00f3 conforme con la decisi\u00f3n de la Corte Suprema, que dej\u00f3 firme la medida cautelar que fren\u00f3 la estatizaci\u00f3n del predio de Palermo. Por cinco votos contra dos, el m\u00e1ximo tribunal rechaz\u00f3 por extempor\u00e1nea una presentaci\u00f3n del Gobierno y ratific\u00f3 la resoluci\u00f3n de la C\u00e1mara en lo Civil y Comercial que hab\u00eda frenado los efectos del decreto de estatizaci\u00f3n del predio.<\/p>\n<p>Ergo, el predio sigue siendo de quienes lo tenian, la Sociedad Rural Argentina, hasta que se decida la validez de un contrato de compra-venta que se hizo hace 20 a\u00f1os por el gobierno de turno, por cierto del mismo signo pol\u00edtico que el actual.<\/p>\n<p><i>Dialogo<\/i><br \/>Por otro lado, el titular de la entidad rural consider\u00f3 l\u00f3gico el llamado al dialogo que hizo la presidenta Cristina Fernandez, pero se\u00f1alo que el campo no puede quedar marginado de esa mesa.<\/p>\n<p>\u0093Entendemos que un di\u00e1logo social debe inlcuir a los partidos pol\u00edticos, que son nuestros representantes, a otras organizaciones sociales\u0094, dijo. \u0093Cualquier llamado, por definicion, debe ser generoso, amplio y sin temario previo\u0094, opin\u00f3.<\/p>\n<p>Enseguida, subray\u00f3 que, a esta altura, \u0093nadie puede desconocer la importancia del campo en la econom\u00eda del pais\u0094. \u0093Es el generador del 60% de las divisas que ingresan a la Argentina y es responsable de 1\/3 de la mano de obra\u0094, puntualiz\u00f3 Etchevehere.<\/p>\n<p>\u0093No nos sentimos ni mas ni menos que nadie, pero entendemos que para cualquier tipo de visi\u00f3n de futuro, de acuerdo nacional o de reglas o marco institucional hacia adelante, el campo deberia estar sentado en esa mesa\u0094, dijo.<\/p>\n<p><i>En el lote<\/i><br \/>Desde lo agron\u00f3mico, el ruralista considero que las cosas no estan bien y visualiz\u00f3 nubarrones si no se toman decisiones. \u0093La superficie sembrada con trigo es casi la misma de la campa\u00f1a anterior\u0094. Sobre el maiz, record\u00f3 un estudio de CREA donde indican que solo el 25% dara resultado, siempre y cuando llueva. \u0093El 75% del maiz dar\u00e1 p\u00e9rdida\u0094, se quej\u00f3.<\/p>\n<p>Y advirti\u00f3 que \u0093esto es resultado de la presi\u00f3n impositiva, la intervenci\u00f3n de los mercados, los diferentes tipos de d\u00f3lar y el atraso cambiario y de la inflaci\u00f3n que hay en el pais\u0094. Todo esto concluye en la falta de competitividad que hoy registra el sector. Por eso, pidio una vez mas sacar las retenciones.<\/p>\n<p>Fuente: On24 agro, 22 de agosto.<br \/><\/p>","protected":false},"excerpt":{"rendered":"<p>El presidente de la Sociedad Rural Argentina, Luis Etchevehere, se mostr\u00f3 conforme con la decisi\u00f3n de la Corte Suprema, que dej\u00f3 firme la medida cautelar que fren\u00f3 la estatizaci\u00f3n del predio de Palermo. Por cinco votos contra dos, el m\u00e1ximo tribunal rechaz\u00f3 por extempor\u00e1nea una presentaci\u00f3n del Gobierno y ratific\u00f3 la resoluci\u00f3n de la C\u00e1mara en lo Civil y Comercial que hab\u00eda frenado los efectos del decreto de estatizaci\u00f3n del predio. Ergo, el predio sigue siendo de quienes lo tenian, la Sociedad Rural Argentina, hasta que se decida la validez de un contrato de compra-venta que se hizo hace 20 a\u00f1os por el gobierno de turno, por cierto del mismo signo pol\u00edtico que el actual. DialogoPor otro lado, el titular de la entidad rural consider\u00f3 l\u00f3gico el llamado al dialogo que hizo la presidenta Cristina Fernandez, pero se\u00f1alo que el campo no puede quedar marginado de esa mesa. \u0093Entendemos que un di\u00e1logo social debe inlcuir a los partidos pol\u00edticos, que son nuestros representantes, a otras organizaciones sociales\u0094, dijo. \u0093Cualquier llamado, por definicion, debe ser generoso, amplio y sin temario previo\u0094, opin\u00f3. Enseguida, subray\u00f3 que, a esta altura, \u0093nadie puede desconocer la importancia del campo en la econom\u00eda del pais\u0094. \u0093Es [&hellip;]<\/p>\n","protected":false},"author":2,"featured_media":2144,"comment_status":"closed","ping_status":"open","sticky":false,"template":"","format":"standard","meta":{"_acf_changed":false,"footnotes":""},"categories":[56],"tags":[],"class_list":["post-5653","post","type-post","status-publish","format-standard","has-post-thumbnail","hentry","category-infoganadero"],"acf":[],"yoast_head":"<!-- This site is optimized with the Yoast SEO plugin v27.5 - https:\/\/yoast.com\/product\/yoast-seo-wordpress\/ -->\n<title>Nadie puede desconocer la importancia del campo en la economia del pais. | Proagro<\/title>\n<meta name=\"robots\" content=\"index, follow, max-snippet:-1, max-image-preview:large, max-video-preview:-1\" \/>\n<link rel=\"canonical\" href=\"https:\/\/proagrolab.com.ar\/en\/nadie-puede-desconocer-la-importancia-del-campo-en-la-economia-del-pais\/\" \/>\n<meta property=\"og:locale\" content=\"en_US\" \/>\n<meta property=\"og:type\" content=\"article\" \/>\n<meta property=\"og:title\" content=\"Nadie puede desconocer la importancia del campo en la economia del pais. | Proagro\" \/>\n<meta property=\"og:description\" content=\"El presidente de la Sociedad Rural Argentina, Luis Etchevehere, se mostr\u00f3 conforme con la decisi\u00f3n de la Corte Suprema, que dej\u00f3 firme la medida cautelar que fren\u00f3 la estatizaci\u00f3n del predio de Palermo. Por cinco votos contra dos, el m\u00e1ximo tribunal rechaz\u00f3 por extempor\u00e1nea una presentaci\u00f3n del Gobierno y ratific\u00f3 la resoluci\u00f3n de la C\u00e1mara en lo Civil y Comercial que hab\u00eda frenado los efectos del decreto de estatizaci\u00f3n del predio. Ergo, el predio sigue siendo de quienes lo tenian, la Sociedad Rural Argentina, hasta que se decida la validez de un contrato de compra-venta que se hizo hace 20 a\u00f1os por el gobierno de turno, por cierto del mismo signo pol\u00edtico que el actual. DialogoPor otro lado, el titular de la entidad rural consider\u00f3 l\u00f3gico el llamado al dialogo que hizo la presidenta Cristina Fernandez, pero se\u00f1alo que el campo no puede quedar marginado de esa mesa. \u0093Entendemos que un di\u00e1logo social debe inlcuir a los partidos pol\u00edticos, que son nuestros representantes, a otras organizaciones sociales\u0094, dijo. \u0093Cualquier llamado, por definicion, debe ser generoso, amplio y sin temario previo\u0094, opin\u00f3. Enseguida, subray\u00f3 que, a esta altura, \u0093nadie puede desconocer la importancia del campo en la econom\u00eda del pais\u0094. \u0093Es [&hellip;]\" \/>\n<meta property=\"og:url\" content=\"https:\/\/proagrolab.com.ar\/nadie-puede-desconocer-la-importancia-del-campo-en-la-economia-del-pais\/\" \/>\n<meta property=\"og:site_name\" content=\"Proagro\" \/>\n<meta property=\"article:publisher\" content=\"http:\/\/www.facebook.com\/proagrolab\" \/>\n<meta property=\"article:published_time\" content=\"2013-08-22T00:00:01+00:00\" \/>\n<meta property=\"og:image\" content=\"https:\/\/proagrolab.com.ar\/wp-content\/uploads\/2015\/01\/g_14d91svvr__Etchevehere-2013.jpg\" \/>\n\t<meta property=\"og:image:width\" content=\"450\" \/>\n\t<meta property=\"og:image:height\" content=\"208\" \/>\n\t<meta property=\"og:image:type\" content=\"image\/jpeg\" \/>\n<meta name=\"author\" content=\"proagrolab\" \/>\n<meta name=\"twitter:card\" content=\"summary_large_image\" \/>\n<meta name=\"twitter:label1\" content=\"Written by\" \/>\n\t<meta name=\"twitter:data1\" content=\"proagrolab\" \/>\n\t<meta name=\"twitter:label2\" content=\"Est. reading time\" \/>\n\t<meta name=\"twitter:data2\" content=\"2 minutes\" \/>\n<script type=\"application\/ld+json\" class=\"yoast-schema-graph\">{\"@context\":\"https:\\\/\\\/schema.org\",\"@graph\":[{\"@type\":\"Article\",\"@id\":\"https:\\\/\\\/proagrolab.com.ar\\\/nadie-puede-desconocer-la-importancia-del-campo-en-la-economia-del-pais\\\/#article\",\"isPartOf\":{\"@id\":\"https:\\\/\\\/proagrolab.com.ar\\\/nadie-puede-desconocer-la-importancia-del-campo-en-la-economia-del-pais\\\/\"},\"author\":{\"name\":\"proagrolab\",\"@id\":\"https:\\\/\\\/proagrolab.com.ar\\\/#\\\/schema\\\/person\\\/38003ff90bf80381f71c7d922d207444\"},\"headline\":\"Nadie puede desconocer la importancia del campo en la economia del pais.\",\"datePublished\":\"2013-08-22T00:00:01+00:00\",\"mainEntityOfPage\":{\"@id\":\"https:\\\/\\\/proagrolab.com.ar\\\/nadie-puede-desconocer-la-importancia-del-campo-en-la-economia-del-pais\\\/\"},\"wordCount\":419,\"publisher\":{\"@id\":\"https:\\\/\\\/proagrolab.com.ar\\\/#organization\"},\"image\":{\"@id\":\"https:\\\/\\\/proagrolab.com.ar\\\/nadie-puede-desconocer-la-importancia-del-campo-en-la-economia-del-pais\\\/#primaryimage\"},\"thumbnailUrl\":\"https:\\\/\\\/proagrolab.com.ar\\\/wp-content\\\/uploads\\\/2015\\\/01\\\/g_14d91svvr__Etchevehere-2013.jpg\",\"articleSection\":[\"News\"],\"inLanguage\":\"en-US\"},{\"@type\":\"WebPage\",\"@id\":\"https:\\\/\\\/proagrolab.com.ar\\\/nadie-puede-desconocer-la-importancia-del-campo-en-la-economia-del-pais\\\/\",\"url\":\"https:\\\/\\\/proagrolab.com.ar\\\/nadie-puede-desconocer-la-importancia-del-campo-en-la-economia-del-pais\\\/\",\"name\":\"Nadie puede desconocer la importancia del campo en la economia del pais. | Proagro\",\"isPartOf\":{\"@id\":\"https:\\\/\\\/proagrolab.com.ar\\\/#website\"},\"primaryImageOfPage\":{\"@id\":\"https:\\\/\\\/proagrolab.com.ar\\\/nadie-puede-desconocer-la-importancia-del-campo-en-la-economia-del-pais\\\/#primaryimage\"},\"image\":{\"@id\":\"https:\\\/\\\/proagrolab.com.ar\\\/nadie-puede-desconocer-la-importancia-del-campo-en-la-economia-del-pais\\\/#primaryimage\"},\"thumbnailUrl\":\"https:\\\/\\\/proagrolab.com.ar\\\/wp-content\\\/uploads\\\/2015\\\/01\\\/g_14d91svvr__Etchevehere-2013.jpg\",\"datePublished\":\"2013-08-22T00:00:01+00:00\",\"breadcrumb\":{\"@id\":\"https:\\\/\\\/proagrolab.com.ar\\\/nadie-puede-desconocer-la-importancia-del-campo-en-la-economia-del-pais\\\/#breadcrumb\"},\"inLanguage\":\"en-US\",\"potentialAction\":[{\"@type\":\"ReadAction\",\"target\":[\"https:\\\/\\\/proagrolab.com.ar\\\/nadie-puede-desconocer-la-importancia-del-campo-en-la-economia-del-pais\\\/\"]}]},{\"@type\":\"ImageObject\",\"inLanguage\":\"en-US\",\"@id\":\"https:\\\/\\\/proagrolab.com.ar\\\/nadie-puede-desconocer-la-importancia-del-campo-en-la-economia-del-pais\\\/#primaryimage\",\"url\":\"https:\\\/\\\/proagrolab.com.ar\\\/wp-content\\\/uploads\\\/2015\\\/01\\\/g_14d91svvr__Etchevehere-2013.jpg\",\"contentUrl\":\"https:\\\/\\\/proagrolab.com.ar\\\/wp-content\\\/uploads\\\/2015\\\/01\\\/g_14d91svvr__Etchevehere-2013.jpg\",\"width\":450,\"height\":208},{\"@type\":\"BreadcrumbList\",\"@id\":\"https:\\\/\\\/proagrolab.com.ar\\\/nadie-puede-desconocer-la-importancia-del-campo-en-la-economia-del-pais\\\/#breadcrumb\",\"itemListElement\":[{\"@type\":\"ListItem\",\"position\":1,\"name\":\"Portada\",\"item\":\"https:\\\/\\\/proagrolab.com.ar\\\/\"},{\"@type\":\"ListItem\",\"position\":2,\"name\":\"Nadie puede desconocer la importancia del campo en la economia del pais.\"}]},{\"@type\":\"WebSite\",\"@id\":\"https:\\\/\\\/proagrolab.com.ar\\\/#website\",\"url\":\"https:\\\/\\\/proagrolab.com.ar\\\/\",\"name\":\"Proagro Laboratorio Veterinario\",\"description\":\"Veterinary laboratory\",\"publisher\":{\"@id\":\"https:\\\/\\\/proagrolab.com.ar\\\/#organization\"},\"potentialAction\":[{\"@type\":\"SearchAction\",\"target\":{\"@type\":\"EntryPoint\",\"urlTemplate\":\"https:\\\/\\\/proagrolab.com.ar\\\/?s={search_term_string}\"},\"query-input\":{\"@type\":\"PropertyValueSpecification\",\"valueRequired\":true,\"valueName\":\"search_term_string\"}}],\"inLanguage\":\"en-US\"},{\"@type\":\"Organization\",\"@id\":\"https:\\\/\\\/proagrolab.com.ar\\\/#organization\",\"name\":\"Proagro\",\"url\":\"https:\\\/\\\/proagrolab.com.ar\\\/\",\"logo\":{\"@type\":\"ImageObject\",\"inLanguage\":\"en-US\",\"@id\":\"https:\\\/\\\/proagrolab.com.ar\\\/#\\\/schema\\\/logo\\\/image\\\/\",\"url\":\"https:\\\/\\\/proagrolab.com.ar\\\/wp-content\\\/uploads\\\/2020\\\/04\\\/logo-retina.png\",\"contentUrl\":\"https:\\\/\\\/proagrolab.com.ar\\\/wp-content\\\/uploads\\\/2020\\\/04\\\/logo-retina.png\",\"width\":478,\"height\":120,\"caption\":\"Proagro\"},\"image\":{\"@id\":\"https:\\\/\\\/proagrolab.com.ar\\\/#\\\/schema\\\/logo\\\/image\\\/\"},\"sameAs\":[\"http:\\\/\\\/www.facebook.com\\\/proagrolab\",\"https:\\\/\\\/www.instagram.com\\\/proagrolab\\\/\",\"https:\\\/\\\/www.linkedin.com\\\/company\\\/laboratorio-proagro-s-a\\\/\"]},{\"@type\":\"Person\",\"@id\":\"https:\\\/\\\/proagrolab.com.ar\\\/#\\\/schema\\\/person\\\/38003ff90bf80381f71c7d922d207444\",\"name\":\"proagrolab\"}]}<\/script>\n<!-- \/ Yoast SEO plugin. -->","yoast_head_json":{"title":"Nadie puede desconocer la importancia del campo en la economia del pais. | Proagro","robots":{"index":"index","follow":"follow","max-snippet":"max-snippet:-1","max-image-preview":"max-image-preview:large","max-video-preview":"max-video-preview:-1"},"canonical":"https:\/\/proagrolab.com.ar\/en\/nadie-puede-desconocer-la-importancia-del-campo-en-la-economia-del-pais\/","og_locale":"en_US","og_type":"article","og_title":"Nadie puede desconocer la importancia del campo en la economia del pais. | Proagro","og_description":"El presidente de la Sociedad Rural Argentina, Luis Etchevehere, se mostr\u00f3 conforme con la decisi\u00f3n de la Corte Suprema, que dej\u00f3 firme la medida cautelar que fren\u00f3 la estatizaci\u00f3n del predio de Palermo. Por cinco votos contra dos, el m\u00e1ximo tribunal rechaz\u00f3 por extempor\u00e1nea una presentaci\u00f3n del Gobierno y ratific\u00f3 la resoluci\u00f3n de la C\u00e1mara en lo Civil y Comercial que hab\u00eda frenado los efectos del decreto de estatizaci\u00f3n del predio. Ergo, el predio sigue siendo de quienes lo tenian, la Sociedad Rural Argentina, hasta que se decida la validez de un contrato de compra-venta que se hizo hace 20 a\u00f1os por el gobierno de turno, por cierto del mismo signo pol\u00edtico que el actual. DialogoPor otro lado, el titular de la entidad rural consider\u00f3 l\u00f3gico el llamado al dialogo que hizo la presidenta Cristina Fernandez, pero se\u00f1alo que el campo no puede quedar marginado de esa mesa. \u0093Entendemos que un di\u00e1logo social debe inlcuir a los partidos pol\u00edticos, que son nuestros representantes, a otras organizaciones sociales\u0094, dijo. \u0093Cualquier llamado, por definicion, debe ser generoso, amplio y sin temario previo\u0094, opin\u00f3. Enseguida, subray\u00f3 que, a esta altura, \u0093nadie puede desconocer la importancia del campo en la econom\u00eda del pais\u0094. \u0093Es [&hellip;]","og_url":"https:\/\/proagrolab.com.ar\/nadie-puede-desconocer-la-importancia-del-campo-en-la-economia-del-pais\/","og_site_name":"Proagro","article_publisher":"http:\/\/www.facebook.com\/proagrolab","article_published_time":"2013-08-22T00:00:01+00:00","og_image":[{"width":450,"height":208,"url":"https:\/\/proagrolab.com.ar\/wp-content\/uploads\/2015\/01\/g_14d91svvr__Etchevehere-2013.jpg","type":"image\/jpeg"}],"author":"proagrolab","twitter_card":"summary_large_image","twitter_misc":{"Written by":"proagrolab","Est. reading time":"2 minutes"},"schema":{"@context":"https:\/\/schema.org","@graph":[{"@type":"Article","@id":"https:\/\/proagrolab.com.ar\/nadie-puede-desconocer-la-importancia-del-campo-en-la-economia-del-pais\/#article","isPartOf":{"@id":"https:\/\/proagrolab.com.ar\/nadie-puede-desconocer-la-importancia-del-campo-en-la-economia-del-pais\/"},"author":{"name":"proagrolab","@id":"https:\/\/proagrolab.com.ar\/#\/schema\/person\/38003ff90bf80381f71c7d922d207444"},"headline":"Nadie puede desconocer la importancia del campo en la economia del pais.","datePublished":"2013-08-22T00:00:01+00:00","mainEntityOfPage":{"@id":"https:\/\/proagrolab.com.ar\/nadie-puede-desconocer-la-importancia-del-campo-en-la-economia-del-pais\/"},"wordCount":419,"publisher":{"@id":"https:\/\/proagrolab.com.ar\/#organization"},"image":{"@id":"https:\/\/proagrolab.com.ar\/nadie-puede-desconocer-la-importancia-del-campo-en-la-economia-del-pais\/#primaryimage"},"thumbnailUrl":"https:\/\/proagrolab.com.ar\/wp-content\/uploads\/2015\/01\/g_14d91svvr__Etchevehere-2013.jpg","articleSection":["News"],"inLanguage":"en-US"},{"@type":"WebPage","@id":"https:\/\/proagrolab.com.ar\/nadie-puede-desconocer-la-importancia-del-campo-en-la-economia-del-pais\/","url":"https:\/\/proagrolab.com.ar\/nadie-puede-desconocer-la-importancia-del-campo-en-la-economia-del-pais\/","name":"Nadie puede desconocer la importancia del campo en la economia del pais. | Proagro","isPartOf":{"@id":"https:\/\/proagrolab.com.ar\/#website"},"primaryImageOfPage":{"@id":"https:\/\/proagrolab.com.ar\/nadie-puede-desconocer-la-importancia-del-campo-en-la-economia-del-pais\/#primaryimage"},"image":{"@id":"https:\/\/proagrolab.com.ar\/nadie-puede-desconocer-la-importancia-del-campo-en-la-economia-del-pais\/#primaryimage"},"thumbnailUrl":"https:\/\/proagrolab.com.ar\/wp-content\/uploads\/2015\/01\/g_14d91svvr__Etchevehere-2013.jpg","datePublished":"2013-08-22T00:00:01+00:00","breadcrumb":{"@id":"https:\/\/proagrolab.com.ar\/nadie-puede-desconocer-la-importancia-del-campo-en-la-economia-del-pais\/#breadcrumb"},"inLanguage":"en-US","potentialAction":[{"@type":"ReadAction","target":["https:\/\/proagrolab.com.ar\/nadie-puede-desconocer-la-importancia-del-campo-en-la-economia-del-pais\/"]}]},{"@type":"ImageObject","inLanguage":"en-US","@id":"https:\/\/proagrolab.com.ar\/nadie-puede-desconocer-la-importancia-del-campo-en-la-economia-del-pais\/#primaryimage","url":"https:\/\/proagrolab.com.ar\/wp-content\/uploads\/2015\/01\/g_14d91svvr__Etchevehere-2013.jpg","contentUrl":"https:\/\/proagrolab.com.ar\/wp-content\/uploads\/2015\/01\/g_14d91svvr__Etchevehere-2013.jpg","width":450,"height":208},{"@type":"BreadcrumbList","@id":"https:\/\/proagrolab.com.ar\/nadie-puede-desconocer-la-importancia-del-campo-en-la-economia-del-pais\/#breadcrumb","itemListElement":[{"@type":"ListItem","position":1,"name":"Portada","item":"https:\/\/proagrolab.com.ar\/"},{"@type":"ListItem","position":2,"name":"Nadie puede desconocer la importancia del campo en la economia del pais."}]},{"@type":"WebSite","@id":"https:\/\/proagrolab.com.ar\/#website","url":"https:\/\/proagrolab.com.ar\/","name":"Proagro Laboratorio Veterinario","description":"Veterinary laboratory","publisher":{"@id":"https:\/\/proagrolab.com.ar\/#organization"},"potentialAction":[{"@type":"SearchAction","target":{"@type":"EntryPoint","urlTemplate":"https:\/\/proagrolab.com.ar\/?s={search_term_string}"},"query-input":{"@type":"PropertyValueSpecification","valueRequired":true,"valueName":"search_term_string"}}],"inLanguage":"en-US"},{"@type":"Organization","@id":"https:\/\/proagrolab.com.ar\/#organization","name":"Proagro","url":"https:\/\/proagrolab.com.ar\/","logo":{"@type":"ImageObject","inLanguage":"en-US","@id":"https:\/\/proagrolab.com.ar\/#\/schema\/logo\/image\/","url":"https:\/\/proagrolab.com.ar\/wp-content\/uploads\/2020\/04\/logo-retina.png","contentUrl":"https:\/\/proagrolab.com.ar\/wp-content\/uploads\/2020\/04\/logo-retina.png","width":478,"height":120,"caption":"Proagro"},"image":{"@id":"https:\/\/proagrolab.com.ar\/#\/schema\/logo\/image\/"},"sameAs":["http:\/\/www.facebook.com\/proagrolab","https:\/\/www.instagram.com\/proagrolab\/","https:\/\/www.linkedin.com\/company\/laboratorio-proagro-s-a\/"]},{"@type":"Person","@id":"https:\/\/proagrolab.com.ar\/#\/schema\/person\/38003ff90bf80381f71c7d922d207444","name":"proagrolab"}]}},"_links":{"self":[{"href":"https:\/\/proagrolab.com.ar\/en\/wp-json\/wp\/v2\/posts\/5653","targetHints":{"allow":["GET"]}}],"collection":[{"href":"https:\/\/proagrolab.com.ar\/en\/wp-json\/wp\/v2\/posts"}],"about":[{"href":"https:\/\/proagrolab.com.ar\/en\/wp-json\/wp\/v2\/types\/post"}],"author":[{"embeddable":true,"href":"https:\/\/proagrolab.com.ar\/en\/wp-json\/wp\/v2\/users\/2"}],"replies":[{"embeddable":true,"href":"https:\/\/proagrolab.com.ar\/en\/wp-json\/wp\/v2\/comments?post=5653"}],"version-history":[{"count":0,"href":"https:\/\/proagrolab.com.ar\/en\/wp-json\/wp\/v2\/posts\/5653\/revisions"}],"wp:featuredmedia":[{"embeddable":true,"href":"https:\/\/proagrolab.com.ar\/en\/wp-json\/wp\/v2\/media\/2144"}],"wp:attachment":[{"href":"https:\/\/proagrolab.com.ar\/en\/wp-json\/wp\/v2\/media?parent=5653"}],"wp:term":[{"taxonomy":"category","embeddable":true,"href":"https:\/\/proagrolab.com.ar\/en\/wp-json\/wp\/v2\/categories?post=5653"},{"taxonomy":"post_tag","embeddable":true,"href":"https:\/\/proagrolab.com.ar\/en\/wp-json\/wp\/v2\/tags?post=5653"}],"curies":[{"name":"wp","href":"https:\/\/api.w.org\/{rel}","templated":true}]}}