{"id":5643,"date":"2013-08-16T00:00:01","date_gmt":"2013-08-16T00:00:01","guid":{"rendered":"https:\/\/proagrolab.com.ar\/tras-el-escandalo-renuncio-uno-de-los-jefes-de-produccion-de-fonterra\/"},"modified":"2013-08-16T00:00:01","modified_gmt":"2013-08-16T00:00:01","slug":"tras-el-escandalo-renuncio-uno-de-los-jefes-de-produccion-de-fonterra","status":"publish","type":"post","link":"https:\/\/proagrolab.com.ar\/en\/tras-el-escandalo-renuncio-uno-de-los-jefes-de-produccion-de-fonterra\/","title":{"rendered":"Tras el esc\u00e1ndalo, renunci\u00f3 uno de los Jefes de Producci\u00f3n de Fonterra."},"content":{"rendered":"<p class=\"qtranxs-available-languages-message qtranxs-available-languages-message-en\"> <\/p><p>Gary Romano ten\u00eda a su cargo una divisi\u00f3n de productos l\u00e1cteos del gigante l\u00e1cteo. La empresa no emiti\u00f3 comunicado sobre esta noticia.<\/p>\n<p>La renuncia de Gary Romano, uno de los Jefes de Producci\u00f3n de Fonterra, se da tan s\u00f3lo unos d\u00edas despu\u00e9s de que estallara el esc\u00e1ndalo por la contaminaci\u00f3n de un producto en China. A principios de este mes, encontraron lotes contaminados con una bacteria que puede causar botulismo. Actualmente, el gobierno de Nueva Zelanda est\u00e1 investigando el hecho.<\/p>\n<p>El Ejecutivo de Fonterra, Theo Spierings, se\u00f1al\u00f3 que en la empresa aceptaron la dimisi\u00f3n de Romano. &#8220;Gary ha hecho una contribuci\u00f3n significativa durante su tiempo en Fonterra y respetamos su decisi\u00f3n&#8221;, afirm\u00f3.<\/p>\n<p>El hecho de que Fonterra est\u00e9 envuelta en un esc\u00e1ndalo de este tipo no es menor por varios motivos: es el mayor exportador l\u00e1cteo y responsable de casi el 90% de la producci\u00f3n de leche del pa\u00eds; para Nueva Zelandia, la exportaci\u00f3n de productos l\u00e1cteos representa un cuarto de las exportaciones totales del pa\u00eds; y las ganancias de la industria l\u00e1ctea contribuyen aproximadamente al 7% del producto interno bruto del pa\u00eds. <\/p>\n<p>Fuente: Infortambo, 16 de agosto.<br \/><\/p>","protected":false},"excerpt":{"rendered":"<p>Gary Romano ten\u00eda a su cargo una divisi\u00f3n de productos l\u00e1cteos del gigante l\u00e1cteo. La empresa no emiti\u00f3 comunicado sobre esta noticia. La renuncia de Gary Romano, uno de los Jefes de Producci\u00f3n de Fonterra, se da tan s\u00f3lo unos d\u00edas despu\u00e9s de que estallara el esc\u00e1ndalo por la contaminaci\u00f3n de un producto en China. A principios de este mes, encontraron lotes contaminados con una bacteria que puede causar botulismo. Actualmente, el gobierno de Nueva Zelanda est\u00e1 investigando el hecho. El Ejecutivo de Fonterra, Theo Spierings, se\u00f1al\u00f3 que en la empresa aceptaron la dimisi\u00f3n de Romano. &#8220;Gary ha hecho una contribuci\u00f3n significativa durante su tiempo en Fonterra y respetamos su decisi\u00f3n&#8221;, afirm\u00f3. El hecho de que Fonterra est\u00e9 envuelta en un esc\u00e1ndalo de este tipo no es menor por varios motivos: es el mayor exportador l\u00e1cteo y responsable de casi el 90% de la producci\u00f3n de leche del pa\u00eds; para Nueva Zelandia, la exportaci\u00f3n de productos l\u00e1cteos representa un cuarto de las exportaciones totales del pa\u00eds; y las ganancias de la industria l\u00e1ctea contribuyen aproximadamente al 7% del producto interno bruto del pa\u00eds. Fuente: Infortambo, 16 de agosto.<\/p>\n","protected":false},"author":2,"featured_media":2137,"comment_status":"closed","ping_status":"open","sticky":false,"template":"","format":"standard","meta":{"_acf_changed":false,"footnotes":""},"categories":[56],"tags":[],"class_list":["post-5643","post","type-post","status-publish","format-standard","has-post-thumbnail","hentry","category-infoganadero"],"acf":[],"yoast_head":"<!-- This site is optimized with the Yoast SEO plugin v27.5 - https:\/\/yoast.com\/product\/yoast-seo-wordpress\/ -->\n<title>Tras el esc\u00e1ndalo, renunci\u00f3 uno de los Jefes de Producci\u00f3n de Fonterra. | Proagro<\/title>\n<meta name=\"robots\" content=\"index, follow, max-snippet:-1, max-image-preview:large, max-video-preview:-1\" \/>\n<link rel=\"canonical\" href=\"https:\/\/proagrolab.com.ar\/en\/tras-el-escandalo-renuncio-uno-de-los-jefes-de-produccion-de-fonterra\/\" \/>\n<meta property=\"og:locale\" content=\"en_US\" \/>\n<meta property=\"og:type\" content=\"article\" \/>\n<meta property=\"og:title\" content=\"Tras el esc\u00e1ndalo, renunci\u00f3 uno de los Jefes de Producci\u00f3n de Fonterra. | Proagro\" \/>\n<meta property=\"og:description\" content=\"Gary Romano ten\u00eda a su cargo una divisi\u00f3n de productos l\u00e1cteos del gigante l\u00e1cteo. La empresa no emiti\u00f3 comunicado sobre esta noticia. La renuncia de Gary Romano, uno de los Jefes de Producci\u00f3n de Fonterra, se da tan s\u00f3lo unos d\u00edas despu\u00e9s de que estallara el esc\u00e1ndalo por la contaminaci\u00f3n de un producto en China. A principios de este mes, encontraron lotes contaminados con una bacteria que puede causar botulismo. Actualmente, el gobierno de Nueva Zelanda est\u00e1 investigando el hecho. El Ejecutivo de Fonterra, Theo Spierings, se\u00f1al\u00f3 que en la empresa aceptaron la dimisi\u00f3n de Romano. &#8220;Gary ha hecho una contribuci\u00f3n significativa durante su tiempo en Fonterra y respetamos su decisi\u00f3n&#8221;, afirm\u00f3. El hecho de que Fonterra est\u00e9 envuelta en un esc\u00e1ndalo de este tipo no es menor por varios motivos: es el mayor exportador l\u00e1cteo y responsable de casi el 90% de la producci\u00f3n de leche del pa\u00eds; para Nueva Zelandia, la exportaci\u00f3n de productos l\u00e1cteos representa un cuarto de las exportaciones totales del pa\u00eds; y las ganancias de la industria l\u00e1ctea contribuyen aproximadamente al 7% del producto interno bruto del pa\u00eds. Fuente: Infortambo, 16 de agosto.\" \/>\n<meta property=\"og:url\" content=\"https:\/\/proagrolab.com.ar\/tras-el-escandalo-renuncio-uno-de-los-jefes-de-produccion-de-fonterra\/\" \/>\n<meta property=\"og:site_name\" content=\"Proagro\" \/>\n<meta property=\"article:publisher\" content=\"http:\/\/www.facebook.com\/proagrolab\" \/>\n<meta property=\"article:published_time\" content=\"2013-08-16T00:00:01+00:00\" \/>\n<meta property=\"og:image\" content=\"https:\/\/proagrolab.com.ar\/wp-content\/uploads\/2015\/01\/g_rwqdcxhsj__Industria-Lechera.jpg\" \/>\n\t<meta property=\"og:image:width\" content=\"450\" \/>\n\t<meta property=\"og:image:height\" content=\"208\" \/>\n\t<meta property=\"og:image:type\" content=\"image\/jpeg\" \/>\n<meta name=\"author\" content=\"proagrolab\" \/>\n<meta name=\"twitter:card\" content=\"summary_large_image\" \/>\n<meta name=\"twitter:label1\" content=\"Written by\" \/>\n\t<meta name=\"twitter:data1\" content=\"proagrolab\" \/>\n\t<meta name=\"twitter:label2\" content=\"Est. reading time\" \/>\n\t<meta name=\"twitter:data2\" content=\"1 minute\" \/>\n<script type=\"application\/ld+json\" class=\"yoast-schema-graph\">{\"@context\":\"https:\\\/\\\/schema.org\",\"@graph\":[{\"@type\":\"Article\",\"@id\":\"https:\\\/\\\/proagrolab.com.ar\\\/tras-el-escandalo-renuncio-uno-de-los-jefes-de-produccion-de-fonterra\\\/#article\",\"isPartOf\":{\"@id\":\"https:\\\/\\\/proagrolab.com.ar\\\/tras-el-escandalo-renuncio-uno-de-los-jefes-de-produccion-de-fonterra\\\/\"},\"author\":{\"name\":\"proagrolab\",\"@id\":\"https:\\\/\\\/proagrolab.com.ar\\\/#\\\/schema\\\/person\\\/38003ff90bf80381f71c7d922d207444\"},\"headline\":\"Tras el esc\u00e1ndalo, renunci\u00f3 uno de los Jefes de Producci\u00f3n de Fonterra.\",\"datePublished\":\"2013-08-16T00:00:01+00:00\",\"mainEntityOfPage\":{\"@id\":\"https:\\\/\\\/proagrolab.com.ar\\\/tras-el-escandalo-renuncio-uno-de-los-jefes-de-produccion-de-fonterra\\\/\"},\"wordCount\":222,\"publisher\":{\"@id\":\"https:\\\/\\\/proagrolab.com.ar\\\/#organization\"},\"image\":{\"@id\":\"https:\\\/\\\/proagrolab.com.ar\\\/tras-el-escandalo-renuncio-uno-de-los-jefes-de-produccion-de-fonterra\\\/#primaryimage\"},\"thumbnailUrl\":\"https:\\\/\\\/proagrolab.com.ar\\\/wp-content\\\/uploads\\\/2015\\\/01\\\/g_rwqdcxhsj__Industria-Lechera.jpg\",\"articleSection\":[\"News\"],\"inLanguage\":\"en-US\"},{\"@type\":\"WebPage\",\"@id\":\"https:\\\/\\\/proagrolab.com.ar\\\/tras-el-escandalo-renuncio-uno-de-los-jefes-de-produccion-de-fonterra\\\/\",\"url\":\"https:\\\/\\\/proagrolab.com.ar\\\/tras-el-escandalo-renuncio-uno-de-los-jefes-de-produccion-de-fonterra\\\/\",\"name\":\"Tras el esc\u00e1ndalo, renunci\u00f3 uno de los Jefes de Producci\u00f3n de Fonterra. | Proagro\",\"isPartOf\":{\"@id\":\"https:\\\/\\\/proagrolab.com.ar\\\/#website\"},\"primaryImageOfPage\":{\"@id\":\"https:\\\/\\\/proagrolab.com.ar\\\/tras-el-escandalo-renuncio-uno-de-los-jefes-de-produccion-de-fonterra\\\/#primaryimage\"},\"image\":{\"@id\":\"https:\\\/\\\/proagrolab.com.ar\\\/tras-el-escandalo-renuncio-uno-de-los-jefes-de-produccion-de-fonterra\\\/#primaryimage\"},\"thumbnailUrl\":\"https:\\\/\\\/proagrolab.com.ar\\\/wp-content\\\/uploads\\\/2015\\\/01\\\/g_rwqdcxhsj__Industria-Lechera.jpg\",\"datePublished\":\"2013-08-16T00:00:01+00:00\",\"breadcrumb\":{\"@id\":\"https:\\\/\\\/proagrolab.com.ar\\\/tras-el-escandalo-renuncio-uno-de-los-jefes-de-produccion-de-fonterra\\\/#breadcrumb\"},\"inLanguage\":\"en-US\",\"potentialAction\":[{\"@type\":\"ReadAction\",\"target\":[\"https:\\\/\\\/proagrolab.com.ar\\\/tras-el-escandalo-renuncio-uno-de-los-jefes-de-produccion-de-fonterra\\\/\"]}]},{\"@type\":\"ImageObject\",\"inLanguage\":\"en-US\",\"@id\":\"https:\\\/\\\/proagrolab.com.ar\\\/tras-el-escandalo-renuncio-uno-de-los-jefes-de-produccion-de-fonterra\\\/#primaryimage\",\"url\":\"https:\\\/\\\/proagrolab.com.ar\\\/wp-content\\\/uploads\\\/2015\\\/01\\\/g_rwqdcxhsj__Industria-Lechera.jpg\",\"contentUrl\":\"https:\\\/\\\/proagrolab.com.ar\\\/wp-content\\\/uploads\\\/2015\\\/01\\\/g_rwqdcxhsj__Industria-Lechera.jpg\",\"width\":450,\"height\":208},{\"@type\":\"BreadcrumbList\",\"@id\":\"https:\\\/\\\/proagrolab.com.ar\\\/tras-el-escandalo-renuncio-uno-de-los-jefes-de-produccion-de-fonterra\\\/#breadcrumb\",\"itemListElement\":[{\"@type\":\"ListItem\",\"position\":1,\"name\":\"Portada\",\"item\":\"https:\\\/\\\/proagrolab.com.ar\\\/\"},{\"@type\":\"ListItem\",\"position\":2,\"name\":\"Tras el esc\u00e1ndalo, renunci\u00f3 uno de los Jefes de Producci\u00f3n de Fonterra.\"}]},{\"@type\":\"WebSite\",\"@id\":\"https:\\\/\\\/proagrolab.com.ar\\\/#website\",\"url\":\"https:\\\/\\\/proagrolab.com.ar\\\/\",\"name\":\"Proagro Laboratorio Veterinario\",\"description\":\"Veterinary laboratory\",\"publisher\":{\"@id\":\"https:\\\/\\\/proagrolab.com.ar\\\/#organization\"},\"potentialAction\":[{\"@type\":\"SearchAction\",\"target\":{\"@type\":\"EntryPoint\",\"urlTemplate\":\"https:\\\/\\\/proagrolab.com.ar\\\/?s={search_term_string}\"},\"query-input\":{\"@type\":\"PropertyValueSpecification\",\"valueRequired\":true,\"valueName\":\"search_term_string\"}}],\"inLanguage\":\"en-US\"},{\"@type\":\"Organization\",\"@id\":\"https:\\\/\\\/proagrolab.com.ar\\\/#organization\",\"name\":\"Proagro\",\"url\":\"https:\\\/\\\/proagrolab.com.ar\\\/\",\"logo\":{\"@type\":\"ImageObject\",\"inLanguage\":\"en-US\",\"@id\":\"https:\\\/\\\/proagrolab.com.ar\\\/#\\\/schema\\\/logo\\\/image\\\/\",\"url\":\"https:\\\/\\\/proagrolab.com.ar\\\/wp-content\\\/uploads\\\/2020\\\/04\\\/logo-retina.png\",\"contentUrl\":\"https:\\\/\\\/proagrolab.com.ar\\\/wp-content\\\/uploads\\\/2020\\\/04\\\/logo-retina.png\",\"width\":478,\"height\":120,\"caption\":\"Proagro\"},\"image\":{\"@id\":\"https:\\\/\\\/proagrolab.com.ar\\\/#\\\/schema\\\/logo\\\/image\\\/\"},\"sameAs\":[\"http:\\\/\\\/www.facebook.com\\\/proagrolab\",\"https:\\\/\\\/www.instagram.com\\\/proagrolab\\\/\",\"https:\\\/\\\/www.linkedin.com\\\/company\\\/laboratorio-proagro-s-a\\\/\"]},{\"@type\":\"Person\",\"@id\":\"https:\\\/\\\/proagrolab.com.ar\\\/#\\\/schema\\\/person\\\/38003ff90bf80381f71c7d922d207444\",\"name\":\"proagrolab\"}]}<\/script>\n<!-- \/ Yoast SEO plugin. -->","yoast_head_json":{"title":"Tras el esc\u00e1ndalo, renunci\u00f3 uno de los Jefes de Producci\u00f3n de Fonterra. | Proagro","robots":{"index":"index","follow":"follow","max-snippet":"max-snippet:-1","max-image-preview":"max-image-preview:large","max-video-preview":"max-video-preview:-1"},"canonical":"https:\/\/proagrolab.com.ar\/en\/tras-el-escandalo-renuncio-uno-de-los-jefes-de-produccion-de-fonterra\/","og_locale":"en_US","og_type":"article","og_title":"Tras el esc\u00e1ndalo, renunci\u00f3 uno de los Jefes de Producci\u00f3n de Fonterra. | Proagro","og_description":"Gary Romano ten\u00eda a su cargo una divisi\u00f3n de productos l\u00e1cteos del gigante l\u00e1cteo. La empresa no emiti\u00f3 comunicado sobre esta noticia. La renuncia de Gary Romano, uno de los Jefes de Producci\u00f3n de Fonterra, se da tan s\u00f3lo unos d\u00edas despu\u00e9s de que estallara el esc\u00e1ndalo por la contaminaci\u00f3n de un producto en China. A principios de este mes, encontraron lotes contaminados con una bacteria que puede causar botulismo. Actualmente, el gobierno de Nueva Zelanda est\u00e1 investigando el hecho. El Ejecutivo de Fonterra, Theo Spierings, se\u00f1al\u00f3 que en la empresa aceptaron la dimisi\u00f3n de Romano. &#8220;Gary ha hecho una contribuci\u00f3n significativa durante su tiempo en Fonterra y respetamos su decisi\u00f3n&#8221;, afirm\u00f3. El hecho de que Fonterra est\u00e9 envuelta en un esc\u00e1ndalo de este tipo no es menor por varios motivos: es el mayor exportador l\u00e1cteo y responsable de casi el 90% de la producci\u00f3n de leche del pa\u00eds; para Nueva Zelandia, la exportaci\u00f3n de productos l\u00e1cteos representa un cuarto de las exportaciones totales del pa\u00eds; y las ganancias de la industria l\u00e1ctea contribuyen aproximadamente al 7% del producto interno bruto del pa\u00eds. Fuente: Infortambo, 16 de agosto.","og_url":"https:\/\/proagrolab.com.ar\/tras-el-escandalo-renuncio-uno-de-los-jefes-de-produccion-de-fonterra\/","og_site_name":"Proagro","article_publisher":"http:\/\/www.facebook.com\/proagrolab","article_published_time":"2013-08-16T00:00:01+00:00","og_image":[{"width":450,"height":208,"url":"https:\/\/proagrolab.com.ar\/wp-content\/uploads\/2015\/01\/g_rwqdcxhsj__Industria-Lechera.jpg","type":"image\/jpeg"}],"author":"proagrolab","twitter_card":"summary_large_image","twitter_misc":{"Written by":"proagrolab","Est. reading time":"1 minute"},"schema":{"@context":"https:\/\/schema.org","@graph":[{"@type":"Article","@id":"https:\/\/proagrolab.com.ar\/tras-el-escandalo-renuncio-uno-de-los-jefes-de-produccion-de-fonterra\/#article","isPartOf":{"@id":"https:\/\/proagrolab.com.ar\/tras-el-escandalo-renuncio-uno-de-los-jefes-de-produccion-de-fonterra\/"},"author":{"name":"proagrolab","@id":"https:\/\/proagrolab.com.ar\/#\/schema\/person\/38003ff90bf80381f71c7d922d207444"},"headline":"Tras el esc\u00e1ndalo, renunci\u00f3 uno de los Jefes de Producci\u00f3n de Fonterra.","datePublished":"2013-08-16T00:00:01+00:00","mainEntityOfPage":{"@id":"https:\/\/proagrolab.com.ar\/tras-el-escandalo-renuncio-uno-de-los-jefes-de-produccion-de-fonterra\/"},"wordCount":222,"publisher":{"@id":"https:\/\/proagrolab.com.ar\/#organization"},"image":{"@id":"https:\/\/proagrolab.com.ar\/tras-el-escandalo-renuncio-uno-de-los-jefes-de-produccion-de-fonterra\/#primaryimage"},"thumbnailUrl":"https:\/\/proagrolab.com.ar\/wp-content\/uploads\/2015\/01\/g_rwqdcxhsj__Industria-Lechera.jpg","articleSection":["News"],"inLanguage":"en-US"},{"@type":"WebPage","@id":"https:\/\/proagrolab.com.ar\/tras-el-escandalo-renuncio-uno-de-los-jefes-de-produccion-de-fonterra\/","url":"https:\/\/proagrolab.com.ar\/tras-el-escandalo-renuncio-uno-de-los-jefes-de-produccion-de-fonterra\/","name":"Tras el esc\u00e1ndalo, renunci\u00f3 uno de los Jefes de Producci\u00f3n de Fonterra. | Proagro","isPartOf":{"@id":"https:\/\/proagrolab.com.ar\/#website"},"primaryImageOfPage":{"@id":"https:\/\/proagrolab.com.ar\/tras-el-escandalo-renuncio-uno-de-los-jefes-de-produccion-de-fonterra\/#primaryimage"},"image":{"@id":"https:\/\/proagrolab.com.ar\/tras-el-escandalo-renuncio-uno-de-los-jefes-de-produccion-de-fonterra\/#primaryimage"},"thumbnailUrl":"https:\/\/proagrolab.com.ar\/wp-content\/uploads\/2015\/01\/g_rwqdcxhsj__Industria-Lechera.jpg","datePublished":"2013-08-16T00:00:01+00:00","breadcrumb":{"@id":"https:\/\/proagrolab.com.ar\/tras-el-escandalo-renuncio-uno-de-los-jefes-de-produccion-de-fonterra\/#breadcrumb"},"inLanguage":"en-US","potentialAction":[{"@type":"ReadAction","target":["https:\/\/proagrolab.com.ar\/tras-el-escandalo-renuncio-uno-de-los-jefes-de-produccion-de-fonterra\/"]}]},{"@type":"ImageObject","inLanguage":"en-US","@id":"https:\/\/proagrolab.com.ar\/tras-el-escandalo-renuncio-uno-de-los-jefes-de-produccion-de-fonterra\/#primaryimage","url":"https:\/\/proagrolab.com.ar\/wp-content\/uploads\/2015\/01\/g_rwqdcxhsj__Industria-Lechera.jpg","contentUrl":"https:\/\/proagrolab.com.ar\/wp-content\/uploads\/2015\/01\/g_rwqdcxhsj__Industria-Lechera.jpg","width":450,"height":208},{"@type":"BreadcrumbList","@id":"https:\/\/proagrolab.com.ar\/tras-el-escandalo-renuncio-uno-de-los-jefes-de-produccion-de-fonterra\/#breadcrumb","itemListElement":[{"@type":"ListItem","position":1,"name":"Portada","item":"https:\/\/proagrolab.com.ar\/"},{"@type":"ListItem","position":2,"name":"Tras el esc\u00e1ndalo, renunci\u00f3 uno de los Jefes de Producci\u00f3n de Fonterra."}]},{"@type":"WebSite","@id":"https:\/\/proagrolab.com.ar\/#website","url":"https:\/\/proagrolab.com.ar\/","name":"Proagro Laboratorio Veterinario","description":"Veterinary laboratory","publisher":{"@id":"https:\/\/proagrolab.com.ar\/#organization"},"potentialAction":[{"@type":"SearchAction","target":{"@type":"EntryPoint","urlTemplate":"https:\/\/proagrolab.com.ar\/?s={search_term_string}"},"query-input":{"@type":"PropertyValueSpecification","valueRequired":true,"valueName":"search_term_string"}}],"inLanguage":"en-US"},{"@type":"Organization","@id":"https:\/\/proagrolab.com.ar\/#organization","name":"Proagro","url":"https:\/\/proagrolab.com.ar\/","logo":{"@type":"ImageObject","inLanguage":"en-US","@id":"https:\/\/proagrolab.com.ar\/#\/schema\/logo\/image\/","url":"https:\/\/proagrolab.com.ar\/wp-content\/uploads\/2020\/04\/logo-retina.png","contentUrl":"https:\/\/proagrolab.com.ar\/wp-content\/uploads\/2020\/04\/logo-retina.png","width":478,"height":120,"caption":"Proagro"},"image":{"@id":"https:\/\/proagrolab.com.ar\/#\/schema\/logo\/image\/"},"sameAs":["http:\/\/www.facebook.com\/proagrolab","https:\/\/www.instagram.com\/proagrolab\/","https:\/\/www.linkedin.com\/company\/laboratorio-proagro-s-a\/"]},{"@type":"Person","@id":"https:\/\/proagrolab.com.ar\/#\/schema\/person\/38003ff90bf80381f71c7d922d207444","name":"proagrolab"}]}},"_links":{"self":[{"href":"https:\/\/proagrolab.com.ar\/en\/wp-json\/wp\/v2\/posts\/5643","targetHints":{"allow":["GET"]}}],"collection":[{"href":"https:\/\/proagrolab.com.ar\/en\/wp-json\/wp\/v2\/posts"}],"about":[{"href":"https:\/\/proagrolab.com.ar\/en\/wp-json\/wp\/v2\/types\/post"}],"author":[{"embeddable":true,"href":"https:\/\/proagrolab.com.ar\/en\/wp-json\/wp\/v2\/users\/2"}],"replies":[{"embeddable":true,"href":"https:\/\/proagrolab.com.ar\/en\/wp-json\/wp\/v2\/comments?post=5643"}],"version-history":[{"count":0,"href":"https:\/\/proagrolab.com.ar\/en\/wp-json\/wp\/v2\/posts\/5643\/revisions"}],"wp:featuredmedia":[{"embeddable":true,"href":"https:\/\/proagrolab.com.ar\/en\/wp-json\/wp\/v2\/media\/2137"}],"wp:attachment":[{"href":"https:\/\/proagrolab.com.ar\/en\/wp-json\/wp\/v2\/media?parent=5643"}],"wp:term":[{"taxonomy":"category","embeddable":true,"href":"https:\/\/proagrolab.com.ar\/en\/wp-json\/wp\/v2\/categories?post=5643"},{"taxonomy":"post_tag","embeddable":true,"href":"https:\/\/proagrolab.com.ar\/en\/wp-json\/wp\/v2\/tags?post=5643"}],"curies":[{"name":"wp","href":"https:\/\/api.w.org\/{rel}","templated":true}]}}