{"id":5641,"date":"2013-08-16T00:00:01","date_gmt":"2013-08-16T00:00:01","guid":{"rendered":"https:\/\/proagrolab.com.ar\/para-el-sector-ganadero-el-productor-argentino-dejo-de-interesarse-por-producir-mas\/"},"modified":"2013-08-16T00:00:01","modified_gmt":"2013-08-16T00:00:01","slug":"para-el-sector-ganadero-el-productor-argentino-dejo-de-interesarse-por-producir-mas","status":"publish","type":"post","link":"https:\/\/proagrolab.com.ar\/en\/para-el-sector-ganadero-el-productor-argentino-dejo-de-interesarse-por-producir-mas\/","title":{"rendered":"Para el sector ganadero el productor argentino dej\u00f3 de interesarse por producir m\u00e1s."},"content":{"rendered":"<p class=\"qtranxs-available-languages-message qtranxs-available-languages-message-en\"> <\/p><p>Lo asegur\u00f3 Ignacio G\u00f3mez \u00c1lzaga. &#8220;Es posible que en el segundo semestre, y b\u00e1sicamente a partir del a\u00f1o que viene, estemos entrando en una peque\u00f1a liquidaci\u00f3n de stock&#8221;, dijo.<\/p>\n<p>\u0093Pens\u00e1bamos que la Argentina nuevamente sin aftosa se insertaba en un mundo \u00e1vido de carne donde \u00e9sta estaba mejorando en todo el mundo. Todo eso pas\u00f3, pero nosotros nos quedamos abajo\u0094, se lament\u00f3 en \u0093Siempre que llovi\u00f3\u0085, par\u00f3\u0094, por Radio Colonia, Ignacio G\u00f3mez \u00c1lzaga, consignatario de hacienda, vicepresidente del Mercado de Liniers y director titular del CCPP (Centro de Consignatarios de Productos del Pa\u00eds).<\/p>\n<p>Y expres\u00f3: &#8220;Dir\u00eda que los instrumentos derivados financieros en la Argentina, producto de muchos a\u00f1os de mucha inflaci\u00f3n y de pocas posibilidades de cobertura, tardaron much\u00edsimo en instalarse. Te dir\u00eda que reci\u00e9n ahora han avanzado bastante los mercados agr\u00edcolas de commodities pero sin tener la incidencia, influencia o volumen que tienen otros pa\u00edses. En la carne ha habido 3\/4 intentos de hacer mercados de futuro y ninguno funcion\u00f3&#8221;.<\/p>\n<p>&#8220;Este es m\u00e1s modesto en cuanto a su pretensi\u00f3n porque intenta solamente hacer un forward. Este es un contrato de corto plazo donde se hace en alg\u00fan momento del a\u00f1o para entregar la producci\u00f3n al a\u00f1o siguiente, donde normalmente el destete es en los meses de marzo y mayo. Entonces, primero da la oportunidad al vendedor y comprador de fijar un precio de una entrega futura. Luego, con ese contrato debidamente sellado y garantizado por la bolsa de cereales se puede mezclar con un instrumento financiero que es en el cual puede financiarse hasta la entrega de los terneros. Con lo cual, es realmente \u00fatil pero hay que ver c\u00f3mo lo recibe el productor&#8221;, agreg\u00f3 G\u00f3mez \u00c1lzaga.<\/p>\n<p>En tanto, el dirigente se\u00f1al\u00f3 que &#8220;en la actualidad, en una parte no muy importante de la producci\u00f3n, se hacen operaciones forward. Normalmente tienen dos aspectos en donde el productor que necesita plata vende, y el comprador que tiene plata y quiere calzarse en la hacienda compra. Entonces, por lo general son operaciones donde los compradores financian a los vendedores. Esto le permitir\u00eda no solo a la parte financiera sino tambi\u00e9n a la parte de cobertura de precios. O sea, puede ser un instrumento que con el tiempo se afiance y constituya un peque\u00f1o mercado que vaya aumentando con el tiempo&#8221;.<\/p>\n<p>&#8220;Esta ser\u00eda una herramienta de volumen y garant\u00eda pero tambi\u00e9n habr\u00eda un registro, y as\u00ed una especie de referencia de precios oficial y no solamente por el boca en boca o contacto entre los productores o consignatarios. Esto le dar\u00eda una entidad mayor que lo que tiene hoy, debiendo permitir un mayor volumen tambi\u00e9n&#8221;, advirti\u00f3, al tiempo que declar\u00f3 que &#8220;lo normal en los forward es con la producci\u00f3n de terneros, que es la categor\u00eda m\u00e1s comercializada en lo que es invernada. Eventualmente podr\u00eda llegar a entrar alguna otra categor\u00eda, y tambi\u00e9n est\u00e1 previsto hacerlo para faena&#8221;.<\/p>\n<p>Asimismo, G\u00f3mez \u00c1lzaga destac\u00f3 que &#8220;la producci\u00f3n ganadera argentina tiene como destino el consumo y la exportaci\u00f3n. Al estar la exportaci\u00f3n trabada por algunos elementos administrativos como los roes o baratas, sumado a un escenario de descompetitividad respecto a la situaci\u00f3n interna en relaci\u00f3n al mercado internacional, principalmente por un cambio atrasado, y con retenciones de un 15% que no se compadecen con la situaci\u00f3n actual del mercado ganadero, hacen que pr\u00e1cticamente sea imposible acceder al mercado internacional en la situaci\u00f3n argentina. Entonces, se est\u00e1 volcando un excedente de producci\u00f3n (10%\/12% de la faena) al consumo interno, presionando los precios a la baja&#8221;.<\/p>\n<p>&#8220;M\u00e1s all\u00e1 de la barata, dir\u00eda que los exportadores por lo que exportan tienen que repartir en el consumo interno un volumen de carne equivalente. Con lo cual, en esa mara\u00f1a que son las distribuciones se pierde lo que es la realidad porque sabemos perfectamente que ha habido casos de barata donde una parte iba a un supermercado a venderse a precios normales y otra parte iba a otros lados a venderse a precios de mercado. Esto es un desquicio, pero al frigor\u00edfico exportador, que es lo importante ac\u00e1, esto lo afecta porque est\u00e1 obligado a vender ese tonelaje a precio de p\u00e9rdida. La participaci\u00f3n de hembras en la faena est\u00e1 llegando estos \u00faltimos meses a lo que es el t\u00e9rmino de equilibrio, pero lamentablemente como la din\u00e1mica del engorde a corral hab\u00eda hecho que vaya cambiando un poquito la composici\u00f3n de hembras en la faena\u0085 Por ejemplo, si un a\u00f1o se vende mucha ternera para cr\u00eda y no va a faena, se tiene que en el primer semestre hay un porcentaje de hembras en la faena y en el segundo semestre esas terneras no se vuelcan al mercado, con lo cual hay una retenci\u00f3n grande de stock que se nota en el segundo semestre&#8221;, manifest\u00f3.<\/p>\n<p>Y afirm\u00f3 que &#8220;este a\u00f1o vamos a notar que el segundo semestre, que tradicionalmente al no estar la vaca vac\u00eda al tacto hay un porcentaje normalmente menor de hacienda que el primer semestre, va aumentar porque muchas terneras que se vendi\u00f3 en la zafra se hizo para engordar y va a volcarse al mercado. Con lo cual es posible que en el segundo semestre, y b\u00e1sicamente a partir del a\u00f1o que viene, estemos entrando en una peque\u00f1a liquidaci\u00f3n de stock&#8221;.<\/p>\n<p>&#8220;Creo que estamos en un comp\u00e1s de espera. Dir\u00eda que el productor argentino ha dejado de interesarse por producir m\u00e1s, y donde la mayor\u00eda de los productores est\u00e1n estables, y en la medida que tienen mayores costos tienen que vender m\u00e1s hacienda, y as\u00ed est\u00e1n produciendo menos kilos porque est\u00e1n vendiendo anticipado\u0085 va produciendo menos&#8221;, finaliz\u00f3 G\u00f3mez \u00c1lzaga.<\/p>\n<p>Fuente: Infocampo, 12 de agosto.<br \/><\/p>","protected":false},"excerpt":{"rendered":"<p>Lo asegur\u00f3 Ignacio G\u00f3mez \u00c1lzaga. &#8220;Es posible que en el segundo semestre, y b\u00e1sicamente a partir del a\u00f1o que viene, estemos entrando en una peque\u00f1a liquidaci\u00f3n de stock&#8221;, dijo. \u0093Pens\u00e1bamos que la Argentina nuevamente sin aftosa se insertaba en un mundo \u00e1vido de carne donde \u00e9sta estaba mejorando en todo el mundo. Todo eso pas\u00f3, pero nosotros nos quedamos abajo\u0094, se lament\u00f3 en \u0093Siempre que llovi\u00f3\u0085, par\u00f3\u0094, por Radio Colonia, Ignacio G\u00f3mez \u00c1lzaga, consignatario de hacienda, vicepresidente del Mercado de Liniers y director titular del CCPP (Centro de Consignatarios de Productos del Pa\u00eds). Y expres\u00f3: &#8220;Dir\u00eda que los instrumentos derivados financieros en la Argentina, producto de muchos a\u00f1os de mucha inflaci\u00f3n y de pocas posibilidades de cobertura, tardaron much\u00edsimo en instalarse. Te dir\u00eda que reci\u00e9n ahora han avanzado bastante los mercados agr\u00edcolas de commodities pero sin tener la incidencia, influencia o volumen que tienen otros pa\u00edses. En la carne ha habido 3\/4 intentos de hacer mercados de futuro y ninguno funcion\u00f3&#8221;. &#8220;Este es m\u00e1s modesto en cuanto a su pretensi\u00f3n porque intenta solamente hacer un forward. Este es un contrato de corto plazo donde se hace en alg\u00fan momento del a\u00f1o para entregar la producci\u00f3n al a\u00f1o siguiente, donde normalmente [&hellip;]<\/p>\n","protected":false},"author":2,"featured_media":2135,"comment_status":"closed","ping_status":"open","sticky":false,"template":"","format":"standard","meta":{"_acf_changed":false,"footnotes":""},"categories":[56],"tags":[],"class_list":["post-5641","post","type-post","status-publish","format-standard","has-post-thumbnail","hentry","category-infoganadero"],"acf":[],"yoast_head":"<!-- This site is optimized with the Yoast SEO plugin v27.5 - https:\/\/yoast.com\/product\/yoast-seo-wordpress\/ -->\n<title>Para el sector ganadero el productor argentino dej\u00f3 de interesarse por producir m\u00e1s. | Proagro<\/title>\n<meta name=\"robots\" content=\"index, follow, max-snippet:-1, max-image-preview:large, max-video-preview:-1\" \/>\n<link rel=\"canonical\" href=\"https:\/\/proagrolab.com.ar\/en\/para-el-sector-ganadero-el-productor-argentino-dejo-de-interesarse-por-producir-mas\/\" \/>\n<meta property=\"og:locale\" content=\"en_US\" \/>\n<meta property=\"og:type\" content=\"article\" \/>\n<meta property=\"og:title\" content=\"Para el sector ganadero el productor argentino dej\u00f3 de interesarse por producir m\u00e1s. | Proagro\" \/>\n<meta property=\"og:description\" content=\"Lo asegur\u00f3 Ignacio G\u00f3mez \u00c1lzaga. &#8220;Es posible que en el segundo semestre, y b\u00e1sicamente a partir del a\u00f1o que viene, estemos entrando en una peque\u00f1a liquidaci\u00f3n de stock&#8221;, dijo. \u0093Pens\u00e1bamos que la Argentina nuevamente sin aftosa se insertaba en un mundo \u00e1vido de carne donde \u00e9sta estaba mejorando en todo el mundo. Todo eso pas\u00f3, pero nosotros nos quedamos abajo\u0094, se lament\u00f3 en \u0093Siempre que llovi\u00f3\u0085, par\u00f3\u0094, por Radio Colonia, Ignacio G\u00f3mez \u00c1lzaga, consignatario de hacienda, vicepresidente del Mercado de Liniers y director titular del CCPP (Centro de Consignatarios de Productos del Pa\u00eds). Y expres\u00f3: &#8220;Dir\u00eda que los instrumentos derivados financieros en la Argentina, producto de muchos a\u00f1os de mucha inflaci\u00f3n y de pocas posibilidades de cobertura, tardaron much\u00edsimo en instalarse. Te dir\u00eda que reci\u00e9n ahora han avanzado bastante los mercados agr\u00edcolas de commodities pero sin tener la incidencia, influencia o volumen que tienen otros pa\u00edses. En la carne ha habido 3\/4 intentos de hacer mercados de futuro y ninguno funcion\u00f3&#8221;. &#8220;Este es m\u00e1s modesto en cuanto a su pretensi\u00f3n porque intenta solamente hacer un forward. Este es un contrato de corto plazo donde se hace en alg\u00fan momento del a\u00f1o para entregar la producci\u00f3n al a\u00f1o siguiente, donde normalmente [&hellip;]\" \/>\n<meta property=\"og:url\" content=\"https:\/\/proagrolab.com.ar\/para-el-sector-ganadero-el-productor-argentino-dejo-de-interesarse-por-producir-mas\/\" \/>\n<meta property=\"og:site_name\" content=\"Proagro\" \/>\n<meta property=\"article:publisher\" content=\"http:\/\/www.facebook.com\/proagrolab\" \/>\n<meta property=\"article:published_time\" content=\"2013-08-16T00:00:01+00:00\" \/>\n<meta property=\"og:image\" content=\"https:\/\/proagrolab.com.ar\/wp-content\/uploads\/2015\/01\/g_upomk9x2y__Vacas-5.jpg\" \/>\n\t<meta property=\"og:image:width\" content=\"450\" \/>\n\t<meta property=\"og:image:height\" content=\"208\" \/>\n\t<meta property=\"og:image:type\" content=\"image\/jpeg\" \/>\n<meta name=\"author\" content=\"proagrolab\" \/>\n<meta name=\"twitter:card\" content=\"summary_large_image\" \/>\n<meta name=\"twitter:label1\" content=\"Written by\" \/>\n\t<meta name=\"twitter:data1\" content=\"proagrolab\" \/>\n\t<meta name=\"twitter:label2\" content=\"Est. reading time\" \/>\n\t<meta name=\"twitter:data2\" content=\"5 minutes\" \/>\n<script type=\"application\/ld+json\" class=\"yoast-schema-graph\">{\"@context\":\"https:\\\/\\\/schema.org\",\"@graph\":[{\"@type\":\"Article\",\"@id\":\"https:\\\/\\\/proagrolab.com.ar\\\/para-el-sector-ganadero-el-productor-argentino-dejo-de-interesarse-por-producir-mas\\\/#article\",\"isPartOf\":{\"@id\":\"https:\\\/\\\/proagrolab.com.ar\\\/para-el-sector-ganadero-el-productor-argentino-dejo-de-interesarse-por-producir-mas\\\/\"},\"author\":{\"name\":\"proagrolab\",\"@id\":\"https:\\\/\\\/proagrolab.com.ar\\\/#\\\/schema\\\/person\\\/38003ff90bf80381f71c7d922d207444\"},\"headline\":\"Para el sector ganadero el productor argentino dej\u00f3 de interesarse por producir m\u00e1s.\",\"datePublished\":\"2013-08-16T00:00:01+00:00\",\"mainEntityOfPage\":{\"@id\":\"https:\\\/\\\/proagrolab.com.ar\\\/para-el-sector-ganadero-el-productor-argentino-dejo-de-interesarse-por-producir-mas\\\/\"},\"wordCount\":1017,\"publisher\":{\"@id\":\"https:\\\/\\\/proagrolab.com.ar\\\/#organization\"},\"image\":{\"@id\":\"https:\\\/\\\/proagrolab.com.ar\\\/para-el-sector-ganadero-el-productor-argentino-dejo-de-interesarse-por-producir-mas\\\/#primaryimage\"},\"thumbnailUrl\":\"https:\\\/\\\/proagrolab.com.ar\\\/wp-content\\\/uploads\\\/2015\\\/01\\\/g_upomk9x2y__Vacas-5.jpg\",\"articleSection\":[\"News\"],\"inLanguage\":\"en-US\"},{\"@type\":\"WebPage\",\"@id\":\"https:\\\/\\\/proagrolab.com.ar\\\/para-el-sector-ganadero-el-productor-argentino-dejo-de-interesarse-por-producir-mas\\\/\",\"url\":\"https:\\\/\\\/proagrolab.com.ar\\\/para-el-sector-ganadero-el-productor-argentino-dejo-de-interesarse-por-producir-mas\\\/\",\"name\":\"Para el sector ganadero el productor argentino dej\u00f3 de interesarse por producir m\u00e1s. | Proagro\",\"isPartOf\":{\"@id\":\"https:\\\/\\\/proagrolab.com.ar\\\/#website\"},\"primaryImageOfPage\":{\"@id\":\"https:\\\/\\\/proagrolab.com.ar\\\/para-el-sector-ganadero-el-productor-argentino-dejo-de-interesarse-por-producir-mas\\\/#primaryimage\"},\"image\":{\"@id\":\"https:\\\/\\\/proagrolab.com.ar\\\/para-el-sector-ganadero-el-productor-argentino-dejo-de-interesarse-por-producir-mas\\\/#primaryimage\"},\"thumbnailUrl\":\"https:\\\/\\\/proagrolab.com.ar\\\/wp-content\\\/uploads\\\/2015\\\/01\\\/g_upomk9x2y__Vacas-5.jpg\",\"datePublished\":\"2013-08-16T00:00:01+00:00\",\"breadcrumb\":{\"@id\":\"https:\\\/\\\/proagrolab.com.ar\\\/para-el-sector-ganadero-el-productor-argentino-dejo-de-interesarse-por-producir-mas\\\/#breadcrumb\"},\"inLanguage\":\"en-US\",\"potentialAction\":[{\"@type\":\"ReadAction\",\"target\":[\"https:\\\/\\\/proagrolab.com.ar\\\/para-el-sector-ganadero-el-productor-argentino-dejo-de-interesarse-por-producir-mas\\\/\"]}]},{\"@type\":\"ImageObject\",\"inLanguage\":\"en-US\",\"@id\":\"https:\\\/\\\/proagrolab.com.ar\\\/para-el-sector-ganadero-el-productor-argentino-dejo-de-interesarse-por-producir-mas\\\/#primaryimage\",\"url\":\"https:\\\/\\\/proagrolab.com.ar\\\/wp-content\\\/uploads\\\/2015\\\/01\\\/g_upomk9x2y__Vacas-5.jpg\",\"contentUrl\":\"https:\\\/\\\/proagrolab.com.ar\\\/wp-content\\\/uploads\\\/2015\\\/01\\\/g_upomk9x2y__Vacas-5.jpg\",\"width\":450,\"height\":208},{\"@type\":\"BreadcrumbList\",\"@id\":\"https:\\\/\\\/proagrolab.com.ar\\\/para-el-sector-ganadero-el-productor-argentino-dejo-de-interesarse-por-producir-mas\\\/#breadcrumb\",\"itemListElement\":[{\"@type\":\"ListItem\",\"position\":1,\"name\":\"Portada\",\"item\":\"https:\\\/\\\/proagrolab.com.ar\\\/\"},{\"@type\":\"ListItem\",\"position\":2,\"name\":\"Para el sector ganadero el productor argentino dej\u00f3 de interesarse por producir m\u00e1s.\"}]},{\"@type\":\"WebSite\",\"@id\":\"https:\\\/\\\/proagrolab.com.ar\\\/#website\",\"url\":\"https:\\\/\\\/proagrolab.com.ar\\\/\",\"name\":\"Proagro Laboratorio Veterinario\",\"description\":\"Veterinary laboratory\",\"publisher\":{\"@id\":\"https:\\\/\\\/proagrolab.com.ar\\\/#organization\"},\"potentialAction\":[{\"@type\":\"SearchAction\",\"target\":{\"@type\":\"EntryPoint\",\"urlTemplate\":\"https:\\\/\\\/proagrolab.com.ar\\\/?s={search_term_string}\"},\"query-input\":{\"@type\":\"PropertyValueSpecification\",\"valueRequired\":true,\"valueName\":\"search_term_string\"}}],\"inLanguage\":\"en-US\"},{\"@type\":\"Organization\",\"@id\":\"https:\\\/\\\/proagrolab.com.ar\\\/#organization\",\"name\":\"Proagro\",\"url\":\"https:\\\/\\\/proagrolab.com.ar\\\/\",\"logo\":{\"@type\":\"ImageObject\",\"inLanguage\":\"en-US\",\"@id\":\"https:\\\/\\\/proagrolab.com.ar\\\/#\\\/schema\\\/logo\\\/image\\\/\",\"url\":\"https:\\\/\\\/proagrolab.com.ar\\\/wp-content\\\/uploads\\\/2020\\\/04\\\/logo-retina.png\",\"contentUrl\":\"https:\\\/\\\/proagrolab.com.ar\\\/wp-content\\\/uploads\\\/2020\\\/04\\\/logo-retina.png\",\"width\":478,\"height\":120,\"caption\":\"Proagro\"},\"image\":{\"@id\":\"https:\\\/\\\/proagrolab.com.ar\\\/#\\\/schema\\\/logo\\\/image\\\/\"},\"sameAs\":[\"http:\\\/\\\/www.facebook.com\\\/proagrolab\",\"https:\\\/\\\/www.instagram.com\\\/proagrolab\\\/\",\"https:\\\/\\\/www.linkedin.com\\\/company\\\/laboratorio-proagro-s-a\\\/\"]},{\"@type\":\"Person\",\"@id\":\"https:\\\/\\\/proagrolab.com.ar\\\/#\\\/schema\\\/person\\\/38003ff90bf80381f71c7d922d207444\",\"name\":\"proagrolab\"}]}<\/script>\n<!-- \/ Yoast SEO plugin. -->","yoast_head_json":{"title":"Para el sector ganadero el productor argentino dej\u00f3 de interesarse por producir m\u00e1s. | Proagro","robots":{"index":"index","follow":"follow","max-snippet":"max-snippet:-1","max-image-preview":"max-image-preview:large","max-video-preview":"max-video-preview:-1"},"canonical":"https:\/\/proagrolab.com.ar\/en\/para-el-sector-ganadero-el-productor-argentino-dejo-de-interesarse-por-producir-mas\/","og_locale":"en_US","og_type":"article","og_title":"Para el sector ganadero el productor argentino dej\u00f3 de interesarse por producir m\u00e1s. | Proagro","og_description":"Lo asegur\u00f3 Ignacio G\u00f3mez \u00c1lzaga. &#8220;Es posible que en el segundo semestre, y b\u00e1sicamente a partir del a\u00f1o que viene, estemos entrando en una peque\u00f1a liquidaci\u00f3n de stock&#8221;, dijo. \u0093Pens\u00e1bamos que la Argentina nuevamente sin aftosa se insertaba en un mundo \u00e1vido de carne donde \u00e9sta estaba mejorando en todo el mundo. Todo eso pas\u00f3, pero nosotros nos quedamos abajo\u0094, se lament\u00f3 en \u0093Siempre que llovi\u00f3\u0085, par\u00f3\u0094, por Radio Colonia, Ignacio G\u00f3mez \u00c1lzaga, consignatario de hacienda, vicepresidente del Mercado de Liniers y director titular del CCPP (Centro de Consignatarios de Productos del Pa\u00eds). Y expres\u00f3: &#8220;Dir\u00eda que los instrumentos derivados financieros en la Argentina, producto de muchos a\u00f1os de mucha inflaci\u00f3n y de pocas posibilidades de cobertura, tardaron much\u00edsimo en instalarse. Te dir\u00eda que reci\u00e9n ahora han avanzado bastante los mercados agr\u00edcolas de commodities pero sin tener la incidencia, influencia o volumen que tienen otros pa\u00edses. En la carne ha habido 3\/4 intentos de hacer mercados de futuro y ninguno funcion\u00f3&#8221;. &#8220;Este es m\u00e1s modesto en cuanto a su pretensi\u00f3n porque intenta solamente hacer un forward. Este es un contrato de corto plazo donde se hace en alg\u00fan momento del a\u00f1o para entregar la producci\u00f3n al a\u00f1o siguiente, donde normalmente [&hellip;]","og_url":"https:\/\/proagrolab.com.ar\/para-el-sector-ganadero-el-productor-argentino-dejo-de-interesarse-por-producir-mas\/","og_site_name":"Proagro","article_publisher":"http:\/\/www.facebook.com\/proagrolab","article_published_time":"2013-08-16T00:00:01+00:00","og_image":[{"width":450,"height":208,"url":"https:\/\/proagrolab.com.ar\/wp-content\/uploads\/2015\/01\/g_upomk9x2y__Vacas-5.jpg","type":"image\/jpeg"}],"author":"proagrolab","twitter_card":"summary_large_image","twitter_misc":{"Written by":"proagrolab","Est. reading time":"5 minutes"},"schema":{"@context":"https:\/\/schema.org","@graph":[{"@type":"Article","@id":"https:\/\/proagrolab.com.ar\/para-el-sector-ganadero-el-productor-argentino-dejo-de-interesarse-por-producir-mas\/#article","isPartOf":{"@id":"https:\/\/proagrolab.com.ar\/para-el-sector-ganadero-el-productor-argentino-dejo-de-interesarse-por-producir-mas\/"},"author":{"name":"proagrolab","@id":"https:\/\/proagrolab.com.ar\/#\/schema\/person\/38003ff90bf80381f71c7d922d207444"},"headline":"Para el sector ganadero el productor argentino dej\u00f3 de interesarse por producir m\u00e1s.","datePublished":"2013-08-16T00:00:01+00:00","mainEntityOfPage":{"@id":"https:\/\/proagrolab.com.ar\/para-el-sector-ganadero-el-productor-argentino-dejo-de-interesarse-por-producir-mas\/"},"wordCount":1017,"publisher":{"@id":"https:\/\/proagrolab.com.ar\/#organization"},"image":{"@id":"https:\/\/proagrolab.com.ar\/para-el-sector-ganadero-el-productor-argentino-dejo-de-interesarse-por-producir-mas\/#primaryimage"},"thumbnailUrl":"https:\/\/proagrolab.com.ar\/wp-content\/uploads\/2015\/01\/g_upomk9x2y__Vacas-5.jpg","articleSection":["News"],"inLanguage":"en-US"},{"@type":"WebPage","@id":"https:\/\/proagrolab.com.ar\/para-el-sector-ganadero-el-productor-argentino-dejo-de-interesarse-por-producir-mas\/","url":"https:\/\/proagrolab.com.ar\/para-el-sector-ganadero-el-productor-argentino-dejo-de-interesarse-por-producir-mas\/","name":"Para el sector ganadero el productor argentino dej\u00f3 de interesarse por producir m\u00e1s. | Proagro","isPartOf":{"@id":"https:\/\/proagrolab.com.ar\/#website"},"primaryImageOfPage":{"@id":"https:\/\/proagrolab.com.ar\/para-el-sector-ganadero-el-productor-argentino-dejo-de-interesarse-por-producir-mas\/#primaryimage"},"image":{"@id":"https:\/\/proagrolab.com.ar\/para-el-sector-ganadero-el-productor-argentino-dejo-de-interesarse-por-producir-mas\/#primaryimage"},"thumbnailUrl":"https:\/\/proagrolab.com.ar\/wp-content\/uploads\/2015\/01\/g_upomk9x2y__Vacas-5.jpg","datePublished":"2013-08-16T00:00:01+00:00","breadcrumb":{"@id":"https:\/\/proagrolab.com.ar\/para-el-sector-ganadero-el-productor-argentino-dejo-de-interesarse-por-producir-mas\/#breadcrumb"},"inLanguage":"en-US","potentialAction":[{"@type":"ReadAction","target":["https:\/\/proagrolab.com.ar\/para-el-sector-ganadero-el-productor-argentino-dejo-de-interesarse-por-producir-mas\/"]}]},{"@type":"ImageObject","inLanguage":"en-US","@id":"https:\/\/proagrolab.com.ar\/para-el-sector-ganadero-el-productor-argentino-dejo-de-interesarse-por-producir-mas\/#primaryimage","url":"https:\/\/proagrolab.com.ar\/wp-content\/uploads\/2015\/01\/g_upomk9x2y__Vacas-5.jpg","contentUrl":"https:\/\/proagrolab.com.ar\/wp-content\/uploads\/2015\/01\/g_upomk9x2y__Vacas-5.jpg","width":450,"height":208},{"@type":"BreadcrumbList","@id":"https:\/\/proagrolab.com.ar\/para-el-sector-ganadero-el-productor-argentino-dejo-de-interesarse-por-producir-mas\/#breadcrumb","itemListElement":[{"@type":"ListItem","position":1,"name":"Portada","item":"https:\/\/proagrolab.com.ar\/"},{"@type":"ListItem","position":2,"name":"Para el sector ganadero el productor argentino dej\u00f3 de interesarse por producir m\u00e1s."}]},{"@type":"WebSite","@id":"https:\/\/proagrolab.com.ar\/#website","url":"https:\/\/proagrolab.com.ar\/","name":"Proagro Laboratorio Veterinario","description":"Veterinary laboratory","publisher":{"@id":"https:\/\/proagrolab.com.ar\/#organization"},"potentialAction":[{"@type":"SearchAction","target":{"@type":"EntryPoint","urlTemplate":"https:\/\/proagrolab.com.ar\/?s={search_term_string}"},"query-input":{"@type":"PropertyValueSpecification","valueRequired":true,"valueName":"search_term_string"}}],"inLanguage":"en-US"},{"@type":"Organization","@id":"https:\/\/proagrolab.com.ar\/#organization","name":"Proagro","url":"https:\/\/proagrolab.com.ar\/","logo":{"@type":"ImageObject","inLanguage":"en-US","@id":"https:\/\/proagrolab.com.ar\/#\/schema\/logo\/image\/","url":"https:\/\/proagrolab.com.ar\/wp-content\/uploads\/2020\/04\/logo-retina.png","contentUrl":"https:\/\/proagrolab.com.ar\/wp-content\/uploads\/2020\/04\/logo-retina.png","width":478,"height":120,"caption":"Proagro"},"image":{"@id":"https:\/\/proagrolab.com.ar\/#\/schema\/logo\/image\/"},"sameAs":["http:\/\/www.facebook.com\/proagrolab","https:\/\/www.instagram.com\/proagrolab\/","https:\/\/www.linkedin.com\/company\/laboratorio-proagro-s-a\/"]},{"@type":"Person","@id":"https:\/\/proagrolab.com.ar\/#\/schema\/person\/38003ff90bf80381f71c7d922d207444","name":"proagrolab"}]}},"_links":{"self":[{"href":"https:\/\/proagrolab.com.ar\/en\/wp-json\/wp\/v2\/posts\/5641","targetHints":{"allow":["GET"]}}],"collection":[{"href":"https:\/\/proagrolab.com.ar\/en\/wp-json\/wp\/v2\/posts"}],"about":[{"href":"https:\/\/proagrolab.com.ar\/en\/wp-json\/wp\/v2\/types\/post"}],"author":[{"embeddable":true,"href":"https:\/\/proagrolab.com.ar\/en\/wp-json\/wp\/v2\/users\/2"}],"replies":[{"embeddable":true,"href":"https:\/\/proagrolab.com.ar\/en\/wp-json\/wp\/v2\/comments?post=5641"}],"version-history":[{"count":0,"href":"https:\/\/proagrolab.com.ar\/en\/wp-json\/wp\/v2\/posts\/5641\/revisions"}],"wp:featuredmedia":[{"embeddable":true,"href":"https:\/\/proagrolab.com.ar\/en\/wp-json\/wp\/v2\/media\/2135"}],"wp:attachment":[{"href":"https:\/\/proagrolab.com.ar\/en\/wp-json\/wp\/v2\/media?parent=5641"}],"wp:term":[{"taxonomy":"category","embeddable":true,"href":"https:\/\/proagrolab.com.ar\/en\/wp-json\/wp\/v2\/categories?post=5641"},{"taxonomy":"post_tag","embeddable":true,"href":"https:\/\/proagrolab.com.ar\/en\/wp-json\/wp\/v2\/tags?post=5641"}],"curies":[{"name":"wp","href":"https:\/\/api.w.org\/{rel}","templated":true}]}}