{"id":5634,"date":"2013-08-14T00:00:01","date_gmt":"2013-08-14T00:00:01","guid":{"rendered":"https:\/\/proagrolab.com.ar\/la-comision-de-enlace-seguira-con-su-plan-de-lucha-pero-no-ira-al-paro\/"},"modified":"2013-08-14T00:00:01","modified_gmt":"2013-08-14T00:00:01","slug":"la-comision-de-enlace-seguira-con-su-plan-de-lucha-pero-no-ira-al-paro","status":"publish","type":"post","link":"https:\/\/proagrolab.com.ar\/en\/la-comision-de-enlace-seguira-con-su-plan-de-lucha-pero-no-ira-al-paro\/","title":{"rendered":"La Comisi\u00f3n de Enlace seguir\u00e1 con su plan de lucha, pero no ir\u00e1 al paro."},"content":{"rendered":"<p class=\"qtranxs-available-languages-message qtranxs-available-languages-message-en\"> <\/p><p>Los ruralistas impulsar\u00e1n acciones por sectores, se reunir\u00e1n los candidatos a diputado e intentar\u00e1n ver al papa Francisco; no descartan adoptar m\u00e1s adelante medidas de fuerza.<\/p>\n<p>Un nuevo plan de lucha contra la pol\u00edtica agropecuaria del Gobierno lanz\u00f3 la Comisi\u00f3n de Enlace de Entidades Agropecuarias, para reclamar contra la presi\u00f3n impositiva y las restricciones al comercio que, seg\u00fan los dirigentes, padece la actividad del sector. Por ahora este plan no incluir\u00e1 un paro.<\/p>\n<p>La decisi\u00f3n se tom\u00f3 ayer durante una reuni\u00f3n que mantuvieron los directivos de la Sociedad Rural Argentina (SRA), la Federaci\u00f3n Agraria Argentina (FAA), Coninagro y Confederaciones Rurales Argentinas (CRA), en la sede de esta \u00faltima entidad.<\/p>\n<p>Esta vez, el plan comprender\u00e1 acciones espec\u00edficas por sector productivo . Seg\u00fan inform\u00f3 Rub\u00e9n Ferrero, presidente de CRA, comenzar\u00e1n primero por la lecher\u00eda y seguir\u00e1n por la ganader\u00eda. Aunque por el momento decidieron no fijar fecha, el dirigente explic\u00f3 que &#8220;no se descarta&#8221; adoptar medidas de fuerza, como un cese de comercializaci\u00f3n de productos.<\/p>\n<p>Como parte del plan de lucha, la Comisi\u00f3n de Enlace prepara un documento con una posici\u00f3n com\u00fan para presentarlo ante los candidatos a diputados de las elecciones de octubre pr\u00f3ximo.<\/p>\n<p>Una de las alternativas analizadas por los ruralistas fue la de pedir audiencia al Papa, ante la negativa del Gobierno a abrir un di\u00e1logo con los dirigentes rurales. Ayer no lo formalizaron, pero intentar\u00e1n tomar contacto con Francisco por sus constantes apelaciones al di\u00e1logo como v\u00eda para superar los conflictos.<\/p>\n<p>Otra v\u00eda de acci\u00f3n que impulsar\u00e1n los ruralistas ser\u00e1 la de una campa\u00f1a en todo el pa\u00eds para exponer los problemas de la producci\u00f3n agropecuaria. Los principales reclamos son la elevada presi\u00f3n impositiva y las restricciones a las exportaciones de ma\u00edz, trigo, leche y carne. Ese panorama se agrava ahora por la brusca ca\u00edda de los precios internacionales de los cereales.<\/p>\n<p>Despu\u00e9s de la \u00faltima medida de fuerza, en junio pasado, la Comisi\u00f3n de Enlace pas\u00f3 a un cuarto intermedio para intentar ser recibida por el ministro de Agricultura, Norberto Yauhar. Al no obtener respuesta, los ruralistas resolvieron lanzar un nuevo plan de lucha. Mientras tanto, intensificaron la campa\u00f1a de difusi\u00f3n para explicar la disparidad que existe entre los precios de los alimentos y lo que perciben los productores agropecuarios. Decidieron esperar las elecciones primarias antes de reiniciar el reclamo.<\/p>\n<p>Ferrero expres\u00f3: &#8220;Desde las entidades rurales llevamos adelante un plan de lucha y por suerte las elecciones primarias mostraron un cambio en cuanto al acompa\u00f1amiento que est\u00e1 teniendo parte de la sociedad para con el famoso modelo econ\u00f3mico&#8221; que propone la gesti\u00f3n de la presidenta Cristina Kirchner.<\/p>\n<p>Ayer al mediod\u00eda, la Comisi\u00f3n de Enlace dio una conferencia de prensa en la sede de la SRA para advertir sobre la grave situaci\u00f3n que atraviesa el NOA por la sequ\u00eda y las heladas (ver aparte). M\u00e1s tarde, los dirigentes volvieron a reunirse en CRA para decidir un nuevo plan de lucha. Mientras la SRA y CRA se inclinaban por una medida de fuerza, la FAA prefer\u00eda una campa\u00f1a de difusi\u00f3n, aunque estaba dispuesta a acatar lo que resolviera la mayor\u00eda, seg\u00fan explic\u00f3 un dirigente federado a LA NACION.<\/p>\n<p>Luis Miguel Etchevehere, presidente de la SRA, expres\u00f3 su deseo de que &#8220;las elecciones sean un llamado de atenci\u00f3n para el Gobierno y que modifique las pol\u00edticas que est\u00e1n comprobadamente mal&#8221;.<\/p>\n<p>Por ello, Ferrero consider\u00f3 que tras las elecciones &#8220;el plan de lucha no culmin\u00f3 y contin\u00faa con distintos tipos de acciones&#8221; que van a llevar adelante, y dijo que &#8220;el caso del NOA requiere una soluci\u00f3n urgente&#8221;, seg\u00fan declaraciones a la agencia DyN.<\/p>\n<p>&#8220;A partir de la pol\u00edtica nacional -dijo Etchevehere-, con p\u00e9rdida de competitividad por inflaci\u00f3n y un tipo de cambio atrasado, se hace inviable la producci\u00f3n&#8221;.<\/p>\n<p>La Comisi\u00f3n de Enlace tambi\u00e9n le apunt\u00f3 de lleno al desempe\u00f1o del ministro Yauhar, a quien Ferrero coment\u00f3 que &#8220;es parte del relato que tiene este gobierno&#8221;, y es el originario de &#8220;promesas incumplidas&#8221; para atender las dificultades del sector.<\/p>\n<p>Por ello, este nucleamiento denunci\u00f3 que desde &#8220;enero de 2012&#8221; el funcionario no recibe a &#8220;los representantes del campo&#8221; y tampoco convoca desde agosto de 2012 a la Comisi\u00f3n de Emergencia Agropecuaria, encargada de homologar los decretos provinciales de emergencia, en aquellas provincias que requieren el diferimiento impositivo de sus productores en condiciones de desastre rural.<\/p>\n<p>Fuente: La Naci\u00f3n, 14 de agosto.<br \/><\/p>","protected":false},"excerpt":{"rendered":"<p>Los ruralistas impulsar\u00e1n acciones por sectores, se reunir\u00e1n los candidatos a diputado e intentar\u00e1n ver al papa Francisco; no descartan adoptar m\u00e1s adelante medidas de fuerza. Un nuevo plan de lucha contra la pol\u00edtica agropecuaria del Gobierno lanz\u00f3 la Comisi\u00f3n de Enlace de Entidades Agropecuarias, para reclamar contra la presi\u00f3n impositiva y las restricciones al comercio que, seg\u00fan los dirigentes, padece la actividad del sector. Por ahora este plan no incluir\u00e1 un paro. La decisi\u00f3n se tom\u00f3 ayer durante una reuni\u00f3n que mantuvieron los directivos de la Sociedad Rural Argentina (SRA), la Federaci\u00f3n Agraria Argentina (FAA), Coninagro y Confederaciones Rurales Argentinas (CRA), en la sede de esta \u00faltima entidad. Esta vez, el plan comprender\u00e1 acciones espec\u00edficas por sector productivo . Seg\u00fan inform\u00f3 Rub\u00e9n Ferrero, presidente de CRA, comenzar\u00e1n primero por la lecher\u00eda y seguir\u00e1n por la ganader\u00eda. Aunque por el momento decidieron no fijar fecha, el dirigente explic\u00f3 que &#8220;no se descarta&#8221; adoptar medidas de fuerza, como un cese de comercializaci\u00f3n de productos. Como parte del plan de lucha, la Comisi\u00f3n de Enlace prepara un documento con una posici\u00f3n com\u00fan para presentarlo ante los candidatos a diputados de las elecciones de octubre pr\u00f3ximo. Una de las alternativas analizadas por los [&hellip;]<\/p>\n","protected":false},"author":2,"featured_media":2128,"comment_status":"closed","ping_status":"open","sticky":false,"template":"","format":"standard","meta":{"_acf_changed":false,"footnotes":""},"categories":[56],"tags":[],"class_list":["post-5634","post","type-post","status-publish","format-standard","has-post-thumbnail","hentry","category-infoganadero"],"acf":[],"yoast_head":"<!-- This site is optimized with the Yoast SEO plugin v27.5 - https:\/\/yoast.com\/product\/yoast-seo-wordpress\/ -->\n<title>La Comisi\u00f3n de Enlace seguir\u00e1 con su plan de lucha, pero no ir\u00e1 al paro. | Proagro<\/title>\n<meta name=\"robots\" content=\"index, follow, max-snippet:-1, max-image-preview:large, max-video-preview:-1\" \/>\n<link rel=\"canonical\" href=\"https:\/\/proagrolab.com.ar\/en\/la-comision-de-enlace-seguira-con-su-plan-de-lucha-pero-no-ira-al-paro\/\" \/>\n<meta property=\"og:locale\" content=\"en_US\" \/>\n<meta property=\"og:type\" content=\"article\" \/>\n<meta property=\"og:title\" content=\"La Comisi\u00f3n de Enlace seguir\u00e1 con su plan de lucha, pero no ir\u00e1 al paro. | Proagro\" \/>\n<meta property=\"og:description\" content=\"Los ruralistas impulsar\u00e1n acciones por sectores, se reunir\u00e1n los candidatos a diputado e intentar\u00e1n ver al papa Francisco; no descartan adoptar m\u00e1s adelante medidas de fuerza. Un nuevo plan de lucha contra la pol\u00edtica agropecuaria del Gobierno lanz\u00f3 la Comisi\u00f3n de Enlace de Entidades Agropecuarias, para reclamar contra la presi\u00f3n impositiva y las restricciones al comercio que, seg\u00fan los dirigentes, padece la actividad del sector. Por ahora este plan no incluir\u00e1 un paro. La decisi\u00f3n se tom\u00f3 ayer durante una reuni\u00f3n que mantuvieron los directivos de la Sociedad Rural Argentina (SRA), la Federaci\u00f3n Agraria Argentina (FAA), Coninagro y Confederaciones Rurales Argentinas (CRA), en la sede de esta \u00faltima entidad. Esta vez, el plan comprender\u00e1 acciones espec\u00edficas por sector productivo . Seg\u00fan inform\u00f3 Rub\u00e9n Ferrero, presidente de CRA, comenzar\u00e1n primero por la lecher\u00eda y seguir\u00e1n por la ganader\u00eda. Aunque por el momento decidieron no fijar fecha, el dirigente explic\u00f3 que &#8220;no se descarta&#8221; adoptar medidas de fuerza, como un cese de comercializaci\u00f3n de productos. Como parte del plan de lucha, la Comisi\u00f3n de Enlace prepara un documento con una posici\u00f3n com\u00fan para presentarlo ante los candidatos a diputados de las elecciones de octubre pr\u00f3ximo. Una de las alternativas analizadas por los [&hellip;]\" \/>\n<meta property=\"og:url\" content=\"https:\/\/proagrolab.com.ar\/la-comision-de-enlace-seguira-con-su-plan-de-lucha-pero-no-ira-al-paro\/\" \/>\n<meta property=\"og:site_name\" content=\"Proagro\" \/>\n<meta property=\"article:publisher\" content=\"http:\/\/www.facebook.com\/proagrolab\" \/>\n<meta property=\"article:published_time\" content=\"2013-08-14T00:00:01+00:00\" \/>\n<meta property=\"og:image\" content=\"https:\/\/proagrolab.com.ar\/wp-content\/uploads\/2015\/01\/g_uq9z27mng__Mesa-de-enlace-2013.jpg\" \/>\n\t<meta property=\"og:image:width\" content=\"450\" \/>\n\t<meta property=\"og:image:height\" content=\"208\" \/>\n\t<meta property=\"og:image:type\" content=\"image\/jpeg\" \/>\n<meta name=\"author\" content=\"proagrolab\" \/>\n<meta name=\"twitter:card\" content=\"summary_large_image\" \/>\n<meta name=\"twitter:label1\" content=\"Written by\" \/>\n\t<meta name=\"twitter:data1\" content=\"proagrolab\" \/>\n\t<meta name=\"twitter:label2\" content=\"Est. reading time\" \/>\n\t<meta name=\"twitter:data2\" content=\"4 minutes\" \/>\n<script type=\"application\/ld+json\" class=\"yoast-schema-graph\">{\"@context\":\"https:\\\/\\\/schema.org\",\"@graph\":[{\"@type\":\"Article\",\"@id\":\"https:\\\/\\\/proagrolab.com.ar\\\/la-comision-de-enlace-seguira-con-su-plan-de-lucha-pero-no-ira-al-paro\\\/#article\",\"isPartOf\":{\"@id\":\"https:\\\/\\\/proagrolab.com.ar\\\/la-comision-de-enlace-seguira-con-su-plan-de-lucha-pero-no-ira-al-paro\\\/\"},\"author\":{\"name\":\"proagrolab\",\"@id\":\"https:\\\/\\\/proagrolab.com.ar\\\/#\\\/schema\\\/person\\\/38003ff90bf80381f71c7d922d207444\"},\"headline\":\"La Comisi\u00f3n de Enlace seguir\u00e1 con su plan de lucha, pero no ir\u00e1 al paro.\",\"datePublished\":\"2013-08-14T00:00:01+00:00\",\"mainEntityOfPage\":{\"@id\":\"https:\\\/\\\/proagrolab.com.ar\\\/la-comision-de-enlace-seguira-con-su-plan-de-lucha-pero-no-ira-al-paro\\\/\"},\"wordCount\":800,\"publisher\":{\"@id\":\"https:\\\/\\\/proagrolab.com.ar\\\/#organization\"},\"image\":{\"@id\":\"https:\\\/\\\/proagrolab.com.ar\\\/la-comision-de-enlace-seguira-con-su-plan-de-lucha-pero-no-ira-al-paro\\\/#primaryimage\"},\"thumbnailUrl\":\"https:\\\/\\\/proagrolab.com.ar\\\/wp-content\\\/uploads\\\/2015\\\/01\\\/g_uq9z27mng__Mesa-de-enlace-2013.jpg\",\"articleSection\":[\"News\"],\"inLanguage\":\"en-US\"},{\"@type\":\"WebPage\",\"@id\":\"https:\\\/\\\/proagrolab.com.ar\\\/la-comision-de-enlace-seguira-con-su-plan-de-lucha-pero-no-ira-al-paro\\\/\",\"url\":\"https:\\\/\\\/proagrolab.com.ar\\\/la-comision-de-enlace-seguira-con-su-plan-de-lucha-pero-no-ira-al-paro\\\/\",\"name\":\"La Comisi\u00f3n de Enlace seguir\u00e1 con su plan de lucha, pero no ir\u00e1 al paro. | Proagro\",\"isPartOf\":{\"@id\":\"https:\\\/\\\/proagrolab.com.ar\\\/#website\"},\"primaryImageOfPage\":{\"@id\":\"https:\\\/\\\/proagrolab.com.ar\\\/la-comision-de-enlace-seguira-con-su-plan-de-lucha-pero-no-ira-al-paro\\\/#primaryimage\"},\"image\":{\"@id\":\"https:\\\/\\\/proagrolab.com.ar\\\/la-comision-de-enlace-seguira-con-su-plan-de-lucha-pero-no-ira-al-paro\\\/#primaryimage\"},\"thumbnailUrl\":\"https:\\\/\\\/proagrolab.com.ar\\\/wp-content\\\/uploads\\\/2015\\\/01\\\/g_uq9z27mng__Mesa-de-enlace-2013.jpg\",\"datePublished\":\"2013-08-14T00:00:01+00:00\",\"breadcrumb\":{\"@id\":\"https:\\\/\\\/proagrolab.com.ar\\\/la-comision-de-enlace-seguira-con-su-plan-de-lucha-pero-no-ira-al-paro\\\/#breadcrumb\"},\"inLanguage\":\"en-US\",\"potentialAction\":[{\"@type\":\"ReadAction\",\"target\":[\"https:\\\/\\\/proagrolab.com.ar\\\/la-comision-de-enlace-seguira-con-su-plan-de-lucha-pero-no-ira-al-paro\\\/\"]}]},{\"@type\":\"ImageObject\",\"inLanguage\":\"en-US\",\"@id\":\"https:\\\/\\\/proagrolab.com.ar\\\/la-comision-de-enlace-seguira-con-su-plan-de-lucha-pero-no-ira-al-paro\\\/#primaryimage\",\"url\":\"https:\\\/\\\/proagrolab.com.ar\\\/wp-content\\\/uploads\\\/2015\\\/01\\\/g_uq9z27mng__Mesa-de-enlace-2013.jpg\",\"contentUrl\":\"https:\\\/\\\/proagrolab.com.ar\\\/wp-content\\\/uploads\\\/2015\\\/01\\\/g_uq9z27mng__Mesa-de-enlace-2013.jpg\",\"width\":450,\"height\":208},{\"@type\":\"BreadcrumbList\",\"@id\":\"https:\\\/\\\/proagrolab.com.ar\\\/la-comision-de-enlace-seguira-con-su-plan-de-lucha-pero-no-ira-al-paro\\\/#breadcrumb\",\"itemListElement\":[{\"@type\":\"ListItem\",\"position\":1,\"name\":\"Portada\",\"item\":\"https:\\\/\\\/proagrolab.com.ar\\\/\"},{\"@type\":\"ListItem\",\"position\":2,\"name\":\"La Comisi\u00f3n de Enlace seguir\u00e1 con su plan de lucha, pero no ir\u00e1 al paro.\"}]},{\"@type\":\"WebSite\",\"@id\":\"https:\\\/\\\/proagrolab.com.ar\\\/#website\",\"url\":\"https:\\\/\\\/proagrolab.com.ar\\\/\",\"name\":\"Proagro Laboratorio Veterinario\",\"description\":\"Veterinary laboratory\",\"publisher\":{\"@id\":\"https:\\\/\\\/proagrolab.com.ar\\\/#organization\"},\"potentialAction\":[{\"@type\":\"SearchAction\",\"target\":{\"@type\":\"EntryPoint\",\"urlTemplate\":\"https:\\\/\\\/proagrolab.com.ar\\\/?s={search_term_string}\"},\"query-input\":{\"@type\":\"PropertyValueSpecification\",\"valueRequired\":true,\"valueName\":\"search_term_string\"}}],\"inLanguage\":\"en-US\"},{\"@type\":\"Organization\",\"@id\":\"https:\\\/\\\/proagrolab.com.ar\\\/#organization\",\"name\":\"Proagro\",\"url\":\"https:\\\/\\\/proagrolab.com.ar\\\/\",\"logo\":{\"@type\":\"ImageObject\",\"inLanguage\":\"en-US\",\"@id\":\"https:\\\/\\\/proagrolab.com.ar\\\/#\\\/schema\\\/logo\\\/image\\\/\",\"url\":\"https:\\\/\\\/proagrolab.com.ar\\\/wp-content\\\/uploads\\\/2020\\\/04\\\/logo-retina.png\",\"contentUrl\":\"https:\\\/\\\/proagrolab.com.ar\\\/wp-content\\\/uploads\\\/2020\\\/04\\\/logo-retina.png\",\"width\":478,\"height\":120,\"caption\":\"Proagro\"},\"image\":{\"@id\":\"https:\\\/\\\/proagrolab.com.ar\\\/#\\\/schema\\\/logo\\\/image\\\/\"},\"sameAs\":[\"http:\\\/\\\/www.facebook.com\\\/proagrolab\",\"https:\\\/\\\/www.instagram.com\\\/proagrolab\\\/\",\"https:\\\/\\\/www.linkedin.com\\\/company\\\/laboratorio-proagro-s-a\\\/\"]},{\"@type\":\"Person\",\"@id\":\"https:\\\/\\\/proagrolab.com.ar\\\/#\\\/schema\\\/person\\\/38003ff90bf80381f71c7d922d207444\",\"name\":\"proagrolab\"}]}<\/script>\n<!-- \/ Yoast SEO plugin. -->","yoast_head_json":{"title":"La Comisi\u00f3n de Enlace seguir\u00e1 con su plan de lucha, pero no ir\u00e1 al paro. | Proagro","robots":{"index":"index","follow":"follow","max-snippet":"max-snippet:-1","max-image-preview":"max-image-preview:large","max-video-preview":"max-video-preview:-1"},"canonical":"https:\/\/proagrolab.com.ar\/en\/la-comision-de-enlace-seguira-con-su-plan-de-lucha-pero-no-ira-al-paro\/","og_locale":"en_US","og_type":"article","og_title":"La Comisi\u00f3n de Enlace seguir\u00e1 con su plan de lucha, pero no ir\u00e1 al paro. | Proagro","og_description":"Los ruralistas impulsar\u00e1n acciones por sectores, se reunir\u00e1n los candidatos a diputado e intentar\u00e1n ver al papa Francisco; no descartan adoptar m\u00e1s adelante medidas de fuerza. Un nuevo plan de lucha contra la pol\u00edtica agropecuaria del Gobierno lanz\u00f3 la Comisi\u00f3n de Enlace de Entidades Agropecuarias, para reclamar contra la presi\u00f3n impositiva y las restricciones al comercio que, seg\u00fan los dirigentes, padece la actividad del sector. Por ahora este plan no incluir\u00e1 un paro. La decisi\u00f3n se tom\u00f3 ayer durante una reuni\u00f3n que mantuvieron los directivos de la Sociedad Rural Argentina (SRA), la Federaci\u00f3n Agraria Argentina (FAA), Coninagro y Confederaciones Rurales Argentinas (CRA), en la sede de esta \u00faltima entidad. Esta vez, el plan comprender\u00e1 acciones espec\u00edficas por sector productivo . Seg\u00fan inform\u00f3 Rub\u00e9n Ferrero, presidente de CRA, comenzar\u00e1n primero por la lecher\u00eda y seguir\u00e1n por la ganader\u00eda. Aunque por el momento decidieron no fijar fecha, el dirigente explic\u00f3 que &#8220;no se descarta&#8221; adoptar medidas de fuerza, como un cese de comercializaci\u00f3n de productos. Como parte del plan de lucha, la Comisi\u00f3n de Enlace prepara un documento con una posici\u00f3n com\u00fan para presentarlo ante los candidatos a diputados de las elecciones de octubre pr\u00f3ximo. Una de las alternativas analizadas por los [&hellip;]","og_url":"https:\/\/proagrolab.com.ar\/la-comision-de-enlace-seguira-con-su-plan-de-lucha-pero-no-ira-al-paro\/","og_site_name":"Proagro","article_publisher":"http:\/\/www.facebook.com\/proagrolab","article_published_time":"2013-08-14T00:00:01+00:00","og_image":[{"width":450,"height":208,"url":"https:\/\/proagrolab.com.ar\/wp-content\/uploads\/2015\/01\/g_uq9z27mng__Mesa-de-enlace-2013.jpg","type":"image\/jpeg"}],"author":"proagrolab","twitter_card":"summary_large_image","twitter_misc":{"Written by":"proagrolab","Est. reading time":"4 minutes"},"schema":{"@context":"https:\/\/schema.org","@graph":[{"@type":"Article","@id":"https:\/\/proagrolab.com.ar\/la-comision-de-enlace-seguira-con-su-plan-de-lucha-pero-no-ira-al-paro\/#article","isPartOf":{"@id":"https:\/\/proagrolab.com.ar\/la-comision-de-enlace-seguira-con-su-plan-de-lucha-pero-no-ira-al-paro\/"},"author":{"name":"proagrolab","@id":"https:\/\/proagrolab.com.ar\/#\/schema\/person\/38003ff90bf80381f71c7d922d207444"},"headline":"La Comisi\u00f3n de Enlace seguir\u00e1 con su plan de lucha, pero no ir\u00e1 al paro.","datePublished":"2013-08-14T00:00:01+00:00","mainEntityOfPage":{"@id":"https:\/\/proagrolab.com.ar\/la-comision-de-enlace-seguira-con-su-plan-de-lucha-pero-no-ira-al-paro\/"},"wordCount":800,"publisher":{"@id":"https:\/\/proagrolab.com.ar\/#organization"},"image":{"@id":"https:\/\/proagrolab.com.ar\/la-comision-de-enlace-seguira-con-su-plan-de-lucha-pero-no-ira-al-paro\/#primaryimage"},"thumbnailUrl":"https:\/\/proagrolab.com.ar\/wp-content\/uploads\/2015\/01\/g_uq9z27mng__Mesa-de-enlace-2013.jpg","articleSection":["News"],"inLanguage":"en-US"},{"@type":"WebPage","@id":"https:\/\/proagrolab.com.ar\/la-comision-de-enlace-seguira-con-su-plan-de-lucha-pero-no-ira-al-paro\/","url":"https:\/\/proagrolab.com.ar\/la-comision-de-enlace-seguira-con-su-plan-de-lucha-pero-no-ira-al-paro\/","name":"La Comisi\u00f3n de Enlace seguir\u00e1 con su plan de lucha, pero no ir\u00e1 al paro. | Proagro","isPartOf":{"@id":"https:\/\/proagrolab.com.ar\/#website"},"primaryImageOfPage":{"@id":"https:\/\/proagrolab.com.ar\/la-comision-de-enlace-seguira-con-su-plan-de-lucha-pero-no-ira-al-paro\/#primaryimage"},"image":{"@id":"https:\/\/proagrolab.com.ar\/la-comision-de-enlace-seguira-con-su-plan-de-lucha-pero-no-ira-al-paro\/#primaryimage"},"thumbnailUrl":"https:\/\/proagrolab.com.ar\/wp-content\/uploads\/2015\/01\/g_uq9z27mng__Mesa-de-enlace-2013.jpg","datePublished":"2013-08-14T00:00:01+00:00","breadcrumb":{"@id":"https:\/\/proagrolab.com.ar\/la-comision-de-enlace-seguira-con-su-plan-de-lucha-pero-no-ira-al-paro\/#breadcrumb"},"inLanguage":"en-US","potentialAction":[{"@type":"ReadAction","target":["https:\/\/proagrolab.com.ar\/la-comision-de-enlace-seguira-con-su-plan-de-lucha-pero-no-ira-al-paro\/"]}]},{"@type":"ImageObject","inLanguage":"en-US","@id":"https:\/\/proagrolab.com.ar\/la-comision-de-enlace-seguira-con-su-plan-de-lucha-pero-no-ira-al-paro\/#primaryimage","url":"https:\/\/proagrolab.com.ar\/wp-content\/uploads\/2015\/01\/g_uq9z27mng__Mesa-de-enlace-2013.jpg","contentUrl":"https:\/\/proagrolab.com.ar\/wp-content\/uploads\/2015\/01\/g_uq9z27mng__Mesa-de-enlace-2013.jpg","width":450,"height":208},{"@type":"BreadcrumbList","@id":"https:\/\/proagrolab.com.ar\/la-comision-de-enlace-seguira-con-su-plan-de-lucha-pero-no-ira-al-paro\/#breadcrumb","itemListElement":[{"@type":"ListItem","position":1,"name":"Portada","item":"https:\/\/proagrolab.com.ar\/"},{"@type":"ListItem","position":2,"name":"La Comisi\u00f3n de Enlace seguir\u00e1 con su plan de lucha, pero no ir\u00e1 al paro."}]},{"@type":"WebSite","@id":"https:\/\/proagrolab.com.ar\/#website","url":"https:\/\/proagrolab.com.ar\/","name":"Proagro Laboratorio Veterinario","description":"Veterinary laboratory","publisher":{"@id":"https:\/\/proagrolab.com.ar\/#organization"},"potentialAction":[{"@type":"SearchAction","target":{"@type":"EntryPoint","urlTemplate":"https:\/\/proagrolab.com.ar\/?s={search_term_string}"},"query-input":{"@type":"PropertyValueSpecification","valueRequired":true,"valueName":"search_term_string"}}],"inLanguage":"en-US"},{"@type":"Organization","@id":"https:\/\/proagrolab.com.ar\/#organization","name":"Proagro","url":"https:\/\/proagrolab.com.ar\/","logo":{"@type":"ImageObject","inLanguage":"en-US","@id":"https:\/\/proagrolab.com.ar\/#\/schema\/logo\/image\/","url":"https:\/\/proagrolab.com.ar\/wp-content\/uploads\/2020\/04\/logo-retina.png","contentUrl":"https:\/\/proagrolab.com.ar\/wp-content\/uploads\/2020\/04\/logo-retina.png","width":478,"height":120,"caption":"Proagro"},"image":{"@id":"https:\/\/proagrolab.com.ar\/#\/schema\/logo\/image\/"},"sameAs":["http:\/\/www.facebook.com\/proagrolab","https:\/\/www.instagram.com\/proagrolab\/","https:\/\/www.linkedin.com\/company\/laboratorio-proagro-s-a\/"]},{"@type":"Person","@id":"https:\/\/proagrolab.com.ar\/#\/schema\/person\/38003ff90bf80381f71c7d922d207444","name":"proagrolab"}]}},"_links":{"self":[{"href":"https:\/\/proagrolab.com.ar\/en\/wp-json\/wp\/v2\/posts\/5634","targetHints":{"allow":["GET"]}}],"collection":[{"href":"https:\/\/proagrolab.com.ar\/en\/wp-json\/wp\/v2\/posts"}],"about":[{"href":"https:\/\/proagrolab.com.ar\/en\/wp-json\/wp\/v2\/types\/post"}],"author":[{"embeddable":true,"href":"https:\/\/proagrolab.com.ar\/en\/wp-json\/wp\/v2\/users\/2"}],"replies":[{"embeddable":true,"href":"https:\/\/proagrolab.com.ar\/en\/wp-json\/wp\/v2\/comments?post=5634"}],"version-history":[{"count":0,"href":"https:\/\/proagrolab.com.ar\/en\/wp-json\/wp\/v2\/posts\/5634\/revisions"}],"wp:featuredmedia":[{"embeddable":true,"href":"https:\/\/proagrolab.com.ar\/en\/wp-json\/wp\/v2\/media\/2128"}],"wp:attachment":[{"href":"https:\/\/proagrolab.com.ar\/en\/wp-json\/wp\/v2\/media?parent=5634"}],"wp:term":[{"taxonomy":"category","embeddable":true,"href":"https:\/\/proagrolab.com.ar\/en\/wp-json\/wp\/v2\/categories?post=5634"},{"taxonomy":"post_tag","embeddable":true,"href":"https:\/\/proagrolab.com.ar\/en\/wp-json\/wp\/v2\/tags?post=5634"}],"curies":[{"name":"wp","href":"https:\/\/api.w.org\/{rel}","templated":true}]}}