{"id":5633,"date":"2013-08-14T00:00:01","date_gmt":"2013-08-14T00:00:01","guid":{"rendered":"https:\/\/proagrolab.com.ar\/balance-positivo-del-4-remate-de-cabanas-saltenas\/"},"modified":"2013-08-14T00:00:01","modified_gmt":"2013-08-14T00:00:01","slug":"balance-positivo-del-4-remate-de-cabanas-saltenas","status":"publish","type":"post","link":"https:\/\/proagrolab.com.ar\/en\/balance-positivo-del-4-remate-de-cabanas-saltenas\/","title":{"rendered":"Balance positivo del 4\u00b0 Remate de Caba\u00f1as Salte\u00f1as."},"content":{"rendered":"<p class=\"qtranxs-available-languages-message qtranxs-available-languages-message-en\"> <\/p><p>Con un promedio de $21.531 para los toros Brangus; $20.333 para los toros Braford; $23.000 para un toro Brahman; $5.303 de promedio para las vaquillonas Braford pre\u00f1adas y $6.649 para las vaquillonas Brangus pre\u00f1adas, concluy\u00f3 el 4\u00b0 Remate Anual de la Asociaci\u00f3n de Caba\u00f1as Salte\u00f1as.<\/p>\n<p>La reuni\u00f3n tuvo lugar en el predio de remates de la finca San Antonio en El Tunal y all\u00ed dialogamos con Joaqu\u00edn Elizalde, que nos hace un balance del remate.<\/p>\n<p>Fuente: Salta Agropecuaria.<\/p>\n<p><\/p>","protected":false},"excerpt":{"rendered":"<p>Con un promedio de $21.531 para los toros Brangus; $20.333 para los toros Braford; $23.000 para un toro Brahman; $5.303 de promedio para las vaquillonas Braford pre\u00f1adas y $6.649 para las vaquillonas Brangus pre\u00f1adas, concluy\u00f3 el 4\u00b0 Remate Anual de la Asociaci\u00f3n de Caba\u00f1as Salte\u00f1as. La reuni\u00f3n tuvo lugar en el predio de remates de la finca San Antonio en El Tunal y all\u00ed dialogamos con Joaqu\u00edn Elizalde, que nos hace un balance del remate. Fuente: Salta Agropecuaria.<\/p>\n","protected":false},"author":2,"featured_media":2127,"comment_status":"closed","ping_status":"open","sticky":false,"template":"","format":"standard","meta":{"_acf_changed":false,"footnotes":""},"categories":[56],"tags":[],"class_list":["post-5633","post","type-post","status-publish","format-standard","has-post-thumbnail","hentry","category-infoganadero"],"acf":[],"yoast_head":"<!-- This site is optimized with the Yoast SEO plugin v27.5 - https:\/\/yoast.com\/product\/yoast-seo-wordpress\/ -->\n<title>Balance positivo del 4\u00b0 Remate de Caba\u00f1as Salte\u00f1as. | Proagro<\/title>\n<meta name=\"robots\" content=\"index, follow, max-snippet:-1, max-image-preview:large, max-video-preview:-1\" \/>\n<link rel=\"canonical\" href=\"https:\/\/proagrolab.com.ar\/en\/balance-positivo-del-4-remate-de-cabanas-saltenas\/\" \/>\n<meta property=\"og:locale\" content=\"en_US\" \/>\n<meta property=\"og:type\" content=\"article\" \/>\n<meta property=\"og:title\" content=\"Balance positivo del 4\u00b0 Remate de Caba\u00f1as Salte\u00f1as. | Proagro\" \/>\n<meta property=\"og:description\" content=\"Con un promedio de $21.531 para los toros Brangus; $20.333 para los toros Braford; $23.000 para un toro Brahman; $5.303 de promedio para las vaquillonas Braford pre\u00f1adas y $6.649 para las vaquillonas Brangus pre\u00f1adas, concluy\u00f3 el 4\u00b0 Remate Anual de la Asociaci\u00f3n de Caba\u00f1as Salte\u00f1as. La reuni\u00f3n tuvo lugar en el predio de remates de la finca San Antonio en El Tunal y all\u00ed dialogamos con Joaqu\u00edn Elizalde, que nos hace un balance del remate. Fuente: Salta Agropecuaria.\" \/>\n<meta property=\"og:url\" content=\"https:\/\/proagrolab.com.ar\/balance-positivo-del-4-remate-de-cabanas-saltenas\/\" \/>\n<meta property=\"og:site_name\" content=\"Proagro\" \/>\n<meta property=\"article:publisher\" content=\"http:\/\/www.facebook.com\/proagrolab\" \/>\n<meta property=\"article:published_time\" content=\"2013-08-14T00:00:01+00:00\" \/>\n<meta property=\"og:image\" content=\"https:\/\/proagrolab.com.ar\/wp-content\/uploads\/2015\/01\/g_xfb9n8dvc__Brangus-negro-6.jpg\" \/>\n\t<meta property=\"og:image:width\" content=\"450\" \/>\n\t<meta property=\"og:image:height\" content=\"208\" \/>\n\t<meta property=\"og:image:type\" content=\"image\/jpeg\" \/>\n<meta name=\"author\" content=\"proagrolab\" \/>\n<meta name=\"twitter:card\" content=\"summary_large_image\" \/>\n<meta name=\"twitter:label1\" content=\"Written by\" \/>\n\t<meta name=\"twitter:data1\" content=\"proagrolab\" \/>\n<script type=\"application\/ld+json\" class=\"yoast-schema-graph\">{\"@context\":\"https:\\\/\\\/schema.org\",\"@graph\":[{\"@type\":\"Article\",\"@id\":\"https:\\\/\\\/proagrolab.com.ar\\\/balance-positivo-del-4-remate-de-cabanas-saltenas\\\/#article\",\"isPartOf\":{\"@id\":\"https:\\\/\\\/proagrolab.com.ar\\\/balance-positivo-del-4-remate-de-cabanas-saltenas\\\/\"},\"author\":{\"name\":\"proagrolab\",\"@id\":\"https:\\\/\\\/proagrolab.com.ar\\\/#\\\/schema\\\/person\\\/38003ff90bf80381f71c7d922d207444\"},\"headline\":\"Balance positivo del 4\u00b0 Remate de Caba\u00f1as Salte\u00f1as.\",\"datePublished\":\"2013-08-14T00:00:01+00:00\",\"mainEntityOfPage\":{\"@id\":\"https:\\\/\\\/proagrolab.com.ar\\\/balance-positivo-del-4-remate-de-cabanas-saltenas\\\/\"},\"wordCount\":88,\"publisher\":{\"@id\":\"https:\\\/\\\/proagrolab.com.ar\\\/#organization\"},\"image\":{\"@id\":\"https:\\\/\\\/proagrolab.com.ar\\\/balance-positivo-del-4-remate-de-cabanas-saltenas\\\/#primaryimage\"},\"thumbnailUrl\":\"https:\\\/\\\/proagrolab.com.ar\\\/wp-content\\\/uploads\\\/2015\\\/01\\\/g_xfb9n8dvc__Brangus-negro-6.jpg\",\"articleSection\":[\"News\"],\"inLanguage\":\"en-US\"},{\"@type\":\"WebPage\",\"@id\":\"https:\\\/\\\/proagrolab.com.ar\\\/balance-positivo-del-4-remate-de-cabanas-saltenas\\\/\",\"url\":\"https:\\\/\\\/proagrolab.com.ar\\\/balance-positivo-del-4-remate-de-cabanas-saltenas\\\/\",\"name\":\"Balance positivo del 4\u00b0 Remate de Caba\u00f1as Salte\u00f1as. | Proagro\",\"isPartOf\":{\"@id\":\"https:\\\/\\\/proagrolab.com.ar\\\/#website\"},\"primaryImageOfPage\":{\"@id\":\"https:\\\/\\\/proagrolab.com.ar\\\/balance-positivo-del-4-remate-de-cabanas-saltenas\\\/#primaryimage\"},\"image\":{\"@id\":\"https:\\\/\\\/proagrolab.com.ar\\\/balance-positivo-del-4-remate-de-cabanas-saltenas\\\/#primaryimage\"},\"thumbnailUrl\":\"https:\\\/\\\/proagrolab.com.ar\\\/wp-content\\\/uploads\\\/2015\\\/01\\\/g_xfb9n8dvc__Brangus-negro-6.jpg\",\"datePublished\":\"2013-08-14T00:00:01+00:00\",\"breadcrumb\":{\"@id\":\"https:\\\/\\\/proagrolab.com.ar\\\/balance-positivo-del-4-remate-de-cabanas-saltenas\\\/#breadcrumb\"},\"inLanguage\":\"en-US\",\"potentialAction\":[{\"@type\":\"ReadAction\",\"target\":[\"https:\\\/\\\/proagrolab.com.ar\\\/balance-positivo-del-4-remate-de-cabanas-saltenas\\\/\"]}]},{\"@type\":\"ImageObject\",\"inLanguage\":\"en-US\",\"@id\":\"https:\\\/\\\/proagrolab.com.ar\\\/balance-positivo-del-4-remate-de-cabanas-saltenas\\\/#primaryimage\",\"url\":\"https:\\\/\\\/proagrolab.com.ar\\\/wp-content\\\/uploads\\\/2015\\\/01\\\/g_xfb9n8dvc__Brangus-negro-6.jpg\",\"contentUrl\":\"https:\\\/\\\/proagrolab.com.ar\\\/wp-content\\\/uploads\\\/2015\\\/01\\\/g_xfb9n8dvc__Brangus-negro-6.jpg\",\"width\":450,\"height\":208},{\"@type\":\"BreadcrumbList\",\"@id\":\"https:\\\/\\\/proagrolab.com.ar\\\/balance-positivo-del-4-remate-de-cabanas-saltenas\\\/#breadcrumb\",\"itemListElement\":[{\"@type\":\"ListItem\",\"position\":1,\"name\":\"Portada\",\"item\":\"https:\\\/\\\/proagrolab.com.ar\\\/\"},{\"@type\":\"ListItem\",\"position\":2,\"name\":\"Balance positivo del 4\u00b0 Remate de Caba\u00f1as Salte\u00f1as.\"}]},{\"@type\":\"WebSite\",\"@id\":\"https:\\\/\\\/proagrolab.com.ar\\\/#website\",\"url\":\"https:\\\/\\\/proagrolab.com.ar\\\/\",\"name\":\"Proagro Laboratorio Veterinario\",\"description\":\"Veterinary laboratory\",\"publisher\":{\"@id\":\"https:\\\/\\\/proagrolab.com.ar\\\/#organization\"},\"potentialAction\":[{\"@type\":\"SearchAction\",\"target\":{\"@type\":\"EntryPoint\",\"urlTemplate\":\"https:\\\/\\\/proagrolab.com.ar\\\/?s={search_term_string}\"},\"query-input\":{\"@type\":\"PropertyValueSpecification\",\"valueRequired\":true,\"valueName\":\"search_term_string\"}}],\"inLanguage\":\"en-US\"},{\"@type\":\"Organization\",\"@id\":\"https:\\\/\\\/proagrolab.com.ar\\\/#organization\",\"name\":\"Proagro\",\"url\":\"https:\\\/\\\/proagrolab.com.ar\\\/\",\"logo\":{\"@type\":\"ImageObject\",\"inLanguage\":\"en-US\",\"@id\":\"https:\\\/\\\/proagrolab.com.ar\\\/#\\\/schema\\\/logo\\\/image\\\/\",\"url\":\"https:\\\/\\\/proagrolab.com.ar\\\/wp-content\\\/uploads\\\/2020\\\/04\\\/logo-retina.png\",\"contentUrl\":\"https:\\\/\\\/proagrolab.com.ar\\\/wp-content\\\/uploads\\\/2020\\\/04\\\/logo-retina.png\",\"width\":478,\"height\":120,\"caption\":\"Proagro\"},\"image\":{\"@id\":\"https:\\\/\\\/proagrolab.com.ar\\\/#\\\/schema\\\/logo\\\/image\\\/\"},\"sameAs\":[\"http:\\\/\\\/www.facebook.com\\\/proagrolab\",\"https:\\\/\\\/www.instagram.com\\\/proagrolab\\\/\",\"https:\\\/\\\/www.linkedin.com\\\/company\\\/laboratorio-proagro-s-a\\\/\"]},{\"@type\":\"Person\",\"@id\":\"https:\\\/\\\/proagrolab.com.ar\\\/#\\\/schema\\\/person\\\/38003ff90bf80381f71c7d922d207444\",\"name\":\"proagrolab\"}]}<\/script>\n<!-- \/ Yoast SEO plugin. -->","yoast_head_json":{"title":"Balance positivo del 4\u00b0 Remate de Caba\u00f1as Salte\u00f1as. | Proagro","robots":{"index":"index","follow":"follow","max-snippet":"max-snippet:-1","max-image-preview":"max-image-preview:large","max-video-preview":"max-video-preview:-1"},"canonical":"https:\/\/proagrolab.com.ar\/en\/balance-positivo-del-4-remate-de-cabanas-saltenas\/","og_locale":"en_US","og_type":"article","og_title":"Balance positivo del 4\u00b0 Remate de Caba\u00f1as Salte\u00f1as. | Proagro","og_description":"Con un promedio de $21.531 para los toros Brangus; $20.333 para los toros Braford; $23.000 para un toro Brahman; $5.303 de promedio para las vaquillonas Braford pre\u00f1adas y $6.649 para las vaquillonas Brangus pre\u00f1adas, concluy\u00f3 el 4\u00b0 Remate Anual de la Asociaci\u00f3n de Caba\u00f1as Salte\u00f1as. La reuni\u00f3n tuvo lugar en el predio de remates de la finca San Antonio en El Tunal y all\u00ed dialogamos con Joaqu\u00edn Elizalde, que nos hace un balance del remate. Fuente: Salta Agropecuaria.","og_url":"https:\/\/proagrolab.com.ar\/balance-positivo-del-4-remate-de-cabanas-saltenas\/","og_site_name":"Proagro","article_publisher":"http:\/\/www.facebook.com\/proagrolab","article_published_time":"2013-08-14T00:00:01+00:00","og_image":[{"width":450,"height":208,"url":"https:\/\/proagrolab.com.ar\/wp-content\/uploads\/2015\/01\/g_xfb9n8dvc__Brangus-negro-6.jpg","type":"image\/jpeg"}],"author":"proagrolab","twitter_card":"summary_large_image","twitter_misc":{"Written by":"proagrolab"},"schema":{"@context":"https:\/\/schema.org","@graph":[{"@type":"Article","@id":"https:\/\/proagrolab.com.ar\/balance-positivo-del-4-remate-de-cabanas-saltenas\/#article","isPartOf":{"@id":"https:\/\/proagrolab.com.ar\/balance-positivo-del-4-remate-de-cabanas-saltenas\/"},"author":{"name":"proagrolab","@id":"https:\/\/proagrolab.com.ar\/#\/schema\/person\/38003ff90bf80381f71c7d922d207444"},"headline":"Balance positivo del 4\u00b0 Remate de Caba\u00f1as Salte\u00f1as.","datePublished":"2013-08-14T00:00:01+00:00","mainEntityOfPage":{"@id":"https:\/\/proagrolab.com.ar\/balance-positivo-del-4-remate-de-cabanas-saltenas\/"},"wordCount":88,"publisher":{"@id":"https:\/\/proagrolab.com.ar\/#organization"},"image":{"@id":"https:\/\/proagrolab.com.ar\/balance-positivo-del-4-remate-de-cabanas-saltenas\/#primaryimage"},"thumbnailUrl":"https:\/\/proagrolab.com.ar\/wp-content\/uploads\/2015\/01\/g_xfb9n8dvc__Brangus-negro-6.jpg","articleSection":["News"],"inLanguage":"en-US"},{"@type":"WebPage","@id":"https:\/\/proagrolab.com.ar\/balance-positivo-del-4-remate-de-cabanas-saltenas\/","url":"https:\/\/proagrolab.com.ar\/balance-positivo-del-4-remate-de-cabanas-saltenas\/","name":"Balance positivo del 4\u00b0 Remate de Caba\u00f1as Salte\u00f1as. | Proagro","isPartOf":{"@id":"https:\/\/proagrolab.com.ar\/#website"},"primaryImageOfPage":{"@id":"https:\/\/proagrolab.com.ar\/balance-positivo-del-4-remate-de-cabanas-saltenas\/#primaryimage"},"image":{"@id":"https:\/\/proagrolab.com.ar\/balance-positivo-del-4-remate-de-cabanas-saltenas\/#primaryimage"},"thumbnailUrl":"https:\/\/proagrolab.com.ar\/wp-content\/uploads\/2015\/01\/g_xfb9n8dvc__Brangus-negro-6.jpg","datePublished":"2013-08-14T00:00:01+00:00","breadcrumb":{"@id":"https:\/\/proagrolab.com.ar\/balance-positivo-del-4-remate-de-cabanas-saltenas\/#breadcrumb"},"inLanguage":"en-US","potentialAction":[{"@type":"ReadAction","target":["https:\/\/proagrolab.com.ar\/balance-positivo-del-4-remate-de-cabanas-saltenas\/"]}]},{"@type":"ImageObject","inLanguage":"en-US","@id":"https:\/\/proagrolab.com.ar\/balance-positivo-del-4-remate-de-cabanas-saltenas\/#primaryimage","url":"https:\/\/proagrolab.com.ar\/wp-content\/uploads\/2015\/01\/g_xfb9n8dvc__Brangus-negro-6.jpg","contentUrl":"https:\/\/proagrolab.com.ar\/wp-content\/uploads\/2015\/01\/g_xfb9n8dvc__Brangus-negro-6.jpg","width":450,"height":208},{"@type":"BreadcrumbList","@id":"https:\/\/proagrolab.com.ar\/balance-positivo-del-4-remate-de-cabanas-saltenas\/#breadcrumb","itemListElement":[{"@type":"ListItem","position":1,"name":"Portada","item":"https:\/\/proagrolab.com.ar\/"},{"@type":"ListItem","position":2,"name":"Balance positivo del 4\u00b0 Remate de Caba\u00f1as Salte\u00f1as."}]},{"@type":"WebSite","@id":"https:\/\/proagrolab.com.ar\/#website","url":"https:\/\/proagrolab.com.ar\/","name":"Proagro Laboratorio Veterinario","description":"Veterinary laboratory","publisher":{"@id":"https:\/\/proagrolab.com.ar\/#organization"},"potentialAction":[{"@type":"SearchAction","target":{"@type":"EntryPoint","urlTemplate":"https:\/\/proagrolab.com.ar\/?s={search_term_string}"},"query-input":{"@type":"PropertyValueSpecification","valueRequired":true,"valueName":"search_term_string"}}],"inLanguage":"en-US"},{"@type":"Organization","@id":"https:\/\/proagrolab.com.ar\/#organization","name":"Proagro","url":"https:\/\/proagrolab.com.ar\/","logo":{"@type":"ImageObject","inLanguage":"en-US","@id":"https:\/\/proagrolab.com.ar\/#\/schema\/logo\/image\/","url":"https:\/\/proagrolab.com.ar\/wp-content\/uploads\/2020\/04\/logo-retina.png","contentUrl":"https:\/\/proagrolab.com.ar\/wp-content\/uploads\/2020\/04\/logo-retina.png","width":478,"height":120,"caption":"Proagro"},"image":{"@id":"https:\/\/proagrolab.com.ar\/#\/schema\/logo\/image\/"},"sameAs":["http:\/\/www.facebook.com\/proagrolab","https:\/\/www.instagram.com\/proagrolab\/","https:\/\/www.linkedin.com\/company\/laboratorio-proagro-s-a\/"]},{"@type":"Person","@id":"https:\/\/proagrolab.com.ar\/#\/schema\/person\/38003ff90bf80381f71c7d922d207444","name":"proagrolab"}]}},"_links":{"self":[{"href":"https:\/\/proagrolab.com.ar\/en\/wp-json\/wp\/v2\/posts\/5633","targetHints":{"allow":["GET"]}}],"collection":[{"href":"https:\/\/proagrolab.com.ar\/en\/wp-json\/wp\/v2\/posts"}],"about":[{"href":"https:\/\/proagrolab.com.ar\/en\/wp-json\/wp\/v2\/types\/post"}],"author":[{"embeddable":true,"href":"https:\/\/proagrolab.com.ar\/en\/wp-json\/wp\/v2\/users\/2"}],"replies":[{"embeddable":true,"href":"https:\/\/proagrolab.com.ar\/en\/wp-json\/wp\/v2\/comments?post=5633"}],"version-history":[{"count":0,"href":"https:\/\/proagrolab.com.ar\/en\/wp-json\/wp\/v2\/posts\/5633\/revisions"}],"wp:featuredmedia":[{"embeddable":true,"href":"https:\/\/proagrolab.com.ar\/en\/wp-json\/wp\/v2\/media\/2127"}],"wp:attachment":[{"href":"https:\/\/proagrolab.com.ar\/en\/wp-json\/wp\/v2\/media?parent=5633"}],"wp:term":[{"taxonomy":"category","embeddable":true,"href":"https:\/\/proagrolab.com.ar\/en\/wp-json\/wp\/v2\/categories?post=5633"},{"taxonomy":"post_tag","embeddable":true,"href":"https:\/\/proagrolab.com.ar\/en\/wp-json\/wp\/v2\/tags?post=5633"}],"curies":[{"name":"wp","href":"https:\/\/api.w.org\/{rel}","templated":true}]}}