{"id":5624,"date":"2013-08-09T00:00:01","date_gmt":"2013-08-09T00:00:01","guid":{"rendered":"https:\/\/proagrolab.com.ar\/la-faena-mantendria-su-ritmo-hasta-fin-de-ano\/"},"modified":"2013-08-09T00:00:01","modified_gmt":"2013-08-09T00:00:01","slug":"la-faena-mantendria-su-ritmo-hasta-fin-de-ano","status":"publish","type":"post","link":"https:\/\/proagrolab.com.ar\/en\/la-faena-mantendria-su-ritmo-hasta-fin-de-ano\/","title":{"rendered":"La faena mantendr\u00eda su ritmo hasta fin de a\u00f1o."},"content":{"rendered":"<p class=\"qtranxs-available-languages-message qtranxs-available-languages-message-en\"> <\/p><p>Por Ignacio Iriarte.<\/p>\n<p>En los primeros siete meses de 2013, la actividad en los frigor\u00edficos creci\u00f3 12 por ciento. Esa tendencia deber\u00eda mantenerse durante el per\u00edodo comprendido entre agosto y diciembre.<\/p>\n<p><i>\u00bfQu\u00e9 puede esperarse de la oferta ganadera para lo que resta del a\u00f1o?<\/i><br \/>Por de pronto debe destacarse que entre enero-julio del presente a\u00f1o la faena aument\u00f3 un 12 por ciento con respecto a 2012, y que esa tendencia deber\u00eda mantenerse durante el per\u00edodo comprendido entre agosto y diciembre.<\/p>\n<p>Si se acepta que el destete fue algo mayor que el a\u00f1o anterior, que los criadores han vendido este a\u00f1o una proporci\u00f3n mayor a la de a\u00f1os anteriores de sus terneros, y que los invernadores pastoriles compraron menos que el a\u00f1o anterior, se podr\u00eda concluir que se habr\u00eda encerrado este oto\u00f1o m\u00e1s ganado que en el 2012. Adem\u00e1s, ha entrado recientemente a los corrales un volumen considerable de ganado proveniente de las islas y campos bajos del Paran\u00e1.<\/p>\n<p>Si se toma exclusivamente la hacienda liviana de consumo (novillitos, terneros y vaquillonas) puede observarse que el a\u00f1o pasado la faena de estas categor\u00edas aument\u00f3 un 16 por ciento en el segundo semestre con respecto al primero.<\/p>\n<p>Lo m\u00e1s bajo, en abril. Si se toma la faena promedio de enero a diciembre como 100, durante el a\u00f1o 2012 la faena de novillitos \u0096hoy la estrella del mercado\u0096 toc\u00f3 un \u00edndice 86 en abril para crecer luego sin parar hasta lograr un m\u00e1ximo de 114 en octubre. Similar tendencia se registra en la faena de terneros machos, que toca el m\u00ednimo anual en abril con un \u00edndice 86 y toca su m\u00e1ximo en octubre con 119.<\/p>\n<p>En terneras tambi\u00e9n el m\u00ednimo anual se dio en abril con un \u00edndice 83 y tambi\u00e9n present\u00f3 su m\u00e1xima oferta en octubre con 120.<\/p>\n<p>En vaquillonas, el a\u00f1o pasado el m\u00ednimo de faena se dio en abril con 82, pero el punto m\u00e1ximo se dio en diciembre con un \u00edndice 126.<\/p>\n<p>Si se toman las cuatro categor\u00edas en conjunto, se observa que la faena de octubre fue un 40 por ciento m\u00e1s alta que en abril, y que la faena de animales livianos de diciembre \u0096antes era un mes de escasez\u0096 fue el a\u00f1o pasado 37 por ciento mayor que en abril.<\/p>\n<p>La oferta de ganado liviano proveniente del feedlot afloja reci\u00e9n en el primer trimestre del a\u00f1o para tocar su m\u00ednimo anual en abril, pero hacia las Fiestas de Fin de A\u00f1o todav\u00eda se mantiene alta.<\/p>\n<p>En materia de novillo, la menor oferta se dio el a\u00f1o pasado claramente en el \u00faltimo trimestre.<\/p>\n<p>Este a\u00f1o los feedlots tienen encerrado un volumen de hacienda muy importante, pero de manera desigual.<\/p>\n<p>La hoteler\u00eda, pese a la entrada de ganado proveniente de las islas, tiene alg\u00fan grado de ociosidad, mientras que registran plena ocupaci\u00f3n todos los encierres de propiedad o vinculados con operadores de la carne, tanto matarifes como frigor\u00edficos, o inclusive alg\u00fan supermercado regional.<\/p>\n<p>Seg\u00fan nos dicen vendedores de n\u00facleo vitam\u00ednico, este a\u00f1o es particularmente importante la cantidad de hacienda engordada y\/o terminada a corral por parte de los miles de ganaderos que tienen grano y terneros a la vez, sean criadores o ganaderos de ciclo completo.<\/p>\n<p>En la mayor\u00eda de los ganaderos y feedloteros que consultamos, prevalece la idea de que el precio de la hacienda y de la carne, despu\u00e9s de dos a\u00f1os de ca\u00edda, no tiene mucho m\u00e1s terreno \u0096en t\u00e9rminos nominales\u0096 para perder.<\/p>\n<p>Fuente: La Voz del Interior, 9 de agosto.<br \/><\/p>","protected":false},"excerpt":{"rendered":"<p>Por Ignacio Iriarte. En los primeros siete meses de 2013, la actividad en los frigor\u00edficos creci\u00f3 12 por ciento. Esa tendencia deber\u00eda mantenerse durante el per\u00edodo comprendido entre agosto y diciembre. \u00bfQu\u00e9 puede esperarse de la oferta ganadera para lo que resta del a\u00f1o?Por de pronto debe destacarse que entre enero-julio del presente a\u00f1o la faena aument\u00f3 un 12 por ciento con respecto a 2012, y que esa tendencia deber\u00eda mantenerse durante el per\u00edodo comprendido entre agosto y diciembre. Si se acepta que el destete fue algo mayor que el a\u00f1o anterior, que los criadores han vendido este a\u00f1o una proporci\u00f3n mayor a la de a\u00f1os anteriores de sus terneros, y que los invernadores pastoriles compraron menos que el a\u00f1o anterior, se podr\u00eda concluir que se habr\u00eda encerrado este oto\u00f1o m\u00e1s ganado que en el 2012. Adem\u00e1s, ha entrado recientemente a los corrales un volumen considerable de ganado proveniente de las islas y campos bajos del Paran\u00e1. Si se toma exclusivamente la hacienda liviana de consumo (novillitos, terneros y vaquillonas) puede observarse que el a\u00f1o pasado la faena de estas categor\u00edas aument\u00f3 un 16 por ciento en el segundo semestre con respecto al primero. Lo m\u00e1s bajo, en abril. Si [&hellip;]<\/p>\n","protected":false},"author":2,"featured_media":2118,"comment_status":"closed","ping_status":"open","sticky":false,"template":"","format":"standard","meta":{"_acf_changed":false,"footnotes":""},"categories":[56],"tags":[],"class_list":["post-5624","post","type-post","status-publish","format-standard","has-post-thumbnail","hentry","category-infoganadero"],"acf":[],"yoast_head":"<!-- This site is optimized with the Yoast SEO plugin v27.5 - https:\/\/yoast.com\/product\/yoast-seo-wordpress\/ -->\n<title>La faena mantendr\u00eda su ritmo hasta fin de a\u00f1o. | Proagro<\/title>\n<meta name=\"robots\" content=\"index, follow, max-snippet:-1, max-image-preview:large, max-video-preview:-1\" \/>\n<link rel=\"canonical\" href=\"https:\/\/proagrolab.com.ar\/en\/la-faena-mantendria-su-ritmo-hasta-fin-de-ano\/\" \/>\n<meta property=\"og:locale\" content=\"en_US\" \/>\n<meta property=\"og:type\" content=\"article\" \/>\n<meta property=\"og:title\" content=\"La faena mantendr\u00eda su ritmo hasta fin de a\u00f1o. | Proagro\" \/>\n<meta property=\"og:description\" content=\"Por Ignacio Iriarte. En los primeros siete meses de 2013, la actividad en los frigor\u00edficos creci\u00f3 12 por ciento. Esa tendencia deber\u00eda mantenerse durante el per\u00edodo comprendido entre agosto y diciembre. \u00bfQu\u00e9 puede esperarse de la oferta ganadera para lo que resta del a\u00f1o?Por de pronto debe destacarse que entre enero-julio del presente a\u00f1o la faena aument\u00f3 un 12 por ciento con respecto a 2012, y que esa tendencia deber\u00eda mantenerse durante el per\u00edodo comprendido entre agosto y diciembre. Si se acepta que el destete fue algo mayor que el a\u00f1o anterior, que los criadores han vendido este a\u00f1o una proporci\u00f3n mayor a la de a\u00f1os anteriores de sus terneros, y que los invernadores pastoriles compraron menos que el a\u00f1o anterior, se podr\u00eda concluir que se habr\u00eda encerrado este oto\u00f1o m\u00e1s ganado que en el 2012. Adem\u00e1s, ha entrado recientemente a los corrales un volumen considerable de ganado proveniente de las islas y campos bajos del Paran\u00e1. Si se toma exclusivamente la hacienda liviana de consumo (novillitos, terneros y vaquillonas) puede observarse que el a\u00f1o pasado la faena de estas categor\u00edas aument\u00f3 un 16 por ciento en el segundo semestre con respecto al primero. Lo m\u00e1s bajo, en abril. Si [&hellip;]\" \/>\n<meta property=\"og:url\" content=\"https:\/\/proagrolab.com.ar\/la-faena-mantendria-su-ritmo-hasta-fin-de-ano\/\" \/>\n<meta property=\"og:site_name\" content=\"Proagro\" \/>\n<meta property=\"article:publisher\" content=\"http:\/\/www.facebook.com\/proagrolab\" \/>\n<meta property=\"article:published_time\" content=\"2013-08-09T00:00:01+00:00\" \/>\n<meta property=\"og:image\" content=\"https:\/\/proagrolab.com.ar\/wp-content\/uploads\/2015\/01\/g_oely2e0ke__Frigor\u00edfico-3.jpg\" \/>\n\t<meta property=\"og:image:width\" content=\"1\" \/>\n\t<meta property=\"og:image:height\" content=\"1\" \/>\n\t<meta property=\"og:image:type\" content=\"image\/jpeg\" \/>\n<meta name=\"author\" content=\"proagrolab\" \/>\n<meta name=\"twitter:card\" content=\"summary_large_image\" \/>\n<meta name=\"twitter:label1\" content=\"Written by\" \/>\n\t<meta name=\"twitter:data1\" content=\"proagrolab\" \/>\n\t<meta name=\"twitter:label2\" content=\"Est. reading time\" \/>\n\t<meta name=\"twitter:data2\" content=\"3 minutes\" \/>\n<script type=\"application\/ld+json\" class=\"yoast-schema-graph\">{\"@context\":\"https:\\\/\\\/schema.org\",\"@graph\":[{\"@type\":\"Article\",\"@id\":\"https:\\\/\\\/proagrolab.com.ar\\\/la-faena-mantendria-su-ritmo-hasta-fin-de-ano\\\/#article\",\"isPartOf\":{\"@id\":\"https:\\\/\\\/proagrolab.com.ar\\\/la-faena-mantendria-su-ritmo-hasta-fin-de-ano\\\/\"},\"author\":{\"name\":\"proagrolab\",\"@id\":\"https:\\\/\\\/proagrolab.com.ar\\\/#\\\/schema\\\/person\\\/38003ff90bf80381f71c7d922d207444\"},\"headline\":\"La faena mantendr\u00eda su ritmo hasta fin de a\u00f1o.\",\"datePublished\":\"2013-08-09T00:00:01+00:00\",\"mainEntityOfPage\":{\"@id\":\"https:\\\/\\\/proagrolab.com.ar\\\/la-faena-mantendria-su-ritmo-hasta-fin-de-ano\\\/\"},\"wordCount\":626,\"publisher\":{\"@id\":\"https:\\\/\\\/proagrolab.com.ar\\\/#organization\"},\"image\":{\"@id\":\"https:\\\/\\\/proagrolab.com.ar\\\/la-faena-mantendria-su-ritmo-hasta-fin-de-ano\\\/#primaryimage\"},\"thumbnailUrl\":\"https:\\\/\\\/proagrolab.com.ar\\\/wp-content\\\/uploads\\\/2015\\\/01\\\/g_oely2e0ke__Frigor\u00edfico-3.jpg\",\"articleSection\":[\"News\"],\"inLanguage\":\"en-US\"},{\"@type\":\"WebPage\",\"@id\":\"https:\\\/\\\/proagrolab.com.ar\\\/la-faena-mantendria-su-ritmo-hasta-fin-de-ano\\\/\",\"url\":\"https:\\\/\\\/proagrolab.com.ar\\\/la-faena-mantendria-su-ritmo-hasta-fin-de-ano\\\/\",\"name\":\"La faena mantendr\u00eda su ritmo hasta fin de a\u00f1o. | Proagro\",\"isPartOf\":{\"@id\":\"https:\\\/\\\/proagrolab.com.ar\\\/#website\"},\"primaryImageOfPage\":{\"@id\":\"https:\\\/\\\/proagrolab.com.ar\\\/la-faena-mantendria-su-ritmo-hasta-fin-de-ano\\\/#primaryimage\"},\"image\":{\"@id\":\"https:\\\/\\\/proagrolab.com.ar\\\/la-faena-mantendria-su-ritmo-hasta-fin-de-ano\\\/#primaryimage\"},\"thumbnailUrl\":\"https:\\\/\\\/proagrolab.com.ar\\\/wp-content\\\/uploads\\\/2015\\\/01\\\/g_oely2e0ke__Frigor\u00edfico-3.jpg\",\"datePublished\":\"2013-08-09T00:00:01+00:00\",\"breadcrumb\":{\"@id\":\"https:\\\/\\\/proagrolab.com.ar\\\/la-faena-mantendria-su-ritmo-hasta-fin-de-ano\\\/#breadcrumb\"},\"inLanguage\":\"en-US\",\"potentialAction\":[{\"@type\":\"ReadAction\",\"target\":[\"https:\\\/\\\/proagrolab.com.ar\\\/la-faena-mantendria-su-ritmo-hasta-fin-de-ano\\\/\"]}]},{\"@type\":\"ImageObject\",\"inLanguage\":\"en-US\",\"@id\":\"https:\\\/\\\/proagrolab.com.ar\\\/la-faena-mantendria-su-ritmo-hasta-fin-de-ano\\\/#primaryimage\",\"url\":\"https:\\\/\\\/proagrolab.com.ar\\\/wp-content\\\/uploads\\\/2015\\\/01\\\/g_oely2e0ke__Frigor\u00edfico-3.jpg\",\"contentUrl\":\"https:\\\/\\\/proagrolab.com.ar\\\/wp-content\\\/uploads\\\/2015\\\/01\\\/g_oely2e0ke__Frigor\u00edfico-3.jpg\"},{\"@type\":\"BreadcrumbList\",\"@id\":\"https:\\\/\\\/proagrolab.com.ar\\\/la-faena-mantendria-su-ritmo-hasta-fin-de-ano\\\/#breadcrumb\",\"itemListElement\":[{\"@type\":\"ListItem\",\"position\":1,\"name\":\"Portada\",\"item\":\"https:\\\/\\\/proagrolab.com.ar\\\/\"},{\"@type\":\"ListItem\",\"position\":2,\"name\":\"La faena mantendr\u00eda su ritmo hasta fin de a\u00f1o.\"}]},{\"@type\":\"WebSite\",\"@id\":\"https:\\\/\\\/proagrolab.com.ar\\\/#website\",\"url\":\"https:\\\/\\\/proagrolab.com.ar\\\/\",\"name\":\"Proagro Laboratorio Veterinario\",\"description\":\"Veterinary laboratory\",\"publisher\":{\"@id\":\"https:\\\/\\\/proagrolab.com.ar\\\/#organization\"},\"potentialAction\":[{\"@type\":\"SearchAction\",\"target\":{\"@type\":\"EntryPoint\",\"urlTemplate\":\"https:\\\/\\\/proagrolab.com.ar\\\/?s={search_term_string}\"},\"query-input\":{\"@type\":\"PropertyValueSpecification\",\"valueRequired\":true,\"valueName\":\"search_term_string\"}}],\"inLanguage\":\"en-US\"},{\"@type\":\"Organization\",\"@id\":\"https:\\\/\\\/proagrolab.com.ar\\\/#organization\",\"name\":\"Proagro\",\"url\":\"https:\\\/\\\/proagrolab.com.ar\\\/\",\"logo\":{\"@type\":\"ImageObject\",\"inLanguage\":\"en-US\",\"@id\":\"https:\\\/\\\/proagrolab.com.ar\\\/#\\\/schema\\\/logo\\\/image\\\/\",\"url\":\"https:\\\/\\\/proagrolab.com.ar\\\/wp-content\\\/uploads\\\/2020\\\/04\\\/logo-retina.png\",\"contentUrl\":\"https:\\\/\\\/proagrolab.com.ar\\\/wp-content\\\/uploads\\\/2020\\\/04\\\/logo-retina.png\",\"width\":478,\"height\":120,\"caption\":\"Proagro\"},\"image\":{\"@id\":\"https:\\\/\\\/proagrolab.com.ar\\\/#\\\/schema\\\/logo\\\/image\\\/\"},\"sameAs\":[\"http:\\\/\\\/www.facebook.com\\\/proagrolab\",\"https:\\\/\\\/www.instagram.com\\\/proagrolab\\\/\",\"https:\\\/\\\/www.linkedin.com\\\/company\\\/laboratorio-proagro-s-a\\\/\"]},{\"@type\":\"Person\",\"@id\":\"https:\\\/\\\/proagrolab.com.ar\\\/#\\\/schema\\\/person\\\/38003ff90bf80381f71c7d922d207444\",\"name\":\"proagrolab\"}]}<\/script>\n<!-- \/ Yoast SEO plugin. -->","yoast_head_json":{"title":"La faena mantendr\u00eda su ritmo hasta fin de a\u00f1o. | Proagro","robots":{"index":"index","follow":"follow","max-snippet":"max-snippet:-1","max-image-preview":"max-image-preview:large","max-video-preview":"max-video-preview:-1"},"canonical":"https:\/\/proagrolab.com.ar\/en\/la-faena-mantendria-su-ritmo-hasta-fin-de-ano\/","og_locale":"en_US","og_type":"article","og_title":"La faena mantendr\u00eda su ritmo hasta fin de a\u00f1o. | Proagro","og_description":"Por Ignacio Iriarte. En los primeros siete meses de 2013, la actividad en los frigor\u00edficos creci\u00f3 12 por ciento. Esa tendencia deber\u00eda mantenerse durante el per\u00edodo comprendido entre agosto y diciembre. \u00bfQu\u00e9 puede esperarse de la oferta ganadera para lo que resta del a\u00f1o?Por de pronto debe destacarse que entre enero-julio del presente a\u00f1o la faena aument\u00f3 un 12 por ciento con respecto a 2012, y que esa tendencia deber\u00eda mantenerse durante el per\u00edodo comprendido entre agosto y diciembre. Si se acepta que el destete fue algo mayor que el a\u00f1o anterior, que los criadores han vendido este a\u00f1o una proporci\u00f3n mayor a la de a\u00f1os anteriores de sus terneros, y que los invernadores pastoriles compraron menos que el a\u00f1o anterior, se podr\u00eda concluir que se habr\u00eda encerrado este oto\u00f1o m\u00e1s ganado que en el 2012. Adem\u00e1s, ha entrado recientemente a los corrales un volumen considerable de ganado proveniente de las islas y campos bajos del Paran\u00e1. Si se toma exclusivamente la hacienda liviana de consumo (novillitos, terneros y vaquillonas) puede observarse que el a\u00f1o pasado la faena de estas categor\u00edas aument\u00f3 un 16 por ciento en el segundo semestre con respecto al primero. Lo m\u00e1s bajo, en abril. Si [&hellip;]","og_url":"https:\/\/proagrolab.com.ar\/la-faena-mantendria-su-ritmo-hasta-fin-de-ano\/","og_site_name":"Proagro","article_publisher":"http:\/\/www.facebook.com\/proagrolab","article_published_time":"2013-08-09T00:00:01+00:00","og_image":[{"url":"https:\/\/proagrolab.com.ar\/wp-content\/uploads\/2015\/01\/g_oely2e0ke__Frigor\u00edfico-3.jpg","width":1,"height":1,"type":"image\/jpeg"}],"author":"proagrolab","twitter_card":"summary_large_image","twitter_misc":{"Written by":"proagrolab","Est. reading time":"3 minutes"},"schema":{"@context":"https:\/\/schema.org","@graph":[{"@type":"Article","@id":"https:\/\/proagrolab.com.ar\/la-faena-mantendria-su-ritmo-hasta-fin-de-ano\/#article","isPartOf":{"@id":"https:\/\/proagrolab.com.ar\/la-faena-mantendria-su-ritmo-hasta-fin-de-ano\/"},"author":{"name":"proagrolab","@id":"https:\/\/proagrolab.com.ar\/#\/schema\/person\/38003ff90bf80381f71c7d922d207444"},"headline":"La faena mantendr\u00eda su ritmo hasta fin de a\u00f1o.","datePublished":"2013-08-09T00:00:01+00:00","mainEntityOfPage":{"@id":"https:\/\/proagrolab.com.ar\/la-faena-mantendria-su-ritmo-hasta-fin-de-ano\/"},"wordCount":626,"publisher":{"@id":"https:\/\/proagrolab.com.ar\/#organization"},"image":{"@id":"https:\/\/proagrolab.com.ar\/la-faena-mantendria-su-ritmo-hasta-fin-de-ano\/#primaryimage"},"thumbnailUrl":"https:\/\/proagrolab.com.ar\/wp-content\/uploads\/2015\/01\/g_oely2e0ke__Frigor\u00edfico-3.jpg","articleSection":["News"],"inLanguage":"en-US"},{"@type":"WebPage","@id":"https:\/\/proagrolab.com.ar\/la-faena-mantendria-su-ritmo-hasta-fin-de-ano\/","url":"https:\/\/proagrolab.com.ar\/la-faena-mantendria-su-ritmo-hasta-fin-de-ano\/","name":"La faena mantendr\u00eda su ritmo hasta fin de a\u00f1o. | Proagro","isPartOf":{"@id":"https:\/\/proagrolab.com.ar\/#website"},"primaryImageOfPage":{"@id":"https:\/\/proagrolab.com.ar\/la-faena-mantendria-su-ritmo-hasta-fin-de-ano\/#primaryimage"},"image":{"@id":"https:\/\/proagrolab.com.ar\/la-faena-mantendria-su-ritmo-hasta-fin-de-ano\/#primaryimage"},"thumbnailUrl":"https:\/\/proagrolab.com.ar\/wp-content\/uploads\/2015\/01\/g_oely2e0ke__Frigor\u00edfico-3.jpg","datePublished":"2013-08-09T00:00:01+00:00","breadcrumb":{"@id":"https:\/\/proagrolab.com.ar\/la-faena-mantendria-su-ritmo-hasta-fin-de-ano\/#breadcrumb"},"inLanguage":"en-US","potentialAction":[{"@type":"ReadAction","target":["https:\/\/proagrolab.com.ar\/la-faena-mantendria-su-ritmo-hasta-fin-de-ano\/"]}]},{"@type":"ImageObject","inLanguage":"en-US","@id":"https:\/\/proagrolab.com.ar\/la-faena-mantendria-su-ritmo-hasta-fin-de-ano\/#primaryimage","url":"https:\/\/proagrolab.com.ar\/wp-content\/uploads\/2015\/01\/g_oely2e0ke__Frigor\u00edfico-3.jpg","contentUrl":"https:\/\/proagrolab.com.ar\/wp-content\/uploads\/2015\/01\/g_oely2e0ke__Frigor\u00edfico-3.jpg"},{"@type":"BreadcrumbList","@id":"https:\/\/proagrolab.com.ar\/la-faena-mantendria-su-ritmo-hasta-fin-de-ano\/#breadcrumb","itemListElement":[{"@type":"ListItem","position":1,"name":"Portada","item":"https:\/\/proagrolab.com.ar\/"},{"@type":"ListItem","position":2,"name":"La faena mantendr\u00eda su ritmo hasta fin de a\u00f1o."}]},{"@type":"WebSite","@id":"https:\/\/proagrolab.com.ar\/#website","url":"https:\/\/proagrolab.com.ar\/","name":"Proagro Laboratorio Veterinario","description":"Veterinary laboratory","publisher":{"@id":"https:\/\/proagrolab.com.ar\/#organization"},"potentialAction":[{"@type":"SearchAction","target":{"@type":"EntryPoint","urlTemplate":"https:\/\/proagrolab.com.ar\/?s={search_term_string}"},"query-input":{"@type":"PropertyValueSpecification","valueRequired":true,"valueName":"search_term_string"}}],"inLanguage":"en-US"},{"@type":"Organization","@id":"https:\/\/proagrolab.com.ar\/#organization","name":"Proagro","url":"https:\/\/proagrolab.com.ar\/","logo":{"@type":"ImageObject","inLanguage":"en-US","@id":"https:\/\/proagrolab.com.ar\/#\/schema\/logo\/image\/","url":"https:\/\/proagrolab.com.ar\/wp-content\/uploads\/2020\/04\/logo-retina.png","contentUrl":"https:\/\/proagrolab.com.ar\/wp-content\/uploads\/2020\/04\/logo-retina.png","width":478,"height":120,"caption":"Proagro"},"image":{"@id":"https:\/\/proagrolab.com.ar\/#\/schema\/logo\/image\/"},"sameAs":["http:\/\/www.facebook.com\/proagrolab","https:\/\/www.instagram.com\/proagrolab\/","https:\/\/www.linkedin.com\/company\/laboratorio-proagro-s-a\/"]},{"@type":"Person","@id":"https:\/\/proagrolab.com.ar\/#\/schema\/person\/38003ff90bf80381f71c7d922d207444","name":"proagrolab"}]}},"_links":{"self":[{"href":"https:\/\/proagrolab.com.ar\/en\/wp-json\/wp\/v2\/posts\/5624","targetHints":{"allow":["GET"]}}],"collection":[{"href":"https:\/\/proagrolab.com.ar\/en\/wp-json\/wp\/v2\/posts"}],"about":[{"href":"https:\/\/proagrolab.com.ar\/en\/wp-json\/wp\/v2\/types\/post"}],"author":[{"embeddable":true,"href":"https:\/\/proagrolab.com.ar\/en\/wp-json\/wp\/v2\/users\/2"}],"replies":[{"embeddable":true,"href":"https:\/\/proagrolab.com.ar\/en\/wp-json\/wp\/v2\/comments?post=5624"}],"version-history":[{"count":0,"href":"https:\/\/proagrolab.com.ar\/en\/wp-json\/wp\/v2\/posts\/5624\/revisions"}],"wp:featuredmedia":[{"embeddable":true,"href":"https:\/\/proagrolab.com.ar\/en\/wp-json\/wp\/v2\/media\/2118"}],"wp:attachment":[{"href":"https:\/\/proagrolab.com.ar\/en\/wp-json\/wp\/v2\/media?parent=5624"}],"wp:term":[{"taxonomy":"category","embeddable":true,"href":"https:\/\/proagrolab.com.ar\/en\/wp-json\/wp\/v2\/categories?post=5624"},{"taxonomy":"post_tag","embeddable":true,"href":"https:\/\/proagrolab.com.ar\/en\/wp-json\/wp\/v2\/tags?post=5624"}],"curies":[{"name":"wp","href":"https:\/\/api.w.org\/{rel}","templated":true}]}}