{"id":5620,"date":"2013-08-09T00:00:01","date_gmt":"2013-08-09T00:00:01","guid":{"rendered":"https:\/\/proagrolab.com.ar\/muchas-preguntas-tras-la-contaminacion-de-leche-de-fonterra\/"},"modified":"2013-08-09T00:00:01","modified_gmt":"2013-08-09T00:00:01","slug":"muchas-preguntas-tras-la-contaminacion-de-leche-de-fonterra","status":"publish","type":"post","link":"https:\/\/proagrolab.com.ar\/en\/muchas-preguntas-tras-la-contaminacion-de-leche-de-fonterra\/","title":{"rendered":"Muchas preguntas tras la contaminaci\u00f3n de leche de Fonterra."},"content":{"rendered":"<p class=\"qtranxs-available-languages-message qtranxs-available-languages-message-en\"> <\/p><p>El gobierno apoya a la cooperativa Fonterra pero aclara que va a tener que contestar algunas preguntas cuando esto se calme.<\/p>\n<p>Fonterra est\u00e1 enfocada muy fuertemente en restablecer la credibilidad a nivel internacional, particularmente en China que es el principal comprador. Vale la pena aclarar que para varios productores consultados este problema parece no ser tan importante como para poner en juego el precio pronosticado de leche para esta zafra. Por su parte, el gobierno est\u00e1 evaluando los efectos que puede traer para la totalidad de la econom\u00eda local.<\/p>\n<p>Eventos como este hacen dudar si tener una cooperativa que procese el 90% de la producci\u00f3n de leche del pa\u00eds es buena idea o si, como era la situaci\u00f3n antes de 2001, no es mejor tener varias empresas. Los consumidores locales est\u00e1n muy desconformes en c\u00f3mo se manej\u00f3 el tema, particularmente en el tiempo que se demor\u00f3 en anunciar la contaminaci\u00f3n y sacar del mercado los productos afectados.<\/p>\n<p>Para agravar la situaci\u00f3n, un microbi\u00f3logo de la Universidad Massey dijo que la versi\u00f3n de Fonterra de que la contaminaci\u00f3n es debida a una ca\u00f1er\u00eda que no se limpi\u00f3 bien deja muchas dudas, ya que la bacteria vive en el suelo y no en los alimentos secos. Agreg\u00f3 que el proceso de secado para obtener la leche la debi\u00f3 matar. El especialista estima probable que la contaminaci\u00f3n haya ocurrido post procesamiento. Buen clima para la parici\u00f3n El invierno sigue con temperaturas altas para la \u00e9poca y la mayor\u00eda de los tambos tiene m\u00e1s de la mitad de las vacas paridas.<\/p>\n<p>En la zona norte de Waikato se presentan crecimientos de pasto del orden de los 50kg por d\u00eda con lo cual el descenso de la cobertura promedio es moderado y el uso de suplementos comprados es reducido.<\/p>\n<p>Por ing. agr. Alfredo Adler, corresponsal de IT Lecher\u00eda.<\/p>\n<p>Fuente: Infocampo, 9 de agosto.<br \/><\/p>","protected":false},"excerpt":{"rendered":"<p>El gobierno apoya a la cooperativa Fonterra pero aclara que va a tener que contestar algunas preguntas cuando esto se calme. Fonterra est\u00e1 enfocada muy fuertemente en restablecer la credibilidad a nivel internacional, particularmente en China que es el principal comprador. Vale la pena aclarar que para varios productores consultados este problema parece no ser tan importante como para poner en juego el precio pronosticado de leche para esta zafra. Por su parte, el gobierno est\u00e1 evaluando los efectos que puede traer para la totalidad de la econom\u00eda local. Eventos como este hacen dudar si tener una cooperativa que procese el 90% de la producci\u00f3n de leche del pa\u00eds es buena idea o si, como era la situaci\u00f3n antes de 2001, no es mejor tener varias empresas. Los consumidores locales est\u00e1n muy desconformes en c\u00f3mo se manej\u00f3 el tema, particularmente en el tiempo que se demor\u00f3 en anunciar la contaminaci\u00f3n y sacar del mercado los productos afectados. Para agravar la situaci\u00f3n, un microbi\u00f3logo de la Universidad Massey dijo que la versi\u00f3n de Fonterra de que la contaminaci\u00f3n es debida a una ca\u00f1er\u00eda que no se limpi\u00f3 bien deja muchas dudas, ya que la bacteria vive en el suelo y no [&hellip;]<\/p>\n","protected":false},"author":2,"featured_media":2114,"comment_status":"closed","ping_status":"open","sticky":false,"template":"","format":"standard","meta":{"_acf_changed":false,"footnotes":""},"categories":[56],"tags":[],"class_list":["post-5620","post","type-post","status-publish","format-standard","has-post-thumbnail","hentry","category-infoganadero"],"acf":[],"yoast_head":"<!-- This site is optimized with the Yoast SEO plugin v27.5 - https:\/\/yoast.com\/product\/yoast-seo-wordpress\/ -->\n<title>Muchas preguntas tras la contaminaci\u00f3n de leche de Fonterra. | Proagro<\/title>\n<meta name=\"robots\" content=\"index, follow, max-snippet:-1, max-image-preview:large, max-video-preview:-1\" \/>\n<link rel=\"canonical\" href=\"https:\/\/proagrolab.com.ar\/en\/muchas-preguntas-tras-la-contaminacion-de-leche-de-fonterra\/\" \/>\n<meta property=\"og:locale\" content=\"en_US\" \/>\n<meta property=\"og:type\" content=\"article\" \/>\n<meta property=\"og:title\" content=\"Muchas preguntas tras la contaminaci\u00f3n de leche de Fonterra. | Proagro\" \/>\n<meta property=\"og:description\" content=\"El gobierno apoya a la cooperativa Fonterra pero aclara que va a tener que contestar algunas preguntas cuando esto se calme. Fonterra est\u00e1 enfocada muy fuertemente en restablecer la credibilidad a nivel internacional, particularmente en China que es el principal comprador. Vale la pena aclarar que para varios productores consultados este problema parece no ser tan importante como para poner en juego el precio pronosticado de leche para esta zafra. Por su parte, el gobierno est\u00e1 evaluando los efectos que puede traer para la totalidad de la econom\u00eda local. Eventos como este hacen dudar si tener una cooperativa que procese el 90% de la producci\u00f3n de leche del pa\u00eds es buena idea o si, como era la situaci\u00f3n antes de 2001, no es mejor tener varias empresas. Los consumidores locales est\u00e1n muy desconformes en c\u00f3mo se manej\u00f3 el tema, particularmente en el tiempo que se demor\u00f3 en anunciar la contaminaci\u00f3n y sacar del mercado los productos afectados. Para agravar la situaci\u00f3n, un microbi\u00f3logo de la Universidad Massey dijo que la versi\u00f3n de Fonterra de que la contaminaci\u00f3n es debida a una ca\u00f1er\u00eda que no se limpi\u00f3 bien deja muchas dudas, ya que la bacteria vive en el suelo y no [&hellip;]\" \/>\n<meta property=\"og:url\" content=\"https:\/\/proagrolab.com.ar\/muchas-preguntas-tras-la-contaminacion-de-leche-de-fonterra\/\" \/>\n<meta property=\"og:site_name\" content=\"Proagro\" \/>\n<meta property=\"article:publisher\" content=\"http:\/\/www.facebook.com\/proagrolab\" \/>\n<meta property=\"article:published_time\" content=\"2013-08-09T00:00:01+00:00\" \/>\n<meta property=\"og:image\" content=\"https:\/\/proagrolab.com.ar\/wp-content\/uploads\/2015\/01\/g_gtq6o4ao4__Lecheras-19.jpg\" \/>\n\t<meta property=\"og:image:width\" content=\"450\" \/>\n\t<meta property=\"og:image:height\" content=\"208\" \/>\n\t<meta property=\"og:image:type\" content=\"image\/jpeg\" \/>\n<meta name=\"author\" content=\"proagrolab\" \/>\n<meta name=\"twitter:card\" content=\"summary_large_image\" \/>\n<meta name=\"twitter:label1\" content=\"Written by\" \/>\n\t<meta name=\"twitter:data1\" content=\"proagrolab\" \/>\n\t<meta name=\"twitter:label2\" content=\"Est. reading time\" \/>\n\t<meta name=\"twitter:data2\" content=\"2 minutes\" \/>\n<script type=\"application\/ld+json\" class=\"yoast-schema-graph\">{\"@context\":\"https:\\\/\\\/schema.org\",\"@graph\":[{\"@type\":\"Article\",\"@id\":\"https:\\\/\\\/proagrolab.com.ar\\\/muchas-preguntas-tras-la-contaminacion-de-leche-de-fonterra\\\/#article\",\"isPartOf\":{\"@id\":\"https:\\\/\\\/proagrolab.com.ar\\\/muchas-preguntas-tras-la-contaminacion-de-leche-de-fonterra\\\/\"},\"author\":{\"name\":\"proagrolab\",\"@id\":\"https:\\\/\\\/proagrolab.com.ar\\\/#\\\/schema\\\/person\\\/38003ff90bf80381f71c7d922d207444\"},\"headline\":\"Muchas preguntas tras la contaminaci\u00f3n de leche de Fonterra.\",\"datePublished\":\"2013-08-09T00:00:01+00:00\",\"mainEntityOfPage\":{\"@id\":\"https:\\\/\\\/proagrolab.com.ar\\\/muchas-preguntas-tras-la-contaminacion-de-leche-de-fonterra\\\/\"},\"wordCount\":334,\"publisher\":{\"@id\":\"https:\\\/\\\/proagrolab.com.ar\\\/#organization\"},\"image\":{\"@id\":\"https:\\\/\\\/proagrolab.com.ar\\\/muchas-preguntas-tras-la-contaminacion-de-leche-de-fonterra\\\/#primaryimage\"},\"thumbnailUrl\":\"https:\\\/\\\/proagrolab.com.ar\\\/wp-content\\\/uploads\\\/2015\\\/01\\\/g_gtq6o4ao4__Lecheras-19.jpg\",\"articleSection\":[\"News\"],\"inLanguage\":\"en-US\"},{\"@type\":\"WebPage\",\"@id\":\"https:\\\/\\\/proagrolab.com.ar\\\/muchas-preguntas-tras-la-contaminacion-de-leche-de-fonterra\\\/\",\"url\":\"https:\\\/\\\/proagrolab.com.ar\\\/muchas-preguntas-tras-la-contaminacion-de-leche-de-fonterra\\\/\",\"name\":\"Muchas preguntas tras la contaminaci\u00f3n de leche de Fonterra. | Proagro\",\"isPartOf\":{\"@id\":\"https:\\\/\\\/proagrolab.com.ar\\\/#website\"},\"primaryImageOfPage\":{\"@id\":\"https:\\\/\\\/proagrolab.com.ar\\\/muchas-preguntas-tras-la-contaminacion-de-leche-de-fonterra\\\/#primaryimage\"},\"image\":{\"@id\":\"https:\\\/\\\/proagrolab.com.ar\\\/muchas-preguntas-tras-la-contaminacion-de-leche-de-fonterra\\\/#primaryimage\"},\"thumbnailUrl\":\"https:\\\/\\\/proagrolab.com.ar\\\/wp-content\\\/uploads\\\/2015\\\/01\\\/g_gtq6o4ao4__Lecheras-19.jpg\",\"datePublished\":\"2013-08-09T00:00:01+00:00\",\"breadcrumb\":{\"@id\":\"https:\\\/\\\/proagrolab.com.ar\\\/muchas-preguntas-tras-la-contaminacion-de-leche-de-fonterra\\\/#breadcrumb\"},\"inLanguage\":\"en-US\",\"potentialAction\":[{\"@type\":\"ReadAction\",\"target\":[\"https:\\\/\\\/proagrolab.com.ar\\\/muchas-preguntas-tras-la-contaminacion-de-leche-de-fonterra\\\/\"]}]},{\"@type\":\"ImageObject\",\"inLanguage\":\"en-US\",\"@id\":\"https:\\\/\\\/proagrolab.com.ar\\\/muchas-preguntas-tras-la-contaminacion-de-leche-de-fonterra\\\/#primaryimage\",\"url\":\"https:\\\/\\\/proagrolab.com.ar\\\/wp-content\\\/uploads\\\/2015\\\/01\\\/g_gtq6o4ao4__Lecheras-19.jpg\",\"contentUrl\":\"https:\\\/\\\/proagrolab.com.ar\\\/wp-content\\\/uploads\\\/2015\\\/01\\\/g_gtq6o4ao4__Lecheras-19.jpg\",\"width\":450,\"height\":208},{\"@type\":\"BreadcrumbList\",\"@id\":\"https:\\\/\\\/proagrolab.com.ar\\\/muchas-preguntas-tras-la-contaminacion-de-leche-de-fonterra\\\/#breadcrumb\",\"itemListElement\":[{\"@type\":\"ListItem\",\"position\":1,\"name\":\"Portada\",\"item\":\"https:\\\/\\\/proagrolab.com.ar\\\/\"},{\"@type\":\"ListItem\",\"position\":2,\"name\":\"Muchas preguntas tras la contaminaci\u00f3n de leche de Fonterra.\"}]},{\"@type\":\"WebSite\",\"@id\":\"https:\\\/\\\/proagrolab.com.ar\\\/#website\",\"url\":\"https:\\\/\\\/proagrolab.com.ar\\\/\",\"name\":\"Proagro Laboratorio Veterinario\",\"description\":\"Veterinary laboratory\",\"publisher\":{\"@id\":\"https:\\\/\\\/proagrolab.com.ar\\\/#organization\"},\"potentialAction\":[{\"@type\":\"SearchAction\",\"target\":{\"@type\":\"EntryPoint\",\"urlTemplate\":\"https:\\\/\\\/proagrolab.com.ar\\\/?s={search_term_string}\"},\"query-input\":{\"@type\":\"PropertyValueSpecification\",\"valueRequired\":true,\"valueName\":\"search_term_string\"}}],\"inLanguage\":\"en-US\"},{\"@type\":\"Organization\",\"@id\":\"https:\\\/\\\/proagrolab.com.ar\\\/#organization\",\"name\":\"Proagro\",\"url\":\"https:\\\/\\\/proagrolab.com.ar\\\/\",\"logo\":{\"@type\":\"ImageObject\",\"inLanguage\":\"en-US\",\"@id\":\"https:\\\/\\\/proagrolab.com.ar\\\/#\\\/schema\\\/logo\\\/image\\\/\",\"url\":\"https:\\\/\\\/proagrolab.com.ar\\\/wp-content\\\/uploads\\\/2020\\\/04\\\/logo-retina.png\",\"contentUrl\":\"https:\\\/\\\/proagrolab.com.ar\\\/wp-content\\\/uploads\\\/2020\\\/04\\\/logo-retina.png\",\"width\":478,\"height\":120,\"caption\":\"Proagro\"},\"image\":{\"@id\":\"https:\\\/\\\/proagrolab.com.ar\\\/#\\\/schema\\\/logo\\\/image\\\/\"},\"sameAs\":[\"http:\\\/\\\/www.facebook.com\\\/proagrolab\",\"https:\\\/\\\/www.instagram.com\\\/proagrolab\\\/\",\"https:\\\/\\\/www.linkedin.com\\\/company\\\/laboratorio-proagro-s-a\\\/\"]},{\"@type\":\"Person\",\"@id\":\"https:\\\/\\\/proagrolab.com.ar\\\/#\\\/schema\\\/person\\\/38003ff90bf80381f71c7d922d207444\",\"name\":\"proagrolab\"}]}<\/script>\n<!-- \/ Yoast SEO plugin. -->","yoast_head_json":{"title":"Muchas preguntas tras la contaminaci\u00f3n de leche de Fonterra. | Proagro","robots":{"index":"index","follow":"follow","max-snippet":"max-snippet:-1","max-image-preview":"max-image-preview:large","max-video-preview":"max-video-preview:-1"},"canonical":"https:\/\/proagrolab.com.ar\/en\/muchas-preguntas-tras-la-contaminacion-de-leche-de-fonterra\/","og_locale":"en_US","og_type":"article","og_title":"Muchas preguntas tras la contaminaci\u00f3n de leche de Fonterra. | Proagro","og_description":"El gobierno apoya a la cooperativa Fonterra pero aclara que va a tener que contestar algunas preguntas cuando esto se calme. Fonterra est\u00e1 enfocada muy fuertemente en restablecer la credibilidad a nivel internacional, particularmente en China que es el principal comprador. Vale la pena aclarar que para varios productores consultados este problema parece no ser tan importante como para poner en juego el precio pronosticado de leche para esta zafra. Por su parte, el gobierno est\u00e1 evaluando los efectos que puede traer para la totalidad de la econom\u00eda local. Eventos como este hacen dudar si tener una cooperativa que procese el 90% de la producci\u00f3n de leche del pa\u00eds es buena idea o si, como era la situaci\u00f3n antes de 2001, no es mejor tener varias empresas. Los consumidores locales est\u00e1n muy desconformes en c\u00f3mo se manej\u00f3 el tema, particularmente en el tiempo que se demor\u00f3 en anunciar la contaminaci\u00f3n y sacar del mercado los productos afectados. Para agravar la situaci\u00f3n, un microbi\u00f3logo de la Universidad Massey dijo que la versi\u00f3n de Fonterra de que la contaminaci\u00f3n es debida a una ca\u00f1er\u00eda que no se limpi\u00f3 bien deja muchas dudas, ya que la bacteria vive en el suelo y no [&hellip;]","og_url":"https:\/\/proagrolab.com.ar\/muchas-preguntas-tras-la-contaminacion-de-leche-de-fonterra\/","og_site_name":"Proagro","article_publisher":"http:\/\/www.facebook.com\/proagrolab","article_published_time":"2013-08-09T00:00:01+00:00","og_image":[{"width":450,"height":208,"url":"https:\/\/proagrolab.com.ar\/wp-content\/uploads\/2015\/01\/g_gtq6o4ao4__Lecheras-19.jpg","type":"image\/jpeg"}],"author":"proagrolab","twitter_card":"summary_large_image","twitter_misc":{"Written by":"proagrolab","Est. reading time":"2 minutes"},"schema":{"@context":"https:\/\/schema.org","@graph":[{"@type":"Article","@id":"https:\/\/proagrolab.com.ar\/muchas-preguntas-tras-la-contaminacion-de-leche-de-fonterra\/#article","isPartOf":{"@id":"https:\/\/proagrolab.com.ar\/muchas-preguntas-tras-la-contaminacion-de-leche-de-fonterra\/"},"author":{"name":"proagrolab","@id":"https:\/\/proagrolab.com.ar\/#\/schema\/person\/38003ff90bf80381f71c7d922d207444"},"headline":"Muchas preguntas tras la contaminaci\u00f3n de leche de Fonterra.","datePublished":"2013-08-09T00:00:01+00:00","mainEntityOfPage":{"@id":"https:\/\/proagrolab.com.ar\/muchas-preguntas-tras-la-contaminacion-de-leche-de-fonterra\/"},"wordCount":334,"publisher":{"@id":"https:\/\/proagrolab.com.ar\/#organization"},"image":{"@id":"https:\/\/proagrolab.com.ar\/muchas-preguntas-tras-la-contaminacion-de-leche-de-fonterra\/#primaryimage"},"thumbnailUrl":"https:\/\/proagrolab.com.ar\/wp-content\/uploads\/2015\/01\/g_gtq6o4ao4__Lecheras-19.jpg","articleSection":["News"],"inLanguage":"en-US"},{"@type":"WebPage","@id":"https:\/\/proagrolab.com.ar\/muchas-preguntas-tras-la-contaminacion-de-leche-de-fonterra\/","url":"https:\/\/proagrolab.com.ar\/muchas-preguntas-tras-la-contaminacion-de-leche-de-fonterra\/","name":"Muchas preguntas tras la contaminaci\u00f3n de leche de Fonterra. | Proagro","isPartOf":{"@id":"https:\/\/proagrolab.com.ar\/#website"},"primaryImageOfPage":{"@id":"https:\/\/proagrolab.com.ar\/muchas-preguntas-tras-la-contaminacion-de-leche-de-fonterra\/#primaryimage"},"image":{"@id":"https:\/\/proagrolab.com.ar\/muchas-preguntas-tras-la-contaminacion-de-leche-de-fonterra\/#primaryimage"},"thumbnailUrl":"https:\/\/proagrolab.com.ar\/wp-content\/uploads\/2015\/01\/g_gtq6o4ao4__Lecheras-19.jpg","datePublished":"2013-08-09T00:00:01+00:00","breadcrumb":{"@id":"https:\/\/proagrolab.com.ar\/muchas-preguntas-tras-la-contaminacion-de-leche-de-fonterra\/#breadcrumb"},"inLanguage":"en-US","potentialAction":[{"@type":"ReadAction","target":["https:\/\/proagrolab.com.ar\/muchas-preguntas-tras-la-contaminacion-de-leche-de-fonterra\/"]}]},{"@type":"ImageObject","inLanguage":"en-US","@id":"https:\/\/proagrolab.com.ar\/muchas-preguntas-tras-la-contaminacion-de-leche-de-fonterra\/#primaryimage","url":"https:\/\/proagrolab.com.ar\/wp-content\/uploads\/2015\/01\/g_gtq6o4ao4__Lecheras-19.jpg","contentUrl":"https:\/\/proagrolab.com.ar\/wp-content\/uploads\/2015\/01\/g_gtq6o4ao4__Lecheras-19.jpg","width":450,"height":208},{"@type":"BreadcrumbList","@id":"https:\/\/proagrolab.com.ar\/muchas-preguntas-tras-la-contaminacion-de-leche-de-fonterra\/#breadcrumb","itemListElement":[{"@type":"ListItem","position":1,"name":"Portada","item":"https:\/\/proagrolab.com.ar\/"},{"@type":"ListItem","position":2,"name":"Muchas preguntas tras la contaminaci\u00f3n de leche de Fonterra."}]},{"@type":"WebSite","@id":"https:\/\/proagrolab.com.ar\/#website","url":"https:\/\/proagrolab.com.ar\/","name":"Proagro Laboratorio Veterinario","description":"Veterinary laboratory","publisher":{"@id":"https:\/\/proagrolab.com.ar\/#organization"},"potentialAction":[{"@type":"SearchAction","target":{"@type":"EntryPoint","urlTemplate":"https:\/\/proagrolab.com.ar\/?s={search_term_string}"},"query-input":{"@type":"PropertyValueSpecification","valueRequired":true,"valueName":"search_term_string"}}],"inLanguage":"en-US"},{"@type":"Organization","@id":"https:\/\/proagrolab.com.ar\/#organization","name":"Proagro","url":"https:\/\/proagrolab.com.ar\/","logo":{"@type":"ImageObject","inLanguage":"en-US","@id":"https:\/\/proagrolab.com.ar\/#\/schema\/logo\/image\/","url":"https:\/\/proagrolab.com.ar\/wp-content\/uploads\/2020\/04\/logo-retina.png","contentUrl":"https:\/\/proagrolab.com.ar\/wp-content\/uploads\/2020\/04\/logo-retina.png","width":478,"height":120,"caption":"Proagro"},"image":{"@id":"https:\/\/proagrolab.com.ar\/#\/schema\/logo\/image\/"},"sameAs":["http:\/\/www.facebook.com\/proagrolab","https:\/\/www.instagram.com\/proagrolab\/","https:\/\/www.linkedin.com\/company\/laboratorio-proagro-s-a\/"]},{"@type":"Person","@id":"https:\/\/proagrolab.com.ar\/#\/schema\/person\/38003ff90bf80381f71c7d922d207444","name":"proagrolab"}]}},"_links":{"self":[{"href":"https:\/\/proagrolab.com.ar\/en\/wp-json\/wp\/v2\/posts\/5620","targetHints":{"allow":["GET"]}}],"collection":[{"href":"https:\/\/proagrolab.com.ar\/en\/wp-json\/wp\/v2\/posts"}],"about":[{"href":"https:\/\/proagrolab.com.ar\/en\/wp-json\/wp\/v2\/types\/post"}],"author":[{"embeddable":true,"href":"https:\/\/proagrolab.com.ar\/en\/wp-json\/wp\/v2\/users\/2"}],"replies":[{"embeddable":true,"href":"https:\/\/proagrolab.com.ar\/en\/wp-json\/wp\/v2\/comments?post=5620"}],"version-history":[{"count":0,"href":"https:\/\/proagrolab.com.ar\/en\/wp-json\/wp\/v2\/posts\/5620\/revisions"}],"wp:featuredmedia":[{"embeddable":true,"href":"https:\/\/proagrolab.com.ar\/en\/wp-json\/wp\/v2\/media\/2114"}],"wp:attachment":[{"href":"https:\/\/proagrolab.com.ar\/en\/wp-json\/wp\/v2\/media?parent=5620"}],"wp:term":[{"taxonomy":"category","embeddable":true,"href":"https:\/\/proagrolab.com.ar\/en\/wp-json\/wp\/v2\/categories?post=5620"},{"taxonomy":"post_tag","embeddable":true,"href":"https:\/\/proagrolab.com.ar\/en\/wp-json\/wp\/v2\/tags?post=5620"}],"curies":[{"name":"wp","href":"https:\/\/api.w.org\/{rel}","templated":true}]}}