{"id":5619,"date":"2013-08-09T00:00:01","date_gmt":"2013-08-09T00:00:01","guid":{"rendered":"https:\/\/proagrolab.com.ar\/el-inti-lacteos-celebro-su-aniversario-numero-30\/"},"modified":"2013-08-09T00:00:01","modified_gmt":"2013-08-09T00:00:01","slug":"el-inti-lacteos-celebro-su-aniversario-numero-30","status":"publish","type":"post","link":"https:\/\/proagrolab.com.ar\/en\/el-inti-lacteos-celebro-su-aniversario-numero-30\/","title":{"rendered":"El INTI L\u00e1cteos celebr\u00f3 su aniversario n\u00famero 30."},"content":{"rendered":"<p class=\"qtranxs-available-languages-message qtranxs-available-languages-message-en\"> <\/p><p>El 5 de agosto del a\u00f1o 1983 se inaugur\u00f3 en Rafaela el Centro de Investigaciones Tecnol\u00f3gicas de la Industria L\u00e1ctea (CITIL), hoy INTI L\u00e1cteos.<\/p>\n<p>En 1978, surge la necesidad de incursionar en la investigaci\u00f3n y la tecnolog\u00eda l\u00e1ctea, por lo cual el INTI &#8211; Instituto Nacional de Tecnolog\u00eda Industrial, en una decisi\u00f3n conjunta con sus socios promotores (en ese entonces el Centro de la Industria Lechera y la Junta Intercooperativa de Productores de Leche), deciden establecer una segunda Sede del Centro.<\/p>\n<p>La misma se ubicar\u00eda en la Cuenca Central Lechera santafesina, eligiendo a la ciudad de Rafaela como punto estrat\u00e9gico de funcionamiento. Este proyecto termin\u00f3 de concretarse con el valioso aporte del INTA, instituci\u00f3n tecnol\u00f3gica abocada al sector agropecuario, que mediante un convenio firmado ese mismo a\u00f1o cede el terreno para la creaci\u00f3n del Centro.<\/p>\n<p>Esa idea tuvo como protagonistas a tres directores del INTI L\u00e1cteos, el Ing. Jorge O. Casale, la Dra. Mar\u00eda Barrio de Bresanello, y al Dr. Alfredo M. Kuck, que finalmente fue quien inaugur\u00f3 las instalaciones. Su objetivo fue dotar a la regi\u00f3n central del pa\u00eds de los instrumentos para el desarrollo e innovaci\u00f3n de las empresas asentadas en el centro del pa\u00eds, y proyectarse a las provincias de Santa Fe, C\u00f3rdoba y Entre R\u00edos, excelentes productoras de leche.<\/p>\n<p>En sus inicios, la Sede contaba con una planta piloto de 540 m2, en aquella \u00e9poca con el m\u00e1s moderno equipamiento de primera l\u00ednea, a escala piloto, entre ellos 2 tinas queseras de 1.500 y 2.500 litros, pasteurizador, desnatadora, t\u00fanel de prensa, y todo el resto del equipamiento que permit\u00edan reproducir quesos en condiciones que simulaban las de un establecimiento industrial y el eventual salto de escala y transferencia de tecnolog\u00eda. La versatilidad permit\u00eda estandarizar la tecnolog\u00eda para cualquier tipo de queso.<\/p>\n<p>Con el tiempo esta capacidad se fue ampliando a otros productos l\u00e1cteos. El Centro tambi\u00e9n contaba con dos laboratorios, de an\u00e1lisis Fisicoqu\u00edmicos y Microbiol\u00f3gicos, que permit\u00edan el apoyo a la planta piloto y adem\u00e1s la posibilidad de servicios para las empresas de la regi\u00f3n.<\/p>\n<p><i>Planta piloto<\/i><br \/>Actualmente, la Sede cuenta con cuatro laboratorios, de Microbiolog\u00eda, de Fisicoqu\u00edmica, de Micronutrientes y aditivos, y de Producci\u00f3n de material de referencia, todos equipados con elementos de moderna tecnolog\u00eda; y adem\u00e1s con oficinas t\u00e9cnicas, auditorio, planta Piloto y a la brevedad tambi\u00e9n contar\u00e1 con un laboratorio de Medio Ambiente, lo cual completar\u00eda una infraestructura de aproximadamente 1.400 m2. <\/p>\n<p>Fuente: Infortambo, 8 de agosto.<br \/><\/p>","protected":false},"excerpt":{"rendered":"<p>El 5 de agosto del a\u00f1o 1983 se inaugur\u00f3 en Rafaela el Centro de Investigaciones Tecnol\u00f3gicas de la Industria L\u00e1ctea (CITIL), hoy INTI L\u00e1cteos. En 1978, surge la necesidad de incursionar en la investigaci\u00f3n y la tecnolog\u00eda l\u00e1ctea, por lo cual el INTI &#8211; Instituto Nacional de Tecnolog\u00eda Industrial, en una decisi\u00f3n conjunta con sus socios promotores (en ese entonces el Centro de la Industria Lechera y la Junta Intercooperativa de Productores de Leche), deciden establecer una segunda Sede del Centro. La misma se ubicar\u00eda en la Cuenca Central Lechera santafesina, eligiendo a la ciudad de Rafaela como punto estrat\u00e9gico de funcionamiento. Este proyecto termin\u00f3 de concretarse con el valioso aporte del INTA, instituci\u00f3n tecnol\u00f3gica abocada al sector agropecuario, que mediante un convenio firmado ese mismo a\u00f1o cede el terreno para la creaci\u00f3n del Centro. Esa idea tuvo como protagonistas a tres directores del INTI L\u00e1cteos, el Ing. Jorge O. Casale, la Dra. Mar\u00eda Barrio de Bresanello, y al Dr. Alfredo M. Kuck, que finalmente fue quien inaugur\u00f3 las instalaciones. Su objetivo fue dotar a la regi\u00f3n central del pa\u00eds de los instrumentos para el desarrollo e innovaci\u00f3n de las empresas asentadas en el centro del pa\u00eds, y proyectarse a [&hellip;]<\/p>\n","protected":false},"author":2,"featured_media":2113,"comment_status":"closed","ping_status":"open","sticky":false,"template":"","format":"standard","meta":{"_acf_changed":false,"footnotes":""},"categories":[56],"tags":[],"class_list":["post-5619","post","type-post","status-publish","format-standard","has-post-thumbnail","hentry","category-infoganadero"],"acf":[],"yoast_head":"<!-- This site is optimized with the Yoast SEO plugin v27.5 - https:\/\/yoast.com\/product\/yoast-seo-wordpress\/ -->\n<title>El INTI L\u00e1cteos celebr\u00f3 su aniversario n\u00famero 30. | Proagro<\/title>\n<meta name=\"robots\" content=\"index, follow, max-snippet:-1, max-image-preview:large, max-video-preview:-1\" \/>\n<link rel=\"canonical\" href=\"https:\/\/proagrolab.com.ar\/en\/el-inti-lacteos-celebro-su-aniversario-numero-30\/\" \/>\n<meta property=\"og:locale\" content=\"en_US\" \/>\n<meta property=\"og:type\" content=\"article\" \/>\n<meta property=\"og:title\" content=\"El INTI L\u00e1cteos celebr\u00f3 su aniversario n\u00famero 30. | Proagro\" \/>\n<meta property=\"og:description\" content=\"El 5 de agosto del a\u00f1o 1983 se inaugur\u00f3 en Rafaela el Centro de Investigaciones Tecnol\u00f3gicas de la Industria L\u00e1ctea (CITIL), hoy INTI L\u00e1cteos. En 1978, surge la necesidad de incursionar en la investigaci\u00f3n y la tecnolog\u00eda l\u00e1ctea, por lo cual el INTI &#8211; Instituto Nacional de Tecnolog\u00eda Industrial, en una decisi\u00f3n conjunta con sus socios promotores (en ese entonces el Centro de la Industria Lechera y la Junta Intercooperativa de Productores de Leche), deciden establecer una segunda Sede del Centro. La misma se ubicar\u00eda en la Cuenca Central Lechera santafesina, eligiendo a la ciudad de Rafaela como punto estrat\u00e9gico de funcionamiento. Este proyecto termin\u00f3 de concretarse con el valioso aporte del INTA, instituci\u00f3n tecnol\u00f3gica abocada al sector agropecuario, que mediante un convenio firmado ese mismo a\u00f1o cede el terreno para la creaci\u00f3n del Centro. Esa idea tuvo como protagonistas a tres directores del INTI L\u00e1cteos, el Ing. Jorge O. Casale, la Dra. Mar\u00eda Barrio de Bresanello, y al Dr. Alfredo M. Kuck, que finalmente fue quien inaugur\u00f3 las instalaciones. Su objetivo fue dotar a la regi\u00f3n central del pa\u00eds de los instrumentos para el desarrollo e innovaci\u00f3n de las empresas asentadas en el centro del pa\u00eds, y proyectarse a [&hellip;]\" \/>\n<meta property=\"og:url\" content=\"https:\/\/proagrolab.com.ar\/el-inti-lacteos-celebro-su-aniversario-numero-30\/\" \/>\n<meta property=\"og:site_name\" content=\"Proagro\" \/>\n<meta property=\"article:publisher\" content=\"http:\/\/www.facebook.com\/proagrolab\" \/>\n<meta property=\"article:published_time\" content=\"2013-08-09T00:00:01+00:00\" \/>\n<meta property=\"og:image\" content=\"https:\/\/proagrolab.com.ar\/wp-content\/uploads\/2015\/01\/g_c8ib47x5i__Lecheras-12.jpg\" \/>\n\t<meta property=\"og:image:width\" content=\"450\" \/>\n\t<meta property=\"og:image:height\" content=\"208\" \/>\n\t<meta property=\"og:image:type\" content=\"image\/jpeg\" \/>\n<meta name=\"author\" content=\"proagrolab\" \/>\n<meta name=\"twitter:card\" content=\"summary_large_image\" \/>\n<meta name=\"twitter:label1\" content=\"Written by\" \/>\n\t<meta name=\"twitter:data1\" content=\"proagrolab\" \/>\n\t<meta name=\"twitter:label2\" content=\"Est. reading time\" \/>\n\t<meta name=\"twitter:data2\" content=\"2 minutes\" \/>\n<script type=\"application\/ld+json\" class=\"yoast-schema-graph\">{\"@context\":\"https:\\\/\\\/schema.org\",\"@graph\":[{\"@type\":\"Article\",\"@id\":\"https:\\\/\\\/proagrolab.com.ar\\\/el-inti-lacteos-celebro-su-aniversario-numero-30\\\/#article\",\"isPartOf\":{\"@id\":\"https:\\\/\\\/proagrolab.com.ar\\\/el-inti-lacteos-celebro-su-aniversario-numero-30\\\/\"},\"author\":{\"name\":\"proagrolab\",\"@id\":\"https:\\\/\\\/proagrolab.com.ar\\\/#\\\/schema\\\/person\\\/38003ff90bf80381f71c7d922d207444\"},\"headline\":\"El INTI L\u00e1cteos celebr\u00f3 su aniversario n\u00famero 30.\",\"datePublished\":\"2013-08-09T00:00:01+00:00\",\"mainEntityOfPage\":{\"@id\":\"https:\\\/\\\/proagrolab.com.ar\\\/el-inti-lacteos-celebro-su-aniversario-numero-30\\\/\"},\"wordCount\":450,\"publisher\":{\"@id\":\"https:\\\/\\\/proagrolab.com.ar\\\/#organization\"},\"image\":{\"@id\":\"https:\\\/\\\/proagrolab.com.ar\\\/el-inti-lacteos-celebro-su-aniversario-numero-30\\\/#primaryimage\"},\"thumbnailUrl\":\"https:\\\/\\\/proagrolab.com.ar\\\/wp-content\\\/uploads\\\/2015\\\/01\\\/g_c8ib47x5i__Lecheras-12.jpg\",\"articleSection\":[\"News\"],\"inLanguage\":\"en-US\"},{\"@type\":\"WebPage\",\"@id\":\"https:\\\/\\\/proagrolab.com.ar\\\/el-inti-lacteos-celebro-su-aniversario-numero-30\\\/\",\"url\":\"https:\\\/\\\/proagrolab.com.ar\\\/el-inti-lacteos-celebro-su-aniversario-numero-30\\\/\",\"name\":\"El INTI L\u00e1cteos celebr\u00f3 su aniversario n\u00famero 30. | Proagro\",\"isPartOf\":{\"@id\":\"https:\\\/\\\/proagrolab.com.ar\\\/#website\"},\"primaryImageOfPage\":{\"@id\":\"https:\\\/\\\/proagrolab.com.ar\\\/el-inti-lacteos-celebro-su-aniversario-numero-30\\\/#primaryimage\"},\"image\":{\"@id\":\"https:\\\/\\\/proagrolab.com.ar\\\/el-inti-lacteos-celebro-su-aniversario-numero-30\\\/#primaryimage\"},\"thumbnailUrl\":\"https:\\\/\\\/proagrolab.com.ar\\\/wp-content\\\/uploads\\\/2015\\\/01\\\/g_c8ib47x5i__Lecheras-12.jpg\",\"datePublished\":\"2013-08-09T00:00:01+00:00\",\"breadcrumb\":{\"@id\":\"https:\\\/\\\/proagrolab.com.ar\\\/el-inti-lacteos-celebro-su-aniversario-numero-30\\\/#breadcrumb\"},\"inLanguage\":\"en-US\",\"potentialAction\":[{\"@type\":\"ReadAction\",\"target\":[\"https:\\\/\\\/proagrolab.com.ar\\\/el-inti-lacteos-celebro-su-aniversario-numero-30\\\/\"]}]},{\"@type\":\"ImageObject\",\"inLanguage\":\"en-US\",\"@id\":\"https:\\\/\\\/proagrolab.com.ar\\\/el-inti-lacteos-celebro-su-aniversario-numero-30\\\/#primaryimage\",\"url\":\"https:\\\/\\\/proagrolab.com.ar\\\/wp-content\\\/uploads\\\/2015\\\/01\\\/g_c8ib47x5i__Lecheras-12.jpg\",\"contentUrl\":\"https:\\\/\\\/proagrolab.com.ar\\\/wp-content\\\/uploads\\\/2015\\\/01\\\/g_c8ib47x5i__Lecheras-12.jpg\",\"width\":450,\"height\":208},{\"@type\":\"BreadcrumbList\",\"@id\":\"https:\\\/\\\/proagrolab.com.ar\\\/el-inti-lacteos-celebro-su-aniversario-numero-30\\\/#breadcrumb\",\"itemListElement\":[{\"@type\":\"ListItem\",\"position\":1,\"name\":\"Portada\",\"item\":\"https:\\\/\\\/proagrolab.com.ar\\\/\"},{\"@type\":\"ListItem\",\"position\":2,\"name\":\"El INTI L\u00e1cteos celebr\u00f3 su aniversario n\u00famero 30.\"}]},{\"@type\":\"WebSite\",\"@id\":\"https:\\\/\\\/proagrolab.com.ar\\\/#website\",\"url\":\"https:\\\/\\\/proagrolab.com.ar\\\/\",\"name\":\"Proagro Laboratorio Veterinario\",\"description\":\"Veterinary laboratory\",\"publisher\":{\"@id\":\"https:\\\/\\\/proagrolab.com.ar\\\/#organization\"},\"potentialAction\":[{\"@type\":\"SearchAction\",\"target\":{\"@type\":\"EntryPoint\",\"urlTemplate\":\"https:\\\/\\\/proagrolab.com.ar\\\/?s={search_term_string}\"},\"query-input\":{\"@type\":\"PropertyValueSpecification\",\"valueRequired\":true,\"valueName\":\"search_term_string\"}}],\"inLanguage\":\"en-US\"},{\"@type\":\"Organization\",\"@id\":\"https:\\\/\\\/proagrolab.com.ar\\\/#organization\",\"name\":\"Proagro\",\"url\":\"https:\\\/\\\/proagrolab.com.ar\\\/\",\"logo\":{\"@type\":\"ImageObject\",\"inLanguage\":\"en-US\",\"@id\":\"https:\\\/\\\/proagrolab.com.ar\\\/#\\\/schema\\\/logo\\\/image\\\/\",\"url\":\"https:\\\/\\\/proagrolab.com.ar\\\/wp-content\\\/uploads\\\/2020\\\/04\\\/logo-retina.png\",\"contentUrl\":\"https:\\\/\\\/proagrolab.com.ar\\\/wp-content\\\/uploads\\\/2020\\\/04\\\/logo-retina.png\",\"width\":478,\"height\":120,\"caption\":\"Proagro\"},\"image\":{\"@id\":\"https:\\\/\\\/proagrolab.com.ar\\\/#\\\/schema\\\/logo\\\/image\\\/\"},\"sameAs\":[\"http:\\\/\\\/www.facebook.com\\\/proagrolab\",\"https:\\\/\\\/www.instagram.com\\\/proagrolab\\\/\",\"https:\\\/\\\/www.linkedin.com\\\/company\\\/laboratorio-proagro-s-a\\\/\"]},{\"@type\":\"Person\",\"@id\":\"https:\\\/\\\/proagrolab.com.ar\\\/#\\\/schema\\\/person\\\/38003ff90bf80381f71c7d922d207444\",\"name\":\"proagrolab\"}]}<\/script>\n<!-- \/ Yoast SEO plugin. -->","yoast_head_json":{"title":"El INTI L\u00e1cteos celebr\u00f3 su aniversario n\u00famero 30. | Proagro","robots":{"index":"index","follow":"follow","max-snippet":"max-snippet:-1","max-image-preview":"max-image-preview:large","max-video-preview":"max-video-preview:-1"},"canonical":"https:\/\/proagrolab.com.ar\/en\/el-inti-lacteos-celebro-su-aniversario-numero-30\/","og_locale":"en_US","og_type":"article","og_title":"El INTI L\u00e1cteos celebr\u00f3 su aniversario n\u00famero 30. | Proagro","og_description":"El 5 de agosto del a\u00f1o 1983 se inaugur\u00f3 en Rafaela el Centro de Investigaciones Tecnol\u00f3gicas de la Industria L\u00e1ctea (CITIL), hoy INTI L\u00e1cteos. En 1978, surge la necesidad de incursionar en la investigaci\u00f3n y la tecnolog\u00eda l\u00e1ctea, por lo cual el INTI &#8211; Instituto Nacional de Tecnolog\u00eda Industrial, en una decisi\u00f3n conjunta con sus socios promotores (en ese entonces el Centro de la Industria Lechera y la Junta Intercooperativa de Productores de Leche), deciden establecer una segunda Sede del Centro. La misma se ubicar\u00eda en la Cuenca Central Lechera santafesina, eligiendo a la ciudad de Rafaela como punto estrat\u00e9gico de funcionamiento. Este proyecto termin\u00f3 de concretarse con el valioso aporte del INTA, instituci\u00f3n tecnol\u00f3gica abocada al sector agropecuario, que mediante un convenio firmado ese mismo a\u00f1o cede el terreno para la creaci\u00f3n del Centro. Esa idea tuvo como protagonistas a tres directores del INTI L\u00e1cteos, el Ing. Jorge O. Casale, la Dra. Mar\u00eda Barrio de Bresanello, y al Dr. Alfredo M. Kuck, que finalmente fue quien inaugur\u00f3 las instalaciones. Su objetivo fue dotar a la regi\u00f3n central del pa\u00eds de los instrumentos para el desarrollo e innovaci\u00f3n de las empresas asentadas en el centro del pa\u00eds, y proyectarse a [&hellip;]","og_url":"https:\/\/proagrolab.com.ar\/el-inti-lacteos-celebro-su-aniversario-numero-30\/","og_site_name":"Proagro","article_publisher":"http:\/\/www.facebook.com\/proagrolab","article_published_time":"2013-08-09T00:00:01+00:00","og_image":[{"width":450,"height":208,"url":"https:\/\/proagrolab.com.ar\/wp-content\/uploads\/2015\/01\/g_c8ib47x5i__Lecheras-12.jpg","type":"image\/jpeg"}],"author":"proagrolab","twitter_card":"summary_large_image","twitter_misc":{"Written by":"proagrolab","Est. reading time":"2 minutes"},"schema":{"@context":"https:\/\/schema.org","@graph":[{"@type":"Article","@id":"https:\/\/proagrolab.com.ar\/el-inti-lacteos-celebro-su-aniversario-numero-30\/#article","isPartOf":{"@id":"https:\/\/proagrolab.com.ar\/el-inti-lacteos-celebro-su-aniversario-numero-30\/"},"author":{"name":"proagrolab","@id":"https:\/\/proagrolab.com.ar\/#\/schema\/person\/38003ff90bf80381f71c7d922d207444"},"headline":"El INTI L\u00e1cteos celebr\u00f3 su aniversario n\u00famero 30.","datePublished":"2013-08-09T00:00:01+00:00","mainEntityOfPage":{"@id":"https:\/\/proagrolab.com.ar\/el-inti-lacteos-celebro-su-aniversario-numero-30\/"},"wordCount":450,"publisher":{"@id":"https:\/\/proagrolab.com.ar\/#organization"},"image":{"@id":"https:\/\/proagrolab.com.ar\/el-inti-lacteos-celebro-su-aniversario-numero-30\/#primaryimage"},"thumbnailUrl":"https:\/\/proagrolab.com.ar\/wp-content\/uploads\/2015\/01\/g_c8ib47x5i__Lecheras-12.jpg","articleSection":["News"],"inLanguage":"en-US"},{"@type":"WebPage","@id":"https:\/\/proagrolab.com.ar\/el-inti-lacteos-celebro-su-aniversario-numero-30\/","url":"https:\/\/proagrolab.com.ar\/el-inti-lacteos-celebro-su-aniversario-numero-30\/","name":"El INTI L\u00e1cteos celebr\u00f3 su aniversario n\u00famero 30. | Proagro","isPartOf":{"@id":"https:\/\/proagrolab.com.ar\/#website"},"primaryImageOfPage":{"@id":"https:\/\/proagrolab.com.ar\/el-inti-lacteos-celebro-su-aniversario-numero-30\/#primaryimage"},"image":{"@id":"https:\/\/proagrolab.com.ar\/el-inti-lacteos-celebro-su-aniversario-numero-30\/#primaryimage"},"thumbnailUrl":"https:\/\/proagrolab.com.ar\/wp-content\/uploads\/2015\/01\/g_c8ib47x5i__Lecheras-12.jpg","datePublished":"2013-08-09T00:00:01+00:00","breadcrumb":{"@id":"https:\/\/proagrolab.com.ar\/el-inti-lacteos-celebro-su-aniversario-numero-30\/#breadcrumb"},"inLanguage":"en-US","potentialAction":[{"@type":"ReadAction","target":["https:\/\/proagrolab.com.ar\/el-inti-lacteos-celebro-su-aniversario-numero-30\/"]}]},{"@type":"ImageObject","inLanguage":"en-US","@id":"https:\/\/proagrolab.com.ar\/el-inti-lacteos-celebro-su-aniversario-numero-30\/#primaryimage","url":"https:\/\/proagrolab.com.ar\/wp-content\/uploads\/2015\/01\/g_c8ib47x5i__Lecheras-12.jpg","contentUrl":"https:\/\/proagrolab.com.ar\/wp-content\/uploads\/2015\/01\/g_c8ib47x5i__Lecheras-12.jpg","width":450,"height":208},{"@type":"BreadcrumbList","@id":"https:\/\/proagrolab.com.ar\/el-inti-lacteos-celebro-su-aniversario-numero-30\/#breadcrumb","itemListElement":[{"@type":"ListItem","position":1,"name":"Portada","item":"https:\/\/proagrolab.com.ar\/"},{"@type":"ListItem","position":2,"name":"El INTI L\u00e1cteos celebr\u00f3 su aniversario n\u00famero 30."}]},{"@type":"WebSite","@id":"https:\/\/proagrolab.com.ar\/#website","url":"https:\/\/proagrolab.com.ar\/","name":"Proagro Laboratorio Veterinario","description":"Veterinary laboratory","publisher":{"@id":"https:\/\/proagrolab.com.ar\/#organization"},"potentialAction":[{"@type":"SearchAction","target":{"@type":"EntryPoint","urlTemplate":"https:\/\/proagrolab.com.ar\/?s={search_term_string}"},"query-input":{"@type":"PropertyValueSpecification","valueRequired":true,"valueName":"search_term_string"}}],"inLanguage":"en-US"},{"@type":"Organization","@id":"https:\/\/proagrolab.com.ar\/#organization","name":"Proagro","url":"https:\/\/proagrolab.com.ar\/","logo":{"@type":"ImageObject","inLanguage":"en-US","@id":"https:\/\/proagrolab.com.ar\/#\/schema\/logo\/image\/","url":"https:\/\/proagrolab.com.ar\/wp-content\/uploads\/2020\/04\/logo-retina.png","contentUrl":"https:\/\/proagrolab.com.ar\/wp-content\/uploads\/2020\/04\/logo-retina.png","width":478,"height":120,"caption":"Proagro"},"image":{"@id":"https:\/\/proagrolab.com.ar\/#\/schema\/logo\/image\/"},"sameAs":["http:\/\/www.facebook.com\/proagrolab","https:\/\/www.instagram.com\/proagrolab\/","https:\/\/www.linkedin.com\/company\/laboratorio-proagro-s-a\/"]},{"@type":"Person","@id":"https:\/\/proagrolab.com.ar\/#\/schema\/person\/38003ff90bf80381f71c7d922d207444","name":"proagrolab"}]}},"_links":{"self":[{"href":"https:\/\/proagrolab.com.ar\/en\/wp-json\/wp\/v2\/posts\/5619","targetHints":{"allow":["GET"]}}],"collection":[{"href":"https:\/\/proagrolab.com.ar\/en\/wp-json\/wp\/v2\/posts"}],"about":[{"href":"https:\/\/proagrolab.com.ar\/en\/wp-json\/wp\/v2\/types\/post"}],"author":[{"embeddable":true,"href":"https:\/\/proagrolab.com.ar\/en\/wp-json\/wp\/v2\/users\/2"}],"replies":[{"embeddable":true,"href":"https:\/\/proagrolab.com.ar\/en\/wp-json\/wp\/v2\/comments?post=5619"}],"version-history":[{"count":0,"href":"https:\/\/proagrolab.com.ar\/en\/wp-json\/wp\/v2\/posts\/5619\/revisions"}],"wp:featuredmedia":[{"embeddable":true,"href":"https:\/\/proagrolab.com.ar\/en\/wp-json\/wp\/v2\/media\/2113"}],"wp:attachment":[{"href":"https:\/\/proagrolab.com.ar\/en\/wp-json\/wp\/v2\/media?parent=5619"}],"wp:term":[{"taxonomy":"category","embeddable":true,"href":"https:\/\/proagrolab.com.ar\/en\/wp-json\/wp\/v2\/categories?post=5619"},{"taxonomy":"post_tag","embeddable":true,"href":"https:\/\/proagrolab.com.ar\/en\/wp-json\/wp\/v2\/tags?post=5619"}],"curies":[{"name":"wp","href":"https:\/\/api.w.org\/{rel}","templated":true}]}}