{"id":5611,"date":"2013-08-08T00:00:01","date_gmt":"2013-08-08T00:00:01","guid":{"rendered":"https:\/\/proagrolab.com.ar\/fao-coloca-a-brasil-en-segundo-lugar-entre-los-mayores-exportadores-de-carne\/"},"modified":"2013-08-08T00:00:01","modified_gmt":"2013-08-08T00:00:01","slug":"fao-coloca-a-brasil-en-segundo-lugar-entre-los-mayores-exportadores-de-carne","status":"publish","type":"post","link":"https:\/\/proagrolab.com.ar\/en\/fao-coloca-a-brasil-en-segundo-lugar-entre-los-mayores-exportadores-de-carne\/","title":{"rendered":"FAO coloca a Brasil en segundo lugar entre los mayores exportadores de carne."},"content":{"rendered":"<p class=\"qtranxs-available-languages-message qtranxs-available-languages-message-en\"> <\/p><p>La Organizaci\u00f3n de las Naciones Unidas para la Alimentaci\u00f3n y la Agricultura (FAO, por sus siglas en ingl\u00e9s) indic\u00f3 que Brasil logr\u00f3 exportar 1,46 millones de toneladas de carne vacuna en 2012, llegando as\u00ed a segundo lugar entre los mayores exportadores de carne vacuna a escala mundial.<\/p>\n<p>La entidad prev\u00e9 que, en los pr\u00f3ximos nueve a\u00f1os, Brasil emplear\u00e1 un papel protagonista en el mercado internacional de alimentos.<\/p>\n<p>As\u00ed destac\u00f3 Luciano Roppa, medico veterinario durante la ceremonia de apertura de Circuito Feicorte NFT 2013, celebrado en la ciudad brasile\u00f1a de Campo Grande.<\/p>\n<p>Seg\u00fan el estudio realizado por la FAO presentado por Roppa, Brasil exportar\u00e1 1,88 millones de toneladas de carne bovina para 2022, contra los 1,63 millones y 1,59 millones de India y Australia, respectivamente.<\/p>\n<p>El veterinario tambi\u00e9n se\u00f1al\u00f3 que durante los pr\u00f3ximos nueve a\u00f1os la producci\u00f3n brasile\u00f1a de carne vacuna podr\u00eda crecer 13,9%, pasando en 2010 de 9,67 a 11,02 millones de toneladas.<\/p>\n<p>Sin embargo, enfatiz\u00f3 que la producci\u00f3n ganadera en Brasil ha superado una serie de obst\u00e1culos, abriendo camino a otras oportunidades. &#8220;Tenemos que producir m\u00e1s, mejor y con menos recursos, con mayor eficiencia y t\u00e9cnica&#8221;, aconsej\u00f3.<\/p>\n<p>Fuente: Carnetec, 5 de agosto.<br \/><\/p>","protected":false},"excerpt":{"rendered":"<p>La Organizaci\u00f3n de las Naciones Unidas para la Alimentaci\u00f3n y la Agricultura (FAO, por sus siglas en ingl\u00e9s) indic\u00f3 que Brasil logr\u00f3 exportar 1,46 millones de toneladas de carne vacuna en 2012, llegando as\u00ed a segundo lugar entre los mayores exportadores de carne vacuna a escala mundial. La entidad prev\u00e9 que, en los pr\u00f3ximos nueve a\u00f1os, Brasil emplear\u00e1 un papel protagonista en el mercado internacional de alimentos. As\u00ed destac\u00f3 Luciano Roppa, medico veterinario durante la ceremonia de apertura de Circuito Feicorte NFT 2013, celebrado en la ciudad brasile\u00f1a de Campo Grande. Seg\u00fan el estudio realizado por la FAO presentado por Roppa, Brasil exportar\u00e1 1,88 millones de toneladas de carne bovina para 2022, contra los 1,63 millones y 1,59 millones de India y Australia, respectivamente. El veterinario tambi\u00e9n se\u00f1al\u00f3 que durante los pr\u00f3ximos nueve a\u00f1os la producci\u00f3n brasile\u00f1a de carne vacuna podr\u00eda crecer 13,9%, pasando en 2010 de 9,67 a 11,02 millones de toneladas. Sin embargo, enfatiz\u00f3 que la producci\u00f3n ganadera en Brasil ha superado una serie de obst\u00e1culos, abriendo camino a otras oportunidades. &#8220;Tenemos que producir m\u00e1s, mejor y con menos recursos, con mayor eficiencia y t\u00e9cnica&#8221;, aconsej\u00f3. Fuente: Carnetec, 5 de agosto.<\/p>\n","protected":false},"author":2,"featured_media":2105,"comment_status":"closed","ping_status":"open","sticky":false,"template":"","format":"standard","meta":{"_acf_changed":false,"footnotes":""},"categories":[56],"tags":[],"class_list":["post-5611","post","type-post","status-publish","format-standard","has-post-thumbnail","hentry","category-infoganadero"],"acf":[],"yoast_head":"<!-- This site is optimized with the Yoast SEO plugin v27.5 - https:\/\/yoast.com\/product\/yoast-seo-wordpress\/ -->\n<title>FAO coloca a Brasil en segundo lugar entre los mayores exportadores de carne. | Proagro<\/title>\n<meta name=\"robots\" content=\"index, follow, max-snippet:-1, max-image-preview:large, max-video-preview:-1\" \/>\n<link rel=\"canonical\" href=\"https:\/\/proagrolab.com.ar\/en\/fao-coloca-a-brasil-en-segundo-lugar-entre-los-mayores-exportadores-de-carne\/\" \/>\n<meta property=\"og:locale\" content=\"en_US\" \/>\n<meta property=\"og:type\" content=\"article\" \/>\n<meta property=\"og:title\" content=\"FAO coloca a Brasil en segundo lugar entre los mayores exportadores de carne. | Proagro\" \/>\n<meta property=\"og:description\" content=\"La Organizaci\u00f3n de las Naciones Unidas para la Alimentaci\u00f3n y la Agricultura (FAO, por sus siglas en ingl\u00e9s) indic\u00f3 que Brasil logr\u00f3 exportar 1,46 millones de toneladas de carne vacuna en 2012, llegando as\u00ed a segundo lugar entre los mayores exportadores de carne vacuna a escala mundial. La entidad prev\u00e9 que, en los pr\u00f3ximos nueve a\u00f1os, Brasil emplear\u00e1 un papel protagonista en el mercado internacional de alimentos. As\u00ed destac\u00f3 Luciano Roppa, medico veterinario durante la ceremonia de apertura de Circuito Feicorte NFT 2013, celebrado en la ciudad brasile\u00f1a de Campo Grande. Seg\u00fan el estudio realizado por la FAO presentado por Roppa, Brasil exportar\u00e1 1,88 millones de toneladas de carne bovina para 2022, contra los 1,63 millones y 1,59 millones de India y Australia, respectivamente. El veterinario tambi\u00e9n se\u00f1al\u00f3 que durante los pr\u00f3ximos nueve a\u00f1os la producci\u00f3n brasile\u00f1a de carne vacuna podr\u00eda crecer 13,9%, pasando en 2010 de 9,67 a 11,02 millones de toneladas. Sin embargo, enfatiz\u00f3 que la producci\u00f3n ganadera en Brasil ha superado una serie de obst\u00e1culos, abriendo camino a otras oportunidades. &#8220;Tenemos que producir m\u00e1s, mejor y con menos recursos, con mayor eficiencia y t\u00e9cnica&#8221;, aconsej\u00f3. Fuente: Carnetec, 5 de agosto.\" \/>\n<meta property=\"og:url\" content=\"https:\/\/proagrolab.com.ar\/fao-coloca-a-brasil-en-segundo-lugar-entre-los-mayores-exportadores-de-carne\/\" \/>\n<meta property=\"og:site_name\" content=\"Proagro\" \/>\n<meta property=\"article:publisher\" content=\"http:\/\/www.facebook.com\/proagrolab\" \/>\n<meta property=\"article:published_time\" content=\"2013-08-08T00:00:01+00:00\" \/>\n<meta property=\"og:image\" content=\"https:\/\/proagrolab.com.ar\/wp-content\/uploads\/2015\/01\/g_yrlfyd3ls__Frigor\u00edfico-2.jpg\" \/>\n\t<meta property=\"og:image:width\" content=\"1\" \/>\n\t<meta property=\"og:image:height\" content=\"1\" \/>\n\t<meta property=\"og:image:type\" content=\"image\/jpeg\" \/>\n<meta name=\"author\" content=\"proagrolab\" \/>\n<meta name=\"twitter:card\" content=\"summary_large_image\" \/>\n<meta name=\"twitter:label1\" content=\"Written by\" \/>\n\t<meta name=\"twitter:data1\" content=\"proagrolab\" \/>\n\t<meta name=\"twitter:label2\" content=\"Est. reading time\" \/>\n\t<meta name=\"twitter:data2\" content=\"1 minute\" \/>\n<script type=\"application\/ld+json\" class=\"yoast-schema-graph\">{\"@context\":\"https:\\\/\\\/schema.org\",\"@graph\":[{\"@type\":\"Article\",\"@id\":\"https:\\\/\\\/proagrolab.com.ar\\\/fao-coloca-a-brasil-en-segundo-lugar-entre-los-mayores-exportadores-de-carne\\\/#article\",\"isPartOf\":{\"@id\":\"https:\\\/\\\/proagrolab.com.ar\\\/fao-coloca-a-brasil-en-segundo-lugar-entre-los-mayores-exportadores-de-carne\\\/\"},\"author\":{\"name\":\"proagrolab\",\"@id\":\"https:\\\/\\\/proagrolab.com.ar\\\/#\\\/schema\\\/person\\\/38003ff90bf80381f71c7d922d207444\"},\"headline\":\"FAO coloca a Brasil en segundo lugar entre los mayores exportadores de carne.\",\"datePublished\":\"2013-08-08T00:00:01+00:00\",\"mainEntityOfPage\":{\"@id\":\"https:\\\/\\\/proagrolab.com.ar\\\/fao-coloca-a-brasil-en-segundo-lugar-entre-los-mayores-exportadores-de-carne\\\/\"},\"wordCount\":212,\"publisher\":{\"@id\":\"https:\\\/\\\/proagrolab.com.ar\\\/#organization\"},\"image\":{\"@id\":\"https:\\\/\\\/proagrolab.com.ar\\\/fao-coloca-a-brasil-en-segundo-lugar-entre-los-mayores-exportadores-de-carne\\\/#primaryimage\"},\"thumbnailUrl\":\"https:\\\/\\\/proagrolab.com.ar\\\/wp-content\\\/uploads\\\/2015\\\/01\\\/g_yrlfyd3ls__Frigor\u00edfico-2.jpg\",\"articleSection\":[\"News\"],\"inLanguage\":\"en-US\"},{\"@type\":\"WebPage\",\"@id\":\"https:\\\/\\\/proagrolab.com.ar\\\/fao-coloca-a-brasil-en-segundo-lugar-entre-los-mayores-exportadores-de-carne\\\/\",\"url\":\"https:\\\/\\\/proagrolab.com.ar\\\/fao-coloca-a-brasil-en-segundo-lugar-entre-los-mayores-exportadores-de-carne\\\/\",\"name\":\"FAO coloca a Brasil en segundo lugar entre los mayores exportadores de carne. | Proagro\",\"isPartOf\":{\"@id\":\"https:\\\/\\\/proagrolab.com.ar\\\/#website\"},\"primaryImageOfPage\":{\"@id\":\"https:\\\/\\\/proagrolab.com.ar\\\/fao-coloca-a-brasil-en-segundo-lugar-entre-los-mayores-exportadores-de-carne\\\/#primaryimage\"},\"image\":{\"@id\":\"https:\\\/\\\/proagrolab.com.ar\\\/fao-coloca-a-brasil-en-segundo-lugar-entre-los-mayores-exportadores-de-carne\\\/#primaryimage\"},\"thumbnailUrl\":\"https:\\\/\\\/proagrolab.com.ar\\\/wp-content\\\/uploads\\\/2015\\\/01\\\/g_yrlfyd3ls__Frigor\u00edfico-2.jpg\",\"datePublished\":\"2013-08-08T00:00:01+00:00\",\"breadcrumb\":{\"@id\":\"https:\\\/\\\/proagrolab.com.ar\\\/fao-coloca-a-brasil-en-segundo-lugar-entre-los-mayores-exportadores-de-carne\\\/#breadcrumb\"},\"inLanguage\":\"en-US\",\"potentialAction\":[{\"@type\":\"ReadAction\",\"target\":[\"https:\\\/\\\/proagrolab.com.ar\\\/fao-coloca-a-brasil-en-segundo-lugar-entre-los-mayores-exportadores-de-carne\\\/\"]}]},{\"@type\":\"ImageObject\",\"inLanguage\":\"en-US\",\"@id\":\"https:\\\/\\\/proagrolab.com.ar\\\/fao-coloca-a-brasil-en-segundo-lugar-entre-los-mayores-exportadores-de-carne\\\/#primaryimage\",\"url\":\"https:\\\/\\\/proagrolab.com.ar\\\/wp-content\\\/uploads\\\/2015\\\/01\\\/g_yrlfyd3ls__Frigor\u00edfico-2.jpg\",\"contentUrl\":\"https:\\\/\\\/proagrolab.com.ar\\\/wp-content\\\/uploads\\\/2015\\\/01\\\/g_yrlfyd3ls__Frigor\u00edfico-2.jpg\"},{\"@type\":\"BreadcrumbList\",\"@id\":\"https:\\\/\\\/proagrolab.com.ar\\\/fao-coloca-a-brasil-en-segundo-lugar-entre-los-mayores-exportadores-de-carne\\\/#breadcrumb\",\"itemListElement\":[{\"@type\":\"ListItem\",\"position\":1,\"name\":\"Portada\",\"item\":\"https:\\\/\\\/proagrolab.com.ar\\\/\"},{\"@type\":\"ListItem\",\"position\":2,\"name\":\"FAO coloca a Brasil en segundo lugar entre los mayores exportadores de carne.\"}]},{\"@type\":\"WebSite\",\"@id\":\"https:\\\/\\\/proagrolab.com.ar\\\/#website\",\"url\":\"https:\\\/\\\/proagrolab.com.ar\\\/\",\"name\":\"Proagro Laboratorio Veterinario\",\"description\":\"Veterinary laboratory\",\"publisher\":{\"@id\":\"https:\\\/\\\/proagrolab.com.ar\\\/#organization\"},\"potentialAction\":[{\"@type\":\"SearchAction\",\"target\":{\"@type\":\"EntryPoint\",\"urlTemplate\":\"https:\\\/\\\/proagrolab.com.ar\\\/?s={search_term_string}\"},\"query-input\":{\"@type\":\"PropertyValueSpecification\",\"valueRequired\":true,\"valueName\":\"search_term_string\"}}],\"inLanguage\":\"en-US\"},{\"@type\":\"Organization\",\"@id\":\"https:\\\/\\\/proagrolab.com.ar\\\/#organization\",\"name\":\"Proagro\",\"url\":\"https:\\\/\\\/proagrolab.com.ar\\\/\",\"logo\":{\"@type\":\"ImageObject\",\"inLanguage\":\"en-US\",\"@id\":\"https:\\\/\\\/proagrolab.com.ar\\\/#\\\/schema\\\/logo\\\/image\\\/\",\"url\":\"https:\\\/\\\/proagrolab.com.ar\\\/wp-content\\\/uploads\\\/2020\\\/04\\\/logo-retina.png\",\"contentUrl\":\"https:\\\/\\\/proagrolab.com.ar\\\/wp-content\\\/uploads\\\/2020\\\/04\\\/logo-retina.png\",\"width\":478,\"height\":120,\"caption\":\"Proagro\"},\"image\":{\"@id\":\"https:\\\/\\\/proagrolab.com.ar\\\/#\\\/schema\\\/logo\\\/image\\\/\"},\"sameAs\":[\"http:\\\/\\\/www.facebook.com\\\/proagrolab\",\"https:\\\/\\\/www.instagram.com\\\/proagrolab\\\/\",\"https:\\\/\\\/www.linkedin.com\\\/company\\\/laboratorio-proagro-s-a\\\/\"]},{\"@type\":\"Person\",\"@id\":\"https:\\\/\\\/proagrolab.com.ar\\\/#\\\/schema\\\/person\\\/38003ff90bf80381f71c7d922d207444\",\"name\":\"proagrolab\"}]}<\/script>\n<!-- \/ Yoast SEO plugin. -->","yoast_head_json":{"title":"FAO coloca a Brasil en segundo lugar entre los mayores exportadores de carne. | Proagro","robots":{"index":"index","follow":"follow","max-snippet":"max-snippet:-1","max-image-preview":"max-image-preview:large","max-video-preview":"max-video-preview:-1"},"canonical":"https:\/\/proagrolab.com.ar\/en\/fao-coloca-a-brasil-en-segundo-lugar-entre-los-mayores-exportadores-de-carne\/","og_locale":"en_US","og_type":"article","og_title":"FAO coloca a Brasil en segundo lugar entre los mayores exportadores de carne. | Proagro","og_description":"La Organizaci\u00f3n de las Naciones Unidas para la Alimentaci\u00f3n y la Agricultura (FAO, por sus siglas en ingl\u00e9s) indic\u00f3 que Brasil logr\u00f3 exportar 1,46 millones de toneladas de carne vacuna en 2012, llegando as\u00ed a segundo lugar entre los mayores exportadores de carne vacuna a escala mundial. La entidad prev\u00e9 que, en los pr\u00f3ximos nueve a\u00f1os, Brasil emplear\u00e1 un papel protagonista en el mercado internacional de alimentos. As\u00ed destac\u00f3 Luciano Roppa, medico veterinario durante la ceremonia de apertura de Circuito Feicorte NFT 2013, celebrado en la ciudad brasile\u00f1a de Campo Grande. Seg\u00fan el estudio realizado por la FAO presentado por Roppa, Brasil exportar\u00e1 1,88 millones de toneladas de carne bovina para 2022, contra los 1,63 millones y 1,59 millones de India y Australia, respectivamente. El veterinario tambi\u00e9n se\u00f1al\u00f3 que durante los pr\u00f3ximos nueve a\u00f1os la producci\u00f3n brasile\u00f1a de carne vacuna podr\u00eda crecer 13,9%, pasando en 2010 de 9,67 a 11,02 millones de toneladas. Sin embargo, enfatiz\u00f3 que la producci\u00f3n ganadera en Brasil ha superado una serie de obst\u00e1culos, abriendo camino a otras oportunidades. &#8220;Tenemos que producir m\u00e1s, mejor y con menos recursos, con mayor eficiencia y t\u00e9cnica&#8221;, aconsej\u00f3. Fuente: Carnetec, 5 de agosto.","og_url":"https:\/\/proagrolab.com.ar\/fao-coloca-a-brasil-en-segundo-lugar-entre-los-mayores-exportadores-de-carne\/","og_site_name":"Proagro","article_publisher":"http:\/\/www.facebook.com\/proagrolab","article_published_time":"2013-08-08T00:00:01+00:00","og_image":[{"url":"https:\/\/proagrolab.com.ar\/wp-content\/uploads\/2015\/01\/g_yrlfyd3ls__Frigor\u00edfico-2.jpg","width":1,"height":1,"type":"image\/jpeg"}],"author":"proagrolab","twitter_card":"summary_large_image","twitter_misc":{"Written by":"proagrolab","Est. reading time":"1 minute"},"schema":{"@context":"https:\/\/schema.org","@graph":[{"@type":"Article","@id":"https:\/\/proagrolab.com.ar\/fao-coloca-a-brasil-en-segundo-lugar-entre-los-mayores-exportadores-de-carne\/#article","isPartOf":{"@id":"https:\/\/proagrolab.com.ar\/fao-coloca-a-brasil-en-segundo-lugar-entre-los-mayores-exportadores-de-carne\/"},"author":{"name":"proagrolab","@id":"https:\/\/proagrolab.com.ar\/#\/schema\/person\/38003ff90bf80381f71c7d922d207444"},"headline":"FAO coloca a Brasil en segundo lugar entre los mayores exportadores de carne.","datePublished":"2013-08-08T00:00:01+00:00","mainEntityOfPage":{"@id":"https:\/\/proagrolab.com.ar\/fao-coloca-a-brasil-en-segundo-lugar-entre-los-mayores-exportadores-de-carne\/"},"wordCount":212,"publisher":{"@id":"https:\/\/proagrolab.com.ar\/#organization"},"image":{"@id":"https:\/\/proagrolab.com.ar\/fao-coloca-a-brasil-en-segundo-lugar-entre-los-mayores-exportadores-de-carne\/#primaryimage"},"thumbnailUrl":"https:\/\/proagrolab.com.ar\/wp-content\/uploads\/2015\/01\/g_yrlfyd3ls__Frigor\u00edfico-2.jpg","articleSection":["News"],"inLanguage":"en-US"},{"@type":"WebPage","@id":"https:\/\/proagrolab.com.ar\/fao-coloca-a-brasil-en-segundo-lugar-entre-los-mayores-exportadores-de-carne\/","url":"https:\/\/proagrolab.com.ar\/fao-coloca-a-brasil-en-segundo-lugar-entre-los-mayores-exportadores-de-carne\/","name":"FAO coloca a Brasil en segundo lugar entre los mayores exportadores de carne. | Proagro","isPartOf":{"@id":"https:\/\/proagrolab.com.ar\/#website"},"primaryImageOfPage":{"@id":"https:\/\/proagrolab.com.ar\/fao-coloca-a-brasil-en-segundo-lugar-entre-los-mayores-exportadores-de-carne\/#primaryimage"},"image":{"@id":"https:\/\/proagrolab.com.ar\/fao-coloca-a-brasil-en-segundo-lugar-entre-los-mayores-exportadores-de-carne\/#primaryimage"},"thumbnailUrl":"https:\/\/proagrolab.com.ar\/wp-content\/uploads\/2015\/01\/g_yrlfyd3ls__Frigor\u00edfico-2.jpg","datePublished":"2013-08-08T00:00:01+00:00","breadcrumb":{"@id":"https:\/\/proagrolab.com.ar\/fao-coloca-a-brasil-en-segundo-lugar-entre-los-mayores-exportadores-de-carne\/#breadcrumb"},"inLanguage":"en-US","potentialAction":[{"@type":"ReadAction","target":["https:\/\/proagrolab.com.ar\/fao-coloca-a-brasil-en-segundo-lugar-entre-los-mayores-exportadores-de-carne\/"]}]},{"@type":"ImageObject","inLanguage":"en-US","@id":"https:\/\/proagrolab.com.ar\/fao-coloca-a-brasil-en-segundo-lugar-entre-los-mayores-exportadores-de-carne\/#primaryimage","url":"https:\/\/proagrolab.com.ar\/wp-content\/uploads\/2015\/01\/g_yrlfyd3ls__Frigor\u00edfico-2.jpg","contentUrl":"https:\/\/proagrolab.com.ar\/wp-content\/uploads\/2015\/01\/g_yrlfyd3ls__Frigor\u00edfico-2.jpg"},{"@type":"BreadcrumbList","@id":"https:\/\/proagrolab.com.ar\/fao-coloca-a-brasil-en-segundo-lugar-entre-los-mayores-exportadores-de-carne\/#breadcrumb","itemListElement":[{"@type":"ListItem","position":1,"name":"Portada","item":"https:\/\/proagrolab.com.ar\/"},{"@type":"ListItem","position":2,"name":"FAO coloca a Brasil en segundo lugar entre los mayores exportadores de carne."}]},{"@type":"WebSite","@id":"https:\/\/proagrolab.com.ar\/#website","url":"https:\/\/proagrolab.com.ar\/","name":"Proagro Laboratorio Veterinario","description":"Veterinary laboratory","publisher":{"@id":"https:\/\/proagrolab.com.ar\/#organization"},"potentialAction":[{"@type":"SearchAction","target":{"@type":"EntryPoint","urlTemplate":"https:\/\/proagrolab.com.ar\/?s={search_term_string}"},"query-input":{"@type":"PropertyValueSpecification","valueRequired":true,"valueName":"search_term_string"}}],"inLanguage":"en-US"},{"@type":"Organization","@id":"https:\/\/proagrolab.com.ar\/#organization","name":"Proagro","url":"https:\/\/proagrolab.com.ar\/","logo":{"@type":"ImageObject","inLanguage":"en-US","@id":"https:\/\/proagrolab.com.ar\/#\/schema\/logo\/image\/","url":"https:\/\/proagrolab.com.ar\/wp-content\/uploads\/2020\/04\/logo-retina.png","contentUrl":"https:\/\/proagrolab.com.ar\/wp-content\/uploads\/2020\/04\/logo-retina.png","width":478,"height":120,"caption":"Proagro"},"image":{"@id":"https:\/\/proagrolab.com.ar\/#\/schema\/logo\/image\/"},"sameAs":["http:\/\/www.facebook.com\/proagrolab","https:\/\/www.instagram.com\/proagrolab\/","https:\/\/www.linkedin.com\/company\/laboratorio-proagro-s-a\/"]},{"@type":"Person","@id":"https:\/\/proagrolab.com.ar\/#\/schema\/person\/38003ff90bf80381f71c7d922d207444","name":"proagrolab"}]}},"_links":{"self":[{"href":"https:\/\/proagrolab.com.ar\/en\/wp-json\/wp\/v2\/posts\/5611","targetHints":{"allow":["GET"]}}],"collection":[{"href":"https:\/\/proagrolab.com.ar\/en\/wp-json\/wp\/v2\/posts"}],"about":[{"href":"https:\/\/proagrolab.com.ar\/en\/wp-json\/wp\/v2\/types\/post"}],"author":[{"embeddable":true,"href":"https:\/\/proagrolab.com.ar\/en\/wp-json\/wp\/v2\/users\/2"}],"replies":[{"embeddable":true,"href":"https:\/\/proagrolab.com.ar\/en\/wp-json\/wp\/v2\/comments?post=5611"}],"version-history":[{"count":0,"href":"https:\/\/proagrolab.com.ar\/en\/wp-json\/wp\/v2\/posts\/5611\/revisions"}],"wp:featuredmedia":[{"embeddable":true,"href":"https:\/\/proagrolab.com.ar\/en\/wp-json\/wp\/v2\/media\/2105"}],"wp:attachment":[{"href":"https:\/\/proagrolab.com.ar\/en\/wp-json\/wp\/v2\/media?parent=5611"}],"wp:term":[{"taxonomy":"category","embeddable":true,"href":"https:\/\/proagrolab.com.ar\/en\/wp-json\/wp\/v2\/categories?post=5611"},{"taxonomy":"post_tag","embeddable":true,"href":"https:\/\/proagrolab.com.ar\/en\/wp-json\/wp\/v2\/tags?post=5611"}],"curies":[{"name":"wp","href":"https:\/\/api.w.org\/{rel}","templated":true}]}}