{"id":5610,"date":"2013-08-08T00:00:01","date_gmt":"2013-08-08T00:00:01","guid":{"rendered":"https:\/\/proagrolab.com.ar\/cayo-al-2-la-participacion-de-argentina-en-exportaciones-mundiales-de-carne\/"},"modified":"2013-08-08T00:00:01","modified_gmt":"2013-08-08T00:00:01","slug":"cayo-al-2-la-participacion-de-argentina-en-exportaciones-mundiales-de-carne","status":"publish","type":"post","link":"https:\/\/proagrolab.com.ar\/en\/cayo-al-2-la-participacion-de-argentina-en-exportaciones-mundiales-de-carne\/","title":{"rendered":"Cay\u00f3 al 2% la participaci\u00f3n de Argentina en exportaciones mundiales de carne."},"content":{"rendered":"<p class=\"qtranxs-available-languages-message qtranxs-available-languages-message-en\"> <\/p><p>En 2005, cuando el Gobierno de Argentina empez\u00f3 la intervenci\u00f3n ganadera, el pa\u00eds representaba el 11% de las exportaciones de carne vacuna, mientras que tras la ca\u00edda del 75% en embarques locales, no significa m\u00e1s del 2% del mercado internacional.<\/p>\n<p>As\u00ed lo advirti\u00f3 el especialista Ignacio Iriarte, al destacar que el mercado internacional de carne vacuna desde entonces ha crecido 1,6 millones de toneladas.<\/p>\n<p>&#8220;Si [la Argentina] volviera ahora al mercado, el mundo ni se enterar\u00eda, especialmente en los mercados de carne de volumen y precio medio: Rusia, China, Chile, Norte de \u00c1frica, Venezuela, entre otros&#8221;, consign\u00f3.<\/p>\n<p>Se\u00f1al\u00f3 que &#8220;si volvi\u00e9ramos a exportar vol\u00famenes significativos de cortes finos a la Uni\u00f3n Europea, ac\u00e1 quiz\u00e1s el mercado lo acusar\u00eda, porque es el \u00fanico segmento donde todav\u00eda nuestros exportadores y nuestra carne tienen alg\u00fan papel en la formaci\u00f3n en los precios&#8221;.<\/p>\n<p>&#8220;A un mercado mundial que en los \u00faltimos tres a\u00f1os ha crecido en promedio unas 270 mil toneladas anuales, le cabr\u00edan perfectamente unas 170 mil a 200 mil toneladas adicionales de la Argentina, volumen \u00e9ste que es lo que calculamos crecer\u00e1 la producci\u00f3n nacional este a\u00f1o&#8221;, expres\u00f3 el t\u00e9cnico.<\/p>\n<p>Para Iriarte, &#8220;no todo ser\u00eda igual a 2005, a\u00f1o en que embarcamos 770 mil toneladas, o inclusive a 2009, cuando embarcamos 660 mil. El a\u00f1o pasado exportamos s\u00f3lo 180 mil toneladas&#8221;.<\/p>\n<p>Denunci\u00f3 que hay muchas menos plantas y empresas exportadoras abiertas, producto de la crisis frigor\u00edfica de los \u00faltimos cuatro a\u00f1os.<\/p>\n<p>&#8220;Muchas volver\u00edan a operar si las condiciones se dan, pero otras, por razones geogr\u00e1ficas o de especializaci\u00f3n, puede especularse que no abrir\u00e1n m\u00e1s&#8221;, detall\u00f3.<\/p>\n<p>Fuente: Carnetec, 5 de agosto.<br \/><\/p>","protected":false},"excerpt":{"rendered":"<p>En 2005, cuando el Gobierno de Argentina empez\u00f3 la intervenci\u00f3n ganadera, el pa\u00eds representaba el 11% de las exportaciones de carne vacuna, mientras que tras la ca\u00edda del 75% en embarques locales, no significa m\u00e1s del 2% del mercado internacional. As\u00ed lo advirti\u00f3 el especialista Ignacio Iriarte, al destacar que el mercado internacional de carne vacuna desde entonces ha crecido 1,6 millones de toneladas. &#8220;Si [la Argentina] volviera ahora al mercado, el mundo ni se enterar\u00eda, especialmente en los mercados de carne de volumen y precio medio: Rusia, China, Chile, Norte de \u00c1frica, Venezuela, entre otros&#8221;, consign\u00f3. Se\u00f1al\u00f3 que &#8220;si volvi\u00e9ramos a exportar vol\u00famenes significativos de cortes finos a la Uni\u00f3n Europea, ac\u00e1 quiz\u00e1s el mercado lo acusar\u00eda, porque es el \u00fanico segmento donde todav\u00eda nuestros exportadores y nuestra carne tienen alg\u00fan papel en la formaci\u00f3n en los precios&#8221;. &#8220;A un mercado mundial que en los \u00faltimos tres a\u00f1os ha crecido en promedio unas 270 mil toneladas anuales, le cabr\u00edan perfectamente unas 170 mil a 200 mil toneladas adicionales de la Argentina, volumen \u00e9ste que es lo que calculamos crecer\u00e1 la producci\u00f3n nacional este a\u00f1o&#8221;, expres\u00f3 el t\u00e9cnico. Para Iriarte, &#8220;no todo ser\u00eda igual a 2005, a\u00f1o en que embarcamos [&hellip;]<\/p>\n","protected":false},"author":2,"featured_media":2104,"comment_status":"closed","ping_status":"open","sticky":false,"template":"","format":"standard","meta":{"_acf_changed":false,"footnotes":""},"categories":[56],"tags":[],"class_list":["post-5610","post","type-post","status-publish","format-standard","has-post-thumbnail","hentry","category-infoganadero"],"acf":[],"yoast_head":"<!-- This site is optimized with the Yoast SEO plugin v27.5 - https:\/\/yoast.com\/product\/yoast-seo-wordpress\/ -->\n<title>Cay\u00f3 al 2% la participaci\u00f3n de Argentina en exportaciones mundiales de carne. | Proagro<\/title>\n<meta name=\"robots\" content=\"index, follow, max-snippet:-1, max-image-preview:large, max-video-preview:-1\" \/>\n<link rel=\"canonical\" href=\"https:\/\/proagrolab.com.ar\/en\/cayo-al-2-la-participacion-de-argentina-en-exportaciones-mundiales-de-carne\/\" \/>\n<meta property=\"og:locale\" content=\"en_US\" \/>\n<meta property=\"og:type\" content=\"article\" \/>\n<meta property=\"og:title\" content=\"Cay\u00f3 al 2% la participaci\u00f3n de Argentina en exportaciones mundiales de carne. | Proagro\" \/>\n<meta property=\"og:description\" content=\"En 2005, cuando el Gobierno de Argentina empez\u00f3 la intervenci\u00f3n ganadera, el pa\u00eds representaba el 11% de las exportaciones de carne vacuna, mientras que tras la ca\u00edda del 75% en embarques locales, no significa m\u00e1s del 2% del mercado internacional. As\u00ed lo advirti\u00f3 el especialista Ignacio Iriarte, al destacar que el mercado internacional de carne vacuna desde entonces ha crecido 1,6 millones de toneladas. &#8220;Si [la Argentina] volviera ahora al mercado, el mundo ni se enterar\u00eda, especialmente en los mercados de carne de volumen y precio medio: Rusia, China, Chile, Norte de \u00c1frica, Venezuela, entre otros&#8221;, consign\u00f3. Se\u00f1al\u00f3 que &#8220;si volvi\u00e9ramos a exportar vol\u00famenes significativos de cortes finos a la Uni\u00f3n Europea, ac\u00e1 quiz\u00e1s el mercado lo acusar\u00eda, porque es el \u00fanico segmento donde todav\u00eda nuestros exportadores y nuestra carne tienen alg\u00fan papel en la formaci\u00f3n en los precios&#8221;. &#8220;A un mercado mundial que en los \u00faltimos tres a\u00f1os ha crecido en promedio unas 270 mil toneladas anuales, le cabr\u00edan perfectamente unas 170 mil a 200 mil toneladas adicionales de la Argentina, volumen \u00e9ste que es lo que calculamos crecer\u00e1 la producci\u00f3n nacional este a\u00f1o&#8221;, expres\u00f3 el t\u00e9cnico. Para Iriarte, &#8220;no todo ser\u00eda igual a 2005, a\u00f1o en que embarcamos [&hellip;]\" \/>\n<meta property=\"og:url\" content=\"https:\/\/proagrolab.com.ar\/cayo-al-2-la-participacion-de-argentina-en-exportaciones-mundiales-de-carne\/\" \/>\n<meta property=\"og:site_name\" content=\"Proagro\" \/>\n<meta property=\"article:publisher\" content=\"http:\/\/www.facebook.com\/proagrolab\" \/>\n<meta property=\"article:published_time\" content=\"2013-08-08T00:00:01+00:00\" \/>\n<meta property=\"og:image\" content=\"https:\/\/proagrolab.com.ar\/wp-content\/uploads\/2015\/01\/g_8mjiioagc__Bovinos-pastando.jpg\" \/>\n\t<meta property=\"og:image:width\" content=\"450\" \/>\n\t<meta property=\"og:image:height\" content=\"208\" \/>\n\t<meta property=\"og:image:type\" content=\"image\/jpeg\" \/>\n<meta name=\"author\" content=\"proagrolab\" \/>\n<meta name=\"twitter:card\" content=\"summary_large_image\" \/>\n<meta name=\"twitter:label1\" content=\"Written by\" \/>\n\t<meta name=\"twitter:data1\" content=\"proagrolab\" \/>\n\t<meta name=\"twitter:label2\" content=\"Est. reading time\" \/>\n\t<meta name=\"twitter:data2\" content=\"1 minute\" \/>\n<script type=\"application\/ld+json\" class=\"yoast-schema-graph\">{\"@context\":\"https:\\\/\\\/schema.org\",\"@graph\":[{\"@type\":\"Article\",\"@id\":\"https:\\\/\\\/proagrolab.com.ar\\\/cayo-al-2-la-participacion-de-argentina-en-exportaciones-mundiales-de-carne\\\/#article\",\"isPartOf\":{\"@id\":\"https:\\\/\\\/proagrolab.com.ar\\\/cayo-al-2-la-participacion-de-argentina-en-exportaciones-mundiales-de-carne\\\/\"},\"author\":{\"name\":\"proagrolab\",\"@id\":\"https:\\\/\\\/proagrolab.com.ar\\\/#\\\/schema\\\/person\\\/38003ff90bf80381f71c7d922d207444\"},\"headline\":\"Cay\u00f3 al 2% la participaci\u00f3n de Argentina en exportaciones mundiales de carne.\",\"datePublished\":\"2013-08-08T00:00:01+00:00\",\"mainEntityOfPage\":{\"@id\":\"https:\\\/\\\/proagrolab.com.ar\\\/cayo-al-2-la-participacion-de-argentina-en-exportaciones-mundiales-de-carne\\\/\"},\"wordCount\":296,\"publisher\":{\"@id\":\"https:\\\/\\\/proagrolab.com.ar\\\/#organization\"},\"image\":{\"@id\":\"https:\\\/\\\/proagrolab.com.ar\\\/cayo-al-2-la-participacion-de-argentina-en-exportaciones-mundiales-de-carne\\\/#primaryimage\"},\"thumbnailUrl\":\"https:\\\/\\\/proagrolab.com.ar\\\/wp-content\\\/uploads\\\/2015\\\/01\\\/g_8mjiioagc__Bovinos-pastando.jpg\",\"articleSection\":[\"News\"],\"inLanguage\":\"en-US\"},{\"@type\":\"WebPage\",\"@id\":\"https:\\\/\\\/proagrolab.com.ar\\\/cayo-al-2-la-participacion-de-argentina-en-exportaciones-mundiales-de-carne\\\/\",\"url\":\"https:\\\/\\\/proagrolab.com.ar\\\/cayo-al-2-la-participacion-de-argentina-en-exportaciones-mundiales-de-carne\\\/\",\"name\":\"Cay\u00f3 al 2% la participaci\u00f3n de Argentina en exportaciones mundiales de carne. | Proagro\",\"isPartOf\":{\"@id\":\"https:\\\/\\\/proagrolab.com.ar\\\/#website\"},\"primaryImageOfPage\":{\"@id\":\"https:\\\/\\\/proagrolab.com.ar\\\/cayo-al-2-la-participacion-de-argentina-en-exportaciones-mundiales-de-carne\\\/#primaryimage\"},\"image\":{\"@id\":\"https:\\\/\\\/proagrolab.com.ar\\\/cayo-al-2-la-participacion-de-argentina-en-exportaciones-mundiales-de-carne\\\/#primaryimage\"},\"thumbnailUrl\":\"https:\\\/\\\/proagrolab.com.ar\\\/wp-content\\\/uploads\\\/2015\\\/01\\\/g_8mjiioagc__Bovinos-pastando.jpg\",\"datePublished\":\"2013-08-08T00:00:01+00:00\",\"breadcrumb\":{\"@id\":\"https:\\\/\\\/proagrolab.com.ar\\\/cayo-al-2-la-participacion-de-argentina-en-exportaciones-mundiales-de-carne\\\/#breadcrumb\"},\"inLanguage\":\"en-US\",\"potentialAction\":[{\"@type\":\"ReadAction\",\"target\":[\"https:\\\/\\\/proagrolab.com.ar\\\/cayo-al-2-la-participacion-de-argentina-en-exportaciones-mundiales-de-carne\\\/\"]}]},{\"@type\":\"ImageObject\",\"inLanguage\":\"en-US\",\"@id\":\"https:\\\/\\\/proagrolab.com.ar\\\/cayo-al-2-la-participacion-de-argentina-en-exportaciones-mundiales-de-carne\\\/#primaryimage\",\"url\":\"https:\\\/\\\/proagrolab.com.ar\\\/wp-content\\\/uploads\\\/2015\\\/01\\\/g_8mjiioagc__Bovinos-pastando.jpg\",\"contentUrl\":\"https:\\\/\\\/proagrolab.com.ar\\\/wp-content\\\/uploads\\\/2015\\\/01\\\/g_8mjiioagc__Bovinos-pastando.jpg\",\"width\":450,\"height\":208},{\"@type\":\"BreadcrumbList\",\"@id\":\"https:\\\/\\\/proagrolab.com.ar\\\/cayo-al-2-la-participacion-de-argentina-en-exportaciones-mundiales-de-carne\\\/#breadcrumb\",\"itemListElement\":[{\"@type\":\"ListItem\",\"position\":1,\"name\":\"Portada\",\"item\":\"https:\\\/\\\/proagrolab.com.ar\\\/\"},{\"@type\":\"ListItem\",\"position\":2,\"name\":\"Cay\u00f3 al 2% la participaci\u00f3n de Argentina en exportaciones mundiales de carne.\"}]},{\"@type\":\"WebSite\",\"@id\":\"https:\\\/\\\/proagrolab.com.ar\\\/#website\",\"url\":\"https:\\\/\\\/proagrolab.com.ar\\\/\",\"name\":\"Proagro Laboratorio Veterinario\",\"description\":\"Veterinary laboratory\",\"publisher\":{\"@id\":\"https:\\\/\\\/proagrolab.com.ar\\\/#organization\"},\"potentialAction\":[{\"@type\":\"SearchAction\",\"target\":{\"@type\":\"EntryPoint\",\"urlTemplate\":\"https:\\\/\\\/proagrolab.com.ar\\\/?s={search_term_string}\"},\"query-input\":{\"@type\":\"PropertyValueSpecification\",\"valueRequired\":true,\"valueName\":\"search_term_string\"}}],\"inLanguage\":\"en-US\"},{\"@type\":\"Organization\",\"@id\":\"https:\\\/\\\/proagrolab.com.ar\\\/#organization\",\"name\":\"Proagro\",\"url\":\"https:\\\/\\\/proagrolab.com.ar\\\/\",\"logo\":{\"@type\":\"ImageObject\",\"inLanguage\":\"en-US\",\"@id\":\"https:\\\/\\\/proagrolab.com.ar\\\/#\\\/schema\\\/logo\\\/image\\\/\",\"url\":\"https:\\\/\\\/proagrolab.com.ar\\\/wp-content\\\/uploads\\\/2020\\\/04\\\/logo-retina.png\",\"contentUrl\":\"https:\\\/\\\/proagrolab.com.ar\\\/wp-content\\\/uploads\\\/2020\\\/04\\\/logo-retina.png\",\"width\":478,\"height\":120,\"caption\":\"Proagro\"},\"image\":{\"@id\":\"https:\\\/\\\/proagrolab.com.ar\\\/#\\\/schema\\\/logo\\\/image\\\/\"},\"sameAs\":[\"http:\\\/\\\/www.facebook.com\\\/proagrolab\",\"https:\\\/\\\/www.instagram.com\\\/proagrolab\\\/\",\"https:\\\/\\\/www.linkedin.com\\\/company\\\/laboratorio-proagro-s-a\\\/\"]},{\"@type\":\"Person\",\"@id\":\"https:\\\/\\\/proagrolab.com.ar\\\/#\\\/schema\\\/person\\\/38003ff90bf80381f71c7d922d207444\",\"name\":\"proagrolab\"}]}<\/script>\n<!-- \/ Yoast SEO plugin. -->","yoast_head_json":{"title":"Cay\u00f3 al 2% la participaci\u00f3n de Argentina en exportaciones mundiales de carne. | Proagro","robots":{"index":"index","follow":"follow","max-snippet":"max-snippet:-1","max-image-preview":"max-image-preview:large","max-video-preview":"max-video-preview:-1"},"canonical":"https:\/\/proagrolab.com.ar\/en\/cayo-al-2-la-participacion-de-argentina-en-exportaciones-mundiales-de-carne\/","og_locale":"en_US","og_type":"article","og_title":"Cay\u00f3 al 2% la participaci\u00f3n de Argentina en exportaciones mundiales de carne. | Proagro","og_description":"En 2005, cuando el Gobierno de Argentina empez\u00f3 la intervenci\u00f3n ganadera, el pa\u00eds representaba el 11% de las exportaciones de carne vacuna, mientras que tras la ca\u00edda del 75% en embarques locales, no significa m\u00e1s del 2% del mercado internacional. As\u00ed lo advirti\u00f3 el especialista Ignacio Iriarte, al destacar que el mercado internacional de carne vacuna desde entonces ha crecido 1,6 millones de toneladas. &#8220;Si [la Argentina] volviera ahora al mercado, el mundo ni se enterar\u00eda, especialmente en los mercados de carne de volumen y precio medio: Rusia, China, Chile, Norte de \u00c1frica, Venezuela, entre otros&#8221;, consign\u00f3. Se\u00f1al\u00f3 que &#8220;si volvi\u00e9ramos a exportar vol\u00famenes significativos de cortes finos a la Uni\u00f3n Europea, ac\u00e1 quiz\u00e1s el mercado lo acusar\u00eda, porque es el \u00fanico segmento donde todav\u00eda nuestros exportadores y nuestra carne tienen alg\u00fan papel en la formaci\u00f3n en los precios&#8221;. &#8220;A un mercado mundial que en los \u00faltimos tres a\u00f1os ha crecido en promedio unas 270 mil toneladas anuales, le cabr\u00edan perfectamente unas 170 mil a 200 mil toneladas adicionales de la Argentina, volumen \u00e9ste que es lo que calculamos crecer\u00e1 la producci\u00f3n nacional este a\u00f1o&#8221;, expres\u00f3 el t\u00e9cnico. Para Iriarte, &#8220;no todo ser\u00eda igual a 2005, a\u00f1o en que embarcamos [&hellip;]","og_url":"https:\/\/proagrolab.com.ar\/cayo-al-2-la-participacion-de-argentina-en-exportaciones-mundiales-de-carne\/","og_site_name":"Proagro","article_publisher":"http:\/\/www.facebook.com\/proagrolab","article_published_time":"2013-08-08T00:00:01+00:00","og_image":[{"width":450,"height":208,"url":"https:\/\/proagrolab.com.ar\/wp-content\/uploads\/2015\/01\/g_8mjiioagc__Bovinos-pastando.jpg","type":"image\/jpeg"}],"author":"proagrolab","twitter_card":"summary_large_image","twitter_misc":{"Written by":"proagrolab","Est. reading time":"1 minute"},"schema":{"@context":"https:\/\/schema.org","@graph":[{"@type":"Article","@id":"https:\/\/proagrolab.com.ar\/cayo-al-2-la-participacion-de-argentina-en-exportaciones-mundiales-de-carne\/#article","isPartOf":{"@id":"https:\/\/proagrolab.com.ar\/cayo-al-2-la-participacion-de-argentina-en-exportaciones-mundiales-de-carne\/"},"author":{"name":"proagrolab","@id":"https:\/\/proagrolab.com.ar\/#\/schema\/person\/38003ff90bf80381f71c7d922d207444"},"headline":"Cay\u00f3 al 2% la participaci\u00f3n de Argentina en exportaciones mundiales de carne.","datePublished":"2013-08-08T00:00:01+00:00","mainEntityOfPage":{"@id":"https:\/\/proagrolab.com.ar\/cayo-al-2-la-participacion-de-argentina-en-exportaciones-mundiales-de-carne\/"},"wordCount":296,"publisher":{"@id":"https:\/\/proagrolab.com.ar\/#organization"},"image":{"@id":"https:\/\/proagrolab.com.ar\/cayo-al-2-la-participacion-de-argentina-en-exportaciones-mundiales-de-carne\/#primaryimage"},"thumbnailUrl":"https:\/\/proagrolab.com.ar\/wp-content\/uploads\/2015\/01\/g_8mjiioagc__Bovinos-pastando.jpg","articleSection":["News"],"inLanguage":"en-US"},{"@type":"WebPage","@id":"https:\/\/proagrolab.com.ar\/cayo-al-2-la-participacion-de-argentina-en-exportaciones-mundiales-de-carne\/","url":"https:\/\/proagrolab.com.ar\/cayo-al-2-la-participacion-de-argentina-en-exportaciones-mundiales-de-carne\/","name":"Cay\u00f3 al 2% la participaci\u00f3n de Argentina en exportaciones mundiales de carne. | Proagro","isPartOf":{"@id":"https:\/\/proagrolab.com.ar\/#website"},"primaryImageOfPage":{"@id":"https:\/\/proagrolab.com.ar\/cayo-al-2-la-participacion-de-argentina-en-exportaciones-mundiales-de-carne\/#primaryimage"},"image":{"@id":"https:\/\/proagrolab.com.ar\/cayo-al-2-la-participacion-de-argentina-en-exportaciones-mundiales-de-carne\/#primaryimage"},"thumbnailUrl":"https:\/\/proagrolab.com.ar\/wp-content\/uploads\/2015\/01\/g_8mjiioagc__Bovinos-pastando.jpg","datePublished":"2013-08-08T00:00:01+00:00","breadcrumb":{"@id":"https:\/\/proagrolab.com.ar\/cayo-al-2-la-participacion-de-argentina-en-exportaciones-mundiales-de-carne\/#breadcrumb"},"inLanguage":"en-US","potentialAction":[{"@type":"ReadAction","target":["https:\/\/proagrolab.com.ar\/cayo-al-2-la-participacion-de-argentina-en-exportaciones-mundiales-de-carne\/"]}]},{"@type":"ImageObject","inLanguage":"en-US","@id":"https:\/\/proagrolab.com.ar\/cayo-al-2-la-participacion-de-argentina-en-exportaciones-mundiales-de-carne\/#primaryimage","url":"https:\/\/proagrolab.com.ar\/wp-content\/uploads\/2015\/01\/g_8mjiioagc__Bovinos-pastando.jpg","contentUrl":"https:\/\/proagrolab.com.ar\/wp-content\/uploads\/2015\/01\/g_8mjiioagc__Bovinos-pastando.jpg","width":450,"height":208},{"@type":"BreadcrumbList","@id":"https:\/\/proagrolab.com.ar\/cayo-al-2-la-participacion-de-argentina-en-exportaciones-mundiales-de-carne\/#breadcrumb","itemListElement":[{"@type":"ListItem","position":1,"name":"Portada","item":"https:\/\/proagrolab.com.ar\/"},{"@type":"ListItem","position":2,"name":"Cay\u00f3 al 2% la participaci\u00f3n de Argentina en exportaciones mundiales de carne."}]},{"@type":"WebSite","@id":"https:\/\/proagrolab.com.ar\/#website","url":"https:\/\/proagrolab.com.ar\/","name":"Proagro Laboratorio Veterinario","description":"Veterinary laboratory","publisher":{"@id":"https:\/\/proagrolab.com.ar\/#organization"},"potentialAction":[{"@type":"SearchAction","target":{"@type":"EntryPoint","urlTemplate":"https:\/\/proagrolab.com.ar\/?s={search_term_string}"},"query-input":{"@type":"PropertyValueSpecification","valueRequired":true,"valueName":"search_term_string"}}],"inLanguage":"en-US"},{"@type":"Organization","@id":"https:\/\/proagrolab.com.ar\/#organization","name":"Proagro","url":"https:\/\/proagrolab.com.ar\/","logo":{"@type":"ImageObject","inLanguage":"en-US","@id":"https:\/\/proagrolab.com.ar\/#\/schema\/logo\/image\/","url":"https:\/\/proagrolab.com.ar\/wp-content\/uploads\/2020\/04\/logo-retina.png","contentUrl":"https:\/\/proagrolab.com.ar\/wp-content\/uploads\/2020\/04\/logo-retina.png","width":478,"height":120,"caption":"Proagro"},"image":{"@id":"https:\/\/proagrolab.com.ar\/#\/schema\/logo\/image\/"},"sameAs":["http:\/\/www.facebook.com\/proagrolab","https:\/\/www.instagram.com\/proagrolab\/","https:\/\/www.linkedin.com\/company\/laboratorio-proagro-s-a\/"]},{"@type":"Person","@id":"https:\/\/proagrolab.com.ar\/#\/schema\/person\/38003ff90bf80381f71c7d922d207444","name":"proagrolab"}]}},"_links":{"self":[{"href":"https:\/\/proagrolab.com.ar\/en\/wp-json\/wp\/v2\/posts\/5610","targetHints":{"allow":["GET"]}}],"collection":[{"href":"https:\/\/proagrolab.com.ar\/en\/wp-json\/wp\/v2\/posts"}],"about":[{"href":"https:\/\/proagrolab.com.ar\/en\/wp-json\/wp\/v2\/types\/post"}],"author":[{"embeddable":true,"href":"https:\/\/proagrolab.com.ar\/en\/wp-json\/wp\/v2\/users\/2"}],"replies":[{"embeddable":true,"href":"https:\/\/proagrolab.com.ar\/en\/wp-json\/wp\/v2\/comments?post=5610"}],"version-history":[{"count":0,"href":"https:\/\/proagrolab.com.ar\/en\/wp-json\/wp\/v2\/posts\/5610\/revisions"}],"wp:featuredmedia":[{"embeddable":true,"href":"https:\/\/proagrolab.com.ar\/en\/wp-json\/wp\/v2\/media\/2104"}],"wp:attachment":[{"href":"https:\/\/proagrolab.com.ar\/en\/wp-json\/wp\/v2\/media?parent=5610"}],"wp:term":[{"taxonomy":"category","embeddable":true,"href":"https:\/\/proagrolab.com.ar\/en\/wp-json\/wp\/v2\/categories?post=5610"},{"taxonomy":"post_tag","embeddable":true,"href":"https:\/\/proagrolab.com.ar\/en\/wp-json\/wp\/v2\/tags?post=5610"}],"curies":[{"name":"wp","href":"https:\/\/api.w.org\/{rel}","templated":true}]}}