{"id":5607,"date":"2013-08-07T00:00:01","date_gmt":"2013-08-07T00:00:01","guid":{"rendered":"https:\/\/proagrolab.com.ar\/la-ganaderia-sigue-en-la-senda-de-recuperacion\/"},"modified":"2013-08-07T00:00:01","modified_gmt":"2013-08-07T00:00:01","slug":"la-ganaderia-sigue-en-la-senda-de-recuperacion","status":"publish","type":"post","link":"https:\/\/proagrolab.com.ar\/en\/la-ganaderia-sigue-en-la-senda-de-recuperacion\/","title":{"rendered":"La ganader\u00eda sigue en la senda de recuperaci\u00f3n."},"content":{"rendered":"<p class=\"qtranxs-available-languages-message qtranxs-available-languages-message-en\"> <\/p><p>De acuerdo a un informe elaborado por el \u00c1rea de Estad\u00edstica y Econom\u00eda del Instituto de Promoci\u00f3n de la Carne Vacuna Argentina, el proceso de recuperaci\u00f3n del rodeo bovino nacional iniciado en el a\u00f1o 2011 sigue su marcha, al menos hasta mediados del segundo trimestre del corriente a\u00f1o, llegando a un valor aproximado de 50,9 millones de bovinos, casi tres millones por encima del piso de marzo de 2011, aunque lejos de los 60 millones contabilizados al final del verano de 2007.<\/p>\n<p>Sin embargo, el perfil de la recuperaci\u00f3n del rodeo bovino nacional se encuentra limitado a las categor\u00edas m\u00e1s puras de cr\u00eda: vacas y terneros y terneras, ya que la disponibilidad de las categor\u00edas m\u00e1s requeridas para la producci\u00f3n de carne, como novillos, novillitos y vaquillonas, a\u00fan se encuentran en niveles inferiores a los del punto m\u00ednimo de 2011.<\/p>\n<p>La faena bovina durante el segundo trimestre del a\u00f1o 2013 se ubic\u00f3 apenas por debajo de los 3,16 millones de cabezas, una cantidad levemente superior a los valores correspondientes al primer trimestre del a\u00f1o, cuando se hab\u00edan faenado poco menos de 3,07 millones de bovinos. Respecto al primer trimestre del a\u00f1o 2013, la faena tuvo una suba del (+3,0%).<\/p>\n<p>Con respecto al segundo trimestre del a\u00f1o 2012, cuando se hab\u00edan faenado 2,73 millones de cabezas, la faena bovina exhibi\u00f3 una suba que result\u00f3 significativa y se ubic\u00f3 en (+15,8%). El acumulado del primer semestre trepa a 6,2 millones de bovinos faenados, (+12,3%) por encima de los 5,5 millones remitidos a faena a lo largo del primer semestre del a\u00f1o 2012.<\/p>\n<p>Fuente: On24 agro, 7 de agosto.<br \/><\/p>","protected":false},"excerpt":{"rendered":"<p>De acuerdo a un informe elaborado por el \u00c1rea de Estad\u00edstica y Econom\u00eda del Instituto de Promoci\u00f3n de la Carne Vacuna Argentina, el proceso de recuperaci\u00f3n del rodeo bovino nacional iniciado en el a\u00f1o 2011 sigue su marcha, al menos hasta mediados del segundo trimestre del corriente a\u00f1o, llegando a un valor aproximado de 50,9 millones de bovinos, casi tres millones por encima del piso de marzo de 2011, aunque lejos de los 60 millones contabilizados al final del verano de 2007. Sin embargo, el perfil de la recuperaci\u00f3n del rodeo bovino nacional se encuentra limitado a las categor\u00edas m\u00e1s puras de cr\u00eda: vacas y terneros y terneras, ya que la disponibilidad de las categor\u00edas m\u00e1s requeridas para la producci\u00f3n de carne, como novillos, novillitos y vaquillonas, a\u00fan se encuentran en niveles inferiores a los del punto m\u00ednimo de 2011. La faena bovina durante el segundo trimestre del a\u00f1o 2013 se ubic\u00f3 apenas por debajo de los 3,16 millones de cabezas, una cantidad levemente superior a los valores correspondientes al primer trimestre del a\u00f1o, cuando se hab\u00edan faenado poco menos de 3,07 millones de bovinos. Respecto al primer trimestre del a\u00f1o 2013, la faena tuvo una suba del (+3,0%). Con [&hellip;]<\/p>\n","protected":false},"author":2,"featured_media":2101,"comment_status":"closed","ping_status":"open","sticky":false,"template":"","format":"standard","meta":{"_acf_changed":false,"footnotes":""},"categories":[56],"tags":[],"class_list":["post-5607","post","type-post","status-publish","format-standard","has-post-thumbnail","hentry","category-infoganadero"],"acf":[],"yoast_head":"<!-- This site is optimized with the Yoast SEO plugin v27.5 - https:\/\/yoast.com\/product\/yoast-seo-wordpress\/ -->\n<title>La ganader\u00eda sigue en la senda de recuperaci\u00f3n. | Proagro<\/title>\n<meta name=\"robots\" content=\"index, follow, max-snippet:-1, max-image-preview:large, max-video-preview:-1\" \/>\n<link rel=\"canonical\" href=\"https:\/\/proagrolab.com.ar\/en\/la-ganaderia-sigue-en-la-senda-de-recuperacion\/\" \/>\n<meta property=\"og:locale\" content=\"en_US\" \/>\n<meta property=\"og:type\" content=\"article\" \/>\n<meta property=\"og:title\" content=\"La ganader\u00eda sigue en la senda de recuperaci\u00f3n. | Proagro\" \/>\n<meta property=\"og:description\" content=\"De acuerdo a un informe elaborado por el \u00c1rea de Estad\u00edstica y Econom\u00eda del Instituto de Promoci\u00f3n de la Carne Vacuna Argentina, el proceso de recuperaci\u00f3n del rodeo bovino nacional iniciado en el a\u00f1o 2011 sigue su marcha, al menos hasta mediados del segundo trimestre del corriente a\u00f1o, llegando a un valor aproximado de 50,9 millones de bovinos, casi tres millones por encima del piso de marzo de 2011, aunque lejos de los 60 millones contabilizados al final del verano de 2007. Sin embargo, el perfil de la recuperaci\u00f3n del rodeo bovino nacional se encuentra limitado a las categor\u00edas m\u00e1s puras de cr\u00eda: vacas y terneros y terneras, ya que la disponibilidad de las categor\u00edas m\u00e1s requeridas para la producci\u00f3n de carne, como novillos, novillitos y vaquillonas, a\u00fan se encuentran en niveles inferiores a los del punto m\u00ednimo de 2011. La faena bovina durante el segundo trimestre del a\u00f1o 2013 se ubic\u00f3 apenas por debajo de los 3,16 millones de cabezas, una cantidad levemente superior a los valores correspondientes al primer trimestre del a\u00f1o, cuando se hab\u00edan faenado poco menos de 3,07 millones de bovinos. Respecto al primer trimestre del a\u00f1o 2013, la faena tuvo una suba del (+3,0%). Con [&hellip;]\" \/>\n<meta property=\"og:url\" content=\"https:\/\/proagrolab.com.ar\/la-ganaderia-sigue-en-la-senda-de-recuperacion\/\" \/>\n<meta property=\"og:site_name\" content=\"Proagro\" \/>\n<meta property=\"article:publisher\" content=\"http:\/\/www.facebook.com\/proagrolab\" \/>\n<meta property=\"article:published_time\" content=\"2013-08-07T00:00:01+00:00\" \/>\n<meta property=\"og:image\" content=\"https:\/\/proagrolab.com.ar\/wp-content\/uploads\/2015\/01\/g_9rh3v5m67__Vacas-3.jpg\" \/>\n\t<meta property=\"og:image:width\" content=\"450\" \/>\n\t<meta property=\"og:image:height\" content=\"208\" \/>\n\t<meta property=\"og:image:type\" content=\"image\/jpeg\" \/>\n<meta name=\"author\" content=\"proagrolab\" \/>\n<meta name=\"twitter:card\" content=\"summary_large_image\" \/>\n<meta name=\"twitter:label1\" content=\"Written by\" \/>\n\t<meta name=\"twitter:data1\" content=\"proagrolab\" \/>\n\t<meta name=\"twitter:label2\" content=\"Est. reading time\" \/>\n\t<meta name=\"twitter:data2\" content=\"1 minute\" \/>\n<script type=\"application\/ld+json\" class=\"yoast-schema-graph\">{\"@context\":\"https:\\\/\\\/schema.org\",\"@graph\":[{\"@type\":\"Article\",\"@id\":\"https:\\\/\\\/proagrolab.com.ar\\\/la-ganaderia-sigue-en-la-senda-de-recuperacion\\\/#article\",\"isPartOf\":{\"@id\":\"https:\\\/\\\/proagrolab.com.ar\\\/la-ganaderia-sigue-en-la-senda-de-recuperacion\\\/\"},\"author\":{\"name\":\"proagrolab\",\"@id\":\"https:\\\/\\\/proagrolab.com.ar\\\/#\\\/schema\\\/person\\\/38003ff90bf80381f71c7d922d207444\"},\"headline\":\"La ganader\u00eda sigue en la senda de recuperaci\u00f3n.\",\"datePublished\":\"2013-08-07T00:00:01+00:00\",\"mainEntityOfPage\":{\"@id\":\"https:\\\/\\\/proagrolab.com.ar\\\/la-ganaderia-sigue-en-la-senda-de-recuperacion\\\/\"},\"wordCount\":279,\"publisher\":{\"@id\":\"https:\\\/\\\/proagrolab.com.ar\\\/#organization\"},\"image\":{\"@id\":\"https:\\\/\\\/proagrolab.com.ar\\\/la-ganaderia-sigue-en-la-senda-de-recuperacion\\\/#primaryimage\"},\"thumbnailUrl\":\"https:\\\/\\\/proagrolab.com.ar\\\/wp-content\\\/uploads\\\/2015\\\/01\\\/g_9rh3v5m67__Vacas-3.jpg\",\"articleSection\":[\"News\"],\"inLanguage\":\"en-US\"},{\"@type\":\"WebPage\",\"@id\":\"https:\\\/\\\/proagrolab.com.ar\\\/la-ganaderia-sigue-en-la-senda-de-recuperacion\\\/\",\"url\":\"https:\\\/\\\/proagrolab.com.ar\\\/la-ganaderia-sigue-en-la-senda-de-recuperacion\\\/\",\"name\":\"La ganader\u00eda sigue en la senda de recuperaci\u00f3n. | Proagro\",\"isPartOf\":{\"@id\":\"https:\\\/\\\/proagrolab.com.ar\\\/#website\"},\"primaryImageOfPage\":{\"@id\":\"https:\\\/\\\/proagrolab.com.ar\\\/la-ganaderia-sigue-en-la-senda-de-recuperacion\\\/#primaryimage\"},\"image\":{\"@id\":\"https:\\\/\\\/proagrolab.com.ar\\\/la-ganaderia-sigue-en-la-senda-de-recuperacion\\\/#primaryimage\"},\"thumbnailUrl\":\"https:\\\/\\\/proagrolab.com.ar\\\/wp-content\\\/uploads\\\/2015\\\/01\\\/g_9rh3v5m67__Vacas-3.jpg\",\"datePublished\":\"2013-08-07T00:00:01+00:00\",\"breadcrumb\":{\"@id\":\"https:\\\/\\\/proagrolab.com.ar\\\/la-ganaderia-sigue-en-la-senda-de-recuperacion\\\/#breadcrumb\"},\"inLanguage\":\"en-US\",\"potentialAction\":[{\"@type\":\"ReadAction\",\"target\":[\"https:\\\/\\\/proagrolab.com.ar\\\/la-ganaderia-sigue-en-la-senda-de-recuperacion\\\/\"]}]},{\"@type\":\"ImageObject\",\"inLanguage\":\"en-US\",\"@id\":\"https:\\\/\\\/proagrolab.com.ar\\\/la-ganaderia-sigue-en-la-senda-de-recuperacion\\\/#primaryimage\",\"url\":\"https:\\\/\\\/proagrolab.com.ar\\\/wp-content\\\/uploads\\\/2015\\\/01\\\/g_9rh3v5m67__Vacas-3.jpg\",\"contentUrl\":\"https:\\\/\\\/proagrolab.com.ar\\\/wp-content\\\/uploads\\\/2015\\\/01\\\/g_9rh3v5m67__Vacas-3.jpg\",\"width\":450,\"height\":208},{\"@type\":\"BreadcrumbList\",\"@id\":\"https:\\\/\\\/proagrolab.com.ar\\\/la-ganaderia-sigue-en-la-senda-de-recuperacion\\\/#breadcrumb\",\"itemListElement\":[{\"@type\":\"ListItem\",\"position\":1,\"name\":\"Portada\",\"item\":\"https:\\\/\\\/proagrolab.com.ar\\\/\"},{\"@type\":\"ListItem\",\"position\":2,\"name\":\"La ganader\u00eda sigue en la senda de recuperaci\u00f3n.\"}]},{\"@type\":\"WebSite\",\"@id\":\"https:\\\/\\\/proagrolab.com.ar\\\/#website\",\"url\":\"https:\\\/\\\/proagrolab.com.ar\\\/\",\"name\":\"Proagro Laboratorio Veterinario\",\"description\":\"Veterinary laboratory\",\"publisher\":{\"@id\":\"https:\\\/\\\/proagrolab.com.ar\\\/#organization\"},\"potentialAction\":[{\"@type\":\"SearchAction\",\"target\":{\"@type\":\"EntryPoint\",\"urlTemplate\":\"https:\\\/\\\/proagrolab.com.ar\\\/?s={search_term_string}\"},\"query-input\":{\"@type\":\"PropertyValueSpecification\",\"valueRequired\":true,\"valueName\":\"search_term_string\"}}],\"inLanguage\":\"en-US\"},{\"@type\":\"Organization\",\"@id\":\"https:\\\/\\\/proagrolab.com.ar\\\/#organization\",\"name\":\"Proagro\",\"url\":\"https:\\\/\\\/proagrolab.com.ar\\\/\",\"logo\":{\"@type\":\"ImageObject\",\"inLanguage\":\"en-US\",\"@id\":\"https:\\\/\\\/proagrolab.com.ar\\\/#\\\/schema\\\/logo\\\/image\\\/\",\"url\":\"https:\\\/\\\/proagrolab.com.ar\\\/wp-content\\\/uploads\\\/2020\\\/04\\\/logo-retina.png\",\"contentUrl\":\"https:\\\/\\\/proagrolab.com.ar\\\/wp-content\\\/uploads\\\/2020\\\/04\\\/logo-retina.png\",\"width\":478,\"height\":120,\"caption\":\"Proagro\"},\"image\":{\"@id\":\"https:\\\/\\\/proagrolab.com.ar\\\/#\\\/schema\\\/logo\\\/image\\\/\"},\"sameAs\":[\"http:\\\/\\\/www.facebook.com\\\/proagrolab\",\"https:\\\/\\\/www.instagram.com\\\/proagrolab\\\/\",\"https:\\\/\\\/www.linkedin.com\\\/company\\\/laboratorio-proagro-s-a\\\/\"]},{\"@type\":\"Person\",\"@id\":\"https:\\\/\\\/proagrolab.com.ar\\\/#\\\/schema\\\/person\\\/38003ff90bf80381f71c7d922d207444\",\"name\":\"proagrolab\"}]}<\/script>\n<!-- \/ Yoast SEO plugin. -->","yoast_head_json":{"title":"La ganader\u00eda sigue en la senda de recuperaci\u00f3n. | Proagro","robots":{"index":"index","follow":"follow","max-snippet":"max-snippet:-1","max-image-preview":"max-image-preview:large","max-video-preview":"max-video-preview:-1"},"canonical":"https:\/\/proagrolab.com.ar\/en\/la-ganaderia-sigue-en-la-senda-de-recuperacion\/","og_locale":"en_US","og_type":"article","og_title":"La ganader\u00eda sigue en la senda de recuperaci\u00f3n. | Proagro","og_description":"De acuerdo a un informe elaborado por el \u00c1rea de Estad\u00edstica y Econom\u00eda del Instituto de Promoci\u00f3n de la Carne Vacuna Argentina, el proceso de recuperaci\u00f3n del rodeo bovino nacional iniciado en el a\u00f1o 2011 sigue su marcha, al menos hasta mediados del segundo trimestre del corriente a\u00f1o, llegando a un valor aproximado de 50,9 millones de bovinos, casi tres millones por encima del piso de marzo de 2011, aunque lejos de los 60 millones contabilizados al final del verano de 2007. Sin embargo, el perfil de la recuperaci\u00f3n del rodeo bovino nacional se encuentra limitado a las categor\u00edas m\u00e1s puras de cr\u00eda: vacas y terneros y terneras, ya que la disponibilidad de las categor\u00edas m\u00e1s requeridas para la producci\u00f3n de carne, como novillos, novillitos y vaquillonas, a\u00fan se encuentran en niveles inferiores a los del punto m\u00ednimo de 2011. La faena bovina durante el segundo trimestre del a\u00f1o 2013 se ubic\u00f3 apenas por debajo de los 3,16 millones de cabezas, una cantidad levemente superior a los valores correspondientes al primer trimestre del a\u00f1o, cuando se hab\u00edan faenado poco menos de 3,07 millones de bovinos. Respecto al primer trimestre del a\u00f1o 2013, la faena tuvo una suba del (+3,0%). Con [&hellip;]","og_url":"https:\/\/proagrolab.com.ar\/la-ganaderia-sigue-en-la-senda-de-recuperacion\/","og_site_name":"Proagro","article_publisher":"http:\/\/www.facebook.com\/proagrolab","article_published_time":"2013-08-07T00:00:01+00:00","og_image":[{"width":450,"height":208,"url":"https:\/\/proagrolab.com.ar\/wp-content\/uploads\/2015\/01\/g_9rh3v5m67__Vacas-3.jpg","type":"image\/jpeg"}],"author":"proagrolab","twitter_card":"summary_large_image","twitter_misc":{"Written by":"proagrolab","Est. reading time":"1 minute"},"schema":{"@context":"https:\/\/schema.org","@graph":[{"@type":"Article","@id":"https:\/\/proagrolab.com.ar\/la-ganaderia-sigue-en-la-senda-de-recuperacion\/#article","isPartOf":{"@id":"https:\/\/proagrolab.com.ar\/la-ganaderia-sigue-en-la-senda-de-recuperacion\/"},"author":{"name":"proagrolab","@id":"https:\/\/proagrolab.com.ar\/#\/schema\/person\/38003ff90bf80381f71c7d922d207444"},"headline":"La ganader\u00eda sigue en la senda de recuperaci\u00f3n.","datePublished":"2013-08-07T00:00:01+00:00","mainEntityOfPage":{"@id":"https:\/\/proagrolab.com.ar\/la-ganaderia-sigue-en-la-senda-de-recuperacion\/"},"wordCount":279,"publisher":{"@id":"https:\/\/proagrolab.com.ar\/#organization"},"image":{"@id":"https:\/\/proagrolab.com.ar\/la-ganaderia-sigue-en-la-senda-de-recuperacion\/#primaryimage"},"thumbnailUrl":"https:\/\/proagrolab.com.ar\/wp-content\/uploads\/2015\/01\/g_9rh3v5m67__Vacas-3.jpg","articleSection":["News"],"inLanguage":"en-US"},{"@type":"WebPage","@id":"https:\/\/proagrolab.com.ar\/la-ganaderia-sigue-en-la-senda-de-recuperacion\/","url":"https:\/\/proagrolab.com.ar\/la-ganaderia-sigue-en-la-senda-de-recuperacion\/","name":"La ganader\u00eda sigue en la senda de recuperaci\u00f3n. | Proagro","isPartOf":{"@id":"https:\/\/proagrolab.com.ar\/#website"},"primaryImageOfPage":{"@id":"https:\/\/proagrolab.com.ar\/la-ganaderia-sigue-en-la-senda-de-recuperacion\/#primaryimage"},"image":{"@id":"https:\/\/proagrolab.com.ar\/la-ganaderia-sigue-en-la-senda-de-recuperacion\/#primaryimage"},"thumbnailUrl":"https:\/\/proagrolab.com.ar\/wp-content\/uploads\/2015\/01\/g_9rh3v5m67__Vacas-3.jpg","datePublished":"2013-08-07T00:00:01+00:00","breadcrumb":{"@id":"https:\/\/proagrolab.com.ar\/la-ganaderia-sigue-en-la-senda-de-recuperacion\/#breadcrumb"},"inLanguage":"en-US","potentialAction":[{"@type":"ReadAction","target":["https:\/\/proagrolab.com.ar\/la-ganaderia-sigue-en-la-senda-de-recuperacion\/"]}]},{"@type":"ImageObject","inLanguage":"en-US","@id":"https:\/\/proagrolab.com.ar\/la-ganaderia-sigue-en-la-senda-de-recuperacion\/#primaryimage","url":"https:\/\/proagrolab.com.ar\/wp-content\/uploads\/2015\/01\/g_9rh3v5m67__Vacas-3.jpg","contentUrl":"https:\/\/proagrolab.com.ar\/wp-content\/uploads\/2015\/01\/g_9rh3v5m67__Vacas-3.jpg","width":450,"height":208},{"@type":"BreadcrumbList","@id":"https:\/\/proagrolab.com.ar\/la-ganaderia-sigue-en-la-senda-de-recuperacion\/#breadcrumb","itemListElement":[{"@type":"ListItem","position":1,"name":"Portada","item":"https:\/\/proagrolab.com.ar\/"},{"@type":"ListItem","position":2,"name":"La ganader\u00eda sigue en la senda de recuperaci\u00f3n."}]},{"@type":"WebSite","@id":"https:\/\/proagrolab.com.ar\/#website","url":"https:\/\/proagrolab.com.ar\/","name":"Proagro Laboratorio Veterinario","description":"Veterinary laboratory","publisher":{"@id":"https:\/\/proagrolab.com.ar\/#organization"},"potentialAction":[{"@type":"SearchAction","target":{"@type":"EntryPoint","urlTemplate":"https:\/\/proagrolab.com.ar\/?s={search_term_string}"},"query-input":{"@type":"PropertyValueSpecification","valueRequired":true,"valueName":"search_term_string"}}],"inLanguage":"en-US"},{"@type":"Organization","@id":"https:\/\/proagrolab.com.ar\/#organization","name":"Proagro","url":"https:\/\/proagrolab.com.ar\/","logo":{"@type":"ImageObject","inLanguage":"en-US","@id":"https:\/\/proagrolab.com.ar\/#\/schema\/logo\/image\/","url":"https:\/\/proagrolab.com.ar\/wp-content\/uploads\/2020\/04\/logo-retina.png","contentUrl":"https:\/\/proagrolab.com.ar\/wp-content\/uploads\/2020\/04\/logo-retina.png","width":478,"height":120,"caption":"Proagro"},"image":{"@id":"https:\/\/proagrolab.com.ar\/#\/schema\/logo\/image\/"},"sameAs":["http:\/\/www.facebook.com\/proagrolab","https:\/\/www.instagram.com\/proagrolab\/","https:\/\/www.linkedin.com\/company\/laboratorio-proagro-s-a\/"]},{"@type":"Person","@id":"https:\/\/proagrolab.com.ar\/#\/schema\/person\/38003ff90bf80381f71c7d922d207444","name":"proagrolab"}]}},"_links":{"self":[{"href":"https:\/\/proagrolab.com.ar\/en\/wp-json\/wp\/v2\/posts\/5607","targetHints":{"allow":["GET"]}}],"collection":[{"href":"https:\/\/proagrolab.com.ar\/en\/wp-json\/wp\/v2\/posts"}],"about":[{"href":"https:\/\/proagrolab.com.ar\/en\/wp-json\/wp\/v2\/types\/post"}],"author":[{"embeddable":true,"href":"https:\/\/proagrolab.com.ar\/en\/wp-json\/wp\/v2\/users\/2"}],"replies":[{"embeddable":true,"href":"https:\/\/proagrolab.com.ar\/en\/wp-json\/wp\/v2\/comments?post=5607"}],"version-history":[{"count":0,"href":"https:\/\/proagrolab.com.ar\/en\/wp-json\/wp\/v2\/posts\/5607\/revisions"}],"wp:featuredmedia":[{"embeddable":true,"href":"https:\/\/proagrolab.com.ar\/en\/wp-json\/wp\/v2\/media\/2101"}],"wp:attachment":[{"href":"https:\/\/proagrolab.com.ar\/en\/wp-json\/wp\/v2\/media?parent=5607"}],"wp:term":[{"taxonomy":"category","embeddable":true,"href":"https:\/\/proagrolab.com.ar\/en\/wp-json\/wp\/v2\/categories?post=5607"},{"taxonomy":"post_tag","embeddable":true,"href":"https:\/\/proagrolab.com.ar\/en\/wp-json\/wp\/v2\/tags?post=5607"}],"curies":[{"name":"wp","href":"https:\/\/api.w.org\/{rel}","templated":true}]}}